{"id":43894,"date":"2018-02-12T07:32:19","date_gmt":"2018-02-12T06:32:19","guid":{"rendered":"http:\/\/newsestlyonnais.fr\/site\/?p=43894"},"modified":"2020-10-31T12:19:55","modified_gmt":"2020-10-31T11:19:55","slug":"venissieux-13-medailles-sen-no-sen-karate-aux-championnats-regionaux","status":"publish","type":"post","link":"https:\/\/newsestlyonnais.fr\/site\/2018\/02\/12\/venissieux-13-medailles-sen-no-sen-karate-aux-championnats-regionaux\/","title":{"rendered":"VENISSIEUX | 13 m\u00e9dailles au Sen No Sen karat\u00e9 aux championnats r\u00e9gionaux"},"content":{"rendered":"<h4 class=\"ox-fa983b13b3-MsoNormal\">Samedi, se d\u00e9roulaient \u00e0 la Maison du Judo \u00e0 Lyon 3\u00b0, les championnats Rh\u00f4ne-Alpes de karat\u00e9 (combats) pour les cat\u00e9gories juniors et s\u00e9niors.<\/h4>\n<p class=\"ox-fa983b13b3-MsoNormal\">Le Sen No Sen Karat\u00e9 V\u00e9nissieux remporte <strong>13 m\u00e9dailles<\/strong> (6 en or, 3 en argent et 4 en bronze), en voici le d\u00e9tail :<\/p>\n<ul>\n<li>En juniors masculins, en &#8211; 76 kg, <strong>Yanis Elguir<\/strong> remporte la comp\u00e9tition.<\/li>\n<li>En &#8211; de 68 kg, le podium est 100% v\u00e9nissian avec la victoire d\u2019I<strong>driss Bakhti, devant Kamil Merah <\/strong>2\u00b0 <strong>&amp; Phostin Aouf et Nassim Toumi <\/strong>3\u00b0<strong>.<\/strong><\/li>\n<li class=\"ox-fa983b13b3-MsoNormal\">L\u2019\u00e9quipe compos\u00e9e d\u2019<strong>Ilyes et Yanis Elguir, Idriss Bakhti, Kamil Merah, Phostin Aouf, Yanis Bellout et Nassim Toumi<\/strong> remporte \u00e9galement la comp\u00e9tition.<\/li>\n<li class=\"ox-fa983b13b3-MsoNormal\">Chez les f\u00e9minines, <strong>Shaneyssa Nemer Boulabnane<\/strong> se classe 3\u00b0 en &#8211; 53 kg. L\u2019\u00e9quipe, compos\u00e9e de <strong>Jasmine Nekoul, Rehane Yazid, Shaneyssa Nemer Boulabnane et Thelma Gothuey<\/strong> se classe deuxi\u00e8me.<\/li>\n<li class=\"ox-fa983b13b3-MsoNormal\">En seniors f\u00e9minines, <strong>L\u00e9a Barascud<\/strong> s\u2019impose en &#8211; 59 kg. L\u2019\u00e9quipe f\u00e9minine compos\u00e9e de <strong>L\u00e9a Barascud, Shaneyssa Nemer Boulabnane et Thelma Gothuey<\/strong> s\u2019impose.<\/li>\n<li>Chez les masculins, \u00e0 43 ans, apr\u00e8s 30 ans de karat\u00e9 et pour sa derni\u00e8re comp\u00e9tition, Nabil Toumi s\u2019impose en + 84 kg. Chez les &#8211; 67 kg, diminu\u00e9 par une blessure \u00e0 la cuisse, Mahmoud Chakroun se classe 3\u00b0. L\u2019\u00e9quipe compos\u00e9e de Nabil Toumi, Mahmoud Chakroun, Corentin Dafonte, Chahine Bellout et des juniors Idriss Bakhti, Kamil Merah et Phostin Aouf se classe 2\u00b0 d\u2019une comp\u00e9tition particuli\u00e8rement relev\u00e9e.<\/li>\n<\/ul>\n<p class=\"ox-fa983b13b3-MsoNormal\"><em><strong><span style=\"text-decoration: underline\">NOTA<\/span> :<\/strong><\/em> Les 4 \u00e9quipes du Sen No Sen sont qualifi\u00e9es pour les championnats de France (1<sup>er<\/sup> avril \u00e0 l\u2019INJ Paris pour les juniors, 15 avril \u00e0 Reims pour les seniors). Tous les m\u00e9daill\u00e9s sont qualifi\u00e9s pour les championnats Auvergne Rh\u00f4ne-Alpes (18 mars \u00e0 Villefontaine).<\/p>\n<div id='gallery-1' class='gallery galleryid-43894 gallery-columns-3 gallery-size-thumbnail'><figure class='gallery-item'>\n\t\t\t<div class='gallery-icon landscape'>\n\t\t\t\t<a href='https:\/\/newsestlyonnais.fr\/site\/2018\/02\/12\/venissieux-13-medailles-sen-no-sen-karate-aux-championnats-regionaux\/newsestlyonnais-yanis-elguir\/'><img loading=\"lazy\" decoding=\"async\" width=\"150\" height=\"150\" src=\"https:\/\/newsestlyonnais.fr\/site\/wp-content\/uploads\/2018\/02\/NEWSESTLYONNAIS-Yanis-Elguir-150x150.jpg\" class=\"attachment-thumbnail size-thumbnail\" alt=\"NEWSESTLYONNAIS - Yanis Elguir\" aria-describedby=\"gallery-1-43902\" \/><\/a>\n\t\t\t<\/div>\n\t\t\t\t<figcaption class='wp-caption-text gallery-caption' id='gallery-1-43902'>\n\t\t\t\tYanis Elguir s&rsquo;est impos\u00e9 en juniors &#8211; 76 kg\n\t\t\t\t<\/figcaption><\/figure><figure class='gallery-item'>\n\t\t\t<div class='gallery-icon landscape'>\n\t\t\t\t<a href='https:\/\/newsestlyonnais.fr\/site\/2018\/02\/12\/venissieux-13-medailles-sen-no-sen-karate-aux-championnats-regionaux\/newsestlyonnais-nabiltoumi\/'><img loading=\"lazy\" decoding=\"async\" width=\"150\" height=\"150\" src=\"https:\/\/newsestlyonnais.fr\/site\/wp-content\/uploads\/2018\/02\/NEWSESTLYONNAIS-NabilToumi-150x150.jpg\" class=\"attachment-thumbnail size-thumbnail\" alt=\"NEWSESTLYONNAIS - NabilToumi\" aria-describedby=\"gallery-1-43904\" \/><\/a>\n\t\t\t<\/div>\n\t\t\t\t<figcaption class='wp-caption-text gallery-caption' id='gallery-1-43904'>\n\t\t\t\tNabil Toumi a remport\u00e9 la derni\u00e8re comp\u00e9tition de sa carri\u00e8re !\n\t\t\t\t<\/figcaption><\/figure><figure class='gallery-item'>\n\t\t\t<div class='gallery-icon portrait'>\n\t\t\t\t<a href='https:\/\/newsestlyonnais.fr\/site\/2018\/02\/12\/venissieux-13-medailles-sen-no-sen-karate-aux-championnats-regionaux\/newsestlyonnais-mahmoudchakroun\/'><img loading=\"lazy\" decoding=\"async\" width=\"150\" height=\"150\" src=\"https:\/\/newsestlyonnais.fr\/site\/wp-content\/uploads\/2018\/02\/NEWSESTLYONNAIS-MahmoudChakroun-150x150.jpg\" class=\"attachment-thumbnail size-thumbnail\" alt=\"NEWSESTLYONNAIS - MahmoudChakroun\" aria-describedby=\"gallery-1-43905\" \/><\/a>\n\t\t\t<\/div>\n\t\t\t\t<figcaption class='wp-caption-text gallery-caption' id='gallery-1-43905'>\n\t\t\t\tMahmoud Chakroun s&rsquo;est class\u00e9 3\u00b0 en &#8211; 67 kg\n\t\t\t\t<\/figcaption><\/figure>\n\t\t<\/div>\n\n","protected":false},"excerpt":{"rendered":"<p>Samedi, se d\u00e9roulaient \u00e0 la Maison du Judo \u00e0 Lyon 3\u00b0, les championnats Rh\u00f4ne-Alpes de karat\u00e9 (combats) pour les cat\u00e9gories juniors et s\u00e9niors. Le Sen No Sen Karat\u00e9 V\u00e9nissieux remporte 13 m\u00e9dailles (6 en or, 3 en argent et 4 en bronze), en voici le d\u00e9tail : En juniors masculins, en &#8211; 76 kg, Yanis [&hellip;]<\/p>\n","protected":false},"author":4,"featured_media":43901,"comment_status":"open","ping_status":"open","sticky":false,"template":"","format":"standard","meta":{"footnotes":""},"categories":[2994,1353,1298],"tags":[],"class_list":["post-43894","post","type-post","status-publish","format-standard","has-post-thumbnail","hentry","category-judo-karate-taekwondo-sports","category-karate","category-venissieux"],"yoast_head":"<!-- This site is optimized with the Yoast SEO plugin v27.2 - https:\/\/yoast.com\/product\/yoast-seo-wordpress\/ -->\n<title>VENISSIEUX : 13 m\u00e9dailles pour le Sen No Sen karat\u00e9 aux championnats r\u00e9gionaux<\/title>\n<meta name=\"description\" content=\"VENISSIEUX : 13 m\u00e9dailles pour le Sen No Sen karat\u00e9 aux championnats r\u00e9gionaux\" \/>\n<meta name=\"robots\" content=\"index, follow, max-snippet:-1, max-image-preview:large, max-video-preview:-1\" \/>\n<link rel=\"canonical\" href=\"https:\/\/newsestlyonnais.fr\/site\/2018\/02\/12\/venissieux-13-medailles-sen-no-sen-karate-aux-championnats-regionaux\/\" \/>\n<meta property=\"og:locale\" content=\"fr_FR\" \/>\n<meta property=\"og:type\" content=\"article\" \/>\n<meta property=\"og:title\" content=\"VENISSIEUX : 13 m\u00e9dailles pour le Sen No Sen karat\u00e9 aux championnats r\u00e9gionaux\" \/>\n<meta property=\"og:description\" content=\"VENISSIEUX : 13 m\u00e9dailles pour le Sen No Sen karat\u00e9 aux championnats r\u00e9gionaux\" \/>\n<meta property=\"og:url\" content=\"https:\/\/newsestlyonnais.fr\/site\/2018\/02\/12\/venissieux-13-medailles-sen-no-sen-karate-aux-championnats-regionaux\/\" \/>\n<meta property=\"og:site_name\" content=\"News Est Lyonnais\" \/>\n<meta property=\"article:author\" content=\"https:\/\/www.facebook.com\/pascal.oberson.1?fref=ts\" \/>\n<meta property=\"article:published_time\" content=\"2018-02-12T06:32:19+00:00\" \/>\n<meta property=\"article:modified_time\" content=\"2020-10-31T11:19:55+00:00\" \/>\n<meta property=\"og:image\" content=\"https:\/\/i2.wp.com\/newsestlyonnais.fr\/site\/wp-content\/uploads\/2018\/02\/NEWSESTLYONNAIS-SEN-NO-SEN-CHAM-REGION.jpg?fit=1006%2C594&ssl=1\" \/>\n\t<meta property=\"og:image:width\" content=\"1006\" \/>\n\t<meta property=\"og:image:height\" content=\"594\" \/>\n\t<meta property=\"og:image:type\" content=\"image\/jpeg\" \/>\n<meta name=\"author\" content=\"R\u00e9dac. NEWS\" \/>\n<meta name=\"twitter:card\" content=\"summary_large_image\" \/>\n<meta name=\"twitter:label1\" content=\"\u00c9crit par\" \/>\n\t<meta name=\"twitter:data1\" content=\"R\u00e9dac. NEWS\" \/>\n\t<meta name=\"twitter:label2\" content=\"Dur\u00e9e de lecture estim\u00e9e\" \/>\n\t<meta name=\"twitter:data2\" content=\"1 minute\" \/>\n<script type=\"application\/ld+json\" class=\"yoast-schema-graph\">{\"@context\":\"https:\/\/schema.org\",\"@graph\":[{\"@type\":\"Article\",\"@id\":\"https:\/\/newsestlyonnais.fr\/site\/2018\/02\/12\/venissieux-13-medailles-sen-no-sen-karate-aux-championnats-regionaux\/#article\",\"isPartOf\":{\"@id\":\"https:\/\/newsestlyonnais.fr\/site\/2018\/02\/12\/venissieux-13-medailles-sen-no-sen-karate-aux-championnats-regionaux\/\"},\"author\":{\"name\":\"R\u00e9dac. NEWS\",\"@id\":\"https:\/\/newsestlyonnais.fr\/site\/#\/schema\/person\/3230d5615f390bb808365d673001e887\"},\"headline\":\"VENISSIEUX | 13 m\u00e9dailles au Sen No Sen karat\u00e9 aux championnats r\u00e9gionaux\",\"datePublished\":\"2018-02-12T06:32:19+00:00\",\"dateModified\":\"2020-10-31T11:19:55+00:00\",\"mainEntityOfPage\":{\"@id\":\"https:\/\/newsestlyonnais.fr\/site\/2018\/02\/12\/venissieux-13-medailles-sen-no-sen-karate-aux-championnats-regionaux\/\"},\"wordCount\":297,\"commentCount\":0,\"publisher\":{\"@id\":\"https:\/\/newsestlyonnais.fr\/site\/#organization\"},\"image\":{\"@id\":\"https:\/\/newsestlyonnais.fr\/site\/2018\/02\/12\/venissieux-13-medailles-sen-no-sen-karate-aux-championnats-regionaux\/#primaryimage\"},\"thumbnailUrl\":\"https:\/\/newsestlyonnais.fr\/site\/wp-content\/uploads\/2018\/02\/NEWSESTLYONNAIS-SEN-NO-SEN-CHAM-REGION.jpg\",\"articleSection\":[\"Judo| Karat\u00e9| Taekwondo\",\"Karat\u00e9\",\"V\u00e9nissieux\"],\"inLanguage\":\"fr-FR\",\"potentialAction\":[{\"@type\":\"CommentAction\",\"name\":\"Comment\",\"target\":[\"https:\/\/newsestlyonnais.fr\/site\/2018\/02\/12\/venissieux-13-medailles-sen-no-sen-karate-aux-championnats-regionaux\/#respond\"]}]},{\"@type\":\"WebPage\",\"@id\":\"https:\/\/newsestlyonnais.fr\/site\/2018\/02\/12\/venissieux-13-medailles-sen-no-sen-karate-aux-championnats-regionaux\/\",\"url\":\"https:\/\/newsestlyonnais.fr\/site\/2018\/02\/12\/venissieux-13-medailles-sen-no-sen-karate-aux-championnats-regionaux\/\",\"name\":\"VENISSIEUX : 13 m\u00e9dailles pour le Sen No Sen karat\u00e9 aux championnats r\u00e9gionaux\",\"isPartOf\":{\"@id\":\"https:\/\/newsestlyonnais.fr\/site\/#website\"},\"primaryImageOfPage\":{\"@id\":\"https:\/\/newsestlyonnais.fr\/site\/2018\/02\/12\/venissieux-13-medailles-sen-no-sen-karate-aux-championnats-regionaux\/#primaryimage\"},\"image\":{\"@id\":\"https:\/\/newsestlyonnais.fr\/site\/2018\/02\/12\/venissieux-13-medailles-sen-no-sen-karate-aux-championnats-regionaux\/#primaryimage\"},\"thumbnailUrl\":\"https:\/\/newsestlyonnais.fr\/site\/wp-content\/uploads\/2018\/02\/NEWSESTLYONNAIS-SEN-NO-SEN-CHAM-REGION.jpg\",\"datePublished\":\"2018-02-12T06:32:19+00:00\",\"dateModified\":\"2020-10-31T11:19:55+00:00\",\"description\":\"VENISSIEUX : 13 m\u00e9dailles pour le Sen No Sen karat\u00e9 aux championnats r\u00e9gionaux\",\"breadcrumb\":{\"@id\":\"https:\/\/newsestlyonnais.fr\/site\/2018\/02\/12\/venissieux-13-medailles-sen-no-sen-karate-aux-championnats-regionaux\/#breadcrumb\"},\"inLanguage\":\"fr-FR\",\"potentialAction\":[{\"@type\":\"ReadAction\",\"target\":[\"https:\/\/newsestlyonnais.fr\/site\/2018\/02\/12\/venissieux-13-medailles-sen-no-sen-karate-aux-championnats-regionaux\/\"]}]},{\"@type\":\"ImageObject\",\"inLanguage\":\"fr-FR\",\"@id\":\"https:\/\/newsestlyonnais.fr\/site\/2018\/02\/12\/venissieux-13-medailles-sen-no-sen-karate-aux-championnats-regionaux\/#primaryimage\",\"url\":\"https:\/\/newsestlyonnais.fr\/site\/wp-content\/uploads\/2018\/02\/NEWSESTLYONNAIS-SEN-NO-SEN-CHAM-REGION.jpg\",\"contentUrl\":\"https:\/\/newsestlyonnais.fr\/site\/wp-content\/uploads\/2018\/02\/NEWSESTLYONNAIS-SEN-NO-SEN-CHAM-REGION.jpg\",\"width\":1006,\"height\":594,\"caption\":\"NEWSESTLYONNAIS - SEN NO SEN CHAM REGION\"},{\"@type\":\"BreadcrumbList\",\"@id\":\"https:\/\/newsestlyonnais.fr\/site\/2018\/02\/12\/venissieux-13-medailles-sen-no-sen-karate-aux-championnats-regionaux\/#breadcrumb\",\"itemListElement\":[{\"@type\":\"ListItem\",\"position\":1,\"name\":\"Accueil\",\"item\":\"https:\/\/newsestlyonnais.fr\/site\/\"},{\"@type\":\"ListItem\",\"position\":2,\"name\":\"VENISSIEUX | 13 m\u00e9dailles au Sen No Sen karat\u00e9 aux championnats r\u00e9gionaux\"}]},{\"@type\":\"WebSite\",\"@id\":\"https:\/\/newsestlyonnais.fr\/site\/#website\",\"url\":\"https:\/\/newsestlyonnais.fr\/site\/\",\"name\":\"News Est Lyonnais\",\"description\":\"L&#039;actualit\u00e9 au plus pr\u00e8s\",\"publisher\":{\"@id\":\"https:\/\/newsestlyonnais.fr\/site\/#organization\"},\"potentialAction\":[{\"@type\":\"SearchAction\",\"target\":{\"@type\":\"EntryPoint\",\"urlTemplate\":\"https:\/\/newsestlyonnais.fr\/site\/?s={search_term_string}\"},\"query-input\":{\"@type\":\"PropertyValueSpecification\",\"valueRequired\":true,\"valueName\":\"search_term_string\"}}],\"inLanguage\":\"fr-FR\"},{\"@type\":\"Organization\",\"@id\":\"https:\/\/newsestlyonnais.fr\/site\/#organization\",\"name\":\"News EST LYONNAIS\",\"url\":\"https:\/\/newsestlyonnais.fr\/site\/\",\"logo\":{\"@type\":\"ImageObject\",\"inLanguage\":\"fr-FR\",\"@id\":\"https:\/\/newsestlyonnais.fr\/site\/#\/schema\/logo\/image\/\",\"url\":\"\",\"contentUrl\":\"\",\"caption\":\"News EST LYONNAIS\"},\"image\":{\"@id\":\"https:\/\/newsestlyonnais.fr\/site\/#\/schema\/logo\/image\/\"}},{\"@type\":\"Person\",\"@id\":\"https:\/\/newsestlyonnais.fr\/site\/#\/schema\/person\/3230d5615f390bb808365d673001e887\",\"name\":\"R\u00e9dac. NEWS\",\"sameAs\":[\"http:\/\/www.newsestlyonnais.fr\",\"https:\/\/www.facebook.com\/pascal.oberson.1?fref=ts\",\"https:\/\/fr.linkedin.com\/in\/pascal-oberson-b17045113\"],\"url\":\"https:\/\/newsestlyonnais.fr\/site\/author\/nel\/\"}]}<\/script>\n<!-- \/ Yoast SEO plugin. -->","yoast_head_json":{"title":"VENISSIEUX : 13 m\u00e9dailles pour le Sen No Sen karat\u00e9 aux championnats r\u00e9gionaux","description":"VENISSIEUX : 13 m\u00e9dailles pour le Sen No Sen karat\u00e9 aux championnats r\u00e9gionaux","robots":{"index":"index","follow":"follow","max-snippet":"max-snippet:-1","max-image-preview":"max-image-preview:large","max-video-preview":"max-video-preview:-1"},"canonical":"https:\/\/newsestlyonnais.fr\/site\/2018\/02\/12\/venissieux-13-medailles-sen-no-sen-karate-aux-championnats-regionaux\/","og_locale":"fr_FR","og_type":"article","og_title":"VENISSIEUX : 13 m\u00e9dailles pour le Sen No Sen karat\u00e9 aux championnats r\u00e9gionaux","og_description":"VENISSIEUX : 13 m\u00e9dailles pour le Sen No Sen karat\u00e9 aux championnats r\u00e9gionaux","og_url":"https:\/\/newsestlyonnais.fr\/site\/2018\/02\/12\/venissieux-13-medailles-sen-no-sen-karate-aux-championnats-regionaux\/","og_site_name":"News Est Lyonnais","article_author":"https:\/\/www.facebook.com\/pascal.oberson.1?fref=ts","article_published_time":"2018-02-12T06:32:19+00:00","article_modified_time":"2020-10-31T11:19:55+00:00","og_image":[{"width":1006,"height":594,"url":"https:\/\/i2.wp.com\/newsestlyonnais.fr\/site\/wp-content\/uploads\/2018\/02\/NEWSESTLYONNAIS-SEN-NO-SEN-CHAM-REGION.jpg?fit=1006%2C594&ssl=1","type":"image\/jpeg"}],"author":"R\u00e9dac. NEWS","twitter_card":"summary_large_image","twitter_misc":{"\u00c9crit par":"R\u00e9dac. NEWS","Dur\u00e9e de lecture estim\u00e9e":"1 minute"},"schema":{"@context":"https:\/\/schema.org","@graph":[{"@type":"Article","@id":"https:\/\/newsestlyonnais.fr\/site\/2018\/02\/12\/venissieux-13-medailles-sen-no-sen-karate-aux-championnats-regionaux\/#article","isPartOf":{"@id":"https:\/\/newsestlyonnais.fr\/site\/2018\/02\/12\/venissieux-13-medailles-sen-no-sen-karate-aux-championnats-regionaux\/"},"author":{"name":"R\u00e9dac. NEWS","@id":"https:\/\/newsestlyonnais.fr\/site\/#\/schema\/person\/3230d5615f390bb808365d673001e887"},"headline":"VENISSIEUX | 13 m\u00e9dailles au Sen No Sen karat\u00e9 aux championnats r\u00e9gionaux","datePublished":"2018-02-12T06:32:19+00:00","dateModified":"2020-10-31T11:19:55+00:00","mainEntityOfPage":{"@id":"https:\/\/newsestlyonnais.fr\/site\/2018\/02\/12\/venissieux-13-medailles-sen-no-sen-karate-aux-championnats-regionaux\/"},"wordCount":297,"commentCount":0,"publisher":{"@id":"https:\/\/newsestlyonnais.fr\/site\/#organization"},"image":{"@id":"https:\/\/newsestlyonnais.fr\/site\/2018\/02\/12\/venissieux-13-medailles-sen-no-sen-karate-aux-championnats-regionaux\/#primaryimage"},"thumbnailUrl":"https:\/\/newsestlyonnais.fr\/site\/wp-content\/uploads\/2018\/02\/NEWSESTLYONNAIS-SEN-NO-SEN-CHAM-REGION.jpg","articleSection":["Judo| Karat\u00e9| Taekwondo","Karat\u00e9","V\u00e9nissieux"],"inLanguage":"fr-FR","potentialAction":[{"@type":"CommentAction","name":"Comment","target":["https:\/\/newsestlyonnais.fr\/site\/2018\/02\/12\/venissieux-13-medailles-sen-no-sen-karate-aux-championnats-regionaux\/#respond"]}]},{"@type":"WebPage","@id":"https:\/\/newsestlyonnais.fr\/site\/2018\/02\/12\/venissieux-13-medailles-sen-no-sen-karate-aux-championnats-regionaux\/","url":"https:\/\/newsestlyonnais.fr\/site\/2018\/02\/12\/venissieux-13-medailles-sen-no-sen-karate-aux-championnats-regionaux\/","name":"VENISSIEUX : 13 m\u00e9dailles pour le Sen No Sen karat\u00e9 aux championnats r\u00e9gionaux","isPartOf":{"@id":"https:\/\/newsestlyonnais.fr\/site\/#website"},"primaryImageOfPage":{"@id":"https:\/\/newsestlyonnais.fr\/site\/2018\/02\/12\/venissieux-13-medailles-sen-no-sen-karate-aux-championnats-regionaux\/#primaryimage"},"image":{"@id":"https:\/\/newsestlyonnais.fr\/site\/2018\/02\/12\/venissieux-13-medailles-sen-no-sen-karate-aux-championnats-regionaux\/#primaryimage"},"thumbnailUrl":"https:\/\/newsestlyonnais.fr\/site\/wp-content\/uploads\/2018\/02\/NEWSESTLYONNAIS-SEN-NO-SEN-CHAM-REGION.jpg","datePublished":"2018-02-12T06:32:19+00:00","dateModified":"2020-10-31T11:19:55+00:00","description":"VENISSIEUX : 13 m\u00e9dailles pour le Sen No Sen karat\u00e9 aux championnats r\u00e9gionaux","breadcrumb":{"@id":"https:\/\/newsestlyonnais.fr\/site\/2018\/02\/12\/venissieux-13-medailles-sen-no-sen-karate-aux-championnats-regionaux\/#breadcrumb"},"inLanguage":"fr-FR","potentialAction":[{"@type":"ReadAction","target":["https:\/\/newsestlyonnais.fr\/site\/2018\/02\/12\/venissieux-13-medailles-sen-no-sen-karate-aux-championnats-regionaux\/"]}]},{"@type":"ImageObject","inLanguage":"fr-FR","@id":"https:\/\/newsestlyonnais.fr\/site\/2018\/02\/12\/venissieux-13-medailles-sen-no-sen-karate-aux-championnats-regionaux\/#primaryimage","url":"https:\/\/newsestlyonnais.fr\/site\/wp-content\/uploads\/2018\/02\/NEWSESTLYONNAIS-SEN-NO-SEN-CHAM-REGION.jpg","contentUrl":"https:\/\/newsestlyonnais.fr\/site\/wp-content\/uploads\/2018\/02\/NEWSESTLYONNAIS-SEN-NO-SEN-CHAM-REGION.jpg","width":1006,"height":594,"caption":"NEWSESTLYONNAIS - SEN NO SEN CHAM REGION"},{"@type":"BreadcrumbList","@id":"https:\/\/newsestlyonnais.fr\/site\/2018\/02\/12\/venissieux-13-medailles-sen-no-sen-karate-aux-championnats-regionaux\/#breadcrumb","itemListElement":[{"@type":"ListItem","position":1,"name":"Accueil","item":"https:\/\/newsestlyonnais.fr\/site\/"},{"@type":"ListItem","position":2,"name":"VENISSIEUX | 13 m\u00e9dailles au Sen No Sen karat\u00e9 aux championnats r\u00e9gionaux"}]},{"@type":"WebSite","@id":"https:\/\/newsestlyonnais.fr\/site\/#website","url":"https:\/\/newsestlyonnais.fr\/site\/","name":"News Est Lyonnais","description":"L&#039;actualit\u00e9 au plus pr\u00e8s","publisher":{"@id":"https:\/\/newsestlyonnais.fr\/site\/#organization"},"potentialAction":[{"@type":"SearchAction","target":{"@type":"EntryPoint","urlTemplate":"https:\/\/newsestlyonnais.fr\/site\/?s={search_term_string}"},"query-input":{"@type":"PropertyValueSpecification","valueRequired":true,"valueName":"search_term_string"}}],"inLanguage":"fr-FR"},{"@type":"Organization","@id":"https:\/\/newsestlyonnais.fr\/site\/#organization","name":"News EST LYONNAIS","url":"https:\/\/newsestlyonnais.fr\/site\/","logo":{"@type":"ImageObject","inLanguage":"fr-FR","@id":"https:\/\/newsestlyonnais.fr\/site\/#\/schema\/logo\/image\/","url":"","contentUrl":"","caption":"News EST LYONNAIS"},"image":{"@id":"https:\/\/newsestlyonnais.fr\/site\/#\/schema\/logo\/image\/"}},{"@type":"Person","@id":"https:\/\/newsestlyonnais.fr\/site\/#\/schema\/person\/3230d5615f390bb808365d673001e887","name":"R\u00e9dac. NEWS","sameAs":["http:\/\/www.newsestlyonnais.fr","https:\/\/www.facebook.com\/pascal.oberson.1?fref=ts","https:\/\/fr.linkedin.com\/in\/pascal-oberson-b17045113"],"url":"https:\/\/newsestlyonnais.fr\/site\/author\/nel\/"}]}},"_links":{"self":[{"href":"https:\/\/newsestlyonnais.fr\/site\/wp-json\/wp\/v2\/posts\/43894","targetHints":{"allow":["GET"]}}],"collection":[{"href":"https:\/\/newsestlyonnais.fr\/site\/wp-json\/wp\/v2\/posts"}],"about":[{"href":"https:\/\/newsestlyonnais.fr\/site\/wp-json\/wp\/v2\/types\/post"}],"author":[{"embeddable":true,"href":"https:\/\/newsestlyonnais.fr\/site\/wp-json\/wp\/v2\/users\/4"}],"replies":[{"embeddable":true,"href":"https:\/\/newsestlyonnais.fr\/site\/wp-json\/wp\/v2\/comments?post=43894"}],"version-history":[{"count":0,"href":"https:\/\/newsestlyonnais.fr\/site\/wp-json\/wp\/v2\/posts\/43894\/revisions"}],"wp:featuredmedia":[{"embeddable":true,"href":"https:\/\/newsestlyonnais.fr\/site\/wp-json\/wp\/v2\/media\/43901"}],"wp:attachment":[{"href":"https:\/\/newsestlyonnais.fr\/site\/wp-json\/wp\/v2\/media?parent=43894"}],"wp:term":[{"taxonomy":"category","embeddable":true,"href":"https:\/\/newsestlyonnais.fr\/site\/wp-json\/wp\/v2\/categories?post=43894"},{"taxonomy":"post_tag","embeddable":true,"href":"https:\/\/newsestlyonnais.fr\/site\/wp-json\/wp\/v2\/tags?post=43894"}],"curies":[{"name":"wp","href":"https:\/\/api.w.org\/{rel}","templated":true}]}}