{"id":43909,"date":"2018-02-12T15:38:21","date_gmt":"2018-02-12T14:38:21","guid":{"rendered":"http:\/\/newsestlyonnais.fr\/site\/?p=43909"},"modified":"2020-10-31T12:18:41","modified_gmt":"2020-10-31T11:18:41","slug":"venissieux-16-medailles-pour-le-bunkai-en-coupe-de-france","status":"publish","type":"post","link":"https:\/\/newsestlyonnais.fr\/site\/2018\/02\/12\/venissieux-16-medailles-pour-le-bunkai-en-coupe-de-france\/","title":{"rendered":"VENISSIEUX | 16 m\u00e9dailles pour le Bunkai en Coupe de France"},"content":{"rendered":"<h4>Le Bunkai karate do Full Contact de V\u00e9nissieux participait ce week-end \u00e0 N\u00eemes, \u00e0 la Coupe de France (Zone Sud) de semi et plein contact.<\/h4>\n<p>Belle moisson r\u00e9colt\u00e9e pour les comp\u00e9titeurs du club avec de nombreuses m\u00e9dailles et podiums, voici leurs r\u00e9sultats :<\/p>\n<ul>\n<li><span style=\"text-decoration: underline\"><strong><em>Samedi : semi contact<\/em><\/strong><\/span>: (<span style=\"text-decoration: underline\">15 participants &amp; 14 podiums<\/span>). \u00a0\u00bb Par manque de financement, au lieu du potentiel de 38 combattants, seulement 15 ont pu participer c&rsquo;est rageant, mais voil\u00e0 le manque d&rsquo;aide de la municipalit\u00e9 et le m\u00e9pris est juste lamentable et je p\u00e8se mes mots&#8230; \u00a0\u00bb confiait <span class=\"_3oh- _58nk\"><strong>Philippe Del Rey<\/strong>, <span id=\"cch_f57a550c98e7a2\" class=\"_mh6 _wsc\">directeur et entra\u00eeneur du club, \u00e0 l&rsquo;issue de la comp\u00e9tition. <span style=\"text-decoration: underline\">En b<\/span><\/span><\/span><span style=\"text-decoration: underline\">enjamins<\/span>: Uca ceida (- 35 kg, 1\u00b0), Ayari Mohamed (-40 kg, 2\u00b0), Bouammar Hamza (- 50 kg, 2\u00b0), Bensaid Mahira (- 45 kg, 1\u00b0). <span style=\"text-decoration: underline\">En pupilles<\/span> : Zerroug Romane (2\u00b0). <span style=\"text-decoration: underline\">En minimes<\/span> : Azoug Kosseila (- 50 kg, 3\u00b0). <span style=\"text-decoration: underline\">En cadets<\/span> : Lombardi Sardeletti Chiara (- 55 kg, 2\u00b0), Corsaletti Diego (- 55 kg, 3\u00b0). <span style=\"text-decoration: underline\">En juniors<\/span> : &#8211; 75 kg L\u00e9ger:\u00a0 Lucas 1\u00b0\u00a0 &amp; L\u00e9ger Yoan 2\u00b0 . Cerelli Rafael (+ 85 kg, 2\u00b0). En seniors : Uca Cebrail (- 56 kg, 1\u00b0), Dasilva Christophe (- 60 kg, 2\u00b0) &amp; Safar M\u00e9lanie (- 54 kg, 1\u00b0).<\/li>\n<li><span style=\"text-decoration: underline\"><strong>Dimanche : Plein contact <\/strong><\/span>(ko autoris\u00e9):\u00a0 Lachevre Micka\u00ebl (- 68 kg, 3\u00b0),\u00a0 Nguyen Jean Alexandre (- 85 kg, 2\u00b0).<\/li>\n<\/ul>\n<p>\u00a0\u00bb Voil\u00e0 mon r\u00e9sum\u00e9: 16 m\u00e9dailles pour ce week-end sur 17 pr\u00e9sent\u00e9s, alors que la Maire et ses adjoints persistent \u00e0 nous marteler que nous sommes \u00e0 leurs yeux un club de loisirs et \u00e0 ce titre nous avons des subventions \u00e0 hauteur de 3.000 \u20ac contre d&rsquo;autres clubs historiques que la mairie aident \u00e0 hauteur de 21.000\u20ac .. On ne comprend pas cette injustice, voire cette discrimination ! Sur un bilan de 3 ans nous avons ramen\u00e9 plus de 120 podiums au niveau national ! Du jamais vu pour une ville !! Et d&rsquo;entendre que nous sommes consid\u00e9r\u00e9s comme club de loisirs&#8230;! C&rsquo;est juste incroyable !!! \u00a0\u00bb poursuit <strong><span class=\"_3oh- _58nk\">Philippe Del Rey<\/span><\/strong>.<\/p>\n<ul>\n<li><em><strong>ACTU &amp; Photos<\/strong> <\/em>\u00e0 retrouver sur : <a href=\"https:\/\/www.facebook.com\/Bunkai-karate-do-Full-Contact-341551199199141\/\" target=\"_blank\" rel=\"noopener noreferrer\">https:\/\/www.facebook.com\/Bunkai-karate-do-Full-Contact-341551199199141\/<\/a><\/li>\n<\/ul>\n","protected":false},"excerpt":{"rendered":"<p>Le Bunkai karate do Full Contact de V\u00e9nissieux participait ce week-end \u00e0 N\u00eemes, \u00e0 la Coupe de France (Zone Sud) de semi et plein contact. Belle moisson r\u00e9colt\u00e9e pour les comp\u00e9titeurs du club avec de nombreuses m\u00e9dailles et podiums, voici leurs r\u00e9sultats : Samedi : semi contact: (15 participants &amp; 14 podiums). \u00a0\u00bb Par manque [&hellip;]<\/p>\n","protected":false},"author":4,"featured_media":43934,"comment_status":"open","ping_status":"open","sticky":false,"template":"","format":"standard","meta":{"footnotes":""},"categories":[2994,1353,1298],"tags":[],"class_list":["post-43909","post","type-post","status-publish","format-standard","has-post-thumbnail","hentry","category-judo-karate-taekwondo-sports","category-karate","category-venissieux"],"yoast_head":"<!-- This site is optimized with the Yoast SEO plugin v27.2 - https:\/\/yoast.com\/product\/yoast-seo-wordpress\/ -->\n<title>VENISSIEUX : 16 m\u00e9dailles pour le Bunkai karate do Full Contact en Coupe de France<\/title>\n<meta name=\"description\" content=\"VENISSIEUX : 16 m\u00e9dailles pour le Bunkai karate do Full Contact en Coupe de France\" \/>\n<meta name=\"robots\" content=\"index, follow, max-snippet:-1, max-image-preview:large, max-video-preview:-1\" \/>\n<link rel=\"canonical\" href=\"https:\/\/newsestlyonnais.fr\/site\/2018\/02\/12\/venissieux-16-medailles-pour-le-bunkai-en-coupe-de-france\/\" \/>\n<meta property=\"og:locale\" content=\"fr_FR\" \/>\n<meta property=\"og:type\" content=\"article\" \/>\n<meta property=\"og:title\" content=\"VENISSIEUX : 16 m\u00e9dailles pour le Bunkai karate do Full Contact en Coupe de France\" \/>\n<meta property=\"og:description\" content=\"VENISSIEUX : 16 m\u00e9dailles pour le Bunkai karate do Full Contact en Coupe de France\" \/>\n<meta property=\"og:url\" content=\"https:\/\/newsestlyonnais.fr\/site\/2018\/02\/12\/venissieux-16-medailles-pour-le-bunkai-en-coupe-de-france\/\" \/>\n<meta property=\"og:site_name\" content=\"News Est Lyonnais\" \/>\n<meta property=\"article:author\" content=\"https:\/\/www.facebook.com\/pascal.oberson.1?fref=ts\" \/>\n<meta property=\"article:published_time\" content=\"2018-02-12T14:38:21+00:00\" \/>\n<meta property=\"article:modified_time\" content=\"2020-10-31T11:18:41+00:00\" \/>\n<meta property=\"og:image\" content=\"https:\/\/i0.wp.com\/newsestlyonnais.fr\/site\/wp-content\/uploads\/2018\/02\/NEWSESTLYONNAIS-BUNKAI-DO-CONTACT.jpg?fit=247%2C260&ssl=1\" \/>\n\t<meta property=\"og:image:width\" content=\"247\" \/>\n\t<meta property=\"og:image:height\" content=\"260\" \/>\n\t<meta property=\"og:image:type\" content=\"image\/jpeg\" \/>\n<meta name=\"author\" content=\"R\u00e9dac. NEWS\" \/>\n<meta name=\"twitter:card\" content=\"summary_large_image\" \/>\n<meta name=\"twitter:label1\" content=\"\u00c9crit par\" \/>\n\t<meta name=\"twitter:data1\" content=\"R\u00e9dac. NEWS\" \/>\n\t<meta name=\"twitter:label2\" content=\"Dur\u00e9e de lecture estim\u00e9e\" \/>\n\t<meta name=\"twitter:data2\" content=\"1 minute\" \/>\n<script type=\"application\/ld+json\" class=\"yoast-schema-graph\">{\"@context\":\"https:\/\/schema.org\",\"@graph\":[{\"@type\":\"Article\",\"@id\":\"https:\/\/newsestlyonnais.fr\/site\/2018\/02\/12\/venissieux-16-medailles-pour-le-bunkai-en-coupe-de-france\/#article\",\"isPartOf\":{\"@id\":\"https:\/\/newsestlyonnais.fr\/site\/2018\/02\/12\/venissieux-16-medailles-pour-le-bunkai-en-coupe-de-france\/\"},\"author\":{\"name\":\"R\u00e9dac. NEWS\",\"@id\":\"https:\/\/newsestlyonnais.fr\/site\/#\/schema\/person\/3230d5615f390bb808365d673001e887\"},\"headline\":\"VENISSIEUX | 16 m\u00e9dailles pour le Bunkai en Coupe de France\",\"datePublished\":\"2018-02-12T14:38:21+00:00\",\"dateModified\":\"2020-10-31T11:18:41+00:00\",\"mainEntityOfPage\":{\"@id\":\"https:\/\/newsestlyonnais.fr\/site\/2018\/02\/12\/venissieux-16-medailles-pour-le-bunkai-en-coupe-de-france\/\"},\"wordCount\":315,\"commentCount\":0,\"publisher\":{\"@id\":\"https:\/\/newsestlyonnais.fr\/site\/#organization\"},\"image\":{\"@id\":\"https:\/\/newsestlyonnais.fr\/site\/2018\/02\/12\/venissieux-16-medailles-pour-le-bunkai-en-coupe-de-france\/#primaryimage\"},\"thumbnailUrl\":\"https:\/\/newsestlyonnais.fr\/site\/wp-content\/uploads\/2018\/02\/NEWSESTLYONNAIS-BUNKAI-DO-CONTACT.jpg\",\"articleSection\":[\"Judo| Karat\u00e9| Taekwondo\",\"Karat\u00e9\",\"V\u00e9nissieux\"],\"inLanguage\":\"fr-FR\",\"potentialAction\":[{\"@type\":\"CommentAction\",\"name\":\"Comment\",\"target\":[\"https:\/\/newsestlyonnais.fr\/site\/2018\/02\/12\/venissieux-16-medailles-pour-le-bunkai-en-coupe-de-france\/#respond\"]}]},{\"@type\":\"WebPage\",\"@id\":\"https:\/\/newsestlyonnais.fr\/site\/2018\/02\/12\/venissieux-16-medailles-pour-le-bunkai-en-coupe-de-france\/\",\"url\":\"https:\/\/newsestlyonnais.fr\/site\/2018\/02\/12\/venissieux-16-medailles-pour-le-bunkai-en-coupe-de-france\/\",\"name\":\"VENISSIEUX : 16 m\u00e9dailles pour le Bunkai karate do Full Contact en Coupe de France\",\"isPartOf\":{\"@id\":\"https:\/\/newsestlyonnais.fr\/site\/#website\"},\"primaryImageOfPage\":{\"@id\":\"https:\/\/newsestlyonnais.fr\/site\/2018\/02\/12\/venissieux-16-medailles-pour-le-bunkai-en-coupe-de-france\/#primaryimage\"},\"image\":{\"@id\":\"https:\/\/newsestlyonnais.fr\/site\/2018\/02\/12\/venissieux-16-medailles-pour-le-bunkai-en-coupe-de-france\/#primaryimage\"},\"thumbnailUrl\":\"https:\/\/newsestlyonnais.fr\/site\/wp-content\/uploads\/2018\/02\/NEWSESTLYONNAIS-BUNKAI-DO-CONTACT.jpg\",\"datePublished\":\"2018-02-12T14:38:21+00:00\",\"dateModified\":\"2020-10-31T11:18:41+00:00\",\"description\":\"VENISSIEUX : 16 m\u00e9dailles pour le Bunkai karate do Full Contact en Coupe de France\",\"breadcrumb\":{\"@id\":\"https:\/\/newsestlyonnais.fr\/site\/2018\/02\/12\/venissieux-16-medailles-pour-le-bunkai-en-coupe-de-france\/#breadcrumb\"},\"inLanguage\":\"fr-FR\",\"potentialAction\":[{\"@type\":\"ReadAction\",\"target\":[\"https:\/\/newsestlyonnais.fr\/site\/2018\/02\/12\/venissieux-16-medailles-pour-le-bunkai-en-coupe-de-france\/\"]}]},{\"@type\":\"ImageObject\",\"inLanguage\":\"fr-FR\",\"@id\":\"https:\/\/newsestlyonnais.fr\/site\/2018\/02\/12\/venissieux-16-medailles-pour-le-bunkai-en-coupe-de-france\/#primaryimage\",\"url\":\"https:\/\/newsestlyonnais.fr\/site\/wp-content\/uploads\/2018\/02\/NEWSESTLYONNAIS-BUNKAI-DO-CONTACT.jpg\",\"contentUrl\":\"https:\/\/newsestlyonnais.fr\/site\/wp-content\/uploads\/2018\/02\/NEWSESTLYONNAIS-BUNKAI-DO-CONTACT.jpg\",\"width\":247,\"height\":260,\"caption\":\"NEWSESTLYONNAIS - BUNKAI DO CONTACT\"},{\"@type\":\"BreadcrumbList\",\"@id\":\"https:\/\/newsestlyonnais.fr\/site\/2018\/02\/12\/venissieux-16-medailles-pour-le-bunkai-en-coupe-de-france\/#breadcrumb\",\"itemListElement\":[{\"@type\":\"ListItem\",\"position\":1,\"name\":\"Accueil\",\"item\":\"https:\/\/newsestlyonnais.fr\/site\/\"},{\"@type\":\"ListItem\",\"position\":2,\"name\":\"VENISSIEUX | 16 m\u00e9dailles pour le Bunkai en Coupe de France\"}]},{\"@type\":\"WebSite\",\"@id\":\"https:\/\/newsestlyonnais.fr\/site\/#website\",\"url\":\"https:\/\/newsestlyonnais.fr\/site\/\",\"name\":\"News Est Lyonnais\",\"description\":\"L&#039;actualit\u00e9 au plus pr\u00e8s\",\"publisher\":{\"@id\":\"https:\/\/newsestlyonnais.fr\/site\/#organization\"},\"potentialAction\":[{\"@type\":\"SearchAction\",\"target\":{\"@type\":\"EntryPoint\",\"urlTemplate\":\"https:\/\/newsestlyonnais.fr\/site\/?s={search_term_string}\"},\"query-input\":{\"@type\":\"PropertyValueSpecification\",\"valueRequired\":true,\"valueName\":\"search_term_string\"}}],\"inLanguage\":\"fr-FR\"},{\"@type\":\"Organization\",\"@id\":\"https:\/\/newsestlyonnais.fr\/site\/#organization\",\"name\":\"News EST LYONNAIS\",\"url\":\"https:\/\/newsestlyonnais.fr\/site\/\",\"logo\":{\"@type\":\"ImageObject\",\"inLanguage\":\"fr-FR\",\"@id\":\"https:\/\/newsestlyonnais.fr\/site\/#\/schema\/logo\/image\/\",\"url\":\"\",\"contentUrl\":\"\",\"caption\":\"News EST LYONNAIS\"},\"image\":{\"@id\":\"https:\/\/newsestlyonnais.fr\/site\/#\/schema\/logo\/image\/\"}},{\"@type\":\"Person\",\"@id\":\"https:\/\/newsestlyonnais.fr\/site\/#\/schema\/person\/3230d5615f390bb808365d673001e887\",\"name\":\"R\u00e9dac. NEWS\",\"sameAs\":[\"http:\/\/www.newsestlyonnais.fr\",\"https:\/\/www.facebook.com\/pascal.oberson.1?fref=ts\",\"https:\/\/fr.linkedin.com\/in\/pascal-oberson-b17045113\"],\"url\":\"https:\/\/newsestlyonnais.fr\/site\/author\/nel\/\"}]}<\/script>\n<!-- \/ Yoast SEO plugin. -->","yoast_head_json":{"title":"VENISSIEUX : 16 m\u00e9dailles pour le Bunkai karate do Full Contact en Coupe de France","description":"VENISSIEUX : 16 m\u00e9dailles pour le Bunkai karate do Full Contact en Coupe de France","robots":{"index":"index","follow":"follow","max-snippet":"max-snippet:-1","max-image-preview":"max-image-preview:large","max-video-preview":"max-video-preview:-1"},"canonical":"https:\/\/newsestlyonnais.fr\/site\/2018\/02\/12\/venissieux-16-medailles-pour-le-bunkai-en-coupe-de-france\/","og_locale":"fr_FR","og_type":"article","og_title":"VENISSIEUX : 16 m\u00e9dailles pour le Bunkai karate do Full Contact en Coupe de France","og_description":"VENISSIEUX : 16 m\u00e9dailles pour le Bunkai karate do Full Contact en Coupe de France","og_url":"https:\/\/newsestlyonnais.fr\/site\/2018\/02\/12\/venissieux-16-medailles-pour-le-bunkai-en-coupe-de-france\/","og_site_name":"News Est Lyonnais","article_author":"https:\/\/www.facebook.com\/pascal.oberson.1?fref=ts","article_published_time":"2018-02-12T14:38:21+00:00","article_modified_time":"2020-10-31T11:18:41+00:00","og_image":[{"width":247,"height":260,"url":"https:\/\/i0.wp.com\/newsestlyonnais.fr\/site\/wp-content\/uploads\/2018\/02\/NEWSESTLYONNAIS-BUNKAI-DO-CONTACT.jpg?fit=247%2C260&ssl=1","type":"image\/jpeg"}],"author":"R\u00e9dac. NEWS","twitter_card":"summary_large_image","twitter_misc":{"\u00c9crit par":"R\u00e9dac. NEWS","Dur\u00e9e de lecture estim\u00e9e":"1 minute"},"schema":{"@context":"https:\/\/schema.org","@graph":[{"@type":"Article","@id":"https:\/\/newsestlyonnais.fr\/site\/2018\/02\/12\/venissieux-16-medailles-pour-le-bunkai-en-coupe-de-france\/#article","isPartOf":{"@id":"https:\/\/newsestlyonnais.fr\/site\/2018\/02\/12\/venissieux-16-medailles-pour-le-bunkai-en-coupe-de-france\/"},"author":{"name":"R\u00e9dac. NEWS","@id":"https:\/\/newsestlyonnais.fr\/site\/#\/schema\/person\/3230d5615f390bb808365d673001e887"},"headline":"VENISSIEUX | 16 m\u00e9dailles pour le Bunkai en Coupe de France","datePublished":"2018-02-12T14:38:21+00:00","dateModified":"2020-10-31T11:18:41+00:00","mainEntityOfPage":{"@id":"https:\/\/newsestlyonnais.fr\/site\/2018\/02\/12\/venissieux-16-medailles-pour-le-bunkai-en-coupe-de-france\/"},"wordCount":315,"commentCount":0,"publisher":{"@id":"https:\/\/newsestlyonnais.fr\/site\/#organization"},"image":{"@id":"https:\/\/newsestlyonnais.fr\/site\/2018\/02\/12\/venissieux-16-medailles-pour-le-bunkai-en-coupe-de-france\/#primaryimage"},"thumbnailUrl":"https:\/\/newsestlyonnais.fr\/site\/wp-content\/uploads\/2018\/02\/NEWSESTLYONNAIS-BUNKAI-DO-CONTACT.jpg","articleSection":["Judo| Karat\u00e9| Taekwondo","Karat\u00e9","V\u00e9nissieux"],"inLanguage":"fr-FR","potentialAction":[{"@type":"CommentAction","name":"Comment","target":["https:\/\/newsestlyonnais.fr\/site\/2018\/02\/12\/venissieux-16-medailles-pour-le-bunkai-en-coupe-de-france\/#respond"]}]},{"@type":"WebPage","@id":"https:\/\/newsestlyonnais.fr\/site\/2018\/02\/12\/venissieux-16-medailles-pour-le-bunkai-en-coupe-de-france\/","url":"https:\/\/newsestlyonnais.fr\/site\/2018\/02\/12\/venissieux-16-medailles-pour-le-bunkai-en-coupe-de-france\/","name":"VENISSIEUX : 16 m\u00e9dailles pour le Bunkai karate do Full Contact en Coupe de France","isPartOf":{"@id":"https:\/\/newsestlyonnais.fr\/site\/#website"},"primaryImageOfPage":{"@id":"https:\/\/newsestlyonnais.fr\/site\/2018\/02\/12\/venissieux-16-medailles-pour-le-bunkai-en-coupe-de-france\/#primaryimage"},"image":{"@id":"https:\/\/newsestlyonnais.fr\/site\/2018\/02\/12\/venissieux-16-medailles-pour-le-bunkai-en-coupe-de-france\/#primaryimage"},"thumbnailUrl":"https:\/\/newsestlyonnais.fr\/site\/wp-content\/uploads\/2018\/02\/NEWSESTLYONNAIS-BUNKAI-DO-CONTACT.jpg","datePublished":"2018-02-12T14:38:21+00:00","dateModified":"2020-10-31T11:18:41+00:00","description":"VENISSIEUX : 16 m\u00e9dailles pour le Bunkai karate do Full Contact en Coupe de France","breadcrumb":{"@id":"https:\/\/newsestlyonnais.fr\/site\/2018\/02\/12\/venissieux-16-medailles-pour-le-bunkai-en-coupe-de-france\/#breadcrumb"},"inLanguage":"fr-FR","potentialAction":[{"@type":"ReadAction","target":["https:\/\/newsestlyonnais.fr\/site\/2018\/02\/12\/venissieux-16-medailles-pour-le-bunkai-en-coupe-de-france\/"]}]},{"@type":"ImageObject","inLanguage":"fr-FR","@id":"https:\/\/newsestlyonnais.fr\/site\/2018\/02\/12\/venissieux-16-medailles-pour-le-bunkai-en-coupe-de-france\/#primaryimage","url":"https:\/\/newsestlyonnais.fr\/site\/wp-content\/uploads\/2018\/02\/NEWSESTLYONNAIS-BUNKAI-DO-CONTACT.jpg","contentUrl":"https:\/\/newsestlyonnais.fr\/site\/wp-content\/uploads\/2018\/02\/NEWSESTLYONNAIS-BUNKAI-DO-CONTACT.jpg","width":247,"height":260,"caption":"NEWSESTLYONNAIS - BUNKAI DO CONTACT"},{"@type":"BreadcrumbList","@id":"https:\/\/newsestlyonnais.fr\/site\/2018\/02\/12\/venissieux-16-medailles-pour-le-bunkai-en-coupe-de-france\/#breadcrumb","itemListElement":[{"@type":"ListItem","position":1,"name":"Accueil","item":"https:\/\/newsestlyonnais.fr\/site\/"},{"@type":"ListItem","position":2,"name":"VENISSIEUX | 16 m\u00e9dailles pour le Bunkai en Coupe de France"}]},{"@type":"WebSite","@id":"https:\/\/newsestlyonnais.fr\/site\/#website","url":"https:\/\/newsestlyonnais.fr\/site\/","name":"News Est Lyonnais","description":"L&#039;actualit\u00e9 au plus pr\u00e8s","publisher":{"@id":"https:\/\/newsestlyonnais.fr\/site\/#organization"},"potentialAction":[{"@type":"SearchAction","target":{"@type":"EntryPoint","urlTemplate":"https:\/\/newsestlyonnais.fr\/site\/?s={search_term_string}"},"query-input":{"@type":"PropertyValueSpecification","valueRequired":true,"valueName":"search_term_string"}}],"inLanguage":"fr-FR"},{"@type":"Organization","@id":"https:\/\/newsestlyonnais.fr\/site\/#organization","name":"News EST LYONNAIS","url":"https:\/\/newsestlyonnais.fr\/site\/","logo":{"@type":"ImageObject","inLanguage":"fr-FR","@id":"https:\/\/newsestlyonnais.fr\/site\/#\/schema\/logo\/image\/","url":"","contentUrl":"","caption":"News EST LYONNAIS"},"image":{"@id":"https:\/\/newsestlyonnais.fr\/site\/#\/schema\/logo\/image\/"}},{"@type":"Person","@id":"https:\/\/newsestlyonnais.fr\/site\/#\/schema\/person\/3230d5615f390bb808365d673001e887","name":"R\u00e9dac. NEWS","sameAs":["http:\/\/www.newsestlyonnais.fr","https:\/\/www.facebook.com\/pascal.oberson.1?fref=ts","https:\/\/fr.linkedin.com\/in\/pascal-oberson-b17045113"],"url":"https:\/\/newsestlyonnais.fr\/site\/author\/nel\/"}]}},"_links":{"self":[{"href":"https:\/\/newsestlyonnais.fr\/site\/wp-json\/wp\/v2\/posts\/43909","targetHints":{"allow":["GET"]}}],"collection":[{"href":"https:\/\/newsestlyonnais.fr\/site\/wp-json\/wp\/v2\/posts"}],"about":[{"href":"https:\/\/newsestlyonnais.fr\/site\/wp-json\/wp\/v2\/types\/post"}],"author":[{"embeddable":true,"href":"https:\/\/newsestlyonnais.fr\/site\/wp-json\/wp\/v2\/users\/4"}],"replies":[{"embeddable":true,"href":"https:\/\/newsestlyonnais.fr\/site\/wp-json\/wp\/v2\/comments?post=43909"}],"version-history":[{"count":0,"href":"https:\/\/newsestlyonnais.fr\/site\/wp-json\/wp\/v2\/posts\/43909\/revisions"}],"wp:featuredmedia":[{"embeddable":true,"href":"https:\/\/newsestlyonnais.fr\/site\/wp-json\/wp\/v2\/media\/43934"}],"wp:attachment":[{"href":"https:\/\/newsestlyonnais.fr\/site\/wp-json\/wp\/v2\/media?parent=43909"}],"wp:term":[{"taxonomy":"category","embeddable":true,"href":"https:\/\/newsestlyonnais.fr\/site\/wp-json\/wp\/v2\/categories?post=43909"},{"taxonomy":"post_tag","embeddable":true,"href":"https:\/\/newsestlyonnais.fr\/site\/wp-json\/wp\/v2\/tags?post=43909"}],"curies":[{"name":"wp","href":"https:\/\/api.w.org\/{rel}","templated":true}]}}