{"id":44111,"date":"2018-02-16T14:07:37","date_gmt":"2018-02-16T13:07:37","guid":{"rendered":"http:\/\/newsestlyonnais.fr\/site\/?p=44111"},"modified":"2020-10-23T18:19:45","modified_gmt":"2020-10-23T17:19:45","slug":"vaulx-velin-stage-jeunes-de-futsal-bien-suivi","status":"publish","type":"post","link":"https:\/\/newsestlyonnais.fr\/site\/2018\/02\/16\/vaulx-velin-stage-jeunes-de-futsal-bien-suivi\/","title":{"rendered":"VAULX-EN-VELIN | Le stage jeunes de futsal bien suivi"},"content":{"rendered":"<h4>Quatre jours durant et \u00e0 l&rsquo;occasion de cette premi\u00e8re semaine de vacances scolaires, le Vaulx en Velin Futsal a organis\u00e9 un stage pour enfants de 6 \u00e0 13 ans.<\/h4>\n<p>Parmi ces jeunes stagiaires footballeurs, on d\u00e9nombrait 50 % de licenci\u00e9s et l&rsquo;autre moiti\u00e9 de vaudais ext\u00e9rieurs au club pr\u00e9sid\u00e9 par Fetih Hassaine. Au programme de ce stage dans le cadre du gymnase des Noirettes, ateliers futsal divers (motricit\u00e9, adresse, vitesse) en matin\u00e9e et culturels l&rsquo;apr\u00e8s-midi (initiation freestyle, cin\u00e9ma, jeux d&rsquo; improvisation &amp; visite au Plan\u00e9tarium).<\/p>\n<p>Un stage conclu par la traditionnelle et attendue remise de r\u00e9compenses (albums Panini, sacs, tee-shirts, paire de chaussures foot).<\/p>\n<p><span style=\"text-decoration: underline\"><strong><em>NOTA<\/em><\/strong><\/span> : Prochain stage pr\u00e9vu du lundi 16 au jeudi 19 avril 2018. Contact: Nabil au 06.58.89.13.50<\/p>\n<ul>\n<li><strong>Retrouvez l&rsquo;ACTU du club sur : <a href=\"https:\/\/www.facebook.com\/search\/top\/?q=futsal%20vaulx\" target=\"_blank\" rel=\"noopener noreferrer\">https:\/\/www.facebook.com\/search\/top\/?q=futsal%20vaulx<\/a><\/strong><\/li>\n<\/ul>\n<div id='gallery-1' class='gallery galleryid-44111 gallery-columns-3 gallery-size-thumbnail'><figure class='gallery-item'>\n\t\t\t<div class='gallery-icon landscape'>\n\t\t\t\t<a href='https:\/\/newsestlyonnais.fr\/site\/2018\/02\/16\/vaulx-velin-stage-jeunes-de-futsal-bien-suivi\/newsestlyonnais-stage-futsal\/'><img loading=\"lazy\" decoding=\"async\" width=\"150\" height=\"150\" src=\"https:\/\/newsestlyonnais.fr\/site\/wp-content\/uploads\/2018\/02\/NEWSESTLYONNAIS-STAGE-FUTSAL-150x150.jpg\" class=\"attachment-thumbnail size-thumbnail\" alt=\"NEWSESTLYONNAIS - STAGE FUTSAL\" \/><\/a>\n\t\t\t<\/div><\/figure><figure class='gallery-item'>\n\t\t\t<div class='gallery-icon landscape'>\n\t\t\t\t<a href='https:\/\/newsestlyonnais.fr\/site\/2018\/02\/16\/vaulx-velin-stage-jeunes-de-futsal-bien-suivi\/newsestlyonnais-futsal-stage-vaulx\/'><img loading=\"lazy\" decoding=\"async\" width=\"150\" height=\"150\" src=\"https:\/\/newsestlyonnais.fr\/site\/wp-content\/uploads\/2018\/02\/NEWSESTLYONNAIS-FUTSAL-STAGE-VAULX-150x150.jpg\" class=\"attachment-thumbnail size-thumbnail\" alt=\"\" \/><\/a>\n\t\t\t<\/div><\/figure>\n\t\t<\/div>\n\n","protected":false},"excerpt":{"rendered":"<p>Quatre jours durant et \u00e0 l&rsquo;occasion de cette premi\u00e8re semaine de vacances scolaires, le Vaulx en Velin Futsal a organis\u00e9 un stage pour enfants de 6 \u00e0 13 ans. Parmi ces jeunes stagiaires footballeurs, on d\u00e9nombrait 50 % de licenci\u00e9s et l&rsquo;autre moiti\u00e9 de vaudais ext\u00e9rieurs au club pr\u00e9sid\u00e9 par Fetih Hassaine. Au programme de [&hellip;]<\/p>\n","protected":false},"author":4,"featured_media":44117,"comment_status":"open","ping_status":"open","sticky":false,"template":"","format":"standard","meta":{"footnotes":""},"categories":[1329,2996,28],"tags":[],"class_list":["post-44111","post","type-post","status-publish","format-standard","has-post-thumbnail","hentry","category-foot","category-football-rugby","category-vaulx-en-velin"],"yoast_head":"<!-- This site is optimized with the Yoast SEO plugin v27.2 - https:\/\/yoast.com\/product\/yoast-seo-wordpress\/ -->\n<title>VAULX EN VELIN : Le stage jeunes de futsal a \u00e9t\u00e9 bien suivi<\/title>\n<meta name=\"description\" content=\"VAULX EN VELIN : Le stage jeunes de futsal a \u00e9t\u00e9 bien suivi\" \/>\n<meta name=\"robots\" content=\"index, follow, max-snippet:-1, max-image-preview:large, max-video-preview:-1\" \/>\n<link rel=\"canonical\" href=\"https:\/\/newsestlyonnais.fr\/site\/2018\/02\/16\/vaulx-velin-stage-jeunes-de-futsal-bien-suivi\/\" \/>\n<meta property=\"og:locale\" content=\"fr_FR\" \/>\n<meta property=\"og:type\" content=\"article\" \/>\n<meta property=\"og:title\" content=\"VAULX EN VELIN : Le stage jeunes de futsal a \u00e9t\u00e9 bien suivi\" \/>\n<meta property=\"og:description\" content=\"VAULX EN VELIN : Le stage jeunes de futsal a \u00e9t\u00e9 bien suivi\" \/>\n<meta property=\"og:url\" content=\"https:\/\/newsestlyonnais.fr\/site\/2018\/02\/16\/vaulx-velin-stage-jeunes-de-futsal-bien-suivi\/\" \/>\n<meta property=\"og:site_name\" content=\"News Est Lyonnais\" \/>\n<meta property=\"article:author\" content=\"https:\/\/www.facebook.com\/pascal.oberson.1?fref=ts\" \/>\n<meta property=\"article:published_time\" content=\"2018-02-16T13:07:37+00:00\" \/>\n<meta property=\"article:modified_time\" content=\"2020-10-23T17:19:45+00:00\" \/>\n<meta property=\"og:image\" content=\"https:\/\/i0.wp.com\/newsestlyonnais.fr\/site\/wp-content\/uploads\/2018\/02\/NEWSESTLYONNAIS-futsal-stage-VAULX-.jpg?fit=2048%2C1536&ssl=1\" \/>\n\t<meta property=\"og:image:width\" content=\"2048\" \/>\n\t<meta property=\"og:image:height\" content=\"1536\" \/>\n\t<meta property=\"og:image:type\" content=\"image\/jpeg\" \/>\n<meta name=\"author\" content=\"R\u00e9dac. NEWS\" \/>\n<meta name=\"twitter:card\" content=\"summary_large_image\" \/>\n<meta name=\"twitter:label1\" content=\"\u00c9crit par\" \/>\n\t<meta name=\"twitter:data1\" content=\"R\u00e9dac. NEWS\" \/>\n\t<meta name=\"twitter:label2\" content=\"Dur\u00e9e de lecture estim\u00e9e\" \/>\n\t<meta name=\"twitter:data2\" content=\"1 minute\" \/>\n<script type=\"application\/ld+json\" class=\"yoast-schema-graph\">{\"@context\":\"https:\/\/schema.org\",\"@graph\":[{\"@type\":\"Article\",\"@id\":\"https:\/\/newsestlyonnais.fr\/site\/2018\/02\/16\/vaulx-velin-stage-jeunes-de-futsal-bien-suivi\/#article\",\"isPartOf\":{\"@id\":\"https:\/\/newsestlyonnais.fr\/site\/2018\/02\/16\/vaulx-velin-stage-jeunes-de-futsal-bien-suivi\/\"},\"author\":{\"name\":\"R\u00e9dac. NEWS\",\"@id\":\"https:\/\/newsestlyonnais.fr\/site\/#\/schema\/person\/3230d5615f390bb808365d673001e887\"},\"headline\":\"VAULX-EN-VELIN | Le stage jeunes de futsal bien suivi\",\"datePublished\":\"2018-02-16T13:07:37+00:00\",\"dateModified\":\"2020-10-23T17:19:45+00:00\",\"mainEntityOfPage\":{\"@id\":\"https:\/\/newsestlyonnais.fr\/site\/2018\/02\/16\/vaulx-velin-stage-jeunes-de-futsal-bien-suivi\/\"},\"wordCount\":151,\"commentCount\":0,\"publisher\":{\"@id\":\"https:\/\/newsestlyonnais.fr\/site\/#organization\"},\"image\":{\"@id\":\"https:\/\/newsestlyonnais.fr\/site\/2018\/02\/16\/vaulx-velin-stage-jeunes-de-futsal-bien-suivi\/#primaryimage\"},\"thumbnailUrl\":\"https:\/\/newsestlyonnais.fr\/site\/wp-content\/uploads\/2018\/02\/NEWSESTLYONNAIS-futsal-stage-VAULX-.jpg\",\"articleSection\":[\"Foot | Futsal\",\"Foot | Rugby\",\"Vaulx-en-Velin\"],\"inLanguage\":\"fr-FR\",\"potentialAction\":[{\"@type\":\"CommentAction\",\"name\":\"Comment\",\"target\":[\"https:\/\/newsestlyonnais.fr\/site\/2018\/02\/16\/vaulx-velin-stage-jeunes-de-futsal-bien-suivi\/#respond\"]}]},{\"@type\":\"WebPage\",\"@id\":\"https:\/\/newsestlyonnais.fr\/site\/2018\/02\/16\/vaulx-velin-stage-jeunes-de-futsal-bien-suivi\/\",\"url\":\"https:\/\/newsestlyonnais.fr\/site\/2018\/02\/16\/vaulx-velin-stage-jeunes-de-futsal-bien-suivi\/\",\"name\":\"VAULX EN VELIN : Le stage jeunes de futsal a \u00e9t\u00e9 bien suivi\",\"isPartOf\":{\"@id\":\"https:\/\/newsestlyonnais.fr\/site\/#website\"},\"primaryImageOfPage\":{\"@id\":\"https:\/\/newsestlyonnais.fr\/site\/2018\/02\/16\/vaulx-velin-stage-jeunes-de-futsal-bien-suivi\/#primaryimage\"},\"image\":{\"@id\":\"https:\/\/newsestlyonnais.fr\/site\/2018\/02\/16\/vaulx-velin-stage-jeunes-de-futsal-bien-suivi\/#primaryimage\"},\"thumbnailUrl\":\"https:\/\/newsestlyonnais.fr\/site\/wp-content\/uploads\/2018\/02\/NEWSESTLYONNAIS-futsal-stage-VAULX-.jpg\",\"datePublished\":\"2018-02-16T13:07:37+00:00\",\"dateModified\":\"2020-10-23T17:19:45+00:00\",\"description\":\"VAULX EN VELIN : Le stage jeunes de futsal a \u00e9t\u00e9 bien suivi\",\"breadcrumb\":{\"@id\":\"https:\/\/newsestlyonnais.fr\/site\/2018\/02\/16\/vaulx-velin-stage-jeunes-de-futsal-bien-suivi\/#breadcrumb\"},\"inLanguage\":\"fr-FR\",\"potentialAction\":[{\"@type\":\"ReadAction\",\"target\":[\"https:\/\/newsestlyonnais.fr\/site\/2018\/02\/16\/vaulx-velin-stage-jeunes-de-futsal-bien-suivi\/\"]}]},{\"@type\":\"ImageObject\",\"inLanguage\":\"fr-FR\",\"@id\":\"https:\/\/newsestlyonnais.fr\/site\/2018\/02\/16\/vaulx-velin-stage-jeunes-de-futsal-bien-suivi\/#primaryimage\",\"url\":\"https:\/\/newsestlyonnais.fr\/site\/wp-content\/uploads\/2018\/02\/NEWSESTLYONNAIS-futsal-stage-VAULX-.jpg\",\"contentUrl\":\"https:\/\/newsestlyonnais.fr\/site\/wp-content\/uploads\/2018\/02\/NEWSESTLYONNAIS-futsal-stage-VAULX-.jpg\",\"width\":2048,\"height\":1536,\"caption\":\"NEWSESTLYONNAIS - futsal stage VAULX\"},{\"@type\":\"BreadcrumbList\",\"@id\":\"https:\/\/newsestlyonnais.fr\/site\/2018\/02\/16\/vaulx-velin-stage-jeunes-de-futsal-bien-suivi\/#breadcrumb\",\"itemListElement\":[{\"@type\":\"ListItem\",\"position\":1,\"name\":\"Accueil\",\"item\":\"https:\/\/newsestlyonnais.fr\/site\/\"},{\"@type\":\"ListItem\",\"position\":2,\"name\":\"VAULX-EN-VELIN | Le stage jeunes de futsal bien suivi\"}]},{\"@type\":\"WebSite\",\"@id\":\"https:\/\/newsestlyonnais.fr\/site\/#website\",\"url\":\"https:\/\/newsestlyonnais.fr\/site\/\",\"name\":\"News Est Lyonnais\",\"description\":\"L&#039;actualit\u00e9 au plus pr\u00e8s\",\"publisher\":{\"@id\":\"https:\/\/newsestlyonnais.fr\/site\/#organization\"},\"potentialAction\":[{\"@type\":\"SearchAction\",\"target\":{\"@type\":\"EntryPoint\",\"urlTemplate\":\"https:\/\/newsestlyonnais.fr\/site\/?s={search_term_string}\"},\"query-input\":{\"@type\":\"PropertyValueSpecification\",\"valueRequired\":true,\"valueName\":\"search_term_string\"}}],\"inLanguage\":\"fr-FR\"},{\"@type\":\"Organization\",\"@id\":\"https:\/\/newsestlyonnais.fr\/site\/#organization\",\"name\":\"News EST LYONNAIS\",\"url\":\"https:\/\/newsestlyonnais.fr\/site\/\",\"logo\":{\"@type\":\"ImageObject\",\"inLanguage\":\"fr-FR\",\"@id\":\"https:\/\/newsestlyonnais.fr\/site\/#\/schema\/logo\/image\/\",\"url\":\"\",\"contentUrl\":\"\",\"caption\":\"News EST LYONNAIS\"},\"image\":{\"@id\":\"https:\/\/newsestlyonnais.fr\/site\/#\/schema\/logo\/image\/\"}},{\"@type\":\"Person\",\"@id\":\"https:\/\/newsestlyonnais.fr\/site\/#\/schema\/person\/3230d5615f390bb808365d673001e887\",\"name\":\"R\u00e9dac. NEWS\",\"sameAs\":[\"http:\/\/www.newsestlyonnais.fr\",\"https:\/\/www.facebook.com\/pascal.oberson.1?fref=ts\",\"https:\/\/fr.linkedin.com\/in\/pascal-oberson-b17045113\"],\"url\":\"https:\/\/newsestlyonnais.fr\/site\/author\/nel\/\"}]}<\/script>\n<!-- \/ Yoast SEO plugin. -->","yoast_head_json":{"title":"VAULX EN VELIN : Le stage jeunes de futsal a \u00e9t\u00e9 bien suivi","description":"VAULX EN VELIN : Le stage jeunes de futsal a \u00e9t\u00e9 bien suivi","robots":{"index":"index","follow":"follow","max-snippet":"max-snippet:-1","max-image-preview":"max-image-preview:large","max-video-preview":"max-video-preview:-1"},"canonical":"https:\/\/newsestlyonnais.fr\/site\/2018\/02\/16\/vaulx-velin-stage-jeunes-de-futsal-bien-suivi\/","og_locale":"fr_FR","og_type":"article","og_title":"VAULX EN VELIN : Le stage jeunes de futsal a \u00e9t\u00e9 bien suivi","og_description":"VAULX EN VELIN : Le stage jeunes de futsal a \u00e9t\u00e9 bien suivi","og_url":"https:\/\/newsestlyonnais.fr\/site\/2018\/02\/16\/vaulx-velin-stage-jeunes-de-futsal-bien-suivi\/","og_site_name":"News Est Lyonnais","article_author":"https:\/\/www.facebook.com\/pascal.oberson.1?fref=ts","article_published_time":"2018-02-16T13:07:37+00:00","article_modified_time":"2020-10-23T17:19:45+00:00","og_image":[{"width":2048,"height":1536,"url":"https:\/\/i0.wp.com\/newsestlyonnais.fr\/site\/wp-content\/uploads\/2018\/02\/NEWSESTLYONNAIS-futsal-stage-VAULX-.jpg?fit=2048%2C1536&ssl=1","type":"image\/jpeg"}],"author":"R\u00e9dac. NEWS","twitter_card":"summary_large_image","twitter_misc":{"\u00c9crit par":"R\u00e9dac. NEWS","Dur\u00e9e de lecture estim\u00e9e":"1 minute"},"schema":{"@context":"https:\/\/schema.org","@graph":[{"@type":"Article","@id":"https:\/\/newsestlyonnais.fr\/site\/2018\/02\/16\/vaulx-velin-stage-jeunes-de-futsal-bien-suivi\/#article","isPartOf":{"@id":"https:\/\/newsestlyonnais.fr\/site\/2018\/02\/16\/vaulx-velin-stage-jeunes-de-futsal-bien-suivi\/"},"author":{"name":"R\u00e9dac. NEWS","@id":"https:\/\/newsestlyonnais.fr\/site\/#\/schema\/person\/3230d5615f390bb808365d673001e887"},"headline":"VAULX-EN-VELIN | Le stage jeunes de futsal bien suivi","datePublished":"2018-02-16T13:07:37+00:00","dateModified":"2020-10-23T17:19:45+00:00","mainEntityOfPage":{"@id":"https:\/\/newsestlyonnais.fr\/site\/2018\/02\/16\/vaulx-velin-stage-jeunes-de-futsal-bien-suivi\/"},"wordCount":151,"commentCount":0,"publisher":{"@id":"https:\/\/newsestlyonnais.fr\/site\/#organization"},"image":{"@id":"https:\/\/newsestlyonnais.fr\/site\/2018\/02\/16\/vaulx-velin-stage-jeunes-de-futsal-bien-suivi\/#primaryimage"},"thumbnailUrl":"https:\/\/newsestlyonnais.fr\/site\/wp-content\/uploads\/2018\/02\/NEWSESTLYONNAIS-futsal-stage-VAULX-.jpg","articleSection":["Foot | Futsal","Foot | Rugby","Vaulx-en-Velin"],"inLanguage":"fr-FR","potentialAction":[{"@type":"CommentAction","name":"Comment","target":["https:\/\/newsestlyonnais.fr\/site\/2018\/02\/16\/vaulx-velin-stage-jeunes-de-futsal-bien-suivi\/#respond"]}]},{"@type":"WebPage","@id":"https:\/\/newsestlyonnais.fr\/site\/2018\/02\/16\/vaulx-velin-stage-jeunes-de-futsal-bien-suivi\/","url":"https:\/\/newsestlyonnais.fr\/site\/2018\/02\/16\/vaulx-velin-stage-jeunes-de-futsal-bien-suivi\/","name":"VAULX EN VELIN : Le stage jeunes de futsal a \u00e9t\u00e9 bien suivi","isPartOf":{"@id":"https:\/\/newsestlyonnais.fr\/site\/#website"},"primaryImageOfPage":{"@id":"https:\/\/newsestlyonnais.fr\/site\/2018\/02\/16\/vaulx-velin-stage-jeunes-de-futsal-bien-suivi\/#primaryimage"},"image":{"@id":"https:\/\/newsestlyonnais.fr\/site\/2018\/02\/16\/vaulx-velin-stage-jeunes-de-futsal-bien-suivi\/#primaryimage"},"thumbnailUrl":"https:\/\/newsestlyonnais.fr\/site\/wp-content\/uploads\/2018\/02\/NEWSESTLYONNAIS-futsal-stage-VAULX-.jpg","datePublished":"2018-02-16T13:07:37+00:00","dateModified":"2020-10-23T17:19:45+00:00","description":"VAULX EN VELIN : Le stage jeunes de futsal a \u00e9t\u00e9 bien suivi","breadcrumb":{"@id":"https:\/\/newsestlyonnais.fr\/site\/2018\/02\/16\/vaulx-velin-stage-jeunes-de-futsal-bien-suivi\/#breadcrumb"},"inLanguage":"fr-FR","potentialAction":[{"@type":"ReadAction","target":["https:\/\/newsestlyonnais.fr\/site\/2018\/02\/16\/vaulx-velin-stage-jeunes-de-futsal-bien-suivi\/"]}]},{"@type":"ImageObject","inLanguage":"fr-FR","@id":"https:\/\/newsestlyonnais.fr\/site\/2018\/02\/16\/vaulx-velin-stage-jeunes-de-futsal-bien-suivi\/#primaryimage","url":"https:\/\/newsestlyonnais.fr\/site\/wp-content\/uploads\/2018\/02\/NEWSESTLYONNAIS-futsal-stage-VAULX-.jpg","contentUrl":"https:\/\/newsestlyonnais.fr\/site\/wp-content\/uploads\/2018\/02\/NEWSESTLYONNAIS-futsal-stage-VAULX-.jpg","width":2048,"height":1536,"caption":"NEWSESTLYONNAIS - futsal stage VAULX"},{"@type":"BreadcrumbList","@id":"https:\/\/newsestlyonnais.fr\/site\/2018\/02\/16\/vaulx-velin-stage-jeunes-de-futsal-bien-suivi\/#breadcrumb","itemListElement":[{"@type":"ListItem","position":1,"name":"Accueil","item":"https:\/\/newsestlyonnais.fr\/site\/"},{"@type":"ListItem","position":2,"name":"VAULX-EN-VELIN | Le stage jeunes de futsal bien suivi"}]},{"@type":"WebSite","@id":"https:\/\/newsestlyonnais.fr\/site\/#website","url":"https:\/\/newsestlyonnais.fr\/site\/","name":"News Est Lyonnais","description":"L&#039;actualit\u00e9 au plus pr\u00e8s","publisher":{"@id":"https:\/\/newsestlyonnais.fr\/site\/#organization"},"potentialAction":[{"@type":"SearchAction","target":{"@type":"EntryPoint","urlTemplate":"https:\/\/newsestlyonnais.fr\/site\/?s={search_term_string}"},"query-input":{"@type":"PropertyValueSpecification","valueRequired":true,"valueName":"search_term_string"}}],"inLanguage":"fr-FR"},{"@type":"Organization","@id":"https:\/\/newsestlyonnais.fr\/site\/#organization","name":"News EST LYONNAIS","url":"https:\/\/newsestlyonnais.fr\/site\/","logo":{"@type":"ImageObject","inLanguage":"fr-FR","@id":"https:\/\/newsestlyonnais.fr\/site\/#\/schema\/logo\/image\/","url":"","contentUrl":"","caption":"News EST LYONNAIS"},"image":{"@id":"https:\/\/newsestlyonnais.fr\/site\/#\/schema\/logo\/image\/"}},{"@type":"Person","@id":"https:\/\/newsestlyonnais.fr\/site\/#\/schema\/person\/3230d5615f390bb808365d673001e887","name":"R\u00e9dac. NEWS","sameAs":["http:\/\/www.newsestlyonnais.fr","https:\/\/www.facebook.com\/pascal.oberson.1?fref=ts","https:\/\/fr.linkedin.com\/in\/pascal-oberson-b17045113"],"url":"https:\/\/newsestlyonnais.fr\/site\/author\/nel\/"}]}},"_links":{"self":[{"href":"https:\/\/newsestlyonnais.fr\/site\/wp-json\/wp\/v2\/posts\/44111","targetHints":{"allow":["GET"]}}],"collection":[{"href":"https:\/\/newsestlyonnais.fr\/site\/wp-json\/wp\/v2\/posts"}],"about":[{"href":"https:\/\/newsestlyonnais.fr\/site\/wp-json\/wp\/v2\/types\/post"}],"author":[{"embeddable":true,"href":"https:\/\/newsestlyonnais.fr\/site\/wp-json\/wp\/v2\/users\/4"}],"replies":[{"embeddable":true,"href":"https:\/\/newsestlyonnais.fr\/site\/wp-json\/wp\/v2\/comments?post=44111"}],"version-history":[{"count":0,"href":"https:\/\/newsestlyonnais.fr\/site\/wp-json\/wp\/v2\/posts\/44111\/revisions"}],"wp:featuredmedia":[{"embeddable":true,"href":"https:\/\/newsestlyonnais.fr\/site\/wp-json\/wp\/v2\/media\/44117"}],"wp:attachment":[{"href":"https:\/\/newsestlyonnais.fr\/site\/wp-json\/wp\/v2\/media?parent=44111"}],"wp:term":[{"taxonomy":"category","embeddable":true,"href":"https:\/\/newsestlyonnais.fr\/site\/wp-json\/wp\/v2\/categories?post=44111"},{"taxonomy":"post_tag","embeddable":true,"href":"https:\/\/newsestlyonnais.fr\/site\/wp-json\/wp\/v2\/tags?post=44111"}],"curies":[{"name":"wp","href":"https:\/\/api.w.org\/{rel}","templated":true}]}}