{"id":44152,"date":"2018-02-17T08:02:04","date_gmt":"2018-02-17T07:02:04","guid":{"rendered":"http:\/\/newsestlyonnais.fr\/site\/?p=44152"},"modified":"2020-11-12T18:05:17","modified_gmt":"2020-11-12T17:05:17","slug":"vaulx-en-velin-une-4-rencontre-xiii-handi-pleinement-reussie","status":"publish","type":"post","link":"https:\/\/newsestlyonnais.fr\/site\/2018\/02\/17\/vaulx-en-velin-une-4-rencontre-xiii-handi-pleinement-reussie\/","title":{"rendered":"VAULX-EN-VELIN | Une 4\u00b0 rencontre XIII Handi pleinement r\u00e9ussie"},"content":{"rendered":"<h4><strong>Le temps fort de la 4\u00b0 \u00e9dition des \u00ab\u00a0<\/strong><strong>Rencontres XIII HANDI\u00a0\u00bb organis\u00e9e dans le cadre de la semaine de sensibilisation au handicap des jeunes des Centres Sociaux<\/strong> avait lieu\u00a0<strong> jeudi 15 F\u00e9vrier au Palais des Sports.<\/strong><\/h4>\n<p>Une action men\u00e9e par La Ligue AURA de Rugby \u00e0 XIII , le comit\u00e9 du Rh\u00f4ne et M\u00e9tropole de Lyon de Rugby \u00e0 XIII assist\u00e9s de clubs (Lyon-Villeurbanne Rugby, Vaulx en Velin RL, D\u00e9cines RL, Bisons de Roanne &amp; Dahus d&rsquo; Arbent) et de plusieurs associations partenaires (Epide de Meyzieu, l&rsquo;UNADEV ou d\u00e9ficients visuels de Lyon, l\u2019ARIMC, infirmes moteur c\u00e9r\u00e9braux de Meyzieu). Elle a connu une forte implication des jeunes gar\u00e7ons et filles des structures (centres sociaux) partenaires des villes de Vaulx en Velin (Peyri &amp; Carmagnole), D\u00e9cines (La Berthaudi\u00e8re), Villeurbanne (Ferrandiere &amp; Charpennes Tonkin) et des animateurs qui avaient pr\u00e9par\u00e9 un programme dynamique et vari\u00e9.<\/p>\n<p>Le matin, 8 ateliers ludiques sur le handicap \u00e9taient propos\u00e9s : boccia &#8211; Qui est-ce &#8211; Dessiner c&rsquo;est gagn\u00e9 &#8211; Parcours Cannes blanches &#8211; Tor ball &#8211; Braille- Fresque &#8211; Emploi &amp; Handicap et un fil rouge sur la pratique du Rugby XIII fauteuil avec les Bisons de Roanne . Cette discipline se pratique \u00e0 5 joueurs et associe 2 joueurs valides \u00e0 3 joueurs \u00e0 mobilit\u00e9 r\u00e9duite.<\/p>\n<p>L\u2019apr\u00e8s midi \u00e9tant consacr\u00e9e aux derni\u00e8res rencontres du fil rouge sur le rugby XIII fauteuil , l&rsquo;atelier Emploi Handicap propos\u00e9 par le partenaire Cr\u00e9dit Agricole qui a eu un r\u00e9el succ\u00e8s, suivi ensuite d\u2019un d\u00e9bat sur \u00ab comment vivre avec un Handicap \u00bb anim\u00e9 par le Pr\u00e9sident Jacques Cavezzan avec des invit\u00e9s qui ont t\u00e9moign\u00e9 de leur exp\u00e9rience tel que Armand de l&rsquo;Epide, (scl\u00e9rose en plaques) et avoue: \u00ab\u00a0ma maladie m&rsquo;a offert des opportunit\u00e9s que j&rsquo;ai su saisir : sans ma maladie, je serai pass\u00e9 \u00e0 c\u00f4t\u00e9 du vrai sens de ma vie !\u00a0\u00bb , Fr\u00e9d\u00e9ric qui s&rsquo;est trouv\u00e9 handicap\u00e9 depuis deux ans et a rebondi dans l&rsquo;athl\u00e9tisme avec le marathon et aussi le Triathlon! et a pr\u00e9sent\u00e9 son nouveau fauteuil!. Virginie a pr\u00e9sent\u00e9 la Fibromyalgie dont elle souffre depuis 10 ans , une maladie qui associe des douleurs musculaires et articulaires diffuses ou comment rendre visible l&rsquo;invisible!<\/p>\n<p>Tous les participants ont \u00e9t\u00e9 satisfaits de la programmation d&rsquo;une <strong>journ\u00e9 conclue par la remise <\/strong>des troph\u00e9es aux 6 \u00e9quipes participantes et qui a \u00e9t\u00e9 effectu\u00e9e par Gilbert Lamothe (Vice Pr\u00e9sident du CDOS Rhone et M\u00e9tropole de Lyon), Jacques Cavezzan et des partenaires. L&rsquo;Office Municipal des Sports (O.M.S.) de Vaulx en Velin, repr\u00e9sent\u00e9 par son pr\u00e9sident Jean-Yves Coutant et son directeur Yassin Arbib, et qui accompagne et soutient les clubs vaudais lors de chaque manifestation qu&rsquo;ils organisent, \u00e9tait \u00e9galement pr\u00e9sent sur cet \u00e9v\u00e8nement.<\/p>\n<p>Cette journ\u00e9e aura permis \u00e0 plus d\u2019une centaine de participants d\u2019avoir un autre regard sur le handicap, et pour tous de <strong>faire un grand pas vers la tol\u00e9rance et l\u2019acceptation de la diff\u00e9rence<\/strong>.<\/p>\n<p>&nbsp;<\/p>\n<div id='gallery-1' class='gallery galleryid-44152 gallery-columns-3 gallery-size-thumbnail'><figure class='gallery-item'>\n\t\t\t<div class='gallery-icon portrait'>\n\t\t\t\t<a href='https:\/\/newsestlyonnais.fr\/site\/2018\/02\/17\/vaulx-en-velin-une-4-rencontre-xiii-handi-pleinement-reussie\/newsestlyonnais-rencontres-handi-2018\/'><img loading=\"lazy\" decoding=\"async\" width=\"150\" height=\"150\" src=\"https:\/\/newsestlyonnais.fr\/site\/wp-content\/uploads\/2017\/12\/NEWSESTLYONNAIS-RENCONTRES-HANDI-2018-150x150.jpg\" class=\"attachment-thumbnail size-thumbnail\" alt=\"NEWSESTLYONNAIS - RENCONTRES HANDI 2018\" \/><\/a>\n\t\t\t<\/div><\/figure><figure class='gallery-item'>\n\t\t\t<div class='gallery-icon landscape'>\n\t\t\t\t<a href='https:\/\/newsestlyonnais.fr\/site\/2018\/02\/17\/vaulx-en-velin-une-4-rencontre-xiii-handi-pleinement-reussie\/newsestlyonanis-xiii-handi-b\/'><img loading=\"lazy\" decoding=\"async\" width=\"150\" height=\"150\" src=\"https:\/\/newsestlyonnais.fr\/site\/wp-content\/uploads\/2018\/02\/NEWSESTLYONANIS-XIII-HANDI-B-150x150.jpg\" class=\"attachment-thumbnail size-thumbnail\" alt=\"NEWSESTLYONNAIS - XIII HANDI B\" \/><\/a>\n\t\t\t<\/div><\/figure><figure class='gallery-item'>\n\t\t\t<div class='gallery-icon landscape'>\n\t\t\t\t<a href='https:\/\/newsestlyonnais.fr\/site\/2018\/02\/17\/vaulx-en-velin-une-4-rencontre-xiii-handi-pleinement-reussie\/newsestlyonnais-xiii-handi-a\/'><img loading=\"lazy\" decoding=\"async\" width=\"150\" height=\"150\" src=\"https:\/\/newsestlyonnais.fr\/site\/wp-content\/uploads\/2018\/02\/NEWSESTLYONNAIS-XIII-HANDI-A-150x150.jpg\" class=\"attachment-thumbnail size-thumbnail\" alt=\"NEWSESTLYONNAIS - XIII HANDI A\" \/><\/a>\n\t\t\t<\/div><\/figure><figure class='gallery-item'>\n\t\t\t<div class='gallery-icon landscape'>\n\t\t\t\t<a href='https:\/\/newsestlyonnais.fr\/site\/2018\/02\/17\/vaulx-en-velin-une-4-rencontre-xiii-handi-pleinement-reussie\/newsestlyonnais-xiii-handi-c\/'><img loading=\"lazy\" decoding=\"async\" width=\"150\" height=\"150\" src=\"https:\/\/newsestlyonnais.fr\/site\/wp-content\/uploads\/2018\/02\/NEWSESTLYONNAIS-XIII-HANDI-C-150x150.jpg\" class=\"attachment-thumbnail size-thumbnail\" alt=\"NEWSESTLYONNAIS - XIII HANDI C\" \/><\/a>\n\t\t\t<\/div><\/figure>\n\t\t<\/div>\n\n<p>&nbsp;<\/p>\n","protected":false},"excerpt":{"rendered":"<p>Le temps fort de la 4\u00b0 \u00e9dition des \u00ab\u00a0Rencontres XIII HANDI\u00a0\u00bb organis\u00e9e dans le cadre de la semaine de sensibilisation au handicap des jeunes des Centres Sociaux avait lieu\u00a0 jeudi 15 F\u00e9vrier au Palais des Sports. Une action men\u00e9e par La Ligue AURA de Rugby \u00e0 XIII , le comit\u00e9 du Rh\u00f4ne et M\u00e9tropole de [&hellip;]<\/p>\n","protected":false},"author":4,"featured_media":44159,"comment_status":"open","ping_status":"open","sticky":false,"template":"","format":"standard","meta":{"footnotes":""},"categories":[574,166,2996,3015,168,28],"tags":[],"class_list":["post-44152","post","type-post","status-publish","format-standard","has-post-thumbnail","hentry","category-autres-sports","category-divers-sports","category-football-rugby","category-handi-adapte","category-rugby-a-xiii","category-vaulx-en-velin"],"yoast_head":"<!-- This site is optimized with the Yoast SEO plugin v27.2 - https:\/\/yoast.com\/product\/yoast-seo-wordpress\/ -->\n<title>VAULX EN VELIN : Une 4\u00b0 rencontre XIII Handi pleinement r\u00e9ussie<\/title>\n<meta name=\"description\" content=\"VAULX EN VELIN : Une 4\u00b0 rencontre XIII Handi pleinement r\u00e9ussie\" \/>\n<meta name=\"robots\" content=\"index, follow, max-snippet:-1, max-image-preview:large, max-video-preview:-1\" \/>\n<link rel=\"canonical\" href=\"https:\/\/newsestlyonnais.fr\/site\/2018\/02\/17\/vaulx-en-velin-une-4-rencontre-xiii-handi-pleinement-reussie\/\" \/>\n<meta property=\"og:locale\" content=\"fr_FR\" \/>\n<meta property=\"og:type\" content=\"article\" \/>\n<meta property=\"og:title\" content=\"VAULX EN VELIN : Une 4\u00b0 rencontre XIII Handi pleinement r\u00e9ussie\" \/>\n<meta property=\"og:description\" content=\"VAULX EN VELIN : Une 4\u00b0 rencontre XIII Handi pleinement r\u00e9ussie\" \/>\n<meta property=\"og:url\" content=\"https:\/\/newsestlyonnais.fr\/site\/2018\/02\/17\/vaulx-en-velin-une-4-rencontre-xiii-handi-pleinement-reussie\/\" \/>\n<meta property=\"og:site_name\" content=\"News Est Lyonnais\" \/>\n<meta property=\"article:author\" content=\"https:\/\/www.facebook.com\/pascal.oberson.1?fref=ts\" \/>\n<meta property=\"article:published_time\" content=\"2018-02-17T07:02:04+00:00\" \/>\n<meta property=\"article:modified_time\" content=\"2020-11-12T17:05:17+00:00\" \/>\n<meta property=\"og:image\" content=\"https:\/\/i1.wp.com\/newsestlyonnais.fr\/site\/wp-content\/uploads\/2018\/02\/NEWSESTLYONNAIS-XIII-HANDI-4\u00b0-EDITION.jpg?fit=2048%2C1536&ssl=1\" \/>\n\t<meta property=\"og:image:width\" content=\"2048\" \/>\n\t<meta property=\"og:image:height\" content=\"1536\" \/>\n\t<meta property=\"og:image:type\" content=\"image\/jpeg\" \/>\n<meta name=\"author\" content=\"R\u00e9dac. NEWS\" \/>\n<meta name=\"twitter:card\" content=\"summary_large_image\" \/>\n<meta name=\"twitter:label1\" content=\"\u00c9crit par\" \/>\n\t<meta name=\"twitter:data1\" content=\"R\u00e9dac. NEWS\" \/>\n\t<meta name=\"twitter:label2\" content=\"Dur\u00e9e de lecture estim\u00e9e\" \/>\n\t<meta name=\"twitter:data2\" content=\"3 minutes\" \/>\n<script type=\"application\/ld+json\" class=\"yoast-schema-graph\">{\"@context\":\"https:\/\/schema.org\",\"@graph\":[{\"@type\":\"Article\",\"@id\":\"https:\/\/newsestlyonnais.fr\/site\/2018\/02\/17\/vaulx-en-velin-une-4-rencontre-xiii-handi-pleinement-reussie\/#article\",\"isPartOf\":{\"@id\":\"https:\/\/newsestlyonnais.fr\/site\/2018\/02\/17\/vaulx-en-velin-une-4-rencontre-xiii-handi-pleinement-reussie\/\"},\"author\":{\"name\":\"R\u00e9dac. NEWS\",\"@id\":\"https:\/\/newsestlyonnais.fr\/site\/#\/schema\/person\/3230d5615f390bb808365d673001e887\"},\"headline\":\"VAULX-EN-VELIN | Une 4\u00b0 rencontre XIII Handi pleinement r\u00e9ussie\",\"datePublished\":\"2018-02-17T07:02:04+00:00\",\"dateModified\":\"2020-11-12T17:05:17+00:00\",\"mainEntityOfPage\":{\"@id\":\"https:\/\/newsestlyonnais.fr\/site\/2018\/02\/17\/vaulx-en-velin-une-4-rencontre-xiii-handi-pleinement-reussie\/\"},\"wordCount\":529,\"commentCount\":0,\"publisher\":{\"@id\":\"https:\/\/newsestlyonnais.fr\/site\/#organization\"},\"image\":{\"@id\":\"https:\/\/newsestlyonnais.fr\/site\/2018\/02\/17\/vaulx-en-velin-une-4-rencontre-xiii-handi-pleinement-reussie\/#primaryimage\"},\"thumbnailUrl\":\"https:\/\/newsestlyonnais.fr\/site\/wp-content\/uploads\/2018\/02\/NEWSESTLYONNAIS-XIII-HANDI-4\u00b0-EDITION.jpg\",\"articleSection\":[\"Autres sports\",\"Divers Sports\",\"Foot | Rugby\",\"Handi &amp; adapt\u00e9\",\"RUGBY \u00e0 XIII\",\"Vaulx-en-Velin\"],\"inLanguage\":\"fr-FR\",\"potentialAction\":[{\"@type\":\"CommentAction\",\"name\":\"Comment\",\"target\":[\"https:\/\/newsestlyonnais.fr\/site\/2018\/02\/17\/vaulx-en-velin-une-4-rencontre-xiii-handi-pleinement-reussie\/#respond\"]}]},{\"@type\":\"WebPage\",\"@id\":\"https:\/\/newsestlyonnais.fr\/site\/2018\/02\/17\/vaulx-en-velin-une-4-rencontre-xiii-handi-pleinement-reussie\/\",\"url\":\"https:\/\/newsestlyonnais.fr\/site\/2018\/02\/17\/vaulx-en-velin-une-4-rencontre-xiii-handi-pleinement-reussie\/\",\"name\":\"VAULX EN VELIN : Une 4\u00b0 rencontre XIII Handi pleinement r\u00e9ussie\",\"isPartOf\":{\"@id\":\"https:\/\/newsestlyonnais.fr\/site\/#website\"},\"primaryImageOfPage\":{\"@id\":\"https:\/\/newsestlyonnais.fr\/site\/2018\/02\/17\/vaulx-en-velin-une-4-rencontre-xiii-handi-pleinement-reussie\/#primaryimage\"},\"image\":{\"@id\":\"https:\/\/newsestlyonnais.fr\/site\/2018\/02\/17\/vaulx-en-velin-une-4-rencontre-xiii-handi-pleinement-reussie\/#primaryimage\"},\"thumbnailUrl\":\"https:\/\/newsestlyonnais.fr\/site\/wp-content\/uploads\/2018\/02\/NEWSESTLYONNAIS-XIII-HANDI-4\u00b0-EDITION.jpg\",\"datePublished\":\"2018-02-17T07:02:04+00:00\",\"dateModified\":\"2020-11-12T17:05:17+00:00\",\"description\":\"VAULX EN VELIN : Une 4\u00b0 rencontre XIII Handi pleinement r\u00e9ussie\",\"breadcrumb\":{\"@id\":\"https:\/\/newsestlyonnais.fr\/site\/2018\/02\/17\/vaulx-en-velin-une-4-rencontre-xiii-handi-pleinement-reussie\/#breadcrumb\"},\"inLanguage\":\"fr-FR\",\"potentialAction\":[{\"@type\":\"ReadAction\",\"target\":[\"https:\/\/newsestlyonnais.fr\/site\/2018\/02\/17\/vaulx-en-velin-une-4-rencontre-xiii-handi-pleinement-reussie\/\"]}]},{\"@type\":\"ImageObject\",\"inLanguage\":\"fr-FR\",\"@id\":\"https:\/\/newsestlyonnais.fr\/site\/2018\/02\/17\/vaulx-en-velin-une-4-rencontre-xiii-handi-pleinement-reussie\/#primaryimage\",\"url\":\"https:\/\/newsestlyonnais.fr\/site\/wp-content\/uploads\/2018\/02\/NEWSESTLYONNAIS-XIII-HANDI-4\u00b0-EDITION.jpg\",\"contentUrl\":\"https:\/\/newsestlyonnais.fr\/site\/wp-content\/uploads\/2018\/02\/NEWSESTLYONNAIS-XIII-HANDI-4\u00b0-EDITION.jpg\",\"width\":2048,\"height\":1536,\"caption\":\"NEWSESTLYONNAIS - XIII HANDI 4\u00b0 EDITION\"},{\"@type\":\"BreadcrumbList\",\"@id\":\"https:\/\/newsestlyonnais.fr\/site\/2018\/02\/17\/vaulx-en-velin-une-4-rencontre-xiii-handi-pleinement-reussie\/#breadcrumb\",\"itemListElement\":[{\"@type\":\"ListItem\",\"position\":1,\"name\":\"Accueil\",\"item\":\"https:\/\/newsestlyonnais.fr\/site\/\"},{\"@type\":\"ListItem\",\"position\":2,\"name\":\"VAULX-EN-VELIN | Une 4\u00b0 rencontre XIII Handi pleinement r\u00e9ussie\"}]},{\"@type\":\"WebSite\",\"@id\":\"https:\/\/newsestlyonnais.fr\/site\/#website\",\"url\":\"https:\/\/newsestlyonnais.fr\/site\/\",\"name\":\"News Est Lyonnais\",\"description\":\"L&#039;actualit\u00e9 au plus pr\u00e8s\",\"publisher\":{\"@id\":\"https:\/\/newsestlyonnais.fr\/site\/#organization\"},\"potentialAction\":[{\"@type\":\"SearchAction\",\"target\":{\"@type\":\"EntryPoint\",\"urlTemplate\":\"https:\/\/newsestlyonnais.fr\/site\/?s={search_term_string}\"},\"query-input\":{\"@type\":\"PropertyValueSpecification\",\"valueRequired\":true,\"valueName\":\"search_term_string\"}}],\"inLanguage\":\"fr-FR\"},{\"@type\":\"Organization\",\"@id\":\"https:\/\/newsestlyonnais.fr\/site\/#organization\",\"name\":\"News EST LYONNAIS\",\"url\":\"https:\/\/newsestlyonnais.fr\/site\/\",\"logo\":{\"@type\":\"ImageObject\",\"inLanguage\":\"fr-FR\",\"@id\":\"https:\/\/newsestlyonnais.fr\/site\/#\/schema\/logo\/image\/\",\"url\":\"\",\"contentUrl\":\"\",\"caption\":\"News EST LYONNAIS\"},\"image\":{\"@id\":\"https:\/\/newsestlyonnais.fr\/site\/#\/schema\/logo\/image\/\"}},{\"@type\":\"Person\",\"@id\":\"https:\/\/newsestlyonnais.fr\/site\/#\/schema\/person\/3230d5615f390bb808365d673001e887\",\"name\":\"R\u00e9dac. NEWS\",\"sameAs\":[\"http:\/\/www.newsestlyonnais.fr\",\"https:\/\/www.facebook.com\/pascal.oberson.1?fref=ts\",\"https:\/\/fr.linkedin.com\/in\/pascal-oberson-b17045113\"],\"url\":\"https:\/\/newsestlyonnais.fr\/site\/author\/nel\/\"}]}<\/script>\n<!-- \/ Yoast SEO plugin. -->","yoast_head_json":{"title":"VAULX EN VELIN : Une 4\u00b0 rencontre XIII Handi pleinement r\u00e9ussie","description":"VAULX EN VELIN : Une 4\u00b0 rencontre XIII Handi pleinement r\u00e9ussie","robots":{"index":"index","follow":"follow","max-snippet":"max-snippet:-1","max-image-preview":"max-image-preview:large","max-video-preview":"max-video-preview:-1"},"canonical":"https:\/\/newsestlyonnais.fr\/site\/2018\/02\/17\/vaulx-en-velin-une-4-rencontre-xiii-handi-pleinement-reussie\/","og_locale":"fr_FR","og_type":"article","og_title":"VAULX EN VELIN : Une 4\u00b0 rencontre XIII Handi pleinement r\u00e9ussie","og_description":"VAULX EN VELIN : Une 4\u00b0 rencontre XIII Handi pleinement r\u00e9ussie","og_url":"https:\/\/newsestlyonnais.fr\/site\/2018\/02\/17\/vaulx-en-velin-une-4-rencontre-xiii-handi-pleinement-reussie\/","og_site_name":"News Est Lyonnais","article_author":"https:\/\/www.facebook.com\/pascal.oberson.1?fref=ts","article_published_time":"2018-02-17T07:02:04+00:00","article_modified_time":"2020-11-12T17:05:17+00:00","og_image":[{"width":2048,"height":1536,"url":"https:\/\/i1.wp.com\/newsestlyonnais.fr\/site\/wp-content\/uploads\/2018\/02\/NEWSESTLYONNAIS-XIII-HANDI-4\u00b0-EDITION.jpg?fit=2048%2C1536&ssl=1","type":"image\/jpeg"}],"author":"R\u00e9dac. NEWS","twitter_card":"summary_large_image","twitter_misc":{"\u00c9crit par":"R\u00e9dac. NEWS","Dur\u00e9e de lecture estim\u00e9e":"3 minutes"},"schema":{"@context":"https:\/\/schema.org","@graph":[{"@type":"Article","@id":"https:\/\/newsestlyonnais.fr\/site\/2018\/02\/17\/vaulx-en-velin-une-4-rencontre-xiii-handi-pleinement-reussie\/#article","isPartOf":{"@id":"https:\/\/newsestlyonnais.fr\/site\/2018\/02\/17\/vaulx-en-velin-une-4-rencontre-xiii-handi-pleinement-reussie\/"},"author":{"name":"R\u00e9dac. NEWS","@id":"https:\/\/newsestlyonnais.fr\/site\/#\/schema\/person\/3230d5615f390bb808365d673001e887"},"headline":"VAULX-EN-VELIN | Une 4\u00b0 rencontre XIII Handi pleinement r\u00e9ussie","datePublished":"2018-02-17T07:02:04+00:00","dateModified":"2020-11-12T17:05:17+00:00","mainEntityOfPage":{"@id":"https:\/\/newsestlyonnais.fr\/site\/2018\/02\/17\/vaulx-en-velin-une-4-rencontre-xiii-handi-pleinement-reussie\/"},"wordCount":529,"commentCount":0,"publisher":{"@id":"https:\/\/newsestlyonnais.fr\/site\/#organization"},"image":{"@id":"https:\/\/newsestlyonnais.fr\/site\/2018\/02\/17\/vaulx-en-velin-une-4-rencontre-xiii-handi-pleinement-reussie\/#primaryimage"},"thumbnailUrl":"https:\/\/newsestlyonnais.fr\/site\/wp-content\/uploads\/2018\/02\/NEWSESTLYONNAIS-XIII-HANDI-4\u00b0-EDITION.jpg","articleSection":["Autres sports","Divers Sports","Foot | Rugby","Handi &amp; adapt\u00e9","RUGBY \u00e0 XIII","Vaulx-en-Velin"],"inLanguage":"fr-FR","potentialAction":[{"@type":"CommentAction","name":"Comment","target":["https:\/\/newsestlyonnais.fr\/site\/2018\/02\/17\/vaulx-en-velin-une-4-rencontre-xiii-handi-pleinement-reussie\/#respond"]}]},{"@type":"WebPage","@id":"https:\/\/newsestlyonnais.fr\/site\/2018\/02\/17\/vaulx-en-velin-une-4-rencontre-xiii-handi-pleinement-reussie\/","url":"https:\/\/newsestlyonnais.fr\/site\/2018\/02\/17\/vaulx-en-velin-une-4-rencontre-xiii-handi-pleinement-reussie\/","name":"VAULX EN VELIN : Une 4\u00b0 rencontre XIII Handi pleinement r\u00e9ussie","isPartOf":{"@id":"https:\/\/newsestlyonnais.fr\/site\/#website"},"primaryImageOfPage":{"@id":"https:\/\/newsestlyonnais.fr\/site\/2018\/02\/17\/vaulx-en-velin-une-4-rencontre-xiii-handi-pleinement-reussie\/#primaryimage"},"image":{"@id":"https:\/\/newsestlyonnais.fr\/site\/2018\/02\/17\/vaulx-en-velin-une-4-rencontre-xiii-handi-pleinement-reussie\/#primaryimage"},"thumbnailUrl":"https:\/\/newsestlyonnais.fr\/site\/wp-content\/uploads\/2018\/02\/NEWSESTLYONNAIS-XIII-HANDI-4\u00b0-EDITION.jpg","datePublished":"2018-02-17T07:02:04+00:00","dateModified":"2020-11-12T17:05:17+00:00","description":"VAULX EN VELIN : Une 4\u00b0 rencontre XIII Handi pleinement r\u00e9ussie","breadcrumb":{"@id":"https:\/\/newsestlyonnais.fr\/site\/2018\/02\/17\/vaulx-en-velin-une-4-rencontre-xiii-handi-pleinement-reussie\/#breadcrumb"},"inLanguage":"fr-FR","potentialAction":[{"@type":"ReadAction","target":["https:\/\/newsestlyonnais.fr\/site\/2018\/02\/17\/vaulx-en-velin-une-4-rencontre-xiii-handi-pleinement-reussie\/"]}]},{"@type":"ImageObject","inLanguage":"fr-FR","@id":"https:\/\/newsestlyonnais.fr\/site\/2018\/02\/17\/vaulx-en-velin-une-4-rencontre-xiii-handi-pleinement-reussie\/#primaryimage","url":"https:\/\/newsestlyonnais.fr\/site\/wp-content\/uploads\/2018\/02\/NEWSESTLYONNAIS-XIII-HANDI-4\u00b0-EDITION.jpg","contentUrl":"https:\/\/newsestlyonnais.fr\/site\/wp-content\/uploads\/2018\/02\/NEWSESTLYONNAIS-XIII-HANDI-4\u00b0-EDITION.jpg","width":2048,"height":1536,"caption":"NEWSESTLYONNAIS - XIII HANDI 4\u00b0 EDITION"},{"@type":"BreadcrumbList","@id":"https:\/\/newsestlyonnais.fr\/site\/2018\/02\/17\/vaulx-en-velin-une-4-rencontre-xiii-handi-pleinement-reussie\/#breadcrumb","itemListElement":[{"@type":"ListItem","position":1,"name":"Accueil","item":"https:\/\/newsestlyonnais.fr\/site\/"},{"@type":"ListItem","position":2,"name":"VAULX-EN-VELIN | Une 4\u00b0 rencontre XIII Handi pleinement r\u00e9ussie"}]},{"@type":"WebSite","@id":"https:\/\/newsestlyonnais.fr\/site\/#website","url":"https:\/\/newsestlyonnais.fr\/site\/","name":"News Est Lyonnais","description":"L&#039;actualit\u00e9 au plus pr\u00e8s","publisher":{"@id":"https:\/\/newsestlyonnais.fr\/site\/#organization"},"potentialAction":[{"@type":"SearchAction","target":{"@type":"EntryPoint","urlTemplate":"https:\/\/newsestlyonnais.fr\/site\/?s={search_term_string}"},"query-input":{"@type":"PropertyValueSpecification","valueRequired":true,"valueName":"search_term_string"}}],"inLanguage":"fr-FR"},{"@type":"Organization","@id":"https:\/\/newsestlyonnais.fr\/site\/#organization","name":"News EST LYONNAIS","url":"https:\/\/newsestlyonnais.fr\/site\/","logo":{"@type":"ImageObject","inLanguage":"fr-FR","@id":"https:\/\/newsestlyonnais.fr\/site\/#\/schema\/logo\/image\/","url":"","contentUrl":"","caption":"News EST LYONNAIS"},"image":{"@id":"https:\/\/newsestlyonnais.fr\/site\/#\/schema\/logo\/image\/"}},{"@type":"Person","@id":"https:\/\/newsestlyonnais.fr\/site\/#\/schema\/person\/3230d5615f390bb808365d673001e887","name":"R\u00e9dac. NEWS","sameAs":["http:\/\/www.newsestlyonnais.fr","https:\/\/www.facebook.com\/pascal.oberson.1?fref=ts","https:\/\/fr.linkedin.com\/in\/pascal-oberson-b17045113"],"url":"https:\/\/newsestlyonnais.fr\/site\/author\/nel\/"}]}},"_links":{"self":[{"href":"https:\/\/newsestlyonnais.fr\/site\/wp-json\/wp\/v2\/posts\/44152","targetHints":{"allow":["GET"]}}],"collection":[{"href":"https:\/\/newsestlyonnais.fr\/site\/wp-json\/wp\/v2\/posts"}],"about":[{"href":"https:\/\/newsestlyonnais.fr\/site\/wp-json\/wp\/v2\/types\/post"}],"author":[{"embeddable":true,"href":"https:\/\/newsestlyonnais.fr\/site\/wp-json\/wp\/v2\/users\/4"}],"replies":[{"embeddable":true,"href":"https:\/\/newsestlyonnais.fr\/site\/wp-json\/wp\/v2\/comments?post=44152"}],"version-history":[{"count":0,"href":"https:\/\/newsestlyonnais.fr\/site\/wp-json\/wp\/v2\/posts\/44152\/revisions"}],"wp:featuredmedia":[{"embeddable":true,"href":"https:\/\/newsestlyonnais.fr\/site\/wp-json\/wp\/v2\/media\/44159"}],"wp:attachment":[{"href":"https:\/\/newsestlyonnais.fr\/site\/wp-json\/wp\/v2\/media?parent=44152"}],"wp:term":[{"taxonomy":"category","embeddable":true,"href":"https:\/\/newsestlyonnais.fr\/site\/wp-json\/wp\/v2\/categories?post=44152"},{"taxonomy":"post_tag","embeddable":true,"href":"https:\/\/newsestlyonnais.fr\/site\/wp-json\/wp\/v2\/tags?post=44152"}],"curies":[{"name":"wp","href":"https:\/\/api.w.org\/{rel}","templated":true}]}}