{"id":44325,"date":"2018-02-19T13:46:42","date_gmt":"2018-02-19T12:46:42","guid":{"rendered":"http:\/\/newsestlyonnais.fr\/site\/?p=44325"},"modified":"2020-11-18T21:01:13","modified_gmt":"2020-11-18T20:01:13","slug":"transports-carte-oura-disponible-agences-tcl","status":"publish","type":"post","link":"https:\/\/newsestlyonnais.fr\/site\/2018\/02\/19\/transports-carte-oura-disponible-agences-tcl\/","title":{"rendered":"TRANSPORTS | La carte O\u00f9RA! disponible en agences TCL"},"content":{"rendered":"<h4>Les voyageurs interurbains pourront d\u00e9sormais se rendre en agence TCL pour souscrire aux abonnements alliant notamment TER et TCL avec un support unique : la carte <i>O\u00f9RA! .<\/i><\/h4>\n<p>Qu\u2019ils soient en zone p\u00e9riurbaine ou dans un d\u00e9partement voisin, <strong>22 000 abonn\u00e9s<\/strong> empruntent le r\u00e9seau TCL avec une carte O\u00f9RA!<\/p>\n<p>Les voyageurs interurbains pourront <strong>d\u00e9sormais se rendre en agence TCL<\/strong> pour souscrire aux <strong>abonnements \u00ab T-Libr \u00bb et \u00ab Combin\u00e9s \u00bb<\/strong>. Jusqu\u2019ici disponibles en gare SNCF, ces titres de transports alliant notamment les abonnements TER et TCL permettent de circuler librement avec un support unique : la carte O\u00f9RA!.<br \/>\nLa carte O\u00f9RA! permet de souscrire \u00e0 diff\u00e9rents abonnements sous forme d\u2019offre group\u00e9e pour faciliter les d\u00e9placements d\u2019un r\u00e9seau de transport \u00e0 un autre.<\/p>\n<p><strong>A compter du 20 f\u00e9vrier, les agences TCL commercialiseront les abonnements suivants :<\/strong><br \/>\n&#8211; <strong>T-Libr S<\/strong> : TER+TCL (d\u00e9placements libres et illimit\u00e9s sur le Grand Lyon)<br \/>\n&#8211; <strong>T-Libr M<\/strong> : TER+TCL+L&rsquo;VA r\u00e9seau urbain de l\u2019agglom\u00e9ration de Vienne<br \/>\n&#8211; <strong>T-Libr M<\/strong> : TER+TCL+Ruban bus de l\u2019agglom\u00e9ration de Porte de l\u2019Is\u00e8re<br \/>\n&#8211; <strong>T-Libr M<\/strong> : TER+TCL+STAS r\u00e9seau urbain de Saint Etienne M\u00e9tropole<br \/>\n&#8211; <strong>T-Libr L<\/strong> : TER+TCL+Ruban+L&rsquo;VA<br \/>\n&#8211; <strong>T-Libr XL<\/strong> : TER+TCL+Ruban+L&rsquo;VA+STAS<br \/>\n&#8211; <strong>Combin\u00e9 : TER+TCL<\/strong> (trains \u00e0 destination d\u2019une gare en Rh\u00f4ne Alpes)<br \/>\n&#8211; <strong>Combin\u00e9 : TER+TCL+TAG<\/strong> (r\u00e9seau urbain de l\u2019agglom\u00e9ration de Grenoble)<\/p>\n<p>Les <strong>services propos\u00e9s par le r\u00e9seau TCL avec une carte O\u00f9RA! sont les m\u00eames qu\u2019avec les cartes T\u00e9c\u00e9ly<\/strong> : acc\u00e8s aux parcs relais automobile et v\u00e9lo, programme fid\u00e9lit\u00e9 TCL, etc.<\/p>\n<p><strong>&#8211; <span style=\"text-decoration: underline\">Comment cr\u00e9er sa carte O\u00f9RA! en agence TCL ?<\/span><\/strong><br \/>\nRendez-vous dans l\u2019une des 5 agences TCL (Part-Dieu, Vaulx-en-Velin La Soie, Grange Blanche, Bellecour et Gorge de Loup) avec une pi\u00e8ce d&rsquo;identit\u00e9, une photo d&rsquo;identit\u00e9 et \u00e9ventuellement un justificatif de statut \u00e9tudiant\/apprenti. Le prix de vente pour la cr\u00e9ation de la carte O\u00f9RA! est de 5 \u20ac.<\/p>\n<p>Il est possible de recharger son abonnement mensuel sur <a href=\"http:\/\/www.oura.com\" target=\"_blank\" rel=\"noopener noreferrer\">http:\/\/www.oura.com<\/a><\/p>\n","protected":false},"excerpt":{"rendered":"<p>Les voyageurs interurbains pourront d\u00e9sormais se rendre en agence TCL pour souscrire aux abonnements alliant notamment TER et TCL avec un support unique : la carte O\u00f9RA! . Qu\u2019ils soient en zone p\u00e9riurbaine ou dans un d\u00e9partement voisin, 22 000 abonn\u00e9s empruntent le r\u00e9seau TCL avec une carte O\u00f9RA! Les voyageurs interurbains pourront d\u00e9sormais se [&hellip;]<\/p>\n","protected":false},"author":4,"featured_media":25760,"comment_status":"open","ping_status":"open","sticky":false,"template":"","format":"standard","meta":{"footnotes":""},"categories":[13],"tags":[],"class_list":["post-44325","post","type-post","status-publish","format-standard","has-post-thumbnail","hentry","category-transports-circulation"],"yoast_head":"<!-- This site is optimized with the Yoast SEO plugin v27.2 - https:\/\/yoast.com\/product\/yoast-seo-wordpress\/ -->\n<title>TRANSPORTS : La carte O\u00f9RA! disponible en agences TCL<\/title>\n<meta name=\"description\" content=\"TRANSPORTS : La carte O\u00f9RA! disponible en agences TCL\" \/>\n<meta name=\"robots\" content=\"index, follow, max-snippet:-1, max-image-preview:large, max-video-preview:-1\" \/>\n<link rel=\"canonical\" href=\"https:\/\/newsestlyonnais.fr\/site\/2018\/02\/19\/transports-carte-oura-disponible-agences-tcl\/\" \/>\n<meta property=\"og:locale\" content=\"fr_FR\" \/>\n<meta property=\"og:type\" content=\"article\" \/>\n<meta property=\"og:title\" content=\"TRANSPORTS : La carte O\u00f9RA! disponible en agences TCL\" \/>\n<meta property=\"og:description\" content=\"TRANSPORTS : La carte O\u00f9RA! disponible en agences TCL\" \/>\n<meta property=\"og:url\" content=\"https:\/\/newsestlyonnais.fr\/site\/2018\/02\/19\/transports-carte-oura-disponible-agences-tcl\/\" \/>\n<meta property=\"og:site_name\" content=\"News Est Lyonnais\" \/>\n<meta property=\"article:author\" content=\"https:\/\/www.facebook.com\/pascal.oberson.1?fref=ts\" \/>\n<meta property=\"article:published_time\" content=\"2018-02-19T12:46:42+00:00\" \/>\n<meta property=\"article:modified_time\" content=\"2020-11-18T20:01:13+00:00\" \/>\n<meta property=\"og:image\" content=\"https:\/\/i2.wp.com\/newsestlyonnais.fr\/site\/wp-content\/uploads\/2017\/04\/NewsEstLyonnais-Flash-Info.png?fit=1000%2C750&ssl=1\" \/>\n\t<meta property=\"og:image:width\" content=\"1000\" \/>\n\t<meta property=\"og:image:height\" content=\"750\" \/>\n\t<meta property=\"og:image:type\" content=\"image\/png\" \/>\n<meta name=\"author\" content=\"R\u00e9dac. NEWS\" \/>\n<meta name=\"twitter:card\" content=\"summary_large_image\" \/>\n<meta name=\"twitter:label1\" content=\"\u00c9crit par\" \/>\n\t<meta name=\"twitter:data1\" content=\"R\u00e9dac. NEWS\" \/>\n\t<meta name=\"twitter:label2\" content=\"Dur\u00e9e de lecture estim\u00e9e\" \/>\n\t<meta name=\"twitter:data2\" content=\"2 minutes\" \/>\n<script type=\"application\/ld+json\" class=\"yoast-schema-graph\">{\"@context\":\"https:\/\/schema.org\",\"@graph\":[{\"@type\":\"Article\",\"@id\":\"https:\/\/newsestlyonnais.fr\/site\/2018\/02\/19\/transports-carte-oura-disponible-agences-tcl\/#article\",\"isPartOf\":{\"@id\":\"https:\/\/newsestlyonnais.fr\/site\/2018\/02\/19\/transports-carte-oura-disponible-agences-tcl\/\"},\"author\":{\"name\":\"R\u00e9dac. NEWS\",\"@id\":\"https:\/\/newsestlyonnais.fr\/site\/#\/schema\/person\/3230d5615f390bb808365d673001e887\"},\"headline\":\"TRANSPORTS | La carte O\u00f9RA! disponible en agences TCL\",\"datePublished\":\"2018-02-19T12:46:42+00:00\",\"dateModified\":\"2020-11-18T20:01:13+00:00\",\"mainEntityOfPage\":{\"@id\":\"https:\/\/newsestlyonnais.fr\/site\/2018\/02\/19\/transports-carte-oura-disponible-agences-tcl\/\"},\"wordCount\":371,\"commentCount\":0,\"publisher\":{\"@id\":\"https:\/\/newsestlyonnais.fr\/site\/#organization\"},\"image\":{\"@id\":\"https:\/\/newsestlyonnais.fr\/site\/2018\/02\/19\/transports-carte-oura-disponible-agences-tcl\/#primaryimage\"},\"thumbnailUrl\":\"https:\/\/newsestlyonnais.fr\/site\/wp-content\/uploads\/2017\/04\/NewsEstLyonnais-Flash-Info.png\",\"articleSection\":[\"Transports | Circulation\"],\"inLanguage\":\"fr-FR\",\"potentialAction\":[{\"@type\":\"CommentAction\",\"name\":\"Comment\",\"target\":[\"https:\/\/newsestlyonnais.fr\/site\/2018\/02\/19\/transports-carte-oura-disponible-agences-tcl\/#respond\"]}]},{\"@type\":\"WebPage\",\"@id\":\"https:\/\/newsestlyonnais.fr\/site\/2018\/02\/19\/transports-carte-oura-disponible-agences-tcl\/\",\"url\":\"https:\/\/newsestlyonnais.fr\/site\/2018\/02\/19\/transports-carte-oura-disponible-agences-tcl\/\",\"name\":\"TRANSPORTS : La carte O\u00f9RA! disponible en agences TCL\",\"isPartOf\":{\"@id\":\"https:\/\/newsestlyonnais.fr\/site\/#website\"},\"primaryImageOfPage\":{\"@id\":\"https:\/\/newsestlyonnais.fr\/site\/2018\/02\/19\/transports-carte-oura-disponible-agences-tcl\/#primaryimage\"},\"image\":{\"@id\":\"https:\/\/newsestlyonnais.fr\/site\/2018\/02\/19\/transports-carte-oura-disponible-agences-tcl\/#primaryimage\"},\"thumbnailUrl\":\"https:\/\/newsestlyonnais.fr\/site\/wp-content\/uploads\/2017\/04\/NewsEstLyonnais-Flash-Info.png\",\"datePublished\":\"2018-02-19T12:46:42+00:00\",\"dateModified\":\"2020-11-18T20:01:13+00:00\",\"description\":\"TRANSPORTS : La carte O\u00f9RA! disponible en agences TCL\",\"breadcrumb\":{\"@id\":\"https:\/\/newsestlyonnais.fr\/site\/2018\/02\/19\/transports-carte-oura-disponible-agences-tcl\/#breadcrumb\"},\"inLanguage\":\"fr-FR\",\"potentialAction\":[{\"@type\":\"ReadAction\",\"target\":[\"https:\/\/newsestlyonnais.fr\/site\/2018\/02\/19\/transports-carte-oura-disponible-agences-tcl\/\"]}]},{\"@type\":\"ImageObject\",\"inLanguage\":\"fr-FR\",\"@id\":\"https:\/\/newsestlyonnais.fr\/site\/2018\/02\/19\/transports-carte-oura-disponible-agences-tcl\/#primaryimage\",\"url\":\"https:\/\/newsestlyonnais.fr\/site\/wp-content\/uploads\/2017\/04\/NewsEstLyonnais-Flash-Info.png\",\"contentUrl\":\"https:\/\/newsestlyonnais.fr\/site\/wp-content\/uploads\/2017\/04\/NewsEstLyonnais-Flash-Info.png\",\"width\":1000,\"height\":750,\"caption\":\"NewsEstLyonnais-Flash-Info\"},{\"@type\":\"BreadcrumbList\",\"@id\":\"https:\/\/newsestlyonnais.fr\/site\/2018\/02\/19\/transports-carte-oura-disponible-agences-tcl\/#breadcrumb\",\"itemListElement\":[{\"@type\":\"ListItem\",\"position\":1,\"name\":\"Accueil\",\"item\":\"https:\/\/newsestlyonnais.fr\/site\/\"},{\"@type\":\"ListItem\",\"position\":2,\"name\":\"TRANSPORTS | La carte O\u00f9RA! disponible en agences TCL\"}]},{\"@type\":\"WebSite\",\"@id\":\"https:\/\/newsestlyonnais.fr\/site\/#website\",\"url\":\"https:\/\/newsestlyonnais.fr\/site\/\",\"name\":\"News Est Lyonnais\",\"description\":\"L&#039;actualit\u00e9 au plus pr\u00e8s\",\"publisher\":{\"@id\":\"https:\/\/newsestlyonnais.fr\/site\/#organization\"},\"potentialAction\":[{\"@type\":\"SearchAction\",\"target\":{\"@type\":\"EntryPoint\",\"urlTemplate\":\"https:\/\/newsestlyonnais.fr\/site\/?s={search_term_string}\"},\"query-input\":{\"@type\":\"PropertyValueSpecification\",\"valueRequired\":true,\"valueName\":\"search_term_string\"}}],\"inLanguage\":\"fr-FR\"},{\"@type\":\"Organization\",\"@id\":\"https:\/\/newsestlyonnais.fr\/site\/#organization\",\"name\":\"News EST LYONNAIS\",\"url\":\"https:\/\/newsestlyonnais.fr\/site\/\",\"logo\":{\"@type\":\"ImageObject\",\"inLanguage\":\"fr-FR\",\"@id\":\"https:\/\/newsestlyonnais.fr\/site\/#\/schema\/logo\/image\/\",\"url\":\"\",\"contentUrl\":\"\",\"caption\":\"News EST LYONNAIS\"},\"image\":{\"@id\":\"https:\/\/newsestlyonnais.fr\/site\/#\/schema\/logo\/image\/\"}},{\"@type\":\"Person\",\"@id\":\"https:\/\/newsestlyonnais.fr\/site\/#\/schema\/person\/3230d5615f390bb808365d673001e887\",\"name\":\"R\u00e9dac. NEWS\",\"sameAs\":[\"http:\/\/www.newsestlyonnais.fr\",\"https:\/\/www.facebook.com\/pascal.oberson.1?fref=ts\",\"https:\/\/fr.linkedin.com\/in\/pascal-oberson-b17045113\"],\"url\":\"https:\/\/newsestlyonnais.fr\/site\/author\/nel\/\"}]}<\/script>\n<!-- \/ Yoast SEO plugin. -->","yoast_head_json":{"title":"TRANSPORTS : La carte O\u00f9RA! disponible en agences TCL","description":"TRANSPORTS : La carte O\u00f9RA! disponible en agences TCL","robots":{"index":"index","follow":"follow","max-snippet":"max-snippet:-1","max-image-preview":"max-image-preview:large","max-video-preview":"max-video-preview:-1"},"canonical":"https:\/\/newsestlyonnais.fr\/site\/2018\/02\/19\/transports-carte-oura-disponible-agences-tcl\/","og_locale":"fr_FR","og_type":"article","og_title":"TRANSPORTS : La carte O\u00f9RA! disponible en agences TCL","og_description":"TRANSPORTS : La carte O\u00f9RA! disponible en agences TCL","og_url":"https:\/\/newsestlyonnais.fr\/site\/2018\/02\/19\/transports-carte-oura-disponible-agences-tcl\/","og_site_name":"News Est Lyonnais","article_author":"https:\/\/www.facebook.com\/pascal.oberson.1?fref=ts","article_published_time":"2018-02-19T12:46:42+00:00","article_modified_time":"2020-11-18T20:01:13+00:00","og_image":[{"width":1000,"height":750,"url":"https:\/\/i2.wp.com\/newsestlyonnais.fr\/site\/wp-content\/uploads\/2017\/04\/NewsEstLyonnais-Flash-Info.png?fit=1000%2C750&ssl=1","type":"image\/png"}],"author":"R\u00e9dac. NEWS","twitter_card":"summary_large_image","twitter_misc":{"\u00c9crit par":"R\u00e9dac. NEWS","Dur\u00e9e de lecture estim\u00e9e":"2 minutes"},"schema":{"@context":"https:\/\/schema.org","@graph":[{"@type":"Article","@id":"https:\/\/newsestlyonnais.fr\/site\/2018\/02\/19\/transports-carte-oura-disponible-agences-tcl\/#article","isPartOf":{"@id":"https:\/\/newsestlyonnais.fr\/site\/2018\/02\/19\/transports-carte-oura-disponible-agences-tcl\/"},"author":{"name":"R\u00e9dac. NEWS","@id":"https:\/\/newsestlyonnais.fr\/site\/#\/schema\/person\/3230d5615f390bb808365d673001e887"},"headline":"TRANSPORTS | La carte O\u00f9RA! disponible en agences TCL","datePublished":"2018-02-19T12:46:42+00:00","dateModified":"2020-11-18T20:01:13+00:00","mainEntityOfPage":{"@id":"https:\/\/newsestlyonnais.fr\/site\/2018\/02\/19\/transports-carte-oura-disponible-agences-tcl\/"},"wordCount":371,"commentCount":0,"publisher":{"@id":"https:\/\/newsestlyonnais.fr\/site\/#organization"},"image":{"@id":"https:\/\/newsestlyonnais.fr\/site\/2018\/02\/19\/transports-carte-oura-disponible-agences-tcl\/#primaryimage"},"thumbnailUrl":"https:\/\/newsestlyonnais.fr\/site\/wp-content\/uploads\/2017\/04\/NewsEstLyonnais-Flash-Info.png","articleSection":["Transports | Circulation"],"inLanguage":"fr-FR","potentialAction":[{"@type":"CommentAction","name":"Comment","target":["https:\/\/newsestlyonnais.fr\/site\/2018\/02\/19\/transports-carte-oura-disponible-agences-tcl\/#respond"]}]},{"@type":"WebPage","@id":"https:\/\/newsestlyonnais.fr\/site\/2018\/02\/19\/transports-carte-oura-disponible-agences-tcl\/","url":"https:\/\/newsestlyonnais.fr\/site\/2018\/02\/19\/transports-carte-oura-disponible-agences-tcl\/","name":"TRANSPORTS : La carte O\u00f9RA! disponible en agences TCL","isPartOf":{"@id":"https:\/\/newsestlyonnais.fr\/site\/#website"},"primaryImageOfPage":{"@id":"https:\/\/newsestlyonnais.fr\/site\/2018\/02\/19\/transports-carte-oura-disponible-agences-tcl\/#primaryimage"},"image":{"@id":"https:\/\/newsestlyonnais.fr\/site\/2018\/02\/19\/transports-carte-oura-disponible-agences-tcl\/#primaryimage"},"thumbnailUrl":"https:\/\/newsestlyonnais.fr\/site\/wp-content\/uploads\/2017\/04\/NewsEstLyonnais-Flash-Info.png","datePublished":"2018-02-19T12:46:42+00:00","dateModified":"2020-11-18T20:01:13+00:00","description":"TRANSPORTS : La carte O\u00f9RA! disponible en agences TCL","breadcrumb":{"@id":"https:\/\/newsestlyonnais.fr\/site\/2018\/02\/19\/transports-carte-oura-disponible-agences-tcl\/#breadcrumb"},"inLanguage":"fr-FR","potentialAction":[{"@type":"ReadAction","target":["https:\/\/newsestlyonnais.fr\/site\/2018\/02\/19\/transports-carte-oura-disponible-agences-tcl\/"]}]},{"@type":"ImageObject","inLanguage":"fr-FR","@id":"https:\/\/newsestlyonnais.fr\/site\/2018\/02\/19\/transports-carte-oura-disponible-agences-tcl\/#primaryimage","url":"https:\/\/newsestlyonnais.fr\/site\/wp-content\/uploads\/2017\/04\/NewsEstLyonnais-Flash-Info.png","contentUrl":"https:\/\/newsestlyonnais.fr\/site\/wp-content\/uploads\/2017\/04\/NewsEstLyonnais-Flash-Info.png","width":1000,"height":750,"caption":"NewsEstLyonnais-Flash-Info"},{"@type":"BreadcrumbList","@id":"https:\/\/newsestlyonnais.fr\/site\/2018\/02\/19\/transports-carte-oura-disponible-agences-tcl\/#breadcrumb","itemListElement":[{"@type":"ListItem","position":1,"name":"Accueil","item":"https:\/\/newsestlyonnais.fr\/site\/"},{"@type":"ListItem","position":2,"name":"TRANSPORTS | La carte O\u00f9RA! disponible en agences TCL"}]},{"@type":"WebSite","@id":"https:\/\/newsestlyonnais.fr\/site\/#website","url":"https:\/\/newsestlyonnais.fr\/site\/","name":"News Est Lyonnais","description":"L&#039;actualit\u00e9 au plus pr\u00e8s","publisher":{"@id":"https:\/\/newsestlyonnais.fr\/site\/#organization"},"potentialAction":[{"@type":"SearchAction","target":{"@type":"EntryPoint","urlTemplate":"https:\/\/newsestlyonnais.fr\/site\/?s={search_term_string}"},"query-input":{"@type":"PropertyValueSpecification","valueRequired":true,"valueName":"search_term_string"}}],"inLanguage":"fr-FR"},{"@type":"Organization","@id":"https:\/\/newsestlyonnais.fr\/site\/#organization","name":"News EST LYONNAIS","url":"https:\/\/newsestlyonnais.fr\/site\/","logo":{"@type":"ImageObject","inLanguage":"fr-FR","@id":"https:\/\/newsestlyonnais.fr\/site\/#\/schema\/logo\/image\/","url":"","contentUrl":"","caption":"News EST LYONNAIS"},"image":{"@id":"https:\/\/newsestlyonnais.fr\/site\/#\/schema\/logo\/image\/"}},{"@type":"Person","@id":"https:\/\/newsestlyonnais.fr\/site\/#\/schema\/person\/3230d5615f390bb808365d673001e887","name":"R\u00e9dac. NEWS","sameAs":["http:\/\/www.newsestlyonnais.fr","https:\/\/www.facebook.com\/pascal.oberson.1?fref=ts","https:\/\/fr.linkedin.com\/in\/pascal-oberson-b17045113"],"url":"https:\/\/newsestlyonnais.fr\/site\/author\/nel\/"}]}},"_links":{"self":[{"href":"https:\/\/newsestlyonnais.fr\/site\/wp-json\/wp\/v2\/posts\/44325","targetHints":{"allow":["GET"]}}],"collection":[{"href":"https:\/\/newsestlyonnais.fr\/site\/wp-json\/wp\/v2\/posts"}],"about":[{"href":"https:\/\/newsestlyonnais.fr\/site\/wp-json\/wp\/v2\/types\/post"}],"author":[{"embeddable":true,"href":"https:\/\/newsestlyonnais.fr\/site\/wp-json\/wp\/v2\/users\/4"}],"replies":[{"embeddable":true,"href":"https:\/\/newsestlyonnais.fr\/site\/wp-json\/wp\/v2\/comments?post=44325"}],"version-history":[{"count":0,"href":"https:\/\/newsestlyonnais.fr\/site\/wp-json\/wp\/v2\/posts\/44325\/revisions"}],"wp:featuredmedia":[{"embeddable":true,"href":"https:\/\/newsestlyonnais.fr\/site\/wp-json\/wp\/v2\/media\/25760"}],"wp:attachment":[{"href":"https:\/\/newsestlyonnais.fr\/site\/wp-json\/wp\/v2\/media?parent=44325"}],"wp:term":[{"taxonomy":"category","embeddable":true,"href":"https:\/\/newsestlyonnais.fr\/site\/wp-json\/wp\/v2\/categories?post=44325"},{"taxonomy":"post_tag","embeddable":true,"href":"https:\/\/newsestlyonnais.fr\/site\/wp-json\/wp\/v2\/tags?post=44325"}],"curies":[{"name":"wp","href":"https:\/\/api.w.org\/{rel}","templated":true}]}}