{"id":44506,"date":"2018-02-20T09:38:25","date_gmt":"2018-02-20T08:38:25","guid":{"rendered":"http:\/\/newsestlyonnais.fr\/site\/?p=44506"},"modified":"2020-10-22T08:40:22","modified_gmt":"2020-10-22T07:40:22","slug":"meyzieu-appel-a-la-vigilance-lance-aux-commercants-majolans","status":"publish","type":"post","link":"https:\/\/newsestlyonnais.fr\/site\/2018\/02\/20\/meyzieu-appel-a-la-vigilance-lance-aux-commercants-majolans\/","title":{"rendered":"MEYZIEU : Appel \u00e0 la vigilance lanc\u00e9 aux commer\u00e7ants majolans !"},"content":{"rendered":"<h4>La municipalit\u00e9 majolane lance un appel \u00e0 la vigilance suite aux d\u00e9marches commerciales frauduleuses, signal\u00e9es actuellement sur la commune.<\/h4>\n<p>Dans le cadre de leur activit\u00e9, les commer\u00e7ants majolans peuvent \u00eatre d\u00e9march\u00e9s par des soci\u00e9t\u00e9s qui leur proposent des encarts publicitaires payants sur un plan ou encore un guide pratique de la ville de Meyzieu.<br \/>\nS\u2019ils sont libres de conclure un contrat avec ces soci\u00e9t\u00e9s, la Ville de Meyzieu souhaite les alerter sur le fait que ces derni\u00e8res n\u2019agissent pas sous couvert de la Ville de Meyzieu et qu\u2019il convient d\u2019\u00eatre prudent.<\/p>\n<p>En effet, lorsque la Ville contracte une convention avec une soci\u00e9t\u00e9 pour l\u2019\u00e9dition d\u2019un plan ou d\u2019un guide, cette derni\u00e8re doit pr\u00e9senter aux commerces d\u00e9march\u00e9s un courrier officiel de la mairie, sign\u00e9 du maire, qui confirme et atteste du mandat qui lui a \u00e9t\u00e9 accord\u00e9 par la Ville.<\/p>\n<p>La Ville de Meyzieu invite donc les commer\u00e7ants majolans \u00e0 alerter rapidement la mairie si ils sont confront\u00e9s \u00e0 ce type de sollicitations.<\/p>\n<p><span style=\"text-decoration: underline\"><em><strong>Source :<\/strong><\/em><\/span> Communiqu\u00e9 de presse de la Ville de Meyzieu du 20 f\u00e9vrier 2018.<\/p>\n<ul>\n<li><strong>Toute l&rsquo;ACTU de la commune sur : <a href=\"http:\/\/www.meyzieu.fr\" target=\"_blank\" rel=\"noopener noreferrer\">http:\/\/www.meyzieu.fr<\/a><\/strong><\/li>\n<\/ul>\n","protected":false},"excerpt":{"rendered":"<p>La municipalit\u00e9 majolane lance un appel \u00e0 la vigilance suite aux d\u00e9marches commerciales frauduleuses, signal\u00e9es actuellement sur la commune. Dans le cadre de leur activit\u00e9, les commer\u00e7ants majolans peuvent \u00eatre d\u00e9march\u00e9s par des soci\u00e9t\u00e9s qui leur proposent des encarts publicitaires payants sur un plan ou encore un guide pratique de la ville de Meyzieu. S\u2019ils [&hellip;]<\/p>\n","protected":false},"author":4,"featured_media":0,"comment_status":"open","ping_status":"open","sticky":false,"template":"","format":"standard","meta":{"footnotes":""},"categories":[30,2970,24,787,309],"tags":[],"class_list":["post-44506","post","type-post","status-publish","format-standard","hentry","category-a-la-une","category-artisans-commerces-economie","category-meyzieu","category-ptites-news","category-pratique"],"yoast_head":"<!-- This site is optimized with the Yoast SEO plugin v27.2 - https:\/\/yoast.com\/product\/yoast-seo-wordpress\/ -->\n<title>MEYZIEU : Appel \u00e0 la vigilance lanc\u00e9 aux commer\u00e7ants majolans !<\/title>\n<meta name=\"description\" content=\"MEYZIEU : Appel \u00e0 la vigilance lanc\u00e9 aux commer\u00e7ants majolans !\" \/>\n<meta name=\"robots\" content=\"index, follow, max-snippet:-1, max-image-preview:large, max-video-preview:-1\" \/>\n<link rel=\"canonical\" href=\"https:\/\/newsestlyonnais.fr\/site\/2018\/02\/20\/meyzieu-appel-a-la-vigilance-lance-aux-commercants-majolans\/\" \/>\n<meta property=\"og:locale\" content=\"fr_FR\" \/>\n<meta property=\"og:type\" content=\"article\" \/>\n<meta property=\"og:title\" content=\"MEYZIEU : Appel \u00e0 la vigilance lanc\u00e9 aux commer\u00e7ants majolans !\" \/>\n<meta property=\"og:description\" content=\"MEYZIEU : Appel \u00e0 la vigilance lanc\u00e9 aux commer\u00e7ants majolans !\" \/>\n<meta property=\"og:url\" content=\"https:\/\/newsestlyonnais.fr\/site\/2018\/02\/20\/meyzieu-appel-a-la-vigilance-lance-aux-commercants-majolans\/\" \/>\n<meta property=\"og:site_name\" content=\"News Est Lyonnais\" \/>\n<meta property=\"article:author\" content=\"https:\/\/www.facebook.com\/pascal.oberson.1?fref=ts\" \/>\n<meta property=\"article:published_time\" content=\"2018-02-20T08:38:25+00:00\" \/>\n<meta property=\"article:modified_time\" content=\"2020-10-22T07:40:22+00:00\" \/>\n<meta name=\"author\" content=\"R\u00e9dac. NEWS\" \/>\n<meta name=\"twitter:card\" content=\"summary_large_image\" \/>\n<meta name=\"twitter:label1\" content=\"\u00c9crit par\" \/>\n\t<meta name=\"twitter:data1\" content=\"R\u00e9dac. NEWS\" \/>\n\t<meta name=\"twitter:label2\" content=\"Dur\u00e9e de lecture estim\u00e9e\" \/>\n\t<meta name=\"twitter:data2\" content=\"1 minute\" \/>\n<script type=\"application\/ld+json\" class=\"yoast-schema-graph\">{\"@context\":\"https:\/\/schema.org\",\"@graph\":[{\"@type\":\"Article\",\"@id\":\"https:\/\/newsestlyonnais.fr\/site\/2018\/02\/20\/meyzieu-appel-a-la-vigilance-lance-aux-commercants-majolans\/#article\",\"isPartOf\":{\"@id\":\"https:\/\/newsestlyonnais.fr\/site\/2018\/02\/20\/meyzieu-appel-a-la-vigilance-lance-aux-commercants-majolans\/\"},\"author\":{\"name\":\"R\u00e9dac. NEWS\",\"@id\":\"https:\/\/newsestlyonnais.fr\/site\/#\/schema\/person\/3230d5615f390bb808365d673001e887\"},\"headline\":\"MEYZIEU : Appel \u00e0 la vigilance lanc\u00e9 aux commer\u00e7ants majolans !\",\"datePublished\":\"2018-02-20T08:38:25+00:00\",\"dateModified\":\"2020-10-22T07:40:22+00:00\",\"mainEntityOfPage\":{\"@id\":\"https:\/\/newsestlyonnais.fr\/site\/2018\/02\/20\/meyzieu-appel-a-la-vigilance-lance-aux-commercants-majolans\/\"},\"wordCount\":215,\"commentCount\":0,\"publisher\":{\"@id\":\"https:\/\/newsestlyonnais.fr\/site\/#organization\"},\"articleSection\":[\"\u00e0 la une\",\"Artisans | Commerces\",\"Meyzieu\",\"P'tites News\",\"Pratique\"],\"inLanguage\":\"fr-FR\",\"potentialAction\":[{\"@type\":\"CommentAction\",\"name\":\"Comment\",\"target\":[\"https:\/\/newsestlyonnais.fr\/site\/2018\/02\/20\/meyzieu-appel-a-la-vigilance-lance-aux-commercants-majolans\/#respond\"]}]},{\"@type\":\"WebPage\",\"@id\":\"https:\/\/newsestlyonnais.fr\/site\/2018\/02\/20\/meyzieu-appel-a-la-vigilance-lance-aux-commercants-majolans\/\",\"url\":\"https:\/\/newsestlyonnais.fr\/site\/2018\/02\/20\/meyzieu-appel-a-la-vigilance-lance-aux-commercants-majolans\/\",\"name\":\"MEYZIEU : Appel \u00e0 la vigilance lanc\u00e9 aux commer\u00e7ants majolans !\",\"isPartOf\":{\"@id\":\"https:\/\/newsestlyonnais.fr\/site\/#website\"},\"datePublished\":\"2018-02-20T08:38:25+00:00\",\"dateModified\":\"2020-10-22T07:40:22+00:00\",\"description\":\"MEYZIEU : Appel \u00e0 la vigilance lanc\u00e9 aux commer\u00e7ants majolans !\",\"breadcrumb\":{\"@id\":\"https:\/\/newsestlyonnais.fr\/site\/2018\/02\/20\/meyzieu-appel-a-la-vigilance-lance-aux-commercants-majolans\/#breadcrumb\"},\"inLanguage\":\"fr-FR\",\"potentialAction\":[{\"@type\":\"ReadAction\",\"target\":[\"https:\/\/newsestlyonnais.fr\/site\/2018\/02\/20\/meyzieu-appel-a-la-vigilance-lance-aux-commercants-majolans\/\"]}]},{\"@type\":\"BreadcrumbList\",\"@id\":\"https:\/\/newsestlyonnais.fr\/site\/2018\/02\/20\/meyzieu-appel-a-la-vigilance-lance-aux-commercants-majolans\/#breadcrumb\",\"itemListElement\":[{\"@type\":\"ListItem\",\"position\":1,\"name\":\"Accueil\",\"item\":\"https:\/\/newsestlyonnais.fr\/site\/\"},{\"@type\":\"ListItem\",\"position\":2,\"name\":\"MEYZIEU : Appel \u00e0 la vigilance lanc\u00e9 aux commer\u00e7ants majolans !\"}]},{\"@type\":\"WebSite\",\"@id\":\"https:\/\/newsestlyonnais.fr\/site\/#website\",\"url\":\"https:\/\/newsestlyonnais.fr\/site\/\",\"name\":\"News Est Lyonnais\",\"description\":\"L&#039;actualit\u00e9 au plus pr\u00e8s\",\"publisher\":{\"@id\":\"https:\/\/newsestlyonnais.fr\/site\/#organization\"},\"potentialAction\":[{\"@type\":\"SearchAction\",\"target\":{\"@type\":\"EntryPoint\",\"urlTemplate\":\"https:\/\/newsestlyonnais.fr\/site\/?s={search_term_string}\"},\"query-input\":{\"@type\":\"PropertyValueSpecification\",\"valueRequired\":true,\"valueName\":\"search_term_string\"}}],\"inLanguage\":\"fr-FR\"},{\"@type\":\"Organization\",\"@id\":\"https:\/\/newsestlyonnais.fr\/site\/#organization\",\"name\":\"News EST LYONNAIS\",\"url\":\"https:\/\/newsestlyonnais.fr\/site\/\",\"logo\":{\"@type\":\"ImageObject\",\"inLanguage\":\"fr-FR\",\"@id\":\"https:\/\/newsestlyonnais.fr\/site\/#\/schema\/logo\/image\/\",\"url\":\"\",\"contentUrl\":\"\",\"caption\":\"News EST LYONNAIS\"},\"image\":{\"@id\":\"https:\/\/newsestlyonnais.fr\/site\/#\/schema\/logo\/image\/\"}},{\"@type\":\"Person\",\"@id\":\"https:\/\/newsestlyonnais.fr\/site\/#\/schema\/person\/3230d5615f390bb808365d673001e887\",\"name\":\"R\u00e9dac. NEWS\",\"sameAs\":[\"http:\/\/www.newsestlyonnais.fr\",\"https:\/\/www.facebook.com\/pascal.oberson.1?fref=ts\",\"https:\/\/fr.linkedin.com\/in\/pascal-oberson-b17045113\"],\"url\":\"https:\/\/newsestlyonnais.fr\/site\/author\/nel\/\"}]}<\/script>\n<!-- \/ Yoast SEO plugin. -->","yoast_head_json":{"title":"MEYZIEU : Appel \u00e0 la vigilance lanc\u00e9 aux commer\u00e7ants majolans !","description":"MEYZIEU : Appel \u00e0 la vigilance lanc\u00e9 aux commer\u00e7ants majolans !","robots":{"index":"index","follow":"follow","max-snippet":"max-snippet:-1","max-image-preview":"max-image-preview:large","max-video-preview":"max-video-preview:-1"},"canonical":"https:\/\/newsestlyonnais.fr\/site\/2018\/02\/20\/meyzieu-appel-a-la-vigilance-lance-aux-commercants-majolans\/","og_locale":"fr_FR","og_type":"article","og_title":"MEYZIEU : Appel \u00e0 la vigilance lanc\u00e9 aux commer\u00e7ants majolans !","og_description":"MEYZIEU : Appel \u00e0 la vigilance lanc\u00e9 aux commer\u00e7ants majolans !","og_url":"https:\/\/newsestlyonnais.fr\/site\/2018\/02\/20\/meyzieu-appel-a-la-vigilance-lance-aux-commercants-majolans\/","og_site_name":"News Est Lyonnais","article_author":"https:\/\/www.facebook.com\/pascal.oberson.1?fref=ts","article_published_time":"2018-02-20T08:38:25+00:00","article_modified_time":"2020-10-22T07:40:22+00:00","author":"R\u00e9dac. NEWS","twitter_card":"summary_large_image","twitter_misc":{"\u00c9crit par":"R\u00e9dac. NEWS","Dur\u00e9e de lecture estim\u00e9e":"1 minute"},"schema":{"@context":"https:\/\/schema.org","@graph":[{"@type":"Article","@id":"https:\/\/newsestlyonnais.fr\/site\/2018\/02\/20\/meyzieu-appel-a-la-vigilance-lance-aux-commercants-majolans\/#article","isPartOf":{"@id":"https:\/\/newsestlyonnais.fr\/site\/2018\/02\/20\/meyzieu-appel-a-la-vigilance-lance-aux-commercants-majolans\/"},"author":{"name":"R\u00e9dac. NEWS","@id":"https:\/\/newsestlyonnais.fr\/site\/#\/schema\/person\/3230d5615f390bb808365d673001e887"},"headline":"MEYZIEU : Appel \u00e0 la vigilance lanc\u00e9 aux commer\u00e7ants majolans !","datePublished":"2018-02-20T08:38:25+00:00","dateModified":"2020-10-22T07:40:22+00:00","mainEntityOfPage":{"@id":"https:\/\/newsestlyonnais.fr\/site\/2018\/02\/20\/meyzieu-appel-a-la-vigilance-lance-aux-commercants-majolans\/"},"wordCount":215,"commentCount":0,"publisher":{"@id":"https:\/\/newsestlyonnais.fr\/site\/#organization"},"articleSection":["\u00e0 la une","Artisans | Commerces","Meyzieu","P'tites News","Pratique"],"inLanguage":"fr-FR","potentialAction":[{"@type":"CommentAction","name":"Comment","target":["https:\/\/newsestlyonnais.fr\/site\/2018\/02\/20\/meyzieu-appel-a-la-vigilance-lance-aux-commercants-majolans\/#respond"]}]},{"@type":"WebPage","@id":"https:\/\/newsestlyonnais.fr\/site\/2018\/02\/20\/meyzieu-appel-a-la-vigilance-lance-aux-commercants-majolans\/","url":"https:\/\/newsestlyonnais.fr\/site\/2018\/02\/20\/meyzieu-appel-a-la-vigilance-lance-aux-commercants-majolans\/","name":"MEYZIEU : Appel \u00e0 la vigilance lanc\u00e9 aux commer\u00e7ants majolans !","isPartOf":{"@id":"https:\/\/newsestlyonnais.fr\/site\/#website"},"datePublished":"2018-02-20T08:38:25+00:00","dateModified":"2020-10-22T07:40:22+00:00","description":"MEYZIEU : Appel \u00e0 la vigilance lanc\u00e9 aux commer\u00e7ants majolans !","breadcrumb":{"@id":"https:\/\/newsestlyonnais.fr\/site\/2018\/02\/20\/meyzieu-appel-a-la-vigilance-lance-aux-commercants-majolans\/#breadcrumb"},"inLanguage":"fr-FR","potentialAction":[{"@type":"ReadAction","target":["https:\/\/newsestlyonnais.fr\/site\/2018\/02\/20\/meyzieu-appel-a-la-vigilance-lance-aux-commercants-majolans\/"]}]},{"@type":"BreadcrumbList","@id":"https:\/\/newsestlyonnais.fr\/site\/2018\/02\/20\/meyzieu-appel-a-la-vigilance-lance-aux-commercants-majolans\/#breadcrumb","itemListElement":[{"@type":"ListItem","position":1,"name":"Accueil","item":"https:\/\/newsestlyonnais.fr\/site\/"},{"@type":"ListItem","position":2,"name":"MEYZIEU : Appel \u00e0 la vigilance lanc\u00e9 aux commer\u00e7ants majolans !"}]},{"@type":"WebSite","@id":"https:\/\/newsestlyonnais.fr\/site\/#website","url":"https:\/\/newsestlyonnais.fr\/site\/","name":"News Est Lyonnais","description":"L&#039;actualit\u00e9 au plus pr\u00e8s","publisher":{"@id":"https:\/\/newsestlyonnais.fr\/site\/#organization"},"potentialAction":[{"@type":"SearchAction","target":{"@type":"EntryPoint","urlTemplate":"https:\/\/newsestlyonnais.fr\/site\/?s={search_term_string}"},"query-input":{"@type":"PropertyValueSpecification","valueRequired":true,"valueName":"search_term_string"}}],"inLanguage":"fr-FR"},{"@type":"Organization","@id":"https:\/\/newsestlyonnais.fr\/site\/#organization","name":"News EST LYONNAIS","url":"https:\/\/newsestlyonnais.fr\/site\/","logo":{"@type":"ImageObject","inLanguage":"fr-FR","@id":"https:\/\/newsestlyonnais.fr\/site\/#\/schema\/logo\/image\/","url":"","contentUrl":"","caption":"News EST LYONNAIS"},"image":{"@id":"https:\/\/newsestlyonnais.fr\/site\/#\/schema\/logo\/image\/"}},{"@type":"Person","@id":"https:\/\/newsestlyonnais.fr\/site\/#\/schema\/person\/3230d5615f390bb808365d673001e887","name":"R\u00e9dac. NEWS","sameAs":["http:\/\/www.newsestlyonnais.fr","https:\/\/www.facebook.com\/pascal.oberson.1?fref=ts","https:\/\/fr.linkedin.com\/in\/pascal-oberson-b17045113"],"url":"https:\/\/newsestlyonnais.fr\/site\/author\/nel\/"}]}},"_links":{"self":[{"href":"https:\/\/newsestlyonnais.fr\/site\/wp-json\/wp\/v2\/posts\/44506","targetHints":{"allow":["GET"]}}],"collection":[{"href":"https:\/\/newsestlyonnais.fr\/site\/wp-json\/wp\/v2\/posts"}],"about":[{"href":"https:\/\/newsestlyonnais.fr\/site\/wp-json\/wp\/v2\/types\/post"}],"author":[{"embeddable":true,"href":"https:\/\/newsestlyonnais.fr\/site\/wp-json\/wp\/v2\/users\/4"}],"replies":[{"embeddable":true,"href":"https:\/\/newsestlyonnais.fr\/site\/wp-json\/wp\/v2\/comments?post=44506"}],"version-history":[{"count":0,"href":"https:\/\/newsestlyonnais.fr\/site\/wp-json\/wp\/v2\/posts\/44506\/revisions"}],"wp:attachment":[{"href":"https:\/\/newsestlyonnais.fr\/site\/wp-json\/wp\/v2\/media?parent=44506"}],"wp:term":[{"taxonomy":"category","embeddable":true,"href":"https:\/\/newsestlyonnais.fr\/site\/wp-json\/wp\/v2\/categories?post=44506"},{"taxonomy":"post_tag","embeddable":true,"href":"https:\/\/newsestlyonnais.fr\/site\/wp-json\/wp\/v2\/tags?post=44506"}],"curies":[{"name":"wp","href":"https:\/\/api.w.org\/{rel}","templated":true}]}}