{"id":44530,"date":"2018-02-22T14:40:22","date_gmt":"2018-02-22T13:40:22","guid":{"rendered":"http:\/\/newsestlyonnais.fr\/site\/?p=44530"},"modified":"2020-10-24T14:07:01","modified_gmt":"2020-10-24T13:07:01","slug":"lyon-8-fete-du-timbre-le-timbre-prend-la-route","status":"publish","type":"post","link":"https:\/\/newsestlyonnais.fr\/site\/2018\/02\/22\/lyon-8-fete-du-timbre-le-timbre-prend-la-route\/","title":{"rendered":"LYON 8 | \u00ab\u00a0FETE DU TIMBRE\u00a0\u00bb le timbre prend la route"},"content":{"rendered":"<h4>103 villes, dont Lyon, se sont inscrites pour organiser cette F\u00eate du Timbre, premi\u00e8re ann\u00e9e d\u2019un nouveau cycle de timbres et blocs consacr\u00e9s \u00e0 l\u2019automobile.<\/h4>\n<p>Le th\u00e8me 2018 valorisera en particulier <strong>\u2019<i>l\u2019automobile et le sport<\/i>\u2019<\/strong> avec l\u2019Alpine A110 et la R5 Turbo, chacune ayant marqu\u00e9 son \u00e9poque avec de nombreuses victoires. De bonne augure sans aucun doute pour les associations organisatrices et leurs expositions que philat\u00e9listes et\/ou passionn\u00e9s d\u2019automobile ne manqueront pas d\u2019aller visiter.<\/p>\n<p><span style=\"text-decoration: underline\"><em><strong>Le Timbre prend la Route pour 4 ans avec une nouvelle s\u00e9rie philat\u00e9lique \u00ab Voitures anciennes \u00bb:<\/strong><\/em><\/span><\/p>\n<p>En 2018, la F\u00eate du Timbre sera aux couleurs de Renault et au sport automobile avec un timbre \u00ab Alpine Renault A 110 \u00bb et un bloc-feuillet \u00ab Renault Maxi 5 Turbo \u00bb.<\/p>\n<p>Organis\u00e9e par <strong>PHILAPOSTEL Rh\u00f4ne-Alpes<\/strong>, association de la F\u00e9d\u00e9ration Fran\u00e7aise des Associations Philat\u00e9liques, et La Poste, la F\u00eate du Timbre se d\u00e9roule \u00e0 l&rsquo;Atrium, Mairie du 8\u00b0 arrondissement, 12 avenue Jean Mermoz. Samedi 10 mars de 9 h \u00e0 18 h 1 Dimanche 11 mars de 9 h \u00e0 17 h.<\/p>\n<p>______________________________________________________________________________<\/p>\n<p><em><strong>NOTA<\/strong><\/em> : La Poste met en vente, en avant-premi\u00e8re un timbre sur la berlinette \u00ab\u00a0Alpine Renault A 110\u00a0\u00bb et un bloc feuillet \u00ab\u00a0Renault Maxi 5 Turbo\u00a0\u00bb<\/p>\n<p>_____________________________________________________________________________<\/p>\n<ul>\n<li><em><strong>Plus d&rsquo;infos sur : <a href=\"https:\/\/www.ffap.net\/Evenements\/fete_du_timbre.php\" target=\"_blank\" rel=\"noopener noreferrer\">https:\/\/www.ffap.net\/Evenements\/fete_du_timbre.php<\/a><\/strong><\/em><\/li>\n<\/ul>\n","protected":false},"excerpt":{"rendered":"<p>103 villes, dont Lyon, se sont inscrites pour organiser cette F\u00eate du Timbre, premi\u00e8re ann\u00e9e d\u2019un nouveau cycle de timbres et blocs consacr\u00e9s \u00e0 l\u2019automobile.<\/p>\n","protected":false},"author":4,"featured_media":44529,"comment_status":"open","ping_status":"open","sticky":false,"template":"","format":"standard","meta":{"footnotes":""},"categories":[3009,3002,3329,1625],"tags":[],"class_list":["post-44530","post","type-post","status-publish","format-standard","has-post-thumbnail","hentry","category-autos-motos","category-brocantes-collections-3","category-expos-foires-musees-salons","category-lyon"],"yoast_head":"<!-- This site is optimized with the Yoast SEO plugin v27.2 - https:\/\/yoast.com\/product\/yoast-seo-wordpress\/ -->\n<title>LYON 8 | &quot;FETE DU TIMBRE&quot; le timbre prend la route<\/title>\n<meta name=\"description\" content=\"LYON 8 | &quot;FETE DU TIMBRE&quot; le timbre prend la route\" \/>\n<meta name=\"robots\" content=\"index, follow, max-snippet:-1, max-image-preview:large, max-video-preview:-1\" \/>\n<link rel=\"canonical\" href=\"https:\/\/newsestlyonnais.fr\/site\/2018\/02\/22\/lyon-8-fete-du-timbre-le-timbre-prend-la-route\/\" \/>\n<meta property=\"og:locale\" content=\"fr_FR\" \/>\n<meta property=\"og:type\" content=\"article\" \/>\n<meta property=\"og:title\" content=\"LYON 8 | &quot;FETE DU TIMBRE&quot; le timbre prend la route\" \/>\n<meta property=\"og:description\" content=\"LYON 8 | &quot;FETE DU TIMBRE&quot; le timbre prend la route\" \/>\n<meta property=\"og:url\" content=\"https:\/\/newsestlyonnais.fr\/site\/2018\/02\/22\/lyon-8-fete-du-timbre-le-timbre-prend-la-route\/\" \/>\n<meta property=\"og:site_name\" content=\"News Est Lyonnais\" \/>\n<meta property=\"article:author\" content=\"https:\/\/www.facebook.com\/pascal.oberson.1?fref=ts\" \/>\n<meta property=\"article:published_time\" content=\"2018-02-22T13:40:22+00:00\" \/>\n<meta property=\"article:modified_time\" content=\"2020-10-24T13:07:01+00:00\" \/>\n<meta property=\"og:image\" content=\"https:\/\/i1.wp.com\/newsestlyonnais.fr\/site\/wp-content\/uploads\/2018\/02\/NEWSESTLYONNAIS-FDT2018.jpg?fit=1418%2C1889&ssl=1\" \/>\n\t<meta property=\"og:image:width\" content=\"1418\" \/>\n\t<meta property=\"og:image:height\" content=\"1889\" \/>\n\t<meta property=\"og:image:type\" content=\"image\/jpeg\" \/>\n<meta name=\"author\" content=\"R\u00e9dac. NEWS\" \/>\n<meta name=\"twitter:card\" content=\"summary_large_image\" \/>\n<meta name=\"twitter:label1\" content=\"\u00c9crit par\" \/>\n\t<meta name=\"twitter:data1\" content=\"R\u00e9dac. NEWS\" \/>\n\t<meta name=\"twitter:label2\" content=\"Dur\u00e9e de lecture estim\u00e9e\" \/>\n\t<meta name=\"twitter:data2\" content=\"1 minute\" \/>\n<script type=\"application\/ld+json\" class=\"yoast-schema-graph\">{\"@context\":\"https:\/\/schema.org\",\"@graph\":[{\"@type\":\"Article\",\"@id\":\"https:\/\/newsestlyonnais.fr\/site\/2018\/02\/22\/lyon-8-fete-du-timbre-le-timbre-prend-la-route\/#article\",\"isPartOf\":{\"@id\":\"https:\/\/newsestlyonnais.fr\/site\/2018\/02\/22\/lyon-8-fete-du-timbre-le-timbre-prend-la-route\/\"},\"author\":{\"name\":\"R\u00e9dac. NEWS\",\"@id\":\"https:\/\/newsestlyonnais.fr\/site\/#\/schema\/person\/3230d5615f390bb808365d673001e887\"},\"headline\":\"LYON 8 | \u00ab\u00a0FETE DU TIMBRE\u00a0\u00bb le timbre prend la route\",\"datePublished\":\"2018-02-22T13:40:22+00:00\",\"dateModified\":\"2020-10-24T13:07:01+00:00\",\"mainEntityOfPage\":{\"@id\":\"https:\/\/newsestlyonnais.fr\/site\/2018\/02\/22\/lyon-8-fete-du-timbre-le-timbre-prend-la-route\/\"},\"wordCount\":221,\"commentCount\":0,\"publisher\":{\"@id\":\"https:\/\/newsestlyonnais.fr\/site\/#organization\"},\"image\":{\"@id\":\"https:\/\/newsestlyonnais.fr\/site\/2018\/02\/22\/lyon-8-fete-du-timbre-le-timbre-prend-la-route\/#primaryimage\"},\"thumbnailUrl\":\"https:\/\/newsestlyonnais.fr\/site\/wp-content\/uploads\/2018\/02\/NEWSESTLYONNAIS-FDT2018.jpg\",\"articleSection\":[\"Autos | Motos\",\"Brocantes | Collections\",\"Expos | Foires | Mus\u00e9es | Salons\",\"Lyon\"],\"inLanguage\":\"fr-FR\",\"potentialAction\":[{\"@type\":\"CommentAction\",\"name\":\"Comment\",\"target\":[\"https:\/\/newsestlyonnais.fr\/site\/2018\/02\/22\/lyon-8-fete-du-timbre-le-timbre-prend-la-route\/#respond\"]}]},{\"@type\":\"WebPage\",\"@id\":\"https:\/\/newsestlyonnais.fr\/site\/2018\/02\/22\/lyon-8-fete-du-timbre-le-timbre-prend-la-route\/\",\"url\":\"https:\/\/newsestlyonnais.fr\/site\/2018\/02\/22\/lyon-8-fete-du-timbre-le-timbre-prend-la-route\/\",\"name\":\"LYON 8 | \\\"FETE DU TIMBRE\\\" le timbre prend la route\",\"isPartOf\":{\"@id\":\"https:\/\/newsestlyonnais.fr\/site\/#website\"},\"primaryImageOfPage\":{\"@id\":\"https:\/\/newsestlyonnais.fr\/site\/2018\/02\/22\/lyon-8-fete-du-timbre-le-timbre-prend-la-route\/#primaryimage\"},\"image\":{\"@id\":\"https:\/\/newsestlyonnais.fr\/site\/2018\/02\/22\/lyon-8-fete-du-timbre-le-timbre-prend-la-route\/#primaryimage\"},\"thumbnailUrl\":\"https:\/\/newsestlyonnais.fr\/site\/wp-content\/uploads\/2018\/02\/NEWSESTLYONNAIS-FDT2018.jpg\",\"datePublished\":\"2018-02-22T13:40:22+00:00\",\"dateModified\":\"2020-10-24T13:07:01+00:00\",\"description\":\"LYON 8 | \\\"FETE DU TIMBRE\\\" le timbre prend la route\",\"breadcrumb\":{\"@id\":\"https:\/\/newsestlyonnais.fr\/site\/2018\/02\/22\/lyon-8-fete-du-timbre-le-timbre-prend-la-route\/#breadcrumb\"},\"inLanguage\":\"fr-FR\",\"potentialAction\":[{\"@type\":\"ReadAction\",\"target\":[\"https:\/\/newsestlyonnais.fr\/site\/2018\/02\/22\/lyon-8-fete-du-timbre-le-timbre-prend-la-route\/\"]}]},{\"@type\":\"ImageObject\",\"inLanguage\":\"fr-FR\",\"@id\":\"https:\/\/newsestlyonnais.fr\/site\/2018\/02\/22\/lyon-8-fete-du-timbre-le-timbre-prend-la-route\/#primaryimage\",\"url\":\"https:\/\/newsestlyonnais.fr\/site\/wp-content\/uploads\/2018\/02\/NEWSESTLYONNAIS-FDT2018.jpg\",\"contentUrl\":\"https:\/\/newsestlyonnais.fr\/site\/wp-content\/uploads\/2018\/02\/NEWSESTLYONNAIS-FDT2018.jpg\",\"width\":1418,\"height\":1889,\"caption\":\"NEWSESTLYONNAIS FDT2018\"},{\"@type\":\"BreadcrumbList\",\"@id\":\"https:\/\/newsestlyonnais.fr\/site\/2018\/02\/22\/lyon-8-fete-du-timbre-le-timbre-prend-la-route\/#breadcrumb\",\"itemListElement\":[{\"@type\":\"ListItem\",\"position\":1,\"name\":\"Accueil\",\"item\":\"https:\/\/newsestlyonnais.fr\/site\/\"},{\"@type\":\"ListItem\",\"position\":2,\"name\":\"LYON 8 | \u00ab\u00a0FETE DU TIMBRE\u00a0\u00bb le timbre prend la route\"}]},{\"@type\":\"WebSite\",\"@id\":\"https:\/\/newsestlyonnais.fr\/site\/#website\",\"url\":\"https:\/\/newsestlyonnais.fr\/site\/\",\"name\":\"News Est Lyonnais\",\"description\":\"L&#039;actualit\u00e9 au plus pr\u00e8s\",\"publisher\":{\"@id\":\"https:\/\/newsestlyonnais.fr\/site\/#organization\"},\"potentialAction\":[{\"@type\":\"SearchAction\",\"target\":{\"@type\":\"EntryPoint\",\"urlTemplate\":\"https:\/\/newsestlyonnais.fr\/site\/?s={search_term_string}\"},\"query-input\":{\"@type\":\"PropertyValueSpecification\",\"valueRequired\":true,\"valueName\":\"search_term_string\"}}],\"inLanguage\":\"fr-FR\"},{\"@type\":\"Organization\",\"@id\":\"https:\/\/newsestlyonnais.fr\/site\/#organization\",\"name\":\"News EST LYONNAIS\",\"url\":\"https:\/\/newsestlyonnais.fr\/site\/\",\"logo\":{\"@type\":\"ImageObject\",\"inLanguage\":\"fr-FR\",\"@id\":\"https:\/\/newsestlyonnais.fr\/site\/#\/schema\/logo\/image\/\",\"url\":\"\",\"contentUrl\":\"\",\"caption\":\"News EST LYONNAIS\"},\"image\":{\"@id\":\"https:\/\/newsestlyonnais.fr\/site\/#\/schema\/logo\/image\/\"}},{\"@type\":\"Person\",\"@id\":\"https:\/\/newsestlyonnais.fr\/site\/#\/schema\/person\/3230d5615f390bb808365d673001e887\",\"name\":\"R\u00e9dac. NEWS\",\"sameAs\":[\"http:\/\/www.newsestlyonnais.fr\",\"https:\/\/www.facebook.com\/pascal.oberson.1?fref=ts\",\"https:\/\/fr.linkedin.com\/in\/pascal-oberson-b17045113\"],\"url\":\"https:\/\/newsestlyonnais.fr\/site\/author\/nel\/\"}]}<\/script>\n<!-- \/ Yoast SEO plugin. -->","yoast_head_json":{"title":"LYON 8 | \"FETE DU TIMBRE\" le timbre prend la route","description":"LYON 8 | \"FETE DU TIMBRE\" le timbre prend la route","robots":{"index":"index","follow":"follow","max-snippet":"max-snippet:-1","max-image-preview":"max-image-preview:large","max-video-preview":"max-video-preview:-1"},"canonical":"https:\/\/newsestlyonnais.fr\/site\/2018\/02\/22\/lyon-8-fete-du-timbre-le-timbre-prend-la-route\/","og_locale":"fr_FR","og_type":"article","og_title":"LYON 8 | \"FETE DU TIMBRE\" le timbre prend la route","og_description":"LYON 8 | \"FETE DU TIMBRE\" le timbre prend la route","og_url":"https:\/\/newsestlyonnais.fr\/site\/2018\/02\/22\/lyon-8-fete-du-timbre-le-timbre-prend-la-route\/","og_site_name":"News Est Lyonnais","article_author":"https:\/\/www.facebook.com\/pascal.oberson.1?fref=ts","article_published_time":"2018-02-22T13:40:22+00:00","article_modified_time":"2020-10-24T13:07:01+00:00","og_image":[{"width":1418,"height":1889,"url":"https:\/\/i1.wp.com\/newsestlyonnais.fr\/site\/wp-content\/uploads\/2018\/02\/NEWSESTLYONNAIS-FDT2018.jpg?fit=1418%2C1889&ssl=1","type":"image\/jpeg"}],"author":"R\u00e9dac. NEWS","twitter_card":"summary_large_image","twitter_misc":{"\u00c9crit par":"R\u00e9dac. NEWS","Dur\u00e9e de lecture estim\u00e9e":"1 minute"},"schema":{"@context":"https:\/\/schema.org","@graph":[{"@type":"Article","@id":"https:\/\/newsestlyonnais.fr\/site\/2018\/02\/22\/lyon-8-fete-du-timbre-le-timbre-prend-la-route\/#article","isPartOf":{"@id":"https:\/\/newsestlyonnais.fr\/site\/2018\/02\/22\/lyon-8-fete-du-timbre-le-timbre-prend-la-route\/"},"author":{"name":"R\u00e9dac. NEWS","@id":"https:\/\/newsestlyonnais.fr\/site\/#\/schema\/person\/3230d5615f390bb808365d673001e887"},"headline":"LYON 8 | \u00ab\u00a0FETE DU TIMBRE\u00a0\u00bb le timbre prend la route","datePublished":"2018-02-22T13:40:22+00:00","dateModified":"2020-10-24T13:07:01+00:00","mainEntityOfPage":{"@id":"https:\/\/newsestlyonnais.fr\/site\/2018\/02\/22\/lyon-8-fete-du-timbre-le-timbre-prend-la-route\/"},"wordCount":221,"commentCount":0,"publisher":{"@id":"https:\/\/newsestlyonnais.fr\/site\/#organization"},"image":{"@id":"https:\/\/newsestlyonnais.fr\/site\/2018\/02\/22\/lyon-8-fete-du-timbre-le-timbre-prend-la-route\/#primaryimage"},"thumbnailUrl":"https:\/\/newsestlyonnais.fr\/site\/wp-content\/uploads\/2018\/02\/NEWSESTLYONNAIS-FDT2018.jpg","articleSection":["Autos | Motos","Brocantes | Collections","Expos | Foires | Mus\u00e9es | Salons","Lyon"],"inLanguage":"fr-FR","potentialAction":[{"@type":"CommentAction","name":"Comment","target":["https:\/\/newsestlyonnais.fr\/site\/2018\/02\/22\/lyon-8-fete-du-timbre-le-timbre-prend-la-route\/#respond"]}]},{"@type":"WebPage","@id":"https:\/\/newsestlyonnais.fr\/site\/2018\/02\/22\/lyon-8-fete-du-timbre-le-timbre-prend-la-route\/","url":"https:\/\/newsestlyonnais.fr\/site\/2018\/02\/22\/lyon-8-fete-du-timbre-le-timbre-prend-la-route\/","name":"LYON 8 | \"FETE DU TIMBRE\" le timbre prend la route","isPartOf":{"@id":"https:\/\/newsestlyonnais.fr\/site\/#website"},"primaryImageOfPage":{"@id":"https:\/\/newsestlyonnais.fr\/site\/2018\/02\/22\/lyon-8-fete-du-timbre-le-timbre-prend-la-route\/#primaryimage"},"image":{"@id":"https:\/\/newsestlyonnais.fr\/site\/2018\/02\/22\/lyon-8-fete-du-timbre-le-timbre-prend-la-route\/#primaryimage"},"thumbnailUrl":"https:\/\/newsestlyonnais.fr\/site\/wp-content\/uploads\/2018\/02\/NEWSESTLYONNAIS-FDT2018.jpg","datePublished":"2018-02-22T13:40:22+00:00","dateModified":"2020-10-24T13:07:01+00:00","description":"LYON 8 | \"FETE DU TIMBRE\" le timbre prend la route","breadcrumb":{"@id":"https:\/\/newsestlyonnais.fr\/site\/2018\/02\/22\/lyon-8-fete-du-timbre-le-timbre-prend-la-route\/#breadcrumb"},"inLanguage":"fr-FR","potentialAction":[{"@type":"ReadAction","target":["https:\/\/newsestlyonnais.fr\/site\/2018\/02\/22\/lyon-8-fete-du-timbre-le-timbre-prend-la-route\/"]}]},{"@type":"ImageObject","inLanguage":"fr-FR","@id":"https:\/\/newsestlyonnais.fr\/site\/2018\/02\/22\/lyon-8-fete-du-timbre-le-timbre-prend-la-route\/#primaryimage","url":"https:\/\/newsestlyonnais.fr\/site\/wp-content\/uploads\/2018\/02\/NEWSESTLYONNAIS-FDT2018.jpg","contentUrl":"https:\/\/newsestlyonnais.fr\/site\/wp-content\/uploads\/2018\/02\/NEWSESTLYONNAIS-FDT2018.jpg","width":1418,"height":1889,"caption":"NEWSESTLYONNAIS FDT2018"},{"@type":"BreadcrumbList","@id":"https:\/\/newsestlyonnais.fr\/site\/2018\/02\/22\/lyon-8-fete-du-timbre-le-timbre-prend-la-route\/#breadcrumb","itemListElement":[{"@type":"ListItem","position":1,"name":"Accueil","item":"https:\/\/newsestlyonnais.fr\/site\/"},{"@type":"ListItem","position":2,"name":"LYON 8 | \u00ab\u00a0FETE DU TIMBRE\u00a0\u00bb le timbre prend la route"}]},{"@type":"WebSite","@id":"https:\/\/newsestlyonnais.fr\/site\/#website","url":"https:\/\/newsestlyonnais.fr\/site\/","name":"News Est Lyonnais","description":"L&#039;actualit\u00e9 au plus pr\u00e8s","publisher":{"@id":"https:\/\/newsestlyonnais.fr\/site\/#organization"},"potentialAction":[{"@type":"SearchAction","target":{"@type":"EntryPoint","urlTemplate":"https:\/\/newsestlyonnais.fr\/site\/?s={search_term_string}"},"query-input":{"@type":"PropertyValueSpecification","valueRequired":true,"valueName":"search_term_string"}}],"inLanguage":"fr-FR"},{"@type":"Organization","@id":"https:\/\/newsestlyonnais.fr\/site\/#organization","name":"News EST LYONNAIS","url":"https:\/\/newsestlyonnais.fr\/site\/","logo":{"@type":"ImageObject","inLanguage":"fr-FR","@id":"https:\/\/newsestlyonnais.fr\/site\/#\/schema\/logo\/image\/","url":"","contentUrl":"","caption":"News EST LYONNAIS"},"image":{"@id":"https:\/\/newsestlyonnais.fr\/site\/#\/schema\/logo\/image\/"}},{"@type":"Person","@id":"https:\/\/newsestlyonnais.fr\/site\/#\/schema\/person\/3230d5615f390bb808365d673001e887","name":"R\u00e9dac. NEWS","sameAs":["http:\/\/www.newsestlyonnais.fr","https:\/\/www.facebook.com\/pascal.oberson.1?fref=ts","https:\/\/fr.linkedin.com\/in\/pascal-oberson-b17045113"],"url":"https:\/\/newsestlyonnais.fr\/site\/author\/nel\/"}]}},"_links":{"self":[{"href":"https:\/\/newsestlyonnais.fr\/site\/wp-json\/wp\/v2\/posts\/44530","targetHints":{"allow":["GET"]}}],"collection":[{"href":"https:\/\/newsestlyonnais.fr\/site\/wp-json\/wp\/v2\/posts"}],"about":[{"href":"https:\/\/newsestlyonnais.fr\/site\/wp-json\/wp\/v2\/types\/post"}],"author":[{"embeddable":true,"href":"https:\/\/newsestlyonnais.fr\/site\/wp-json\/wp\/v2\/users\/4"}],"replies":[{"embeddable":true,"href":"https:\/\/newsestlyonnais.fr\/site\/wp-json\/wp\/v2\/comments?post=44530"}],"version-history":[{"count":0,"href":"https:\/\/newsestlyonnais.fr\/site\/wp-json\/wp\/v2\/posts\/44530\/revisions"}],"wp:featuredmedia":[{"embeddable":true,"href":"https:\/\/newsestlyonnais.fr\/site\/wp-json\/wp\/v2\/media\/44529"}],"wp:attachment":[{"href":"https:\/\/newsestlyonnais.fr\/site\/wp-json\/wp\/v2\/media?parent=44530"}],"wp:term":[{"taxonomy":"category","embeddable":true,"href":"https:\/\/newsestlyonnais.fr\/site\/wp-json\/wp\/v2\/categories?post=44530"},{"taxonomy":"post_tag","embeddable":true,"href":"https:\/\/newsestlyonnais.fr\/site\/wp-json\/wp\/v2\/tags?post=44530"}],"curies":[{"name":"wp","href":"https:\/\/api.w.org\/{rel}","templated":true}]}}