{"id":44572,"date":"2018-02-23T06:18:05","date_gmt":"2018-02-23T05:18:05","guid":{"rendered":"http:\/\/newsestlyonnais.fr\/site\/?p=44572"},"modified":"2020-11-15T19:02:28","modified_gmt":"2020-11-15T18:02:28","slug":"meyzieu-ma-commune-a-du-coeur-la-commune-labellisee","status":"publish","type":"post","link":"https:\/\/newsestlyonnais.fr\/site\/2018\/02\/23\/meyzieu-ma-commune-a-du-coeur-la-commune-labellisee\/","title":{"rendered":"MEYZIEU | \u00a0\u00bb Ma commune a du c\u0153ur \u00a0\u00bb la ville labellis\u00e9e"},"content":{"rendered":"<h4>Hasard du calendrier, une semaine, jour pour jour apr\u00e8s la St-Valentin, la Ville de Meyzieu obtenait le label \u00ab Ma commune a du c\u0153ur \u00bb.<\/h4>\n<p>En France, ce label s\u00e9lectif r\u00e9compense seulement <strong>500 des 38.000 collectivit\u00e9s territoriales<\/strong> : celles qui installent des d\u00e9fibrillateurs et m\u00e8nent des actions de sensibilisation aux risques cardiovasculaires.<br \/>\n<strong>\u00c0 Meyzieu, 6 d\u00e9fibrillateurs<\/strong> sont install\u00e9s dans diff\u00e9rents \u00e9quipements recevant du public : l\u2019H\u00f4tel de Ville, l\u2019Octogone, le boulodrome, l\u2019Espace Jean Poperen, la m\u00e9diath\u00e8que et le poste de la Police municipale.<\/p>\n<p>Par ailleurs pr\u00e8s de <strong>80 personnes<\/strong>, agents municipaux ou b\u00e9n\u00e9voles d\u2019associations ont \u00e9t\u00e9 ou vont \u00eatre <strong>form\u00e9s \u00e0 la bonne utilisation des d\u00e9fibrillateurs.<\/strong><br \/>\nAvec deux c\u0153urs sur trois possibles, Meyzieu se positionne donc parmi les communes volontaristes en mati\u00e8re de lutte contre les accidents cardiaques. La Ville poursuivra ses actions en 2018 puisque de nouvelles sessions de formation ainsi que l\u2019installation d\u2019autres d\u00e9fibrillateurs sont pr\u00e9vues dans les prochains mois.<br \/>\nApr\u00e8s la signature de la convention avec Axiom, pour la mise en place d\u2019une mutuelle communale et l\u2019accueil de permanences de la m\u00e9diation de sant\u00e9, la Ville r\u00e9affirme sa volont\u00e9 de prendre soin de la sant\u00e9 des Majolans.<\/p>\n<ul>\n<li><strong>Toute l\u2019ACTU de la commune sur : <a href=\"http:\/\/www.meyzieu.fr\" target=\"_blank\" rel=\"noopener noreferrer\">http:\/\/www.meyzieu.fr<\/a><\/strong><\/li>\n<\/ul>\n","protected":false},"excerpt":{"rendered":"<p>Hasard du calendrier, une semaine, jour pour jour apr\u00e8s la St-Valentin, la Ville de Meyzieu obtenait le label \u00ab Ma commune a du c\u0153ur \u00bb. En France, ce label s\u00e9lectif r\u00e9compense seulement 500 des 38.000 collectivit\u00e9s territoriales : celles qui installent des d\u00e9fibrillateurs et m\u00e8nent des actions de sensibilisation aux risques cardiovasculaires. \u00c0 Meyzieu, 6 [&hellip;]<\/p>\n","protected":false},"author":4,"featured_media":0,"comment_status":"open","ping_status":"open","sticky":false,"template":"","format":"standard","meta":{"footnotes":""},"categories":[3328,4,24,309,18],"tags":[],"class_list":["post-44572","post","type-post","status-publish","format-standard","hentry","category-concours-jeux-labels-lotos","category-evenements-divers","category-meyzieu","category-pratique","category-sante-bien-etre-solidarite"],"yoast_head":"<!-- This site is optimized with the Yoast SEO plugin v27.2 - https:\/\/yoast.com\/product\/yoast-seo-wordpress\/ -->\n<title>MEYZIEU : &quot; Ma commune a du c\u0153ur &quot; la ville labellis\u00e9e !<\/title>\n<meta name=\"description\" content=\"MEYZIEU : &quot; Ma commune a du c\u0153ur &quot; la ville labellis\u00e9e !\" \/>\n<meta name=\"robots\" content=\"index, follow, max-snippet:-1, max-image-preview:large, max-video-preview:-1\" \/>\n<link rel=\"canonical\" href=\"https:\/\/newsestlyonnais.fr\/site\/2018\/02\/23\/meyzieu-ma-commune-a-du-coeur-la-commune-labellisee\/\" \/>\n<meta property=\"og:locale\" content=\"fr_FR\" \/>\n<meta property=\"og:type\" content=\"article\" \/>\n<meta property=\"og:title\" content=\"MEYZIEU : &quot; Ma commune a du c\u0153ur &quot; la ville labellis\u00e9e !\" \/>\n<meta property=\"og:description\" content=\"MEYZIEU : &quot; Ma commune a du c\u0153ur &quot; la ville labellis\u00e9e !\" \/>\n<meta property=\"og:url\" content=\"https:\/\/newsestlyonnais.fr\/site\/2018\/02\/23\/meyzieu-ma-commune-a-du-coeur-la-commune-labellisee\/\" \/>\n<meta property=\"og:site_name\" content=\"News Est Lyonnais\" \/>\n<meta property=\"article:author\" content=\"https:\/\/www.facebook.com\/pascal.oberson.1?fref=ts\" \/>\n<meta property=\"article:published_time\" content=\"2018-02-23T05:18:05+00:00\" \/>\n<meta property=\"article:modified_time\" content=\"2020-11-15T18:02:28+00:00\" \/>\n<meta name=\"author\" content=\"R\u00e9dac. NEWS\" \/>\n<meta name=\"twitter:card\" content=\"summary_large_image\" \/>\n<meta name=\"twitter:label1\" content=\"\u00c9crit par\" \/>\n\t<meta name=\"twitter:data1\" content=\"R\u00e9dac. NEWS\" \/>\n\t<meta name=\"twitter:label2\" content=\"Dur\u00e9e de lecture estim\u00e9e\" \/>\n\t<meta name=\"twitter:data2\" content=\"1 minute\" \/>\n<script type=\"application\/ld+json\" class=\"yoast-schema-graph\">{\"@context\":\"https:\/\/schema.org\",\"@graph\":[{\"@type\":\"Article\",\"@id\":\"https:\/\/newsestlyonnais.fr\/site\/2018\/02\/23\/meyzieu-ma-commune-a-du-coeur-la-commune-labellisee\/#article\",\"isPartOf\":{\"@id\":\"https:\/\/newsestlyonnais.fr\/site\/2018\/02\/23\/meyzieu-ma-commune-a-du-coeur-la-commune-labellisee\/\"},\"author\":{\"name\":\"R\u00e9dac. NEWS\",\"@id\":\"https:\/\/newsestlyonnais.fr\/site\/#\/schema\/person\/3230d5615f390bb808365d673001e887\"},\"headline\":\"MEYZIEU | \u00a0\u00bb Ma commune a du c\u0153ur \u00a0\u00bb la ville labellis\u00e9e\",\"datePublished\":\"2018-02-23T05:18:05+00:00\",\"dateModified\":\"2020-11-15T18:02:28+00:00\",\"mainEntityOfPage\":{\"@id\":\"https:\/\/newsestlyonnais.fr\/site\/2018\/02\/23\/meyzieu-ma-commune-a-du-coeur-la-commune-labellisee\/\"},\"wordCount\":234,\"commentCount\":0,\"publisher\":{\"@id\":\"https:\/\/newsestlyonnais.fr\/site\/#organization\"},\"articleSection\":[\"Concours | Jeux | Labels | Lotos\",\"Ev\u00e8nements divers\",\"Meyzieu\",\"Pratique\",\"Sant\u00e9 | Bien Etre | Solidarit\u00e9\"],\"inLanguage\":\"fr-FR\",\"potentialAction\":[{\"@type\":\"CommentAction\",\"name\":\"Comment\",\"target\":[\"https:\/\/newsestlyonnais.fr\/site\/2018\/02\/23\/meyzieu-ma-commune-a-du-coeur-la-commune-labellisee\/#respond\"]}]},{\"@type\":\"WebPage\",\"@id\":\"https:\/\/newsestlyonnais.fr\/site\/2018\/02\/23\/meyzieu-ma-commune-a-du-coeur-la-commune-labellisee\/\",\"url\":\"https:\/\/newsestlyonnais.fr\/site\/2018\/02\/23\/meyzieu-ma-commune-a-du-coeur-la-commune-labellisee\/\",\"name\":\"MEYZIEU : \\\" Ma commune a du c\u0153ur \\\" la ville labellis\u00e9e !\",\"isPartOf\":{\"@id\":\"https:\/\/newsestlyonnais.fr\/site\/#website\"},\"datePublished\":\"2018-02-23T05:18:05+00:00\",\"dateModified\":\"2020-11-15T18:02:28+00:00\",\"description\":\"MEYZIEU : \\\" Ma commune a du c\u0153ur \\\" la ville labellis\u00e9e !\",\"breadcrumb\":{\"@id\":\"https:\/\/newsestlyonnais.fr\/site\/2018\/02\/23\/meyzieu-ma-commune-a-du-coeur-la-commune-labellisee\/#breadcrumb\"},\"inLanguage\":\"fr-FR\",\"potentialAction\":[{\"@type\":\"ReadAction\",\"target\":[\"https:\/\/newsestlyonnais.fr\/site\/2018\/02\/23\/meyzieu-ma-commune-a-du-coeur-la-commune-labellisee\/\"]}]},{\"@type\":\"BreadcrumbList\",\"@id\":\"https:\/\/newsestlyonnais.fr\/site\/2018\/02\/23\/meyzieu-ma-commune-a-du-coeur-la-commune-labellisee\/#breadcrumb\",\"itemListElement\":[{\"@type\":\"ListItem\",\"position\":1,\"name\":\"Accueil\",\"item\":\"https:\/\/newsestlyonnais.fr\/site\/\"},{\"@type\":\"ListItem\",\"position\":2,\"name\":\"MEYZIEU | \u00a0\u00bb Ma commune a du c\u0153ur \u00a0\u00bb la ville labellis\u00e9e\"}]},{\"@type\":\"WebSite\",\"@id\":\"https:\/\/newsestlyonnais.fr\/site\/#website\",\"url\":\"https:\/\/newsestlyonnais.fr\/site\/\",\"name\":\"News Est Lyonnais\",\"description\":\"L&#039;actualit\u00e9 au plus pr\u00e8s\",\"publisher\":{\"@id\":\"https:\/\/newsestlyonnais.fr\/site\/#organization\"},\"potentialAction\":[{\"@type\":\"SearchAction\",\"target\":{\"@type\":\"EntryPoint\",\"urlTemplate\":\"https:\/\/newsestlyonnais.fr\/site\/?s={search_term_string}\"},\"query-input\":{\"@type\":\"PropertyValueSpecification\",\"valueRequired\":true,\"valueName\":\"search_term_string\"}}],\"inLanguage\":\"fr-FR\"},{\"@type\":\"Organization\",\"@id\":\"https:\/\/newsestlyonnais.fr\/site\/#organization\",\"name\":\"News EST LYONNAIS\",\"url\":\"https:\/\/newsestlyonnais.fr\/site\/\",\"logo\":{\"@type\":\"ImageObject\",\"inLanguage\":\"fr-FR\",\"@id\":\"https:\/\/newsestlyonnais.fr\/site\/#\/schema\/logo\/image\/\",\"url\":\"\",\"contentUrl\":\"\",\"caption\":\"News EST LYONNAIS\"},\"image\":{\"@id\":\"https:\/\/newsestlyonnais.fr\/site\/#\/schema\/logo\/image\/\"}},{\"@type\":\"Person\",\"@id\":\"https:\/\/newsestlyonnais.fr\/site\/#\/schema\/person\/3230d5615f390bb808365d673001e887\",\"name\":\"R\u00e9dac. NEWS\",\"sameAs\":[\"http:\/\/www.newsestlyonnais.fr\",\"https:\/\/www.facebook.com\/pascal.oberson.1?fref=ts\",\"https:\/\/fr.linkedin.com\/in\/pascal-oberson-b17045113\"],\"url\":\"https:\/\/newsestlyonnais.fr\/site\/author\/nel\/\"}]}<\/script>\n<!-- \/ Yoast SEO plugin. -->","yoast_head_json":{"title":"MEYZIEU : \" Ma commune a du c\u0153ur \" la ville labellis\u00e9e !","description":"MEYZIEU : \" Ma commune a du c\u0153ur \" la ville labellis\u00e9e !","robots":{"index":"index","follow":"follow","max-snippet":"max-snippet:-1","max-image-preview":"max-image-preview:large","max-video-preview":"max-video-preview:-1"},"canonical":"https:\/\/newsestlyonnais.fr\/site\/2018\/02\/23\/meyzieu-ma-commune-a-du-coeur-la-commune-labellisee\/","og_locale":"fr_FR","og_type":"article","og_title":"MEYZIEU : \" Ma commune a du c\u0153ur \" la ville labellis\u00e9e !","og_description":"MEYZIEU : \" Ma commune a du c\u0153ur \" la ville labellis\u00e9e !","og_url":"https:\/\/newsestlyonnais.fr\/site\/2018\/02\/23\/meyzieu-ma-commune-a-du-coeur-la-commune-labellisee\/","og_site_name":"News Est Lyonnais","article_author":"https:\/\/www.facebook.com\/pascal.oberson.1?fref=ts","article_published_time":"2018-02-23T05:18:05+00:00","article_modified_time":"2020-11-15T18:02:28+00:00","author":"R\u00e9dac. NEWS","twitter_card":"summary_large_image","twitter_misc":{"\u00c9crit par":"R\u00e9dac. NEWS","Dur\u00e9e de lecture estim\u00e9e":"1 minute"},"schema":{"@context":"https:\/\/schema.org","@graph":[{"@type":"Article","@id":"https:\/\/newsestlyonnais.fr\/site\/2018\/02\/23\/meyzieu-ma-commune-a-du-coeur-la-commune-labellisee\/#article","isPartOf":{"@id":"https:\/\/newsestlyonnais.fr\/site\/2018\/02\/23\/meyzieu-ma-commune-a-du-coeur-la-commune-labellisee\/"},"author":{"name":"R\u00e9dac. NEWS","@id":"https:\/\/newsestlyonnais.fr\/site\/#\/schema\/person\/3230d5615f390bb808365d673001e887"},"headline":"MEYZIEU | \u00a0\u00bb Ma commune a du c\u0153ur \u00a0\u00bb la ville labellis\u00e9e","datePublished":"2018-02-23T05:18:05+00:00","dateModified":"2020-11-15T18:02:28+00:00","mainEntityOfPage":{"@id":"https:\/\/newsestlyonnais.fr\/site\/2018\/02\/23\/meyzieu-ma-commune-a-du-coeur-la-commune-labellisee\/"},"wordCount":234,"commentCount":0,"publisher":{"@id":"https:\/\/newsestlyonnais.fr\/site\/#organization"},"articleSection":["Concours | Jeux | Labels | Lotos","Ev\u00e8nements divers","Meyzieu","Pratique","Sant\u00e9 | Bien Etre | Solidarit\u00e9"],"inLanguage":"fr-FR","potentialAction":[{"@type":"CommentAction","name":"Comment","target":["https:\/\/newsestlyonnais.fr\/site\/2018\/02\/23\/meyzieu-ma-commune-a-du-coeur-la-commune-labellisee\/#respond"]}]},{"@type":"WebPage","@id":"https:\/\/newsestlyonnais.fr\/site\/2018\/02\/23\/meyzieu-ma-commune-a-du-coeur-la-commune-labellisee\/","url":"https:\/\/newsestlyonnais.fr\/site\/2018\/02\/23\/meyzieu-ma-commune-a-du-coeur-la-commune-labellisee\/","name":"MEYZIEU : \" Ma commune a du c\u0153ur \" la ville labellis\u00e9e !","isPartOf":{"@id":"https:\/\/newsestlyonnais.fr\/site\/#website"},"datePublished":"2018-02-23T05:18:05+00:00","dateModified":"2020-11-15T18:02:28+00:00","description":"MEYZIEU : \" Ma commune a du c\u0153ur \" la ville labellis\u00e9e !","breadcrumb":{"@id":"https:\/\/newsestlyonnais.fr\/site\/2018\/02\/23\/meyzieu-ma-commune-a-du-coeur-la-commune-labellisee\/#breadcrumb"},"inLanguage":"fr-FR","potentialAction":[{"@type":"ReadAction","target":["https:\/\/newsestlyonnais.fr\/site\/2018\/02\/23\/meyzieu-ma-commune-a-du-coeur-la-commune-labellisee\/"]}]},{"@type":"BreadcrumbList","@id":"https:\/\/newsestlyonnais.fr\/site\/2018\/02\/23\/meyzieu-ma-commune-a-du-coeur-la-commune-labellisee\/#breadcrumb","itemListElement":[{"@type":"ListItem","position":1,"name":"Accueil","item":"https:\/\/newsestlyonnais.fr\/site\/"},{"@type":"ListItem","position":2,"name":"MEYZIEU | \u00a0\u00bb Ma commune a du c\u0153ur \u00a0\u00bb la ville labellis\u00e9e"}]},{"@type":"WebSite","@id":"https:\/\/newsestlyonnais.fr\/site\/#website","url":"https:\/\/newsestlyonnais.fr\/site\/","name":"News Est Lyonnais","description":"L&#039;actualit\u00e9 au plus pr\u00e8s","publisher":{"@id":"https:\/\/newsestlyonnais.fr\/site\/#organization"},"potentialAction":[{"@type":"SearchAction","target":{"@type":"EntryPoint","urlTemplate":"https:\/\/newsestlyonnais.fr\/site\/?s={search_term_string}"},"query-input":{"@type":"PropertyValueSpecification","valueRequired":true,"valueName":"search_term_string"}}],"inLanguage":"fr-FR"},{"@type":"Organization","@id":"https:\/\/newsestlyonnais.fr\/site\/#organization","name":"News EST LYONNAIS","url":"https:\/\/newsestlyonnais.fr\/site\/","logo":{"@type":"ImageObject","inLanguage":"fr-FR","@id":"https:\/\/newsestlyonnais.fr\/site\/#\/schema\/logo\/image\/","url":"","contentUrl":"","caption":"News EST LYONNAIS"},"image":{"@id":"https:\/\/newsestlyonnais.fr\/site\/#\/schema\/logo\/image\/"}},{"@type":"Person","@id":"https:\/\/newsestlyonnais.fr\/site\/#\/schema\/person\/3230d5615f390bb808365d673001e887","name":"R\u00e9dac. NEWS","sameAs":["http:\/\/www.newsestlyonnais.fr","https:\/\/www.facebook.com\/pascal.oberson.1?fref=ts","https:\/\/fr.linkedin.com\/in\/pascal-oberson-b17045113"],"url":"https:\/\/newsestlyonnais.fr\/site\/author\/nel\/"}]}},"_links":{"self":[{"href":"https:\/\/newsestlyonnais.fr\/site\/wp-json\/wp\/v2\/posts\/44572","targetHints":{"allow":["GET"]}}],"collection":[{"href":"https:\/\/newsestlyonnais.fr\/site\/wp-json\/wp\/v2\/posts"}],"about":[{"href":"https:\/\/newsestlyonnais.fr\/site\/wp-json\/wp\/v2\/types\/post"}],"author":[{"embeddable":true,"href":"https:\/\/newsestlyonnais.fr\/site\/wp-json\/wp\/v2\/users\/4"}],"replies":[{"embeddable":true,"href":"https:\/\/newsestlyonnais.fr\/site\/wp-json\/wp\/v2\/comments?post=44572"}],"version-history":[{"count":0,"href":"https:\/\/newsestlyonnais.fr\/site\/wp-json\/wp\/v2\/posts\/44572\/revisions"}],"wp:attachment":[{"href":"https:\/\/newsestlyonnais.fr\/site\/wp-json\/wp\/v2\/media?parent=44572"}],"wp:term":[{"taxonomy":"category","embeddable":true,"href":"https:\/\/newsestlyonnais.fr\/site\/wp-json\/wp\/v2\/categories?post=44572"},{"taxonomy":"post_tag","embeddable":true,"href":"https:\/\/newsestlyonnais.fr\/site\/wp-json\/wp\/v2\/tags?post=44572"}],"curies":[{"name":"wp","href":"https:\/\/api.w.org\/{rel}","templated":true}]}}