{"id":44647,"date":"2018-02-22T07:55:55","date_gmt":"2018-02-22T06:55:55","guid":{"rendered":"http:\/\/newsestlyonnais.fr\/site\/?p=44647"},"modified":"2020-11-11T20:29:40","modified_gmt":"2020-11-11T19:29:40","slug":"lyon-8-agenda-manifestations-24-27-fevrier-2018","status":"publish","type":"post","link":"https:\/\/newsestlyonnais.fr\/site\/2018\/02\/22\/lyon-8-agenda-manifestations-24-27-fevrier-2018\/","title":{"rendered":"LYON 8 | Agenda des manifestations du 24 au 27 f\u00e9vrier 2018"},"content":{"rendered":"<h4>Plusieurs \u00e9v\u00e9nements se d\u00e9rouleront dans le 8\u00b0 arrondissement durant les prochains jours, \u00e0 savoir :<\/h4>\n<ul>\n<li><strong>Samedi 24 f\u00e9vrier : de 14 h \u00e0 16 h<\/strong>: <span style=\"text-decoration: underline\">Championnat de France Nationale 3 de Boules Lyonnaises<\/span> : ALBEU contre Bagnols-sur-C\u00e8ze<strong>.<\/strong> (<em>Rue Rochambeau, Boulodrome de l&rsquo;ALBEU). <\/em><\/li>\n<li><strong>Lundi 26 f\u00e9vrier : de 15 h \u00e0 20 h 10<\/strong> : <span style=\"text-decoration: underline\">OONA DOHERTY \u00ab\u00a0HOPE HUNT AND THE ASCENSION INTO LAZARUS\u00a0\u00bb<\/span>.<strong> (<\/strong><em>Devant l&rsquo;entr\u00e9e de la Maison de la Danse. <\/em>Artiste irlandaise, Oona Doherty viendra travailler en r\u00e9sidence une pi\u00e8ce qui sera pr\u00e9sent\u00e9e \u00e0 la Biennale de la danse de Lyon en 2018. Dans le cadre du festival Sens Dessus Dessous, elle livrera une performance inspir\u00e9e par l\u2019univers des jeunes exclus de Belfast. &amp; de <strong>18 h 30 \u00e0 20 h 30: <\/strong><span style=\"text-decoration: underline\">L\u2019un dit\u2026 Jeux <\/span><strong>. (<\/strong>Maison des jeunes et de la culture de Monplaisir, 25 Avenue des Fr\u00e8res Lumi\u00e8re). Jo\u00e9va vous accueille au bar de la MJC Monplaisir. Jeux de plateaux, de bluffs, de cartes, d&rsquo;adresse, de cr\u00e9ativit\u00e9, de culture.<\/li>\n<li><strong>Mardi 27 f\u00e9vrier \u00e0<\/strong> <strong>20 h: <\/strong><span style=\"text-decoration: underline\">Conf\u00e9rence : G\u00e9rer ses col\u00e8res de parents.<\/span><strong> (<\/strong><em>Maison de l\u2019enfance de Monplaisir, 3 rue du 1\u00b0 Film). <\/em>Inscriptions conseill\u00e9es aupr\u00e8s de la Maison de l\u2019Enfance du 8e : me.8@orange.fr Tous les parents ont envie d\u2019avoir une relation sereine avec leurs enfants. Mais \u00e0 l\u2019\u00e9preuve du quotidien, tout n\u2019est pas aussi simple. Les \u00e9motions des parents viennent parfois les emp\u00eacher d\u2019appliquer les beaux principes \u00e9ducatifs qui ont pourtant l\u2019air tellement enthousiasmants sur le papier. Une conf\u00e9rence pour apporter \u00e0 tous les parents des cl\u00e9s pour apaiser les \u00e9motions, mais aussi pour g\u00e9rer col\u00e8re, culpabilit\u00e9, angoisses\u2026<\/li>\n<\/ul>\n<ul>\n<li><strong>L\u2019ACTU de Lyon 8\u00b0: <a href=\"http:\/\/www.mairie8.lyon.fr\/page\/accueil_8.html\" target=\"_blank\" rel=\"noopener noreferrer\">http:\/\/www.mairie8.lyon.fr\/page\/accueil_8.html<\/a><\/strong><\/li>\n<\/ul>\n","protected":false},"excerpt":{"rendered":"<p>Plusieurs \u00e9v\u00e9nements se d\u00e9rouleront dans le 8\u00b0 arrondissement durant les prochains jours, \u00e0 savoir : Samedi 24 f\u00e9vrier : de 14 h \u00e0 16 h: Championnat de France Nationale 3 de Boules Lyonnaises : ALBEU contre Bagnols-sur-C\u00e8ze. (Rue Rochambeau, Boulodrome de l&rsquo;ALBEU). Lundi 26 f\u00e9vrier : de 15 h \u00e0 20 h 10 : OONA [&hellip;]<\/p>\n","protected":false},"author":4,"featured_media":8840,"comment_status":"open","ping_status":"open","sticky":false,"template":"","format":"standard","meta":{"footnotes":""},"categories":[4,1625],"tags":[],"class_list":["post-44647","post","type-post","status-publish","format-standard","has-post-thumbnail","hentry","category-evenements-divers","category-lyon"],"yoast_head":"<!-- This site is optimized with the Yoast SEO plugin v27.2 - https:\/\/yoast.com\/product\/yoast-seo-wordpress\/ -->\n<title>LYON 8\u00b0 : L\u2019agenda des manifestations du 24 au 27 f\u00e9vrier 2018<\/title>\n<meta name=\"description\" content=\"LYON 8\u00b0 : L\u2019agenda des manifestations du 24 au 27 f\u00e9vrier 2018\" \/>\n<meta name=\"robots\" content=\"index, follow, max-snippet:-1, max-image-preview:large, max-video-preview:-1\" \/>\n<link rel=\"canonical\" href=\"https:\/\/newsestlyonnais.fr\/site\/2018\/02\/22\/lyon-8-agenda-manifestations-24-27-fevrier-2018\/\" \/>\n<meta property=\"og:locale\" content=\"fr_FR\" \/>\n<meta property=\"og:type\" content=\"article\" \/>\n<meta property=\"og:title\" content=\"LYON 8\u00b0 : L\u2019agenda des manifestations du 24 au 27 f\u00e9vrier 2018\" \/>\n<meta property=\"og:description\" content=\"LYON 8\u00b0 : L\u2019agenda des manifestations du 24 au 27 f\u00e9vrier 2018\" \/>\n<meta property=\"og:url\" content=\"https:\/\/newsestlyonnais.fr\/site\/2018\/02\/22\/lyon-8-agenda-manifestations-24-27-fevrier-2018\/\" \/>\n<meta property=\"og:site_name\" content=\"News Est Lyonnais\" \/>\n<meta property=\"article:author\" content=\"https:\/\/www.facebook.com\/pascal.oberson.1?fref=ts\" \/>\n<meta property=\"article:published_time\" content=\"2018-02-22T06:55:55+00:00\" \/>\n<meta property=\"article:modified_time\" content=\"2020-11-11T19:29:40+00:00\" \/>\n<meta property=\"og:image\" content=\"https:\/\/i1.wp.com\/newsestlyonnais.fr\/site\/wp-content\/uploads\/2016\/06\/NEWSESTLYONNAIS-LYON-PANNEAUP1100180.jpg?fit=1000%2C750&ssl=1\" \/>\n\t<meta property=\"og:image:width\" content=\"1000\" \/>\n\t<meta property=\"og:image:height\" content=\"750\" \/>\n\t<meta property=\"og:image:type\" content=\"image\/jpeg\" \/>\n<meta name=\"author\" content=\"R\u00e9dac. NEWS\" \/>\n<meta name=\"twitter:card\" content=\"summary_large_image\" \/>\n<meta name=\"twitter:label1\" content=\"\u00c9crit par\" \/>\n\t<meta name=\"twitter:data1\" content=\"R\u00e9dac. NEWS\" \/>\n\t<meta name=\"twitter:label2\" content=\"Dur\u00e9e de lecture estim\u00e9e\" \/>\n\t<meta name=\"twitter:data2\" content=\"1 minute\" \/>\n<script type=\"application\/ld+json\" class=\"yoast-schema-graph\">{\"@context\":\"https:\/\/schema.org\",\"@graph\":[{\"@type\":\"Article\",\"@id\":\"https:\/\/newsestlyonnais.fr\/site\/2018\/02\/22\/lyon-8-agenda-manifestations-24-27-fevrier-2018\/#article\",\"isPartOf\":{\"@id\":\"https:\/\/newsestlyonnais.fr\/site\/2018\/02\/22\/lyon-8-agenda-manifestations-24-27-fevrier-2018\/\"},\"author\":{\"name\":\"R\u00e9dac. NEWS\",\"@id\":\"https:\/\/newsestlyonnais.fr\/site\/#\/schema\/person\/3230d5615f390bb808365d673001e887\"},\"headline\":\"LYON 8 | Agenda des manifestations du 24 au 27 f\u00e9vrier 2018\",\"datePublished\":\"2018-02-22T06:55:55+00:00\",\"dateModified\":\"2020-11-11T19:29:40+00:00\",\"mainEntityOfPage\":{\"@id\":\"https:\/\/newsestlyonnais.fr\/site\/2018\/02\/22\/lyon-8-agenda-manifestations-24-27-fevrier-2018\/\"},\"wordCount\":287,\"commentCount\":0,\"publisher\":{\"@id\":\"https:\/\/newsestlyonnais.fr\/site\/#organization\"},\"image\":{\"@id\":\"https:\/\/newsestlyonnais.fr\/site\/2018\/02\/22\/lyon-8-agenda-manifestations-24-27-fevrier-2018\/#primaryimage\"},\"thumbnailUrl\":\"https:\/\/newsestlyonnais.fr\/site\/wp-content\/uploads\/2016\/06\/NEWSESTLYONNAIS-LYON-PANNEAUP1100180.jpg\",\"articleSection\":[\"Ev\u00e8nements divers\",\"Lyon\"],\"inLanguage\":\"fr-FR\",\"potentialAction\":[{\"@type\":\"CommentAction\",\"name\":\"Comment\",\"target\":[\"https:\/\/newsestlyonnais.fr\/site\/2018\/02\/22\/lyon-8-agenda-manifestations-24-27-fevrier-2018\/#respond\"]}]},{\"@type\":\"WebPage\",\"@id\":\"https:\/\/newsestlyonnais.fr\/site\/2018\/02\/22\/lyon-8-agenda-manifestations-24-27-fevrier-2018\/\",\"url\":\"https:\/\/newsestlyonnais.fr\/site\/2018\/02\/22\/lyon-8-agenda-manifestations-24-27-fevrier-2018\/\",\"name\":\"LYON 8\u00b0 : L\u2019agenda des manifestations du 24 au 27 f\u00e9vrier 2018\",\"isPartOf\":{\"@id\":\"https:\/\/newsestlyonnais.fr\/site\/#website\"},\"primaryImageOfPage\":{\"@id\":\"https:\/\/newsestlyonnais.fr\/site\/2018\/02\/22\/lyon-8-agenda-manifestations-24-27-fevrier-2018\/#primaryimage\"},\"image\":{\"@id\":\"https:\/\/newsestlyonnais.fr\/site\/2018\/02\/22\/lyon-8-agenda-manifestations-24-27-fevrier-2018\/#primaryimage\"},\"thumbnailUrl\":\"https:\/\/newsestlyonnais.fr\/site\/wp-content\/uploads\/2016\/06\/NEWSESTLYONNAIS-LYON-PANNEAUP1100180.jpg\",\"datePublished\":\"2018-02-22T06:55:55+00:00\",\"dateModified\":\"2020-11-11T19:29:40+00:00\",\"description\":\"LYON 8\u00b0 : L\u2019agenda des manifestations du 24 au 27 f\u00e9vrier 2018\",\"breadcrumb\":{\"@id\":\"https:\/\/newsestlyonnais.fr\/site\/2018\/02\/22\/lyon-8-agenda-manifestations-24-27-fevrier-2018\/#breadcrumb\"},\"inLanguage\":\"fr-FR\",\"potentialAction\":[{\"@type\":\"ReadAction\",\"target\":[\"https:\/\/newsestlyonnais.fr\/site\/2018\/02\/22\/lyon-8-agenda-manifestations-24-27-fevrier-2018\/\"]}]},{\"@type\":\"ImageObject\",\"inLanguage\":\"fr-FR\",\"@id\":\"https:\/\/newsestlyonnais.fr\/site\/2018\/02\/22\/lyon-8-agenda-manifestations-24-27-fevrier-2018\/#primaryimage\",\"url\":\"https:\/\/newsestlyonnais.fr\/site\/wp-content\/uploads\/2016\/06\/NEWSESTLYONNAIS-LYON-PANNEAUP1100180.jpg\",\"contentUrl\":\"https:\/\/newsestlyonnais.fr\/site\/wp-content\/uploads\/2016\/06\/NEWSESTLYONNAIS-LYON-PANNEAUP1100180.jpg\",\"width\":1000,\"height\":750,\"caption\":\"NEWSESTLYONNAIS - LYON PANNEAU\"},{\"@type\":\"BreadcrumbList\",\"@id\":\"https:\/\/newsestlyonnais.fr\/site\/2018\/02\/22\/lyon-8-agenda-manifestations-24-27-fevrier-2018\/#breadcrumb\",\"itemListElement\":[{\"@type\":\"ListItem\",\"position\":1,\"name\":\"Accueil\",\"item\":\"https:\/\/newsestlyonnais.fr\/site\/\"},{\"@type\":\"ListItem\",\"position\":2,\"name\":\"LYON 8 | Agenda des manifestations du 24 au 27 f\u00e9vrier 2018\"}]},{\"@type\":\"WebSite\",\"@id\":\"https:\/\/newsestlyonnais.fr\/site\/#website\",\"url\":\"https:\/\/newsestlyonnais.fr\/site\/\",\"name\":\"News Est Lyonnais\",\"description\":\"L&#039;actualit\u00e9 au plus pr\u00e8s\",\"publisher\":{\"@id\":\"https:\/\/newsestlyonnais.fr\/site\/#organization\"},\"potentialAction\":[{\"@type\":\"SearchAction\",\"target\":{\"@type\":\"EntryPoint\",\"urlTemplate\":\"https:\/\/newsestlyonnais.fr\/site\/?s={search_term_string}\"},\"query-input\":{\"@type\":\"PropertyValueSpecification\",\"valueRequired\":true,\"valueName\":\"search_term_string\"}}],\"inLanguage\":\"fr-FR\"},{\"@type\":\"Organization\",\"@id\":\"https:\/\/newsestlyonnais.fr\/site\/#organization\",\"name\":\"News EST LYONNAIS\",\"url\":\"https:\/\/newsestlyonnais.fr\/site\/\",\"logo\":{\"@type\":\"ImageObject\",\"inLanguage\":\"fr-FR\",\"@id\":\"https:\/\/newsestlyonnais.fr\/site\/#\/schema\/logo\/image\/\",\"url\":\"\",\"contentUrl\":\"\",\"caption\":\"News EST LYONNAIS\"},\"image\":{\"@id\":\"https:\/\/newsestlyonnais.fr\/site\/#\/schema\/logo\/image\/\"}},{\"@type\":\"Person\",\"@id\":\"https:\/\/newsestlyonnais.fr\/site\/#\/schema\/person\/3230d5615f390bb808365d673001e887\",\"name\":\"R\u00e9dac. NEWS\",\"sameAs\":[\"http:\/\/www.newsestlyonnais.fr\",\"https:\/\/www.facebook.com\/pascal.oberson.1?fref=ts\",\"https:\/\/fr.linkedin.com\/in\/pascal-oberson-b17045113\"],\"url\":\"https:\/\/newsestlyonnais.fr\/site\/author\/nel\/\"}]}<\/script>\n<!-- \/ Yoast SEO plugin. -->","yoast_head_json":{"title":"LYON 8\u00b0 : L\u2019agenda des manifestations du 24 au 27 f\u00e9vrier 2018","description":"LYON 8\u00b0 : L\u2019agenda des manifestations du 24 au 27 f\u00e9vrier 2018","robots":{"index":"index","follow":"follow","max-snippet":"max-snippet:-1","max-image-preview":"max-image-preview:large","max-video-preview":"max-video-preview:-1"},"canonical":"https:\/\/newsestlyonnais.fr\/site\/2018\/02\/22\/lyon-8-agenda-manifestations-24-27-fevrier-2018\/","og_locale":"fr_FR","og_type":"article","og_title":"LYON 8\u00b0 : L\u2019agenda des manifestations du 24 au 27 f\u00e9vrier 2018","og_description":"LYON 8\u00b0 : L\u2019agenda des manifestations du 24 au 27 f\u00e9vrier 2018","og_url":"https:\/\/newsestlyonnais.fr\/site\/2018\/02\/22\/lyon-8-agenda-manifestations-24-27-fevrier-2018\/","og_site_name":"News Est Lyonnais","article_author":"https:\/\/www.facebook.com\/pascal.oberson.1?fref=ts","article_published_time":"2018-02-22T06:55:55+00:00","article_modified_time":"2020-11-11T19:29:40+00:00","og_image":[{"width":1000,"height":750,"url":"https:\/\/i1.wp.com\/newsestlyonnais.fr\/site\/wp-content\/uploads\/2016\/06\/NEWSESTLYONNAIS-LYON-PANNEAUP1100180.jpg?fit=1000%2C750&ssl=1","type":"image\/jpeg"}],"author":"R\u00e9dac. NEWS","twitter_card":"summary_large_image","twitter_misc":{"\u00c9crit par":"R\u00e9dac. NEWS","Dur\u00e9e de lecture estim\u00e9e":"1 minute"},"schema":{"@context":"https:\/\/schema.org","@graph":[{"@type":"Article","@id":"https:\/\/newsestlyonnais.fr\/site\/2018\/02\/22\/lyon-8-agenda-manifestations-24-27-fevrier-2018\/#article","isPartOf":{"@id":"https:\/\/newsestlyonnais.fr\/site\/2018\/02\/22\/lyon-8-agenda-manifestations-24-27-fevrier-2018\/"},"author":{"name":"R\u00e9dac. NEWS","@id":"https:\/\/newsestlyonnais.fr\/site\/#\/schema\/person\/3230d5615f390bb808365d673001e887"},"headline":"LYON 8 | Agenda des manifestations du 24 au 27 f\u00e9vrier 2018","datePublished":"2018-02-22T06:55:55+00:00","dateModified":"2020-11-11T19:29:40+00:00","mainEntityOfPage":{"@id":"https:\/\/newsestlyonnais.fr\/site\/2018\/02\/22\/lyon-8-agenda-manifestations-24-27-fevrier-2018\/"},"wordCount":287,"commentCount":0,"publisher":{"@id":"https:\/\/newsestlyonnais.fr\/site\/#organization"},"image":{"@id":"https:\/\/newsestlyonnais.fr\/site\/2018\/02\/22\/lyon-8-agenda-manifestations-24-27-fevrier-2018\/#primaryimage"},"thumbnailUrl":"https:\/\/newsestlyonnais.fr\/site\/wp-content\/uploads\/2016\/06\/NEWSESTLYONNAIS-LYON-PANNEAUP1100180.jpg","articleSection":["Ev\u00e8nements divers","Lyon"],"inLanguage":"fr-FR","potentialAction":[{"@type":"CommentAction","name":"Comment","target":["https:\/\/newsestlyonnais.fr\/site\/2018\/02\/22\/lyon-8-agenda-manifestations-24-27-fevrier-2018\/#respond"]}]},{"@type":"WebPage","@id":"https:\/\/newsestlyonnais.fr\/site\/2018\/02\/22\/lyon-8-agenda-manifestations-24-27-fevrier-2018\/","url":"https:\/\/newsestlyonnais.fr\/site\/2018\/02\/22\/lyon-8-agenda-manifestations-24-27-fevrier-2018\/","name":"LYON 8\u00b0 : L\u2019agenda des manifestations du 24 au 27 f\u00e9vrier 2018","isPartOf":{"@id":"https:\/\/newsestlyonnais.fr\/site\/#website"},"primaryImageOfPage":{"@id":"https:\/\/newsestlyonnais.fr\/site\/2018\/02\/22\/lyon-8-agenda-manifestations-24-27-fevrier-2018\/#primaryimage"},"image":{"@id":"https:\/\/newsestlyonnais.fr\/site\/2018\/02\/22\/lyon-8-agenda-manifestations-24-27-fevrier-2018\/#primaryimage"},"thumbnailUrl":"https:\/\/newsestlyonnais.fr\/site\/wp-content\/uploads\/2016\/06\/NEWSESTLYONNAIS-LYON-PANNEAUP1100180.jpg","datePublished":"2018-02-22T06:55:55+00:00","dateModified":"2020-11-11T19:29:40+00:00","description":"LYON 8\u00b0 : L\u2019agenda des manifestations du 24 au 27 f\u00e9vrier 2018","breadcrumb":{"@id":"https:\/\/newsestlyonnais.fr\/site\/2018\/02\/22\/lyon-8-agenda-manifestations-24-27-fevrier-2018\/#breadcrumb"},"inLanguage":"fr-FR","potentialAction":[{"@type":"ReadAction","target":["https:\/\/newsestlyonnais.fr\/site\/2018\/02\/22\/lyon-8-agenda-manifestations-24-27-fevrier-2018\/"]}]},{"@type":"ImageObject","inLanguage":"fr-FR","@id":"https:\/\/newsestlyonnais.fr\/site\/2018\/02\/22\/lyon-8-agenda-manifestations-24-27-fevrier-2018\/#primaryimage","url":"https:\/\/newsestlyonnais.fr\/site\/wp-content\/uploads\/2016\/06\/NEWSESTLYONNAIS-LYON-PANNEAUP1100180.jpg","contentUrl":"https:\/\/newsestlyonnais.fr\/site\/wp-content\/uploads\/2016\/06\/NEWSESTLYONNAIS-LYON-PANNEAUP1100180.jpg","width":1000,"height":750,"caption":"NEWSESTLYONNAIS - LYON PANNEAU"},{"@type":"BreadcrumbList","@id":"https:\/\/newsestlyonnais.fr\/site\/2018\/02\/22\/lyon-8-agenda-manifestations-24-27-fevrier-2018\/#breadcrumb","itemListElement":[{"@type":"ListItem","position":1,"name":"Accueil","item":"https:\/\/newsestlyonnais.fr\/site\/"},{"@type":"ListItem","position":2,"name":"LYON 8 | Agenda des manifestations du 24 au 27 f\u00e9vrier 2018"}]},{"@type":"WebSite","@id":"https:\/\/newsestlyonnais.fr\/site\/#website","url":"https:\/\/newsestlyonnais.fr\/site\/","name":"News Est Lyonnais","description":"L&#039;actualit\u00e9 au plus pr\u00e8s","publisher":{"@id":"https:\/\/newsestlyonnais.fr\/site\/#organization"},"potentialAction":[{"@type":"SearchAction","target":{"@type":"EntryPoint","urlTemplate":"https:\/\/newsestlyonnais.fr\/site\/?s={search_term_string}"},"query-input":{"@type":"PropertyValueSpecification","valueRequired":true,"valueName":"search_term_string"}}],"inLanguage":"fr-FR"},{"@type":"Organization","@id":"https:\/\/newsestlyonnais.fr\/site\/#organization","name":"News EST LYONNAIS","url":"https:\/\/newsestlyonnais.fr\/site\/","logo":{"@type":"ImageObject","inLanguage":"fr-FR","@id":"https:\/\/newsestlyonnais.fr\/site\/#\/schema\/logo\/image\/","url":"","contentUrl":"","caption":"News EST LYONNAIS"},"image":{"@id":"https:\/\/newsestlyonnais.fr\/site\/#\/schema\/logo\/image\/"}},{"@type":"Person","@id":"https:\/\/newsestlyonnais.fr\/site\/#\/schema\/person\/3230d5615f390bb808365d673001e887","name":"R\u00e9dac. NEWS","sameAs":["http:\/\/www.newsestlyonnais.fr","https:\/\/www.facebook.com\/pascal.oberson.1?fref=ts","https:\/\/fr.linkedin.com\/in\/pascal-oberson-b17045113"],"url":"https:\/\/newsestlyonnais.fr\/site\/author\/nel\/"}]}},"_links":{"self":[{"href":"https:\/\/newsestlyonnais.fr\/site\/wp-json\/wp\/v2\/posts\/44647","targetHints":{"allow":["GET"]}}],"collection":[{"href":"https:\/\/newsestlyonnais.fr\/site\/wp-json\/wp\/v2\/posts"}],"about":[{"href":"https:\/\/newsestlyonnais.fr\/site\/wp-json\/wp\/v2\/types\/post"}],"author":[{"embeddable":true,"href":"https:\/\/newsestlyonnais.fr\/site\/wp-json\/wp\/v2\/users\/4"}],"replies":[{"embeddable":true,"href":"https:\/\/newsestlyonnais.fr\/site\/wp-json\/wp\/v2\/comments?post=44647"}],"version-history":[{"count":0,"href":"https:\/\/newsestlyonnais.fr\/site\/wp-json\/wp\/v2\/posts\/44647\/revisions"}],"wp:featuredmedia":[{"embeddable":true,"href":"https:\/\/newsestlyonnais.fr\/site\/wp-json\/wp\/v2\/media\/8840"}],"wp:attachment":[{"href":"https:\/\/newsestlyonnais.fr\/site\/wp-json\/wp\/v2\/media?parent=44647"}],"wp:term":[{"taxonomy":"category","embeddable":true,"href":"https:\/\/newsestlyonnais.fr\/site\/wp-json\/wp\/v2\/categories?post=44647"},{"taxonomy":"post_tag","embeddable":true,"href":"https:\/\/newsestlyonnais.fr\/site\/wp-json\/wp\/v2\/tags?post=44647"}],"curies":[{"name":"wp","href":"https:\/\/api.w.org\/{rel}","templated":true}]}}