{"id":44657,"date":"2018-02-26T17:36:08","date_gmt":"2018-02-26T16:36:08","guid":{"rendered":"http:\/\/newsestlyonnais.fr\/site\/?p=44657"},"modified":"2020-11-10T11:14:17","modified_gmt":"2020-11-10T10:14:17","slug":"vaulx-en-velin-boules-lyonnaises-lequipe-flamier-ozon-remporte-la-coupe-pc-faure","status":"publish","type":"post","link":"https:\/\/newsestlyonnais.fr\/site\/2018\/02\/26\/vaulx-en-velin-boules-lyonnaises-lequipe-flamier-ozon-remporte-la-coupe-pc-faure\/","title":{"rendered":"VAULX-EN-VELIN | Boules Lyonnaises > l&rsquo;\u00e9quipe Flamier (Ozon) remporte la Coupe PC Faure"},"content":{"rendered":"<div class=\"article-content\">\n<div class=\"article-content-inner\">\n<h4>Epilogue de la coupe Pierre-Claude Faure, vendredi soir avec la finale, dont le but a \u00e9t\u00e9 lanc\u00e9 par le pr\u00e9sident Rens Degroot, du club organisateur de la Boule Vaudaise.<\/h4>\n<p>Une belle finale suivi par un nombreux public et qui a vu l\u2019\u00e9quipe Ferrante (Entente Rh\u00f4ne Sportif\/La Vaudaise) bien entamer cette partie (3-0). Ceci avant que\u00a0 les joueurs d\u2019Ozon emmen\u00e9s par Flamier (<strong>PHOTO A LA UNE<\/strong>) prennent le jeu \u00e0 leur compte (dont une m\u00e8ne de 5 points) pour s\u2019imposer logiquement 13\/3.<\/p>\n<p>La remise des coupes et fleurs a \u00e9t\u00e9 effectu\u00e9e par la tr\u00e9sori\u00e8re Estrella, la soir\u00e9e se terminant assez tard par le convivial et traditionnel repas !<\/p>\n<p><span style=\"text-decoration: underline\"><strong>NOTA<\/strong><\/span> : prochain concours, le 17 mars avec le M\u00e9morial Calog\u00e9ro Lamarca.<\/p>\n<\/div>\n<\/div>\n<div id='gallery-1' class='gallery galleryid-44657 gallery-columns-3 gallery-size-thumbnail'><figure class='gallery-item'>\n\t\t\t<div class='gallery-icon portrait'>\n\t\t\t\t<a href='https:\/\/newsestlyonnais.fr\/site\/newsestlyonnais-boules-pc-faure\/'><img loading=\"lazy\" decoding=\"async\" width=\"150\" height=\"150\" src=\"https:\/\/newsestlyonnais.fr\/site\/wp-content\/uploads\/2018\/02\/NEWSESTLYONNAIS-BOULES-PC-FAURE-150x150.jpg\" class=\"attachment-thumbnail size-thumbnail\" alt=\"NEWSESTLYONNAIS - BOULES PC FAURE\" aria-describedby=\"gallery-1-43693\" \/><\/a>\n\t\t\t<\/div>\n\t\t\t\t<figcaption class='wp-caption-text gallery-caption' id='gallery-1-43693'>\n\t\t\t\tL&rsquo;affiche du concours\n\t\t\t\t<\/figcaption><\/figure><figure class='gallery-item'>\n\t\t\t<div class='gallery-icon landscape'>\n\t\t\t\t<a href='https:\/\/newsestlyonnais.fr\/site\/2018\/02\/26\/vaulx-en-velin-boules-lyonnaises-lequipe-flamier-ozon-remporte-la-coupe-pc-faure\/newsestlyonnais-finalistes-et-orga-pc-faure\/'><img loading=\"lazy\" decoding=\"async\" width=\"150\" height=\"150\" src=\"https:\/\/newsestlyonnais.fr\/site\/wp-content\/uploads\/2018\/02\/NEWSESTLYONNAIS-FINALISTES-ET-ORGA-PC-FAURE-150x150.jpg\" class=\"attachment-thumbnail size-thumbnail\" alt=\"NEWSESTLYONNAIS - FINALISTES ET ORGA PC FAURE\" aria-describedby=\"gallery-1-44819\" \/><\/a>\n\t\t\t<\/div>\n\t\t\t\t<figcaption class='wp-caption-text gallery-caption' id='gallery-1-44819'>\n\t\t\t\tFinalistes et organisateurs de cette coupe PC Faure\n\t\t\t\t<\/figcaption><\/figure><figure class='gallery-item'>\n\t\t\t<div class='gallery-icon portrait'>\n\t\t\t\t<a href='https:\/\/newsestlyonnais.fr\/site\/newsestlyonnais-memo-lamarca-2\/'><img loading=\"lazy\" decoding=\"async\" width=\"150\" height=\"150\" src=\"https:\/\/newsestlyonnais.fr\/site\/wp-content\/uploads\/2018\/02\/NEWSESTLYONNAIS-MEMO-LAMARCA-2-150x150.jpg\" class=\"attachment-thumbnail size-thumbnail\" alt=\"NEWSESTLYONNAIS - MEMO LAMARCA (2)\" aria-describedby=\"gallery-1-44413\" \/><\/a>\n\t\t\t<\/div>\n\t\t\t\t<figcaption class='wp-caption-text gallery-caption' id='gallery-1-44413'>\n\t\t\t\tL&rsquo;affiche du concours \n\t\t\t\t<\/figcaption><\/figure>\n\t\t<\/div>\n\n","protected":false},"excerpt":{"rendered":"<p>Epilogue de la coupe Pierre-Claude Faure, vendredi soir avec la finale, dont le but a \u00e9t\u00e9 lanc\u00e9 par le pr\u00e9sident Rens Degroot, du club organisateur de la Boule Vaudaise. Une belle finale suivi par un nombreux public et qui a vu l\u2019\u00e9quipe Ferrante (Entente Rh\u00f4ne Sportif\/La Vaudaise) bien entamer cette partie (3-0). Ceci avant que\u00a0 [&hellip;]<\/p>\n","protected":false},"author":4,"featured_media":44818,"comment_status":"open","ping_status":"open","sticky":false,"template":"","format":"standard","meta":{"footnotes":""},"categories":[2977,1341,28],"tags":[],"class_list":["post-44657","post","type-post","status-publish","format-standard","has-post-thumbnail","hentry","category-boules-petanque-sports","category-boules-lyonnaises","category-vaulx-en-velin"],"yoast_head":"<!-- This site is optimized with the Yoast SEO plugin v27.2 - https:\/\/yoast.com\/product\/yoast-seo-wordpress\/ -->\n<title>VAULX EN VELIN : L&#039;\u00e9quipe Flamier (Ozon) remporte la Coupe PC Faure de Boules Lyonnaises<\/title>\n<meta name=\"description\" content=\"VAULX EN VELIN : L&#039;\u00e9quipe Flamier (Ozon) remporte la Coupe PC Faure de Boules Lyonnaises\" \/>\n<meta name=\"robots\" content=\"index, follow, max-snippet:-1, max-image-preview:large, max-video-preview:-1\" \/>\n<link rel=\"canonical\" href=\"https:\/\/newsestlyonnais.fr\/site\/2018\/02\/26\/vaulx-en-velin-boules-lyonnaises-lequipe-flamier-ozon-remporte-la-coupe-pc-faure\/\" \/>\n<meta property=\"og:locale\" content=\"fr_FR\" \/>\n<meta property=\"og:type\" content=\"article\" \/>\n<meta property=\"og:title\" content=\"VAULX EN VELIN : L&#039;\u00e9quipe Flamier (Ozon) remporte la Coupe PC Faure de Boules Lyonnaises\" \/>\n<meta property=\"og:description\" content=\"VAULX EN VELIN : L&#039;\u00e9quipe Flamier (Ozon) remporte la Coupe PC Faure de Boules Lyonnaises\" \/>\n<meta property=\"og:url\" content=\"https:\/\/newsestlyonnais.fr\/site\/2018\/02\/26\/vaulx-en-velin-boules-lyonnaises-lequipe-flamier-ozon-remporte-la-coupe-pc-faure\/\" \/>\n<meta property=\"og:site_name\" content=\"News Est Lyonnais\" \/>\n<meta property=\"article:author\" content=\"https:\/\/www.facebook.com\/pascal.oberson.1?fref=ts\" \/>\n<meta property=\"article:published_time\" content=\"2018-02-26T16:36:08+00:00\" \/>\n<meta property=\"article:modified_time\" content=\"2020-11-10T10:14:17+00:00\" \/>\n<meta property=\"og:image\" content=\"https:\/\/newsestlyonnais.fr\/site\/wp-content\/uploads\/2018\/02\/NEWSESTLYONNAIS-Equipe-Flamier--1000x750.jpg\" \/>\n\t<meta property=\"og:image:width\" content=\"1000\" \/>\n\t<meta property=\"og:image:height\" content=\"750\" \/>\n\t<meta property=\"og:image:type\" content=\"image\/jpeg\" \/>\n<meta name=\"author\" content=\"R\u00e9dac. NEWS\" \/>\n<meta name=\"twitter:card\" content=\"summary_large_image\" \/>\n<meta name=\"twitter:label1\" content=\"\u00c9crit par\" \/>\n\t<meta name=\"twitter:data1\" content=\"R\u00e9dac. NEWS\" \/>\n\t<meta name=\"twitter:label2\" content=\"Dur\u00e9e de lecture estim\u00e9e\" \/>\n\t<meta name=\"twitter:data2\" content=\"1 minute\" \/>\n<script type=\"application\/ld+json\" class=\"yoast-schema-graph\">{\"@context\":\"https:\/\/schema.org\",\"@graph\":[{\"@type\":\"Article\",\"@id\":\"https:\/\/newsestlyonnais.fr\/site\/2018\/02\/26\/vaulx-en-velin-boules-lyonnaises-lequipe-flamier-ozon-remporte-la-coupe-pc-faure\/#article\",\"isPartOf\":{\"@id\":\"https:\/\/newsestlyonnais.fr\/site\/2018\/02\/26\/vaulx-en-velin-boules-lyonnaises-lequipe-flamier-ozon-remporte-la-coupe-pc-faure\/\"},\"author\":{\"name\":\"R\u00e9dac. NEWS\",\"@id\":\"https:\/\/newsestlyonnais.fr\/site\/#\/schema\/person\/3230d5615f390bb808365d673001e887\"},\"headline\":\"VAULX-EN-VELIN | Boules Lyonnaises > l&rsquo;\u00e9quipe Flamier (Ozon) remporte la Coupe PC Faure\",\"datePublished\":\"2018-02-26T16:36:08+00:00\",\"dateModified\":\"2020-11-10T10:14:17+00:00\",\"mainEntityOfPage\":{\"@id\":\"https:\/\/newsestlyonnais.fr\/site\/2018\/02\/26\/vaulx-en-velin-boules-lyonnaises-lequipe-flamier-ozon-remporte-la-coupe-pc-faure\/\"},\"wordCount\":143,\"commentCount\":0,\"publisher\":{\"@id\":\"https:\/\/newsestlyonnais.fr\/site\/#organization\"},\"image\":{\"@id\":\"https:\/\/newsestlyonnais.fr\/site\/2018\/02\/26\/vaulx-en-velin-boules-lyonnaises-lequipe-flamier-ozon-remporte-la-coupe-pc-faure\/#primaryimage\"},\"thumbnailUrl\":\"https:\/\/newsestlyonnais.fr\/site\/wp-content\/uploads\/2018\/02\/NEWSESTLYONNAIS-Equipe-Flamier-.jpg\",\"articleSection\":[\"Boules | P\u00e9tanque\",\"Boules Lyonnaises\",\"Vaulx-en-Velin\"],\"inLanguage\":\"fr-FR\",\"potentialAction\":[{\"@type\":\"CommentAction\",\"name\":\"Comment\",\"target\":[\"https:\/\/newsestlyonnais.fr\/site\/2018\/02\/26\/vaulx-en-velin-boules-lyonnaises-lequipe-flamier-ozon-remporte-la-coupe-pc-faure\/#respond\"]}]},{\"@type\":\"WebPage\",\"@id\":\"https:\/\/newsestlyonnais.fr\/site\/2018\/02\/26\/vaulx-en-velin-boules-lyonnaises-lequipe-flamier-ozon-remporte-la-coupe-pc-faure\/\",\"url\":\"https:\/\/newsestlyonnais.fr\/site\/2018\/02\/26\/vaulx-en-velin-boules-lyonnaises-lequipe-flamier-ozon-remporte-la-coupe-pc-faure\/\",\"name\":\"VAULX EN VELIN : L'\u00e9quipe Flamier (Ozon) remporte la Coupe PC Faure de Boules Lyonnaises\",\"isPartOf\":{\"@id\":\"https:\/\/newsestlyonnais.fr\/site\/#website\"},\"primaryImageOfPage\":{\"@id\":\"https:\/\/newsestlyonnais.fr\/site\/2018\/02\/26\/vaulx-en-velin-boules-lyonnaises-lequipe-flamier-ozon-remporte-la-coupe-pc-faure\/#primaryimage\"},\"image\":{\"@id\":\"https:\/\/newsestlyonnais.fr\/site\/2018\/02\/26\/vaulx-en-velin-boules-lyonnaises-lequipe-flamier-ozon-remporte-la-coupe-pc-faure\/#primaryimage\"},\"thumbnailUrl\":\"https:\/\/newsestlyonnais.fr\/site\/wp-content\/uploads\/2018\/02\/NEWSESTLYONNAIS-Equipe-Flamier-.jpg\",\"datePublished\":\"2018-02-26T16:36:08+00:00\",\"dateModified\":\"2020-11-10T10:14:17+00:00\",\"description\":\"VAULX EN VELIN : L'\u00e9quipe Flamier (Ozon) remporte la Coupe PC Faure de Boules Lyonnaises\",\"breadcrumb\":{\"@id\":\"https:\/\/newsestlyonnais.fr\/site\/2018\/02\/26\/vaulx-en-velin-boules-lyonnaises-lequipe-flamier-ozon-remporte-la-coupe-pc-faure\/#breadcrumb\"},\"inLanguage\":\"fr-FR\",\"potentialAction\":[{\"@type\":\"ReadAction\",\"target\":[\"https:\/\/newsestlyonnais.fr\/site\/2018\/02\/26\/vaulx-en-velin-boules-lyonnaises-lequipe-flamier-ozon-remporte-la-coupe-pc-faure\/\"]}]},{\"@type\":\"ImageObject\",\"inLanguage\":\"fr-FR\",\"@id\":\"https:\/\/newsestlyonnais.fr\/site\/2018\/02\/26\/vaulx-en-velin-boules-lyonnaises-lequipe-flamier-ozon-remporte-la-coupe-pc-faure\/#primaryimage\",\"url\":\"https:\/\/newsestlyonnais.fr\/site\/wp-content\/uploads\/2018\/02\/NEWSESTLYONNAIS-Equipe-Flamier-.jpg\",\"contentUrl\":\"https:\/\/newsestlyonnais.fr\/site\/wp-content\/uploads\/2018\/02\/NEWSESTLYONNAIS-Equipe-Flamier-.jpg\",\"width\":4320,\"height\":3240,\"caption\":\"NEWSESTLYONNAIS -Equipe Flamier\"},{\"@type\":\"BreadcrumbList\",\"@id\":\"https:\/\/newsestlyonnais.fr\/site\/2018\/02\/26\/vaulx-en-velin-boules-lyonnaises-lequipe-flamier-ozon-remporte-la-coupe-pc-faure\/#breadcrumb\",\"itemListElement\":[{\"@type\":\"ListItem\",\"position\":1,\"name\":\"Accueil\",\"item\":\"https:\/\/newsestlyonnais.fr\/site\/\"},{\"@type\":\"ListItem\",\"position\":2,\"name\":\"VAULX-EN-VELIN | Boules Lyonnaises > l&rsquo;\u00e9quipe Flamier (Ozon) remporte la Coupe PC Faure\"}]},{\"@type\":\"WebSite\",\"@id\":\"https:\/\/newsestlyonnais.fr\/site\/#website\",\"url\":\"https:\/\/newsestlyonnais.fr\/site\/\",\"name\":\"News Est Lyonnais\",\"description\":\"L&#039;actualit\u00e9 au plus pr\u00e8s\",\"publisher\":{\"@id\":\"https:\/\/newsestlyonnais.fr\/site\/#organization\"},\"potentialAction\":[{\"@type\":\"SearchAction\",\"target\":{\"@type\":\"EntryPoint\",\"urlTemplate\":\"https:\/\/newsestlyonnais.fr\/site\/?s={search_term_string}\"},\"query-input\":{\"@type\":\"PropertyValueSpecification\",\"valueRequired\":true,\"valueName\":\"search_term_string\"}}],\"inLanguage\":\"fr-FR\"},{\"@type\":\"Organization\",\"@id\":\"https:\/\/newsestlyonnais.fr\/site\/#organization\",\"name\":\"News EST LYONNAIS\",\"url\":\"https:\/\/newsestlyonnais.fr\/site\/\",\"logo\":{\"@type\":\"ImageObject\",\"inLanguage\":\"fr-FR\",\"@id\":\"https:\/\/newsestlyonnais.fr\/site\/#\/schema\/logo\/image\/\",\"url\":\"\",\"contentUrl\":\"\",\"caption\":\"News EST LYONNAIS\"},\"image\":{\"@id\":\"https:\/\/newsestlyonnais.fr\/site\/#\/schema\/logo\/image\/\"}},{\"@type\":\"Person\",\"@id\":\"https:\/\/newsestlyonnais.fr\/site\/#\/schema\/person\/3230d5615f390bb808365d673001e887\",\"name\":\"R\u00e9dac. NEWS\",\"sameAs\":[\"http:\/\/www.newsestlyonnais.fr\",\"https:\/\/www.facebook.com\/pascal.oberson.1?fref=ts\",\"https:\/\/fr.linkedin.com\/in\/pascal-oberson-b17045113\"],\"url\":\"https:\/\/newsestlyonnais.fr\/site\/author\/nel\/\"}]}<\/script>\n<!-- \/ Yoast SEO plugin. -->","yoast_head_json":{"title":"VAULX EN VELIN : L'\u00e9quipe Flamier (Ozon) remporte la Coupe PC Faure de Boules Lyonnaises","description":"VAULX EN VELIN : L'\u00e9quipe Flamier (Ozon) remporte la Coupe PC Faure de Boules Lyonnaises","robots":{"index":"index","follow":"follow","max-snippet":"max-snippet:-1","max-image-preview":"max-image-preview:large","max-video-preview":"max-video-preview:-1"},"canonical":"https:\/\/newsestlyonnais.fr\/site\/2018\/02\/26\/vaulx-en-velin-boules-lyonnaises-lequipe-flamier-ozon-remporte-la-coupe-pc-faure\/","og_locale":"fr_FR","og_type":"article","og_title":"VAULX EN VELIN : L'\u00e9quipe Flamier (Ozon) remporte la Coupe PC Faure de Boules Lyonnaises","og_description":"VAULX EN VELIN : L'\u00e9quipe Flamier (Ozon) remporte la Coupe PC Faure de Boules Lyonnaises","og_url":"https:\/\/newsestlyonnais.fr\/site\/2018\/02\/26\/vaulx-en-velin-boules-lyonnaises-lequipe-flamier-ozon-remporte-la-coupe-pc-faure\/","og_site_name":"News Est Lyonnais","article_author":"https:\/\/www.facebook.com\/pascal.oberson.1?fref=ts","article_published_time":"2018-02-26T16:36:08+00:00","article_modified_time":"2020-11-10T10:14:17+00:00","og_image":[{"width":1000,"height":750,"url":"https:\/\/newsestlyonnais.fr\/site\/wp-content\/uploads\/2018\/02\/NEWSESTLYONNAIS-Equipe-Flamier--1000x750.jpg","type":"image\/jpeg"}],"author":"R\u00e9dac. NEWS","twitter_card":"summary_large_image","twitter_misc":{"\u00c9crit par":"R\u00e9dac. NEWS","Dur\u00e9e de lecture estim\u00e9e":"1 minute"},"schema":{"@context":"https:\/\/schema.org","@graph":[{"@type":"Article","@id":"https:\/\/newsestlyonnais.fr\/site\/2018\/02\/26\/vaulx-en-velin-boules-lyonnaises-lequipe-flamier-ozon-remporte-la-coupe-pc-faure\/#article","isPartOf":{"@id":"https:\/\/newsestlyonnais.fr\/site\/2018\/02\/26\/vaulx-en-velin-boules-lyonnaises-lequipe-flamier-ozon-remporte-la-coupe-pc-faure\/"},"author":{"name":"R\u00e9dac. NEWS","@id":"https:\/\/newsestlyonnais.fr\/site\/#\/schema\/person\/3230d5615f390bb808365d673001e887"},"headline":"VAULX-EN-VELIN | Boules Lyonnaises > l&rsquo;\u00e9quipe Flamier (Ozon) remporte la Coupe PC Faure","datePublished":"2018-02-26T16:36:08+00:00","dateModified":"2020-11-10T10:14:17+00:00","mainEntityOfPage":{"@id":"https:\/\/newsestlyonnais.fr\/site\/2018\/02\/26\/vaulx-en-velin-boules-lyonnaises-lequipe-flamier-ozon-remporte-la-coupe-pc-faure\/"},"wordCount":143,"commentCount":0,"publisher":{"@id":"https:\/\/newsestlyonnais.fr\/site\/#organization"},"image":{"@id":"https:\/\/newsestlyonnais.fr\/site\/2018\/02\/26\/vaulx-en-velin-boules-lyonnaises-lequipe-flamier-ozon-remporte-la-coupe-pc-faure\/#primaryimage"},"thumbnailUrl":"https:\/\/newsestlyonnais.fr\/site\/wp-content\/uploads\/2018\/02\/NEWSESTLYONNAIS-Equipe-Flamier-.jpg","articleSection":["Boules | P\u00e9tanque","Boules Lyonnaises","Vaulx-en-Velin"],"inLanguage":"fr-FR","potentialAction":[{"@type":"CommentAction","name":"Comment","target":["https:\/\/newsestlyonnais.fr\/site\/2018\/02\/26\/vaulx-en-velin-boules-lyonnaises-lequipe-flamier-ozon-remporte-la-coupe-pc-faure\/#respond"]}]},{"@type":"WebPage","@id":"https:\/\/newsestlyonnais.fr\/site\/2018\/02\/26\/vaulx-en-velin-boules-lyonnaises-lequipe-flamier-ozon-remporte-la-coupe-pc-faure\/","url":"https:\/\/newsestlyonnais.fr\/site\/2018\/02\/26\/vaulx-en-velin-boules-lyonnaises-lequipe-flamier-ozon-remporte-la-coupe-pc-faure\/","name":"VAULX EN VELIN : L'\u00e9quipe Flamier (Ozon) remporte la Coupe PC Faure de Boules Lyonnaises","isPartOf":{"@id":"https:\/\/newsestlyonnais.fr\/site\/#website"},"primaryImageOfPage":{"@id":"https:\/\/newsestlyonnais.fr\/site\/2018\/02\/26\/vaulx-en-velin-boules-lyonnaises-lequipe-flamier-ozon-remporte-la-coupe-pc-faure\/#primaryimage"},"image":{"@id":"https:\/\/newsestlyonnais.fr\/site\/2018\/02\/26\/vaulx-en-velin-boules-lyonnaises-lequipe-flamier-ozon-remporte-la-coupe-pc-faure\/#primaryimage"},"thumbnailUrl":"https:\/\/newsestlyonnais.fr\/site\/wp-content\/uploads\/2018\/02\/NEWSESTLYONNAIS-Equipe-Flamier-.jpg","datePublished":"2018-02-26T16:36:08+00:00","dateModified":"2020-11-10T10:14:17+00:00","description":"VAULX EN VELIN : L'\u00e9quipe Flamier (Ozon) remporte la Coupe PC Faure de Boules Lyonnaises","breadcrumb":{"@id":"https:\/\/newsestlyonnais.fr\/site\/2018\/02\/26\/vaulx-en-velin-boules-lyonnaises-lequipe-flamier-ozon-remporte-la-coupe-pc-faure\/#breadcrumb"},"inLanguage":"fr-FR","potentialAction":[{"@type":"ReadAction","target":["https:\/\/newsestlyonnais.fr\/site\/2018\/02\/26\/vaulx-en-velin-boules-lyonnaises-lequipe-flamier-ozon-remporte-la-coupe-pc-faure\/"]}]},{"@type":"ImageObject","inLanguage":"fr-FR","@id":"https:\/\/newsestlyonnais.fr\/site\/2018\/02\/26\/vaulx-en-velin-boules-lyonnaises-lequipe-flamier-ozon-remporte-la-coupe-pc-faure\/#primaryimage","url":"https:\/\/newsestlyonnais.fr\/site\/wp-content\/uploads\/2018\/02\/NEWSESTLYONNAIS-Equipe-Flamier-.jpg","contentUrl":"https:\/\/newsestlyonnais.fr\/site\/wp-content\/uploads\/2018\/02\/NEWSESTLYONNAIS-Equipe-Flamier-.jpg","width":4320,"height":3240,"caption":"NEWSESTLYONNAIS -Equipe Flamier"},{"@type":"BreadcrumbList","@id":"https:\/\/newsestlyonnais.fr\/site\/2018\/02\/26\/vaulx-en-velin-boules-lyonnaises-lequipe-flamier-ozon-remporte-la-coupe-pc-faure\/#breadcrumb","itemListElement":[{"@type":"ListItem","position":1,"name":"Accueil","item":"https:\/\/newsestlyonnais.fr\/site\/"},{"@type":"ListItem","position":2,"name":"VAULX-EN-VELIN | Boules Lyonnaises > l&rsquo;\u00e9quipe Flamier (Ozon) remporte la Coupe PC Faure"}]},{"@type":"WebSite","@id":"https:\/\/newsestlyonnais.fr\/site\/#website","url":"https:\/\/newsestlyonnais.fr\/site\/","name":"News Est Lyonnais","description":"L&#039;actualit\u00e9 au plus pr\u00e8s","publisher":{"@id":"https:\/\/newsestlyonnais.fr\/site\/#organization"},"potentialAction":[{"@type":"SearchAction","target":{"@type":"EntryPoint","urlTemplate":"https:\/\/newsestlyonnais.fr\/site\/?s={search_term_string}"},"query-input":{"@type":"PropertyValueSpecification","valueRequired":true,"valueName":"search_term_string"}}],"inLanguage":"fr-FR"},{"@type":"Organization","@id":"https:\/\/newsestlyonnais.fr\/site\/#organization","name":"News EST LYONNAIS","url":"https:\/\/newsestlyonnais.fr\/site\/","logo":{"@type":"ImageObject","inLanguage":"fr-FR","@id":"https:\/\/newsestlyonnais.fr\/site\/#\/schema\/logo\/image\/","url":"","contentUrl":"","caption":"News EST LYONNAIS"},"image":{"@id":"https:\/\/newsestlyonnais.fr\/site\/#\/schema\/logo\/image\/"}},{"@type":"Person","@id":"https:\/\/newsestlyonnais.fr\/site\/#\/schema\/person\/3230d5615f390bb808365d673001e887","name":"R\u00e9dac. NEWS","sameAs":["http:\/\/www.newsestlyonnais.fr","https:\/\/www.facebook.com\/pascal.oberson.1?fref=ts","https:\/\/fr.linkedin.com\/in\/pascal-oberson-b17045113"],"url":"https:\/\/newsestlyonnais.fr\/site\/author\/nel\/"}]}},"_links":{"self":[{"href":"https:\/\/newsestlyonnais.fr\/site\/wp-json\/wp\/v2\/posts\/44657","targetHints":{"allow":["GET"]}}],"collection":[{"href":"https:\/\/newsestlyonnais.fr\/site\/wp-json\/wp\/v2\/posts"}],"about":[{"href":"https:\/\/newsestlyonnais.fr\/site\/wp-json\/wp\/v2\/types\/post"}],"author":[{"embeddable":true,"href":"https:\/\/newsestlyonnais.fr\/site\/wp-json\/wp\/v2\/users\/4"}],"replies":[{"embeddable":true,"href":"https:\/\/newsestlyonnais.fr\/site\/wp-json\/wp\/v2\/comments?post=44657"}],"version-history":[{"count":0,"href":"https:\/\/newsestlyonnais.fr\/site\/wp-json\/wp\/v2\/posts\/44657\/revisions"}],"wp:featuredmedia":[{"embeddable":true,"href":"https:\/\/newsestlyonnais.fr\/site\/wp-json\/wp\/v2\/media\/44818"}],"wp:attachment":[{"href":"https:\/\/newsestlyonnais.fr\/site\/wp-json\/wp\/v2\/media?parent=44657"}],"wp:term":[{"taxonomy":"category","embeddable":true,"href":"https:\/\/newsestlyonnais.fr\/site\/wp-json\/wp\/v2\/categories?post=44657"},{"taxonomy":"post_tag","embeddable":true,"href":"https:\/\/newsestlyonnais.fr\/site\/wp-json\/wp\/v2\/tags?post=44657"}],"curies":[{"name":"wp","href":"https:\/\/api.w.org\/{rel}","templated":true}]}}