{"id":44880,"date":"2018-02-26T07:20:42","date_gmt":"2018-02-26T06:20:42","guid":{"rendered":"http:\/\/newsestlyonnais.fr\/site\/?p=44880"},"modified":"2020-11-11T20:29:02","modified_gmt":"2020-11-11T19:29:02","slug":"lyon-3-agenda-des-manifestations-jusquau-24-mars-2018","status":"publish","type":"post","link":"https:\/\/newsestlyonnais.fr\/site\/2018\/02\/26\/lyon-3-agenda-des-manifestations-jusquau-24-mars-2018\/","title":{"rendered":"LYON 3 | Agenda des manifestations jusqu\u2019au 24 Mars 2018"},"content":{"rendered":"<h4>Plusieurs \u00e9v\u00e9nements se d\u00e9rouleront dans le 3\u00b0 arrondissement durant les prochains jours, soit :<\/h4>\n<ul>\n<li><strong>MERCREDI 28 FEVRIER \u00e0 11 Heures<\/strong> : <span style=\"text-decoration: underline\">HOMMAGE AU POMPIER STEPHANE ABBES<\/span>. Hommage au pompier d\u00e9c\u00e9d\u00e9 lors de l\u2019explosion du cours Lafayette, en f\u00e9vrier 2008. (Face au 92 rue Moncey).<\/li>\n<li><strong>MERCREDI 7 MARS \u00e0 19 H<\/strong>: <span style=\"text-decoration: underline\">VERNISSAGE DE L\u2019EXPOSITION DES PEINTRES DE MONTCHAT<\/span>: Exposition de peintures de l\u2019Acad\u00e9mie des peintres de Montchat, du 5 au 9 mars inclus. (Mairie du 3\u00b0 , salle d\u2019exposition).<\/li>\n<li><strong>SAMEDI 10 MARS \u00e0 10 H<\/strong>: <span style=\"text-decoration: underline\">CONSEIL EXCEPTIONNEL DU 3\u00b0<\/span> : Election du nouvel ex\u00e9cutif du 3\u00b0, suite \u00e0 la d\u00e9mission de Thierry PHILIP de ses fonctions de Maire d\u2019arrondissement. (Mairie du 3\u00b0 , salle Eug\u00e8ne Brouillard).<\/li>\n<li><strong>MARDI 13 MARS \u00e0 16 H<\/strong> : <span style=\"text-decoration: underline\">CARNAVAL DES ECOLES DE MONTCHAT<\/span>. Chaque ann\u00e9e, les \u00e9coles Jules Verne, Louise, Anatole France et Viala se retrouvent dans le jardin de l\u2019Eglise de Montchat \u00e0 l\u2019occasion du carnaval. Un rendez -vous haut en couleur, accompagn\u00e9 de quelques notes de jazz. (Jardin de l\u2019Eglise de Montchat, place du Ch\u00e2teau) <strong>&amp; \u00e0 18 H<\/strong> : <span style=\"text-decoration: underline\">CICA CONSEIL D\u2019ARRONDISSEMENT<\/span>. Le CICA sera consacr\u00e9 aux espaces verts. L\u2019ordre du jour du CA sera communiqu\u00e9 prochainement. (Mairie du 3\u00b0, salle Eug\u00e8ne Brouillard).<\/li>\n<li><strong>MERCREDI 14 MARS \u00e0 18 H<\/strong> : <span style=\"text-decoration: underline\">INAUGURATION DU FOYER DE VIE \u00ab LES TROIS GALETS \u00bb<\/span>. Une r\u00e9sidence Grand Lyon Habitat g\u00e9r\u00e9e par l\u2019association GRIM. (41 boulevard Pinel).<\/li>\n<li><b>JEUDI 15 MARS \u00e0 <\/b><b>14 H 30 : <\/b><span style=\"text-decoration: underline\">CINE GOUTER SENIORS<\/span><b>.<\/b><i>La Mairie du 3\u00b0<\/i><i> <\/i><i><i>propose aux seniors qui n\u2019ont pas pu assister aux apr\u00e8s-midis b\u00fbche et galette organis\u00e9s pendant les f\u00eates, une apr\u00e8s-midi cin\u00e9-go\u00fbter avec la projection du film \u00ab De plus en plus en vie \u00bb, suivie d\u2019un go\u00fbter \u00e0 l\u2019Espace Elsa Triolet (53 rue Charles Richard) <strong>\u00e0 <\/strong><\/i><\/i><b>18 H: <\/b><span style=\"text-decoration: underline\">VERNISSAGE DE L\u2019EXPOSITION TAVERNE GUTENBERG INVITE EMEMEM.<b> <\/b><\/span><i>La taverne Gutenberg invite l\u2019artiste Ememem pour une exposition in\u00e9dite. L\u2019occasion de d\u00e9couvrir le travail de l\u2019artiste autour de flackings, de photographies mais aussi de sculptures et vid\u00e9os, prenant place du bar jusqu\u2019\u00e0 l\u2019espace central du 1\u00b0 \u00e9tage. Exposition jusqu\u2019au 29 mars.(<\/i>Taverne Gutenberg, 5 rue de l\u2019Ep\u00e9e). &amp; \u00e0 <b>18 H 30 : <\/b><span style=\"text-decoration: underline\">TROPHEE DES SPORTIFS DU 3\u00b0<\/span><b>. <\/b><i>Assembl\u00e9e g\u00e9n\u00e9rale de l\u2019OFFISA3, l\u2019office des sports du 3\u00b0 a<\/i><i>rrondissement, suivie de la remise des troph\u00e9es des sportifs et des b\u00e9n\u00e9voles, qui r\u00e9compensent les sportifs, adh\u00e9rents et b\u00e9n\u00e9voles des clubs de l\u2019arrondissement. (<\/i>Salle Eug\u00e8ne Brouillard, Mairie du 3\u00b0)<i>.<\/i><\/li>\n<li><b>SAMEDI 17 MARS \u00e0 <\/b><b>11 H : <\/b><span style=\"text-decoration: underline\">TAILLE DES VIGNES DU SQUARE REBATEL<\/span><b>. <\/b><i>Pour c\u00e9l\u00e9brer le mariage du 3\u00b0\u00a0<\/i><i> <\/i><i>arrondissement de Lyon et du cru Chiroubles, une op\u00e9ration \u00ab Tailles des vignes du square Rebatel \u00bb sera men\u00e9e par les vignerons de Chiroubles et les \u00e9lu-e-s du 3\u00b0<\/i><i>. (Square Rebatel, angle rue des Dahlias, rue Dr Rebatel).<\/i><\/li>\n<li><b>LUNDI 19 MARS \u00e0 <\/b><b>18 H 30 : <\/b><span style=\"text-decoration: underline\">REUNION D\u2019INFORMATION TRAVAUX PART-DIEU<\/span><b>. <\/b><i>Une r\u00e9union d\u2019information \u00e0 destination des conseils de quartier Voltaire Part-Dieu, Villette Paul-Bert et Sans-Souci Dauphin\u00e9 est organis\u00e9e par la SPL Part-Dieu<\/i><i>. L\u2019occasion de faire le point sur les chantiers en cours ou \u00e0 venir, leur calendrier et les mesures prises pour accompagner les usagers dans leurs d\u00e9placements (transport en commun, voitures, cyclistes et pi\u00e9tons). (Salle Eug\u00e8ne Brouillard, Mairie du 3\u00b0).<\/i><\/li>\n<li><b>MARDI 20 MARS \u00e0 <\/b><b>18 H : <\/b><span style=\"text-decoration: underline\">SOIREE DEBAT \u00ab FEMMES ET SANTE \u00bb<\/span><b>. <\/b>D<i>ans le cadre de la journ\u00e9e internationale pour les droits des femmes, la Mairie du 3e vous donne rendez-vous pour d\u00e9battre du th\u00e8me \u00ab Femmes et Sant\u00e9 \u00bb, en pr\u00e9sence de Muriel Salle (historienne et auteure du livre \u00ab Femmes et sant\u00e9, encore une affaire d\u2019hommes ? \u00bb), du Dr Pascale Romestaing (oncologue radioth\u00e9rapeute), et de Marion Athiel, du Planning Familial. Cette soir\u00e9e-d\u00e9bat est parrain\u00e9e par les associations femmes solidaires, FilActions, VIFFIL et le planning familial. (Mairie du 3\u00b0, salle Eug\u00e8ne Brouillard).<\/i><\/li>\n<li><b>SAMEDI 24 MARS de <\/b><b>15 H \u00e0 17 H : <\/b><span style=\"text-decoration: underline\">INAUGURATION DU COMPOSTEUR DE L\u2019AVENUE DES ACACIAS<\/span><b>. <\/b><i>L\u2019association Montchat vert, gestionnaire des deux composteurs de Montchat, organise un temps convivial pour inaugurer le composteur install\u00e9 \u00e0 l\u2019automne 2017 avenue des Acacias, pr\u00e8s du parc Bazin. (Avenue des Acacias, pr\u00e8s de l\u2019entr\u00e9e du parc Bazin).<\/i><\/li>\n<\/ul>\n<p><strong>Retrouvez l&rsquo;ACTU de LYON 3\u00b0 sur: <a href=\"https:\/\/mairie3.lyon.fr\" target=\"_blank\" rel=\"noopener noreferrer\">https:\/\/mairie3.lyon.fr<\/a><\/strong><\/p>\n","protected":false},"excerpt":{"rendered":"<p>Plusieurs \u00e9v\u00e9nements se d\u00e9rouleront dans le 3\u00b0 arrondissement durant les prochains jours, soit : MERCREDI 28 FEVRIER \u00e0 11 Heures : HOMMAGE AU POMPIER STEPHANE ABBES. Hommage au pompier d\u00e9c\u00e9d\u00e9 lors de l\u2019explosion du cours Lafayette, en f\u00e9vrier 2008. (Face au 92 rue Moncey). MERCREDI 7 MARS \u00e0 19 H: VERNISSAGE DE L\u2019EXPOSITION DES PEINTRES [&hellip;]<\/p>\n","protected":false},"author":4,"featured_media":8840,"comment_status":"open","ping_status":"open","sticky":false,"template":"","format":"standard","meta":{"footnotes":""},"categories":[4,1625,309,13],"tags":[],"class_list":["post-44880","post","type-post","status-publish","format-standard","has-post-thumbnail","hentry","category-evenements-divers","category-lyon","category-pratique","category-transports-circulation"],"yoast_head":"<!-- This site is optimized with the Yoast SEO plugin v27.2 - https:\/\/yoast.com\/product\/yoast-seo-wordpress\/ -->\n<title>LYON 3\u00b0 : D\u00e9couvrez l\u2019agenda des manifestations jusqu\u2019au 24 Mars 2018<\/title>\n<meta name=\"description\" content=\"LYON 3\u00b0 : D\u00e9couvrez l\u2019agenda des manifestations jusqu\u2019au 24 Mars 2018\" \/>\n<meta name=\"robots\" content=\"index, follow, max-snippet:-1, max-image-preview:large, max-video-preview:-1\" \/>\n<link rel=\"canonical\" href=\"https:\/\/newsestlyonnais.fr\/site\/2018\/02\/26\/lyon-3-agenda-des-manifestations-jusquau-24-mars-2018\/\" \/>\n<meta property=\"og:locale\" content=\"fr_FR\" \/>\n<meta property=\"og:type\" content=\"article\" \/>\n<meta property=\"og:title\" content=\"LYON 3\u00b0 : D\u00e9couvrez l\u2019agenda des manifestations jusqu\u2019au 24 Mars 2018\" \/>\n<meta property=\"og:description\" content=\"LYON 3\u00b0 : D\u00e9couvrez l\u2019agenda des manifestations jusqu\u2019au 24 Mars 2018\" \/>\n<meta property=\"og:url\" content=\"https:\/\/newsestlyonnais.fr\/site\/2018\/02\/26\/lyon-3-agenda-des-manifestations-jusquau-24-mars-2018\/\" \/>\n<meta property=\"og:site_name\" content=\"News Est Lyonnais\" \/>\n<meta property=\"article:author\" content=\"https:\/\/www.facebook.com\/pascal.oberson.1?fref=ts\" \/>\n<meta property=\"article:published_time\" content=\"2018-02-26T06:20:42+00:00\" \/>\n<meta property=\"article:modified_time\" content=\"2020-11-11T19:29:02+00:00\" \/>\n<meta property=\"og:image\" content=\"https:\/\/i1.wp.com\/newsestlyonnais.fr\/site\/wp-content\/uploads\/2016\/06\/NEWSESTLYONNAIS-LYON-PANNEAUP1100180.jpg?fit=1000%2C750&ssl=1\" \/>\n\t<meta property=\"og:image:width\" content=\"1000\" \/>\n\t<meta property=\"og:image:height\" content=\"750\" \/>\n\t<meta property=\"og:image:type\" content=\"image\/jpeg\" \/>\n<meta name=\"author\" content=\"R\u00e9dac. NEWS\" \/>\n<meta name=\"twitter:card\" content=\"summary_large_image\" \/>\n<meta name=\"twitter:label1\" content=\"\u00c9crit par\" \/>\n\t<meta name=\"twitter:data1\" content=\"R\u00e9dac. NEWS\" \/>\n\t<meta name=\"twitter:label2\" content=\"Dur\u00e9e de lecture estim\u00e9e\" \/>\n\t<meta name=\"twitter:data2\" content=\"3 minutes\" \/>\n<script type=\"application\/ld+json\" class=\"yoast-schema-graph\">{\"@context\":\"https:\/\/schema.org\",\"@graph\":[{\"@type\":\"Article\",\"@id\":\"https:\/\/newsestlyonnais.fr\/site\/2018\/02\/26\/lyon-3-agenda-des-manifestations-jusquau-24-mars-2018\/#article\",\"isPartOf\":{\"@id\":\"https:\/\/newsestlyonnais.fr\/site\/2018\/02\/26\/lyon-3-agenda-des-manifestations-jusquau-24-mars-2018\/\"},\"author\":{\"name\":\"R\u00e9dac. NEWS\",\"@id\":\"https:\/\/newsestlyonnais.fr\/site\/#\/schema\/person\/3230d5615f390bb808365d673001e887\"},\"headline\":\"LYON 3 | Agenda des manifestations jusqu\u2019au 24 Mars 2018\",\"datePublished\":\"2018-02-26T06:20:42+00:00\",\"dateModified\":\"2020-11-11T19:29:02+00:00\",\"mainEntityOfPage\":{\"@id\":\"https:\/\/newsestlyonnais.fr\/site\/2018\/02\/26\/lyon-3-agenda-des-manifestations-jusquau-24-mars-2018\/\"},\"wordCount\":687,\"commentCount\":0,\"publisher\":{\"@id\":\"https:\/\/newsestlyonnais.fr\/site\/#organization\"},\"image\":{\"@id\":\"https:\/\/newsestlyonnais.fr\/site\/2018\/02\/26\/lyon-3-agenda-des-manifestations-jusquau-24-mars-2018\/#primaryimage\"},\"thumbnailUrl\":\"https:\/\/newsestlyonnais.fr\/site\/wp-content\/uploads\/2016\/06\/NEWSESTLYONNAIS-LYON-PANNEAUP1100180.jpg\",\"articleSection\":[\"Ev\u00e8nements divers\",\"Lyon\",\"Pratique\",\"Transports | Circulation\"],\"inLanguage\":\"fr-FR\",\"potentialAction\":[{\"@type\":\"CommentAction\",\"name\":\"Comment\",\"target\":[\"https:\/\/newsestlyonnais.fr\/site\/2018\/02\/26\/lyon-3-agenda-des-manifestations-jusquau-24-mars-2018\/#respond\"]}]},{\"@type\":\"WebPage\",\"@id\":\"https:\/\/newsestlyonnais.fr\/site\/2018\/02\/26\/lyon-3-agenda-des-manifestations-jusquau-24-mars-2018\/\",\"url\":\"https:\/\/newsestlyonnais.fr\/site\/2018\/02\/26\/lyon-3-agenda-des-manifestations-jusquau-24-mars-2018\/\",\"name\":\"LYON 3\u00b0 : D\u00e9couvrez l\u2019agenda des manifestations jusqu\u2019au 24 Mars 2018\",\"isPartOf\":{\"@id\":\"https:\/\/newsestlyonnais.fr\/site\/#website\"},\"primaryImageOfPage\":{\"@id\":\"https:\/\/newsestlyonnais.fr\/site\/2018\/02\/26\/lyon-3-agenda-des-manifestations-jusquau-24-mars-2018\/#primaryimage\"},\"image\":{\"@id\":\"https:\/\/newsestlyonnais.fr\/site\/2018\/02\/26\/lyon-3-agenda-des-manifestations-jusquau-24-mars-2018\/#primaryimage\"},\"thumbnailUrl\":\"https:\/\/newsestlyonnais.fr\/site\/wp-content\/uploads\/2016\/06\/NEWSESTLYONNAIS-LYON-PANNEAUP1100180.jpg\",\"datePublished\":\"2018-02-26T06:20:42+00:00\",\"dateModified\":\"2020-11-11T19:29:02+00:00\",\"description\":\"LYON 3\u00b0 : D\u00e9couvrez l\u2019agenda des manifestations jusqu\u2019au 24 Mars 2018\",\"breadcrumb\":{\"@id\":\"https:\/\/newsestlyonnais.fr\/site\/2018\/02\/26\/lyon-3-agenda-des-manifestations-jusquau-24-mars-2018\/#breadcrumb\"},\"inLanguage\":\"fr-FR\",\"potentialAction\":[{\"@type\":\"ReadAction\",\"target\":[\"https:\/\/newsestlyonnais.fr\/site\/2018\/02\/26\/lyon-3-agenda-des-manifestations-jusquau-24-mars-2018\/\"]}]},{\"@type\":\"ImageObject\",\"inLanguage\":\"fr-FR\",\"@id\":\"https:\/\/newsestlyonnais.fr\/site\/2018\/02\/26\/lyon-3-agenda-des-manifestations-jusquau-24-mars-2018\/#primaryimage\",\"url\":\"https:\/\/newsestlyonnais.fr\/site\/wp-content\/uploads\/2016\/06\/NEWSESTLYONNAIS-LYON-PANNEAUP1100180.jpg\",\"contentUrl\":\"https:\/\/newsestlyonnais.fr\/site\/wp-content\/uploads\/2016\/06\/NEWSESTLYONNAIS-LYON-PANNEAUP1100180.jpg\",\"width\":1000,\"height\":750,\"caption\":\"NEWSESTLYONNAIS - LYON PANNEAU\"},{\"@type\":\"BreadcrumbList\",\"@id\":\"https:\/\/newsestlyonnais.fr\/site\/2018\/02\/26\/lyon-3-agenda-des-manifestations-jusquau-24-mars-2018\/#breadcrumb\",\"itemListElement\":[{\"@type\":\"ListItem\",\"position\":1,\"name\":\"Accueil\",\"item\":\"https:\/\/newsestlyonnais.fr\/site\/\"},{\"@type\":\"ListItem\",\"position\":2,\"name\":\"LYON 3 | Agenda des manifestations jusqu\u2019au 24 Mars 2018\"}]},{\"@type\":\"WebSite\",\"@id\":\"https:\/\/newsestlyonnais.fr\/site\/#website\",\"url\":\"https:\/\/newsestlyonnais.fr\/site\/\",\"name\":\"News Est Lyonnais\",\"description\":\"L&#039;actualit\u00e9 au plus pr\u00e8s\",\"publisher\":{\"@id\":\"https:\/\/newsestlyonnais.fr\/site\/#organization\"},\"potentialAction\":[{\"@type\":\"SearchAction\",\"target\":{\"@type\":\"EntryPoint\",\"urlTemplate\":\"https:\/\/newsestlyonnais.fr\/site\/?s={search_term_string}\"},\"query-input\":{\"@type\":\"PropertyValueSpecification\",\"valueRequired\":true,\"valueName\":\"search_term_string\"}}],\"inLanguage\":\"fr-FR\"},{\"@type\":\"Organization\",\"@id\":\"https:\/\/newsestlyonnais.fr\/site\/#organization\",\"name\":\"News EST LYONNAIS\",\"url\":\"https:\/\/newsestlyonnais.fr\/site\/\",\"logo\":{\"@type\":\"ImageObject\",\"inLanguage\":\"fr-FR\",\"@id\":\"https:\/\/newsestlyonnais.fr\/site\/#\/schema\/logo\/image\/\",\"url\":\"\",\"contentUrl\":\"\",\"caption\":\"News EST LYONNAIS\"},\"image\":{\"@id\":\"https:\/\/newsestlyonnais.fr\/site\/#\/schema\/logo\/image\/\"}},{\"@type\":\"Person\",\"@id\":\"https:\/\/newsestlyonnais.fr\/site\/#\/schema\/person\/3230d5615f390bb808365d673001e887\",\"name\":\"R\u00e9dac. NEWS\",\"sameAs\":[\"http:\/\/www.newsestlyonnais.fr\",\"https:\/\/www.facebook.com\/pascal.oberson.1?fref=ts\",\"https:\/\/fr.linkedin.com\/in\/pascal-oberson-b17045113\"],\"url\":\"https:\/\/newsestlyonnais.fr\/site\/author\/nel\/\"}]}<\/script>\n<!-- \/ Yoast SEO plugin. -->","yoast_head_json":{"title":"LYON 3\u00b0 : D\u00e9couvrez l\u2019agenda des manifestations jusqu\u2019au 24 Mars 2018","description":"LYON 3\u00b0 : D\u00e9couvrez l\u2019agenda des manifestations jusqu\u2019au 24 Mars 2018","robots":{"index":"index","follow":"follow","max-snippet":"max-snippet:-1","max-image-preview":"max-image-preview:large","max-video-preview":"max-video-preview:-1"},"canonical":"https:\/\/newsestlyonnais.fr\/site\/2018\/02\/26\/lyon-3-agenda-des-manifestations-jusquau-24-mars-2018\/","og_locale":"fr_FR","og_type":"article","og_title":"LYON 3\u00b0 : D\u00e9couvrez l\u2019agenda des manifestations jusqu\u2019au 24 Mars 2018","og_description":"LYON 3\u00b0 : D\u00e9couvrez l\u2019agenda des manifestations jusqu\u2019au 24 Mars 2018","og_url":"https:\/\/newsestlyonnais.fr\/site\/2018\/02\/26\/lyon-3-agenda-des-manifestations-jusquau-24-mars-2018\/","og_site_name":"News Est Lyonnais","article_author":"https:\/\/www.facebook.com\/pascal.oberson.1?fref=ts","article_published_time":"2018-02-26T06:20:42+00:00","article_modified_time":"2020-11-11T19:29:02+00:00","og_image":[{"width":1000,"height":750,"url":"https:\/\/i1.wp.com\/newsestlyonnais.fr\/site\/wp-content\/uploads\/2016\/06\/NEWSESTLYONNAIS-LYON-PANNEAUP1100180.jpg?fit=1000%2C750&ssl=1","type":"image\/jpeg"}],"author":"R\u00e9dac. NEWS","twitter_card":"summary_large_image","twitter_misc":{"\u00c9crit par":"R\u00e9dac. NEWS","Dur\u00e9e de lecture estim\u00e9e":"3 minutes"},"schema":{"@context":"https:\/\/schema.org","@graph":[{"@type":"Article","@id":"https:\/\/newsestlyonnais.fr\/site\/2018\/02\/26\/lyon-3-agenda-des-manifestations-jusquau-24-mars-2018\/#article","isPartOf":{"@id":"https:\/\/newsestlyonnais.fr\/site\/2018\/02\/26\/lyon-3-agenda-des-manifestations-jusquau-24-mars-2018\/"},"author":{"name":"R\u00e9dac. NEWS","@id":"https:\/\/newsestlyonnais.fr\/site\/#\/schema\/person\/3230d5615f390bb808365d673001e887"},"headline":"LYON 3 | Agenda des manifestations jusqu\u2019au 24 Mars 2018","datePublished":"2018-02-26T06:20:42+00:00","dateModified":"2020-11-11T19:29:02+00:00","mainEntityOfPage":{"@id":"https:\/\/newsestlyonnais.fr\/site\/2018\/02\/26\/lyon-3-agenda-des-manifestations-jusquau-24-mars-2018\/"},"wordCount":687,"commentCount":0,"publisher":{"@id":"https:\/\/newsestlyonnais.fr\/site\/#organization"},"image":{"@id":"https:\/\/newsestlyonnais.fr\/site\/2018\/02\/26\/lyon-3-agenda-des-manifestations-jusquau-24-mars-2018\/#primaryimage"},"thumbnailUrl":"https:\/\/newsestlyonnais.fr\/site\/wp-content\/uploads\/2016\/06\/NEWSESTLYONNAIS-LYON-PANNEAUP1100180.jpg","articleSection":["Ev\u00e8nements divers","Lyon","Pratique","Transports | Circulation"],"inLanguage":"fr-FR","potentialAction":[{"@type":"CommentAction","name":"Comment","target":["https:\/\/newsestlyonnais.fr\/site\/2018\/02\/26\/lyon-3-agenda-des-manifestations-jusquau-24-mars-2018\/#respond"]}]},{"@type":"WebPage","@id":"https:\/\/newsestlyonnais.fr\/site\/2018\/02\/26\/lyon-3-agenda-des-manifestations-jusquau-24-mars-2018\/","url":"https:\/\/newsestlyonnais.fr\/site\/2018\/02\/26\/lyon-3-agenda-des-manifestations-jusquau-24-mars-2018\/","name":"LYON 3\u00b0 : D\u00e9couvrez l\u2019agenda des manifestations jusqu\u2019au 24 Mars 2018","isPartOf":{"@id":"https:\/\/newsestlyonnais.fr\/site\/#website"},"primaryImageOfPage":{"@id":"https:\/\/newsestlyonnais.fr\/site\/2018\/02\/26\/lyon-3-agenda-des-manifestations-jusquau-24-mars-2018\/#primaryimage"},"image":{"@id":"https:\/\/newsestlyonnais.fr\/site\/2018\/02\/26\/lyon-3-agenda-des-manifestations-jusquau-24-mars-2018\/#primaryimage"},"thumbnailUrl":"https:\/\/newsestlyonnais.fr\/site\/wp-content\/uploads\/2016\/06\/NEWSESTLYONNAIS-LYON-PANNEAUP1100180.jpg","datePublished":"2018-02-26T06:20:42+00:00","dateModified":"2020-11-11T19:29:02+00:00","description":"LYON 3\u00b0 : D\u00e9couvrez l\u2019agenda des manifestations jusqu\u2019au 24 Mars 2018","breadcrumb":{"@id":"https:\/\/newsestlyonnais.fr\/site\/2018\/02\/26\/lyon-3-agenda-des-manifestations-jusquau-24-mars-2018\/#breadcrumb"},"inLanguage":"fr-FR","potentialAction":[{"@type":"ReadAction","target":["https:\/\/newsestlyonnais.fr\/site\/2018\/02\/26\/lyon-3-agenda-des-manifestations-jusquau-24-mars-2018\/"]}]},{"@type":"ImageObject","inLanguage":"fr-FR","@id":"https:\/\/newsestlyonnais.fr\/site\/2018\/02\/26\/lyon-3-agenda-des-manifestations-jusquau-24-mars-2018\/#primaryimage","url":"https:\/\/newsestlyonnais.fr\/site\/wp-content\/uploads\/2016\/06\/NEWSESTLYONNAIS-LYON-PANNEAUP1100180.jpg","contentUrl":"https:\/\/newsestlyonnais.fr\/site\/wp-content\/uploads\/2016\/06\/NEWSESTLYONNAIS-LYON-PANNEAUP1100180.jpg","width":1000,"height":750,"caption":"NEWSESTLYONNAIS - LYON PANNEAU"},{"@type":"BreadcrumbList","@id":"https:\/\/newsestlyonnais.fr\/site\/2018\/02\/26\/lyon-3-agenda-des-manifestations-jusquau-24-mars-2018\/#breadcrumb","itemListElement":[{"@type":"ListItem","position":1,"name":"Accueil","item":"https:\/\/newsestlyonnais.fr\/site\/"},{"@type":"ListItem","position":2,"name":"LYON 3 | Agenda des manifestations jusqu\u2019au 24 Mars 2018"}]},{"@type":"WebSite","@id":"https:\/\/newsestlyonnais.fr\/site\/#website","url":"https:\/\/newsestlyonnais.fr\/site\/","name":"News Est Lyonnais","description":"L&#039;actualit\u00e9 au plus pr\u00e8s","publisher":{"@id":"https:\/\/newsestlyonnais.fr\/site\/#organization"},"potentialAction":[{"@type":"SearchAction","target":{"@type":"EntryPoint","urlTemplate":"https:\/\/newsestlyonnais.fr\/site\/?s={search_term_string}"},"query-input":{"@type":"PropertyValueSpecification","valueRequired":true,"valueName":"search_term_string"}}],"inLanguage":"fr-FR"},{"@type":"Organization","@id":"https:\/\/newsestlyonnais.fr\/site\/#organization","name":"News EST LYONNAIS","url":"https:\/\/newsestlyonnais.fr\/site\/","logo":{"@type":"ImageObject","inLanguage":"fr-FR","@id":"https:\/\/newsestlyonnais.fr\/site\/#\/schema\/logo\/image\/","url":"","contentUrl":"","caption":"News EST LYONNAIS"},"image":{"@id":"https:\/\/newsestlyonnais.fr\/site\/#\/schema\/logo\/image\/"}},{"@type":"Person","@id":"https:\/\/newsestlyonnais.fr\/site\/#\/schema\/person\/3230d5615f390bb808365d673001e887","name":"R\u00e9dac. NEWS","sameAs":["http:\/\/www.newsestlyonnais.fr","https:\/\/www.facebook.com\/pascal.oberson.1?fref=ts","https:\/\/fr.linkedin.com\/in\/pascal-oberson-b17045113"],"url":"https:\/\/newsestlyonnais.fr\/site\/author\/nel\/"}]}},"_links":{"self":[{"href":"https:\/\/newsestlyonnais.fr\/site\/wp-json\/wp\/v2\/posts\/44880","targetHints":{"allow":["GET"]}}],"collection":[{"href":"https:\/\/newsestlyonnais.fr\/site\/wp-json\/wp\/v2\/posts"}],"about":[{"href":"https:\/\/newsestlyonnais.fr\/site\/wp-json\/wp\/v2\/types\/post"}],"author":[{"embeddable":true,"href":"https:\/\/newsestlyonnais.fr\/site\/wp-json\/wp\/v2\/users\/4"}],"replies":[{"embeddable":true,"href":"https:\/\/newsestlyonnais.fr\/site\/wp-json\/wp\/v2\/comments?post=44880"}],"version-history":[{"count":0,"href":"https:\/\/newsestlyonnais.fr\/site\/wp-json\/wp\/v2\/posts\/44880\/revisions"}],"wp:featuredmedia":[{"embeddable":true,"href":"https:\/\/newsestlyonnais.fr\/site\/wp-json\/wp\/v2\/media\/8840"}],"wp:attachment":[{"href":"https:\/\/newsestlyonnais.fr\/site\/wp-json\/wp\/v2\/media?parent=44880"}],"wp:term":[{"taxonomy":"category","embeddable":true,"href":"https:\/\/newsestlyonnais.fr\/site\/wp-json\/wp\/v2\/categories?post=44880"},{"taxonomy":"post_tag","embeddable":true,"href":"https:\/\/newsestlyonnais.fr\/site\/wp-json\/wp\/v2\/tags?post=44880"}],"curies":[{"name":"wp","href":"https:\/\/api.w.org\/{rel}","templated":true}]}}