{"id":44975,"date":"2018-03-01T06:15:12","date_gmt":"2018-03-01T05:15:12","guid":{"rendered":"http:\/\/newsestlyonnais.fr\/site\/?p=44975"},"modified":"2020-11-03T13:30:08","modified_gmt":"2020-11-03T12:30:08","slug":"villeurbanne-les-handballeurs-du-vha-accueillent-gonfreville-pour-rebondir","status":"publish","type":"post","link":"https:\/\/newsestlyonnais.fr\/site\/2018\/03\/01\/villeurbanne-les-handballeurs-du-vha-accueillent-gonfreville-pour-rebondir\/","title":{"rendered":"VILLEURBANNE | Les handballeurs du VHA accueillent Gonfreville pour rebondir !"},"content":{"rendered":"<h4>Pour leur 2\u00b0 journ\u00e9e de Play-Offs, les villeurbannais re\u00e7oivent une nouvelle fois \u00e0 domicile et samedi soir c\u2019est l\u2019\u00e9quipe de Gonfreville qui viendra d\u00e9fier le VHA.<\/h4>\n<p>La reprise a \u00e9t\u00e9 compliqu\u00e9e pour Villeurbanne qui s\u2019est fait recaler lors de la 1\u00b0 journ\u00e9e de championnat en s\u2019inclinant <strong>26 \u00e0 30 face \u00e0 Amiens.<\/strong> Une mauvaise gestion des temps faibles et une baisse de r\u00e9gime en seconde p\u00e9riode, conduiront les Black Gones \u00e0 la d\u00e9faite. La comp\u00e9tition est mont\u00e9e d\u2019un niveau, les villeurbannais doivent prendre rapidement leurs marques et redoubler d\u2019efforts pour faire face \u00e0 ce nouveau challenge. Une grosse semaine de travail avant la rencontre de samedi leur permettra de repartir sur de bonnes bases.<br \/>\n<strong>Gonfreville<\/strong> prend la t\u00eate du classement, apr\u00e8s s\u2019\u00eatre impos\u00e9e le week-end dernier contre Angers (28-22).<br \/>\nHabitu\u00e9e \u00e0 \u00e9voluer en 3\u00b0 division, cette saison elle peut compter sur l\u2019arriv\u00e9e d\u2019un nouvel entraineur: Diallo Ibrahima. Renforc\u00e9e \u00e9galement par un gros recrutement chez le voisin Saint Valery, dont un certain Florian Dessertenne (ancien capitaine de Caen en D2).<\/p>\n<ul>\n<li><em><strong>Samedi 3 Mars \u00e0 20 h 30, Salle des Gratte-Ciel,<\/strong><\/em> 98 rue Francis de Pr\u00e9ssens\u00e9. Acc\u00e8s M\u00e9tro ligne A \u2013 Arr\u00eat R\u00e9publique-Villeurbanne<\/li>\n<\/ul>\n<p><em><strong>Toute l&rsquo;ACTU du VHA est sur : <a href=\"https:\/\/www.villeurbanneha.fr\" target=\"_blank\" rel=\"noopener noreferrer\">https:\/\/www.villeurbanneha.fr<\/a><\/strong><\/em><\/p>\n","protected":false},"excerpt":{"rendered":"<p>Pour leur 2\u00b0 journ\u00e9e de Play-Offs, les villeurbannais re\u00e7oivent une nouvelle fois \u00e0 domicile et samedi soir c\u2019est l\u2019\u00e9quipe de Gonfreville qui viendra d\u00e9fier le VHA. La reprise a \u00e9t\u00e9 compliqu\u00e9e pour Villeurbanne qui s\u2019est fait recaler lors de la 1\u00b0 journ\u00e9e de championnat en s\u2019inclinant 26 \u00e0 30 face \u00e0 Amiens. Une mauvaise gestion [&hellip;]<\/p>\n","protected":false},"author":4,"featured_media":13213,"comment_status":"open","ping_status":"open","sticky":false,"template":"","format":"standard","meta":{"footnotes":""},"categories":[2975,4,1358,29],"tags":[],"class_list":["post-44975","post","type-post","status-publish","format-standard","has-post-thumbnail","hentry","category-basket-hand-volley-sports","category-evenements-divers","category-hand","category-villeurbanne"],"yoast_head":"<!-- This site is optimized with the Yoast SEO plugin v27.2 - https:\/\/yoast.com\/product\/yoast-seo-wordpress\/ -->\n<title>VILLEURBANNE : Les handballeurs du VHA accueillent Gonfreville pour rebondir !<\/title>\n<meta name=\"description\" content=\"VILLEURBANNE : Les handballeurs du VHA accueillent Gonfreville pour rebondir !\" \/>\n<meta name=\"robots\" content=\"index, follow, max-snippet:-1, max-image-preview:large, max-video-preview:-1\" \/>\n<link rel=\"canonical\" href=\"https:\/\/newsestlyonnais.fr\/site\/2018\/03\/01\/villeurbanne-les-handballeurs-du-vha-accueillent-gonfreville-pour-rebondir\/\" \/>\n<meta property=\"og:locale\" content=\"fr_FR\" \/>\n<meta property=\"og:type\" content=\"article\" \/>\n<meta property=\"og:title\" content=\"VILLEURBANNE : Les handballeurs du VHA accueillent Gonfreville pour rebondir !\" \/>\n<meta property=\"og:description\" content=\"VILLEURBANNE : Les handballeurs du VHA accueillent Gonfreville pour rebondir !\" \/>\n<meta property=\"og:url\" content=\"https:\/\/newsestlyonnais.fr\/site\/2018\/03\/01\/villeurbanne-les-handballeurs-du-vha-accueillent-gonfreville-pour-rebondir\/\" \/>\n<meta property=\"og:site_name\" content=\"News Est Lyonnais\" \/>\n<meta property=\"article:author\" content=\"https:\/\/www.facebook.com\/pascal.oberson.1?fref=ts\" \/>\n<meta property=\"article:published_time\" content=\"2018-03-01T05:15:12+00:00\" \/>\n<meta property=\"article:modified_time\" content=\"2020-11-03T12:30:08+00:00\" \/>\n<meta property=\"og:image\" content=\"https:\/\/i0.wp.com\/newsestlyonnais.fr\/site\/wp-content\/uploads\/2016\/09\/NEWSESTLYONNAIS-Logo-VHA_2015-2016.jpg?fit=1000%2C750&ssl=1\" \/>\n\t<meta property=\"og:image:width\" content=\"1000\" \/>\n\t<meta property=\"og:image:height\" content=\"750\" \/>\n\t<meta property=\"og:image:type\" content=\"image\/jpeg\" \/>\n<meta name=\"author\" content=\"R\u00e9dac. NEWS\" \/>\n<meta name=\"twitter:card\" content=\"summary_large_image\" \/>\n<meta name=\"twitter:label1\" content=\"\u00c9crit par\" \/>\n\t<meta name=\"twitter:data1\" content=\"R\u00e9dac. NEWS\" \/>\n\t<meta name=\"twitter:label2\" content=\"Dur\u00e9e de lecture estim\u00e9e\" \/>\n\t<meta name=\"twitter:data2\" content=\"1 minute\" \/>\n<script type=\"application\/ld+json\" class=\"yoast-schema-graph\">{\"@context\":\"https:\/\/schema.org\",\"@graph\":[{\"@type\":\"Article\",\"@id\":\"https:\/\/newsestlyonnais.fr\/site\/2018\/03\/01\/villeurbanne-les-handballeurs-du-vha-accueillent-gonfreville-pour-rebondir\/#article\",\"isPartOf\":{\"@id\":\"https:\/\/newsestlyonnais.fr\/site\/2018\/03\/01\/villeurbanne-les-handballeurs-du-vha-accueillent-gonfreville-pour-rebondir\/\"},\"author\":{\"name\":\"R\u00e9dac. NEWS\",\"@id\":\"https:\/\/newsestlyonnais.fr\/site\/#\/schema\/person\/3230d5615f390bb808365d673001e887\"},\"headline\":\"VILLEURBANNE | Les handballeurs du VHA accueillent Gonfreville pour rebondir !\",\"datePublished\":\"2018-03-01T05:15:12+00:00\",\"dateModified\":\"2020-11-03T12:30:08+00:00\",\"mainEntityOfPage\":{\"@id\":\"https:\/\/newsestlyonnais.fr\/site\/2018\/03\/01\/villeurbanne-les-handballeurs-du-vha-accueillent-gonfreville-pour-rebondir\/\"},\"wordCount\":224,\"commentCount\":0,\"publisher\":{\"@id\":\"https:\/\/newsestlyonnais.fr\/site\/#organization\"},\"image\":{\"@id\":\"https:\/\/newsestlyonnais.fr\/site\/2018\/03\/01\/villeurbanne-les-handballeurs-du-vha-accueillent-gonfreville-pour-rebondir\/#primaryimage\"},\"thumbnailUrl\":\"https:\/\/newsestlyonnais.fr\/site\/wp-content\/uploads\/2016\/09\/NEWSESTLYONNAIS-Logo-VHA_2015-2016.jpg\",\"articleSection\":[\"Basket | Hand | Volley\",\"Ev\u00e8nements divers\",\"Hand\",\"Villeurbanne\"],\"inLanguage\":\"fr-FR\",\"potentialAction\":[{\"@type\":\"CommentAction\",\"name\":\"Comment\",\"target\":[\"https:\/\/newsestlyonnais.fr\/site\/2018\/03\/01\/villeurbanne-les-handballeurs-du-vha-accueillent-gonfreville-pour-rebondir\/#respond\"]}]},{\"@type\":\"WebPage\",\"@id\":\"https:\/\/newsestlyonnais.fr\/site\/2018\/03\/01\/villeurbanne-les-handballeurs-du-vha-accueillent-gonfreville-pour-rebondir\/\",\"url\":\"https:\/\/newsestlyonnais.fr\/site\/2018\/03\/01\/villeurbanne-les-handballeurs-du-vha-accueillent-gonfreville-pour-rebondir\/\",\"name\":\"VILLEURBANNE : Les handballeurs du VHA accueillent Gonfreville pour rebondir !\",\"isPartOf\":{\"@id\":\"https:\/\/newsestlyonnais.fr\/site\/#website\"},\"primaryImageOfPage\":{\"@id\":\"https:\/\/newsestlyonnais.fr\/site\/2018\/03\/01\/villeurbanne-les-handballeurs-du-vha-accueillent-gonfreville-pour-rebondir\/#primaryimage\"},\"image\":{\"@id\":\"https:\/\/newsestlyonnais.fr\/site\/2018\/03\/01\/villeurbanne-les-handballeurs-du-vha-accueillent-gonfreville-pour-rebondir\/#primaryimage\"},\"thumbnailUrl\":\"https:\/\/newsestlyonnais.fr\/site\/wp-content\/uploads\/2016\/09\/NEWSESTLYONNAIS-Logo-VHA_2015-2016.jpg\",\"datePublished\":\"2018-03-01T05:15:12+00:00\",\"dateModified\":\"2020-11-03T12:30:08+00:00\",\"description\":\"VILLEURBANNE : Les handballeurs du VHA accueillent Gonfreville pour rebondir !\",\"breadcrumb\":{\"@id\":\"https:\/\/newsestlyonnais.fr\/site\/2018\/03\/01\/villeurbanne-les-handballeurs-du-vha-accueillent-gonfreville-pour-rebondir\/#breadcrumb\"},\"inLanguage\":\"fr-FR\",\"potentialAction\":[{\"@type\":\"ReadAction\",\"target\":[\"https:\/\/newsestlyonnais.fr\/site\/2018\/03\/01\/villeurbanne-les-handballeurs-du-vha-accueillent-gonfreville-pour-rebondir\/\"]}]},{\"@type\":\"ImageObject\",\"inLanguage\":\"fr-FR\",\"@id\":\"https:\/\/newsestlyonnais.fr\/site\/2018\/03\/01\/villeurbanne-les-handballeurs-du-vha-accueillent-gonfreville-pour-rebondir\/#primaryimage\",\"url\":\"https:\/\/newsestlyonnais.fr\/site\/wp-content\/uploads\/2016\/09\/NEWSESTLYONNAIS-Logo-VHA_2015-2016.jpg\",\"contentUrl\":\"https:\/\/newsestlyonnais.fr\/site\/wp-content\/uploads\/2016\/09\/NEWSESTLYONNAIS-Logo-VHA_2015-2016.jpg\",\"width\":1000,\"height\":750,\"caption\":\"newsestlyonnais-logo-vha_2015-2016\"},{\"@type\":\"BreadcrumbList\",\"@id\":\"https:\/\/newsestlyonnais.fr\/site\/2018\/03\/01\/villeurbanne-les-handballeurs-du-vha-accueillent-gonfreville-pour-rebondir\/#breadcrumb\",\"itemListElement\":[{\"@type\":\"ListItem\",\"position\":1,\"name\":\"Accueil\",\"item\":\"https:\/\/newsestlyonnais.fr\/site\/\"},{\"@type\":\"ListItem\",\"position\":2,\"name\":\"VILLEURBANNE | Les handballeurs du VHA accueillent Gonfreville pour rebondir !\"}]},{\"@type\":\"WebSite\",\"@id\":\"https:\/\/newsestlyonnais.fr\/site\/#website\",\"url\":\"https:\/\/newsestlyonnais.fr\/site\/\",\"name\":\"News Est Lyonnais\",\"description\":\"L&#039;actualit\u00e9 au plus pr\u00e8s\",\"publisher\":{\"@id\":\"https:\/\/newsestlyonnais.fr\/site\/#organization\"},\"potentialAction\":[{\"@type\":\"SearchAction\",\"target\":{\"@type\":\"EntryPoint\",\"urlTemplate\":\"https:\/\/newsestlyonnais.fr\/site\/?s={search_term_string}\"},\"query-input\":{\"@type\":\"PropertyValueSpecification\",\"valueRequired\":true,\"valueName\":\"search_term_string\"}}],\"inLanguage\":\"fr-FR\"},{\"@type\":\"Organization\",\"@id\":\"https:\/\/newsestlyonnais.fr\/site\/#organization\",\"name\":\"News EST LYONNAIS\",\"url\":\"https:\/\/newsestlyonnais.fr\/site\/\",\"logo\":{\"@type\":\"ImageObject\",\"inLanguage\":\"fr-FR\",\"@id\":\"https:\/\/newsestlyonnais.fr\/site\/#\/schema\/logo\/image\/\",\"url\":\"\",\"contentUrl\":\"\",\"caption\":\"News EST LYONNAIS\"},\"image\":{\"@id\":\"https:\/\/newsestlyonnais.fr\/site\/#\/schema\/logo\/image\/\"}},{\"@type\":\"Person\",\"@id\":\"https:\/\/newsestlyonnais.fr\/site\/#\/schema\/person\/3230d5615f390bb808365d673001e887\",\"name\":\"R\u00e9dac. NEWS\",\"sameAs\":[\"http:\/\/www.newsestlyonnais.fr\",\"https:\/\/www.facebook.com\/pascal.oberson.1?fref=ts\",\"https:\/\/fr.linkedin.com\/in\/pascal-oberson-b17045113\"],\"url\":\"https:\/\/newsestlyonnais.fr\/site\/author\/nel\/\"}]}<\/script>\n<!-- \/ Yoast SEO plugin. -->","yoast_head_json":{"title":"VILLEURBANNE : Les handballeurs du VHA accueillent Gonfreville pour rebondir !","description":"VILLEURBANNE : Les handballeurs du VHA accueillent Gonfreville pour rebondir !","robots":{"index":"index","follow":"follow","max-snippet":"max-snippet:-1","max-image-preview":"max-image-preview:large","max-video-preview":"max-video-preview:-1"},"canonical":"https:\/\/newsestlyonnais.fr\/site\/2018\/03\/01\/villeurbanne-les-handballeurs-du-vha-accueillent-gonfreville-pour-rebondir\/","og_locale":"fr_FR","og_type":"article","og_title":"VILLEURBANNE : Les handballeurs du VHA accueillent Gonfreville pour rebondir !","og_description":"VILLEURBANNE : Les handballeurs du VHA accueillent Gonfreville pour rebondir !","og_url":"https:\/\/newsestlyonnais.fr\/site\/2018\/03\/01\/villeurbanne-les-handballeurs-du-vha-accueillent-gonfreville-pour-rebondir\/","og_site_name":"News Est Lyonnais","article_author":"https:\/\/www.facebook.com\/pascal.oberson.1?fref=ts","article_published_time":"2018-03-01T05:15:12+00:00","article_modified_time":"2020-11-03T12:30:08+00:00","og_image":[{"width":1000,"height":750,"url":"https:\/\/i0.wp.com\/newsestlyonnais.fr\/site\/wp-content\/uploads\/2016\/09\/NEWSESTLYONNAIS-Logo-VHA_2015-2016.jpg?fit=1000%2C750&ssl=1","type":"image\/jpeg"}],"author":"R\u00e9dac. NEWS","twitter_card":"summary_large_image","twitter_misc":{"\u00c9crit par":"R\u00e9dac. NEWS","Dur\u00e9e de lecture estim\u00e9e":"1 minute"},"schema":{"@context":"https:\/\/schema.org","@graph":[{"@type":"Article","@id":"https:\/\/newsestlyonnais.fr\/site\/2018\/03\/01\/villeurbanne-les-handballeurs-du-vha-accueillent-gonfreville-pour-rebondir\/#article","isPartOf":{"@id":"https:\/\/newsestlyonnais.fr\/site\/2018\/03\/01\/villeurbanne-les-handballeurs-du-vha-accueillent-gonfreville-pour-rebondir\/"},"author":{"name":"R\u00e9dac. NEWS","@id":"https:\/\/newsestlyonnais.fr\/site\/#\/schema\/person\/3230d5615f390bb808365d673001e887"},"headline":"VILLEURBANNE | Les handballeurs du VHA accueillent Gonfreville pour rebondir !","datePublished":"2018-03-01T05:15:12+00:00","dateModified":"2020-11-03T12:30:08+00:00","mainEntityOfPage":{"@id":"https:\/\/newsestlyonnais.fr\/site\/2018\/03\/01\/villeurbanne-les-handballeurs-du-vha-accueillent-gonfreville-pour-rebondir\/"},"wordCount":224,"commentCount":0,"publisher":{"@id":"https:\/\/newsestlyonnais.fr\/site\/#organization"},"image":{"@id":"https:\/\/newsestlyonnais.fr\/site\/2018\/03\/01\/villeurbanne-les-handballeurs-du-vha-accueillent-gonfreville-pour-rebondir\/#primaryimage"},"thumbnailUrl":"https:\/\/newsestlyonnais.fr\/site\/wp-content\/uploads\/2016\/09\/NEWSESTLYONNAIS-Logo-VHA_2015-2016.jpg","articleSection":["Basket | Hand | Volley","Ev\u00e8nements divers","Hand","Villeurbanne"],"inLanguage":"fr-FR","potentialAction":[{"@type":"CommentAction","name":"Comment","target":["https:\/\/newsestlyonnais.fr\/site\/2018\/03\/01\/villeurbanne-les-handballeurs-du-vha-accueillent-gonfreville-pour-rebondir\/#respond"]}]},{"@type":"WebPage","@id":"https:\/\/newsestlyonnais.fr\/site\/2018\/03\/01\/villeurbanne-les-handballeurs-du-vha-accueillent-gonfreville-pour-rebondir\/","url":"https:\/\/newsestlyonnais.fr\/site\/2018\/03\/01\/villeurbanne-les-handballeurs-du-vha-accueillent-gonfreville-pour-rebondir\/","name":"VILLEURBANNE : Les handballeurs du VHA accueillent Gonfreville pour rebondir !","isPartOf":{"@id":"https:\/\/newsestlyonnais.fr\/site\/#website"},"primaryImageOfPage":{"@id":"https:\/\/newsestlyonnais.fr\/site\/2018\/03\/01\/villeurbanne-les-handballeurs-du-vha-accueillent-gonfreville-pour-rebondir\/#primaryimage"},"image":{"@id":"https:\/\/newsestlyonnais.fr\/site\/2018\/03\/01\/villeurbanne-les-handballeurs-du-vha-accueillent-gonfreville-pour-rebondir\/#primaryimage"},"thumbnailUrl":"https:\/\/newsestlyonnais.fr\/site\/wp-content\/uploads\/2016\/09\/NEWSESTLYONNAIS-Logo-VHA_2015-2016.jpg","datePublished":"2018-03-01T05:15:12+00:00","dateModified":"2020-11-03T12:30:08+00:00","description":"VILLEURBANNE : Les handballeurs du VHA accueillent Gonfreville pour rebondir !","breadcrumb":{"@id":"https:\/\/newsestlyonnais.fr\/site\/2018\/03\/01\/villeurbanne-les-handballeurs-du-vha-accueillent-gonfreville-pour-rebondir\/#breadcrumb"},"inLanguage":"fr-FR","potentialAction":[{"@type":"ReadAction","target":["https:\/\/newsestlyonnais.fr\/site\/2018\/03\/01\/villeurbanne-les-handballeurs-du-vha-accueillent-gonfreville-pour-rebondir\/"]}]},{"@type":"ImageObject","inLanguage":"fr-FR","@id":"https:\/\/newsestlyonnais.fr\/site\/2018\/03\/01\/villeurbanne-les-handballeurs-du-vha-accueillent-gonfreville-pour-rebondir\/#primaryimage","url":"https:\/\/newsestlyonnais.fr\/site\/wp-content\/uploads\/2016\/09\/NEWSESTLYONNAIS-Logo-VHA_2015-2016.jpg","contentUrl":"https:\/\/newsestlyonnais.fr\/site\/wp-content\/uploads\/2016\/09\/NEWSESTLYONNAIS-Logo-VHA_2015-2016.jpg","width":1000,"height":750,"caption":"newsestlyonnais-logo-vha_2015-2016"},{"@type":"BreadcrumbList","@id":"https:\/\/newsestlyonnais.fr\/site\/2018\/03\/01\/villeurbanne-les-handballeurs-du-vha-accueillent-gonfreville-pour-rebondir\/#breadcrumb","itemListElement":[{"@type":"ListItem","position":1,"name":"Accueil","item":"https:\/\/newsestlyonnais.fr\/site\/"},{"@type":"ListItem","position":2,"name":"VILLEURBANNE | Les handballeurs du VHA accueillent Gonfreville pour rebondir !"}]},{"@type":"WebSite","@id":"https:\/\/newsestlyonnais.fr\/site\/#website","url":"https:\/\/newsestlyonnais.fr\/site\/","name":"News Est Lyonnais","description":"L&#039;actualit\u00e9 au plus pr\u00e8s","publisher":{"@id":"https:\/\/newsestlyonnais.fr\/site\/#organization"},"potentialAction":[{"@type":"SearchAction","target":{"@type":"EntryPoint","urlTemplate":"https:\/\/newsestlyonnais.fr\/site\/?s={search_term_string}"},"query-input":{"@type":"PropertyValueSpecification","valueRequired":true,"valueName":"search_term_string"}}],"inLanguage":"fr-FR"},{"@type":"Organization","@id":"https:\/\/newsestlyonnais.fr\/site\/#organization","name":"News EST LYONNAIS","url":"https:\/\/newsestlyonnais.fr\/site\/","logo":{"@type":"ImageObject","inLanguage":"fr-FR","@id":"https:\/\/newsestlyonnais.fr\/site\/#\/schema\/logo\/image\/","url":"","contentUrl":"","caption":"News EST LYONNAIS"},"image":{"@id":"https:\/\/newsestlyonnais.fr\/site\/#\/schema\/logo\/image\/"}},{"@type":"Person","@id":"https:\/\/newsestlyonnais.fr\/site\/#\/schema\/person\/3230d5615f390bb808365d673001e887","name":"R\u00e9dac. NEWS","sameAs":["http:\/\/www.newsestlyonnais.fr","https:\/\/www.facebook.com\/pascal.oberson.1?fref=ts","https:\/\/fr.linkedin.com\/in\/pascal-oberson-b17045113"],"url":"https:\/\/newsestlyonnais.fr\/site\/author\/nel\/"}]}},"_links":{"self":[{"href":"https:\/\/newsestlyonnais.fr\/site\/wp-json\/wp\/v2\/posts\/44975","targetHints":{"allow":["GET"]}}],"collection":[{"href":"https:\/\/newsestlyonnais.fr\/site\/wp-json\/wp\/v2\/posts"}],"about":[{"href":"https:\/\/newsestlyonnais.fr\/site\/wp-json\/wp\/v2\/types\/post"}],"author":[{"embeddable":true,"href":"https:\/\/newsestlyonnais.fr\/site\/wp-json\/wp\/v2\/users\/4"}],"replies":[{"embeddable":true,"href":"https:\/\/newsestlyonnais.fr\/site\/wp-json\/wp\/v2\/comments?post=44975"}],"version-history":[{"count":0,"href":"https:\/\/newsestlyonnais.fr\/site\/wp-json\/wp\/v2\/posts\/44975\/revisions"}],"wp:featuredmedia":[{"embeddable":true,"href":"https:\/\/newsestlyonnais.fr\/site\/wp-json\/wp\/v2\/media\/13213"}],"wp:attachment":[{"href":"https:\/\/newsestlyonnais.fr\/site\/wp-json\/wp\/v2\/media?parent=44975"}],"wp:term":[{"taxonomy":"category","embeddable":true,"href":"https:\/\/newsestlyonnais.fr\/site\/wp-json\/wp\/v2\/categories?post=44975"},{"taxonomy":"post_tag","embeddable":true,"href":"https:\/\/newsestlyonnais.fr\/site\/wp-json\/wp\/v2\/tags?post=44975"}],"curies":[{"name":"wp","href":"https:\/\/api.w.org\/{rel}","templated":true}]}}