{"id":45273,"date":"2018-03-09T08:03:20","date_gmt":"2018-03-09T07:03:20","guid":{"rendered":"http:\/\/newsestlyonnais.fr\/site\/?p=45273"},"modified":"2020-11-09T07:00:07","modified_gmt":"2020-11-09T06:00:07","slug":"colombier-saugnieu-et-genas-une-convention-de-groupement-de-commandes-entre-les-2-communes","status":"publish","type":"post","link":"https:\/\/newsestlyonnais.fr\/site\/2018\/03\/09\/colombier-saugnieu-et-genas-une-convention-de-groupement-de-commandes-entre-les-2-communes\/","title":{"rendered":"COLOMBIER-SAUGNIEU \/ GENAS | Convention de groupement de commandes entre les 2 communes"},"content":{"rendered":"<h4>Ce jeudi en fin de matin\u00e9e, se signait dans la salle du conseil de la Mairie de Colombier-Saugnieu, une convention de groupement de commandes avec la commune de Genas.<\/h4>\n<p>Un accord qui permettra de rationaliser leurs fonctions \u00ab achat \u00bb respectives, d\u2019accorder progressivement les proc\u00e9dures et modes de fonctionnement et de mutualiser des comp\u00e9tences de leurs services pour d\u00e9gager, \u00e0 terme, des \u00e9conomies d\u2019\u00e9chelles importantes.<\/p>\n<p>Ces 2 communes ont choisi d\u2019\u00e9tablir des groupements de commandes et les premi\u00e8res conventions concerneront la<br \/>\nfourniture des v\u00eatements de travail et le contr\u00f4le r\u00e9glementaire des b\u00e2timents. 5 lots seront retenus dans le cadre de ce lancement de mutualisation des groupements de commandes.<\/p>\n<p><img loading=\"lazy\" decoding=\"async\" class=\"alignleft size-full wp-image-23750\" src=\"https:\/\/newsestlyonnais.fr\/site\/medias\/2017\/03\/NEWSESTLYONNAIS-MICRO.png\" alt=\"NEWSESTLYONNAIS MICRO\" width=\"250\" height=\"150\" \/>\u00ab\u00a0Nous avons d\u00e9cid\u00e9 de mutualiser notre march\u00e9 public d&rsquo;achat d&rsquo;\u00e9quipements de protection individuelle concernant <strong>28 agents.es \u00e0 Colombier Saugnieu<\/strong> (services techniques et police municipale) <strong>et 120 \u00e0 Genas<\/strong>. L&rsquo;\u00e9conomie financi\u00e8re pr\u00e9visionnelle est de 10 % sur un budget de 10 \u00e0 15.000 \u20ac pour notre commune\u00a0\u00bb confiait\u00a0<strong>Pierre Marmonier<\/strong> (Colombier Saugnieu). <strong><br \/>\n<\/strong><\/p>\n<p>\u00a0\u00bb Nos 2 communes proches dans leur mode de fonctionnement partagent ces m\u00eames pr\u00e9occupations et souhaits de rationalisation. Tr\u00e8s vite, les services travailleront sur le nouveau projet mutualis\u00e9 en mati\u00e8re de contr\u00f4les de s\u00e9curit\u00e9 et mettront au point une proc\u00e9dure qui devrait \u00eatre lanc\u00e9e prochainement. Ceci confirmant l&rsquo;approche mutualis\u00e9e d\u00e9j\u00e0 amorc\u00e9e entre nos 2 communes\u00a0\u00bb indiquait <strong>Daniel Val\u00e9ro<\/strong> (Genas).<\/p>\n<p><strong>PHOTO A LA UNE :<\/strong> (Droits r\u00e9serv\u00e9s Ville de Colombier-Saugnieu): Les maires Daniel Val\u00e9ro (Genas) &amp; Pierre Marmonier (Colombier Saugnieu) lors de la signature de la convention.<\/p>\n","protected":false},"excerpt":{"rendered":"<p>Ce jeudi en fin de matin\u00e9e, se signait dans la salle du conseil de la Mairie de Colombier-Saugnieu, une convention de groupement de commandes avec la commune de Genas. Un accord qui permettra de rationaliser leurs fonctions \u00ab achat \u00bb respectives, d\u2019accorder progressivement les proc\u00e9dures et modes de fonctionnement et de mutualiser des comp\u00e9tences de [&hellip;]<\/p>\n","protected":false},"author":4,"featured_media":45278,"comment_status":"open","ping_status":"open","sticky":false,"template":"","format":"standard","meta":{"footnotes":""},"categories":[270,1280,4,1598,309],"tags":[],"class_list":["post-45273","post","type-post","status-publish","format-standard","has-post-thumbnail","hentry","category-cte-de-communes-c-c-e-l","category-colombier-saugnieu","category-evenements-divers","category-genas","category-pratique"],"yoast_head":"<!-- This site is optimized with the Yoast SEO plugin v27.2 - https:\/\/yoast.com\/product\/yoast-seo-wordpress\/ -->\n<title>COLOMBIER SAUGNIEU et GENAS : Une convention de groupement de commandes sign\u00e9e entre les 2 communes<\/title>\n<meta name=\"description\" content=\"COLOMBIER SAUGNIEU et GENAS : Une convention de groupement de commandes sign\u00e9e entre les 2 communes\" \/>\n<meta name=\"robots\" content=\"index, follow, max-snippet:-1, max-image-preview:large, max-video-preview:-1\" \/>\n<link rel=\"canonical\" href=\"https:\/\/newsestlyonnais.fr\/site\/2018\/03\/09\/colombier-saugnieu-et-genas-une-convention-de-groupement-de-commandes-entre-les-2-communes\/\" \/>\n<meta property=\"og:locale\" content=\"fr_FR\" \/>\n<meta property=\"og:type\" content=\"article\" \/>\n<meta property=\"og:title\" content=\"COLOMBIER SAUGNIEU et GENAS : Une convention de groupement de commandes sign\u00e9e entre les 2 communes\" \/>\n<meta property=\"og:description\" content=\"COLOMBIER SAUGNIEU et GENAS : Une convention de groupement de commandes sign\u00e9e entre les 2 communes\" \/>\n<meta property=\"og:url\" content=\"https:\/\/newsestlyonnais.fr\/site\/2018\/03\/09\/colombier-saugnieu-et-genas-une-convention-de-groupement-de-commandes-entre-les-2-communes\/\" \/>\n<meta property=\"og:site_name\" content=\"News Est Lyonnais\" \/>\n<meta property=\"article:author\" content=\"https:\/\/www.facebook.com\/pascal.oberson.1?fref=ts\" \/>\n<meta property=\"article:published_time\" content=\"2018-03-09T07:03:20+00:00\" \/>\n<meta property=\"article:modified_time\" content=\"2020-11-09T06:00:07+00:00\" \/>\n<meta property=\"og:image\" content=\"https:\/\/newsestlyonnais.fr\/site\/wp-content\/uploads\/2018\/03\/NEWSESTLYONNAIS-SIGN-CONV-GENAS-CS-1000x667.jpg\" \/>\n\t<meta property=\"og:image:width\" content=\"1000\" \/>\n\t<meta property=\"og:image:height\" content=\"667\" \/>\n\t<meta property=\"og:image:type\" content=\"image\/jpeg\" \/>\n<meta name=\"author\" content=\"R\u00e9dac. NEWS\" \/>\n<meta name=\"twitter:card\" content=\"summary_large_image\" \/>\n<meta name=\"twitter:label1\" content=\"\u00c9crit par\" \/>\n\t<meta name=\"twitter:data1\" content=\"R\u00e9dac. NEWS\" \/>\n\t<meta name=\"twitter:label2\" content=\"Dur\u00e9e de lecture estim\u00e9e\" \/>\n\t<meta name=\"twitter:data2\" content=\"1 minute\" \/>\n<script type=\"application\/ld+json\" class=\"yoast-schema-graph\">{\"@context\":\"https:\/\/schema.org\",\"@graph\":[{\"@type\":\"Article\",\"@id\":\"https:\/\/newsestlyonnais.fr\/site\/2018\/03\/09\/colombier-saugnieu-et-genas-une-convention-de-groupement-de-commandes-entre-les-2-communes\/#article\",\"isPartOf\":{\"@id\":\"https:\/\/newsestlyonnais.fr\/site\/2018\/03\/09\/colombier-saugnieu-et-genas-une-convention-de-groupement-de-commandes-entre-les-2-communes\/\"},\"author\":{\"name\":\"R\u00e9dac. NEWS\",\"@id\":\"https:\/\/newsestlyonnais.fr\/site\/#\/schema\/person\/3230d5615f390bb808365d673001e887\"},\"headline\":\"COLOMBIER-SAUGNIEU \/ GENAS | Convention de groupement de commandes entre les 2 communes\",\"datePublished\":\"2018-03-09T07:03:20+00:00\",\"dateModified\":\"2020-11-09T06:00:07+00:00\",\"mainEntityOfPage\":{\"@id\":\"https:\/\/newsestlyonnais.fr\/site\/2018\/03\/09\/colombier-saugnieu-et-genas-une-convention-de-groupement-de-commandes-entre-les-2-communes\/\"},\"wordCount\":271,\"commentCount\":0,\"publisher\":{\"@id\":\"https:\/\/newsestlyonnais.fr\/site\/#organization\"},\"image\":{\"@id\":\"https:\/\/newsestlyonnais.fr\/site\/2018\/03\/09\/colombier-saugnieu-et-genas-une-convention-de-groupement-de-commandes-entre-les-2-communes\/#primaryimage\"},\"thumbnailUrl\":\"https:\/\/newsestlyonnais.fr\/site\/wp-content\/uploads\/2018\/03\/NEWSESTLYONNAIS-SIGN-CONV-GENAS-CS.jpg\",\"articleSection\":[\"CCEL | Communes\",\"Colombier-Saugnieu\",\"Ev\u00e8nements divers\",\"Genas\",\"Pratique\"],\"inLanguage\":\"fr-FR\",\"potentialAction\":[{\"@type\":\"CommentAction\",\"name\":\"Comment\",\"target\":[\"https:\/\/newsestlyonnais.fr\/site\/2018\/03\/09\/colombier-saugnieu-et-genas-une-convention-de-groupement-de-commandes-entre-les-2-communes\/#respond\"]}]},{\"@type\":\"WebPage\",\"@id\":\"https:\/\/newsestlyonnais.fr\/site\/2018\/03\/09\/colombier-saugnieu-et-genas-une-convention-de-groupement-de-commandes-entre-les-2-communes\/\",\"url\":\"https:\/\/newsestlyonnais.fr\/site\/2018\/03\/09\/colombier-saugnieu-et-genas-une-convention-de-groupement-de-commandes-entre-les-2-communes\/\",\"name\":\"COLOMBIER SAUGNIEU et GENAS : Une convention de groupement de commandes sign\u00e9e entre les 2 communes\",\"isPartOf\":{\"@id\":\"https:\/\/newsestlyonnais.fr\/site\/#website\"},\"primaryImageOfPage\":{\"@id\":\"https:\/\/newsestlyonnais.fr\/site\/2018\/03\/09\/colombier-saugnieu-et-genas-une-convention-de-groupement-de-commandes-entre-les-2-communes\/#primaryimage\"},\"image\":{\"@id\":\"https:\/\/newsestlyonnais.fr\/site\/2018\/03\/09\/colombier-saugnieu-et-genas-une-convention-de-groupement-de-commandes-entre-les-2-communes\/#primaryimage\"},\"thumbnailUrl\":\"https:\/\/newsestlyonnais.fr\/site\/wp-content\/uploads\/2018\/03\/NEWSESTLYONNAIS-SIGN-CONV-GENAS-CS.jpg\",\"datePublished\":\"2018-03-09T07:03:20+00:00\",\"dateModified\":\"2020-11-09T06:00:07+00:00\",\"description\":\"COLOMBIER SAUGNIEU et GENAS : Une convention de groupement de commandes sign\u00e9e entre les 2 communes\",\"breadcrumb\":{\"@id\":\"https:\/\/newsestlyonnais.fr\/site\/2018\/03\/09\/colombier-saugnieu-et-genas-une-convention-de-groupement-de-commandes-entre-les-2-communes\/#breadcrumb\"},\"inLanguage\":\"fr-FR\",\"potentialAction\":[{\"@type\":\"ReadAction\",\"target\":[\"https:\/\/newsestlyonnais.fr\/site\/2018\/03\/09\/colombier-saugnieu-et-genas-une-convention-de-groupement-de-commandes-entre-les-2-communes\/\"]}]},{\"@type\":\"ImageObject\",\"inLanguage\":\"fr-FR\",\"@id\":\"https:\/\/newsestlyonnais.fr\/site\/2018\/03\/09\/colombier-saugnieu-et-genas-une-convention-de-groupement-de-commandes-entre-les-2-communes\/#primaryimage\",\"url\":\"https:\/\/newsestlyonnais.fr\/site\/wp-content\/uploads\/2018\/03\/NEWSESTLYONNAIS-SIGN-CONV-GENAS-CS.jpg\",\"contentUrl\":\"https:\/\/newsestlyonnais.fr\/site\/wp-content\/uploads\/2018\/03\/NEWSESTLYONNAIS-SIGN-CONV-GENAS-CS.jpg\",\"width\":5472,\"height\":3648,\"caption\":\"NEWSESTLYONNAIS - SIGN CONV GENAS CS\"},{\"@type\":\"BreadcrumbList\",\"@id\":\"https:\/\/newsestlyonnais.fr\/site\/2018\/03\/09\/colombier-saugnieu-et-genas-une-convention-de-groupement-de-commandes-entre-les-2-communes\/#breadcrumb\",\"itemListElement\":[{\"@type\":\"ListItem\",\"position\":1,\"name\":\"Accueil\",\"item\":\"https:\/\/newsestlyonnais.fr\/site\/\"},{\"@type\":\"ListItem\",\"position\":2,\"name\":\"COLOMBIER-SAUGNIEU \/ GENAS | Convention de groupement de commandes entre les 2 communes\"}]},{\"@type\":\"WebSite\",\"@id\":\"https:\/\/newsestlyonnais.fr\/site\/#website\",\"url\":\"https:\/\/newsestlyonnais.fr\/site\/\",\"name\":\"News Est Lyonnais\",\"description\":\"L&#039;actualit\u00e9 au plus pr\u00e8s\",\"publisher\":{\"@id\":\"https:\/\/newsestlyonnais.fr\/site\/#organization\"},\"potentialAction\":[{\"@type\":\"SearchAction\",\"target\":{\"@type\":\"EntryPoint\",\"urlTemplate\":\"https:\/\/newsestlyonnais.fr\/site\/?s={search_term_string}\"},\"query-input\":{\"@type\":\"PropertyValueSpecification\",\"valueRequired\":true,\"valueName\":\"search_term_string\"}}],\"inLanguage\":\"fr-FR\"},{\"@type\":\"Organization\",\"@id\":\"https:\/\/newsestlyonnais.fr\/site\/#organization\",\"name\":\"News EST LYONNAIS\",\"url\":\"https:\/\/newsestlyonnais.fr\/site\/\",\"logo\":{\"@type\":\"ImageObject\",\"inLanguage\":\"fr-FR\",\"@id\":\"https:\/\/newsestlyonnais.fr\/site\/#\/schema\/logo\/image\/\",\"url\":\"\",\"contentUrl\":\"\",\"caption\":\"News EST LYONNAIS\"},\"image\":{\"@id\":\"https:\/\/newsestlyonnais.fr\/site\/#\/schema\/logo\/image\/\"}},{\"@type\":\"Person\",\"@id\":\"https:\/\/newsestlyonnais.fr\/site\/#\/schema\/person\/3230d5615f390bb808365d673001e887\",\"name\":\"R\u00e9dac. NEWS\",\"sameAs\":[\"http:\/\/www.newsestlyonnais.fr\",\"https:\/\/www.facebook.com\/pascal.oberson.1?fref=ts\",\"https:\/\/fr.linkedin.com\/in\/pascal-oberson-b17045113\"],\"url\":\"https:\/\/newsestlyonnais.fr\/site\/author\/nel\/\"}]}<\/script>\n<!-- \/ Yoast SEO plugin. -->","yoast_head_json":{"title":"COLOMBIER SAUGNIEU et GENAS : Une convention de groupement de commandes sign\u00e9e entre les 2 communes","description":"COLOMBIER SAUGNIEU et GENAS : Une convention de groupement de commandes sign\u00e9e entre les 2 communes","robots":{"index":"index","follow":"follow","max-snippet":"max-snippet:-1","max-image-preview":"max-image-preview:large","max-video-preview":"max-video-preview:-1"},"canonical":"https:\/\/newsestlyonnais.fr\/site\/2018\/03\/09\/colombier-saugnieu-et-genas-une-convention-de-groupement-de-commandes-entre-les-2-communes\/","og_locale":"fr_FR","og_type":"article","og_title":"COLOMBIER SAUGNIEU et GENAS : Une convention de groupement de commandes sign\u00e9e entre les 2 communes","og_description":"COLOMBIER SAUGNIEU et GENAS : Une convention de groupement de commandes sign\u00e9e entre les 2 communes","og_url":"https:\/\/newsestlyonnais.fr\/site\/2018\/03\/09\/colombier-saugnieu-et-genas-une-convention-de-groupement-de-commandes-entre-les-2-communes\/","og_site_name":"News Est Lyonnais","article_author":"https:\/\/www.facebook.com\/pascal.oberson.1?fref=ts","article_published_time":"2018-03-09T07:03:20+00:00","article_modified_time":"2020-11-09T06:00:07+00:00","og_image":[{"width":1000,"height":667,"url":"https:\/\/newsestlyonnais.fr\/site\/wp-content\/uploads\/2018\/03\/NEWSESTLYONNAIS-SIGN-CONV-GENAS-CS-1000x667.jpg","type":"image\/jpeg"}],"author":"R\u00e9dac. NEWS","twitter_card":"summary_large_image","twitter_misc":{"\u00c9crit par":"R\u00e9dac. NEWS","Dur\u00e9e de lecture estim\u00e9e":"1 minute"},"schema":{"@context":"https:\/\/schema.org","@graph":[{"@type":"Article","@id":"https:\/\/newsestlyonnais.fr\/site\/2018\/03\/09\/colombier-saugnieu-et-genas-une-convention-de-groupement-de-commandes-entre-les-2-communes\/#article","isPartOf":{"@id":"https:\/\/newsestlyonnais.fr\/site\/2018\/03\/09\/colombier-saugnieu-et-genas-une-convention-de-groupement-de-commandes-entre-les-2-communes\/"},"author":{"name":"R\u00e9dac. NEWS","@id":"https:\/\/newsestlyonnais.fr\/site\/#\/schema\/person\/3230d5615f390bb808365d673001e887"},"headline":"COLOMBIER-SAUGNIEU \/ GENAS | Convention de groupement de commandes entre les 2 communes","datePublished":"2018-03-09T07:03:20+00:00","dateModified":"2020-11-09T06:00:07+00:00","mainEntityOfPage":{"@id":"https:\/\/newsestlyonnais.fr\/site\/2018\/03\/09\/colombier-saugnieu-et-genas-une-convention-de-groupement-de-commandes-entre-les-2-communes\/"},"wordCount":271,"commentCount":0,"publisher":{"@id":"https:\/\/newsestlyonnais.fr\/site\/#organization"},"image":{"@id":"https:\/\/newsestlyonnais.fr\/site\/2018\/03\/09\/colombier-saugnieu-et-genas-une-convention-de-groupement-de-commandes-entre-les-2-communes\/#primaryimage"},"thumbnailUrl":"https:\/\/newsestlyonnais.fr\/site\/wp-content\/uploads\/2018\/03\/NEWSESTLYONNAIS-SIGN-CONV-GENAS-CS.jpg","articleSection":["CCEL | Communes","Colombier-Saugnieu","Ev\u00e8nements divers","Genas","Pratique"],"inLanguage":"fr-FR","potentialAction":[{"@type":"CommentAction","name":"Comment","target":["https:\/\/newsestlyonnais.fr\/site\/2018\/03\/09\/colombier-saugnieu-et-genas-une-convention-de-groupement-de-commandes-entre-les-2-communes\/#respond"]}]},{"@type":"WebPage","@id":"https:\/\/newsestlyonnais.fr\/site\/2018\/03\/09\/colombier-saugnieu-et-genas-une-convention-de-groupement-de-commandes-entre-les-2-communes\/","url":"https:\/\/newsestlyonnais.fr\/site\/2018\/03\/09\/colombier-saugnieu-et-genas-une-convention-de-groupement-de-commandes-entre-les-2-communes\/","name":"COLOMBIER SAUGNIEU et GENAS : Une convention de groupement de commandes sign\u00e9e entre les 2 communes","isPartOf":{"@id":"https:\/\/newsestlyonnais.fr\/site\/#website"},"primaryImageOfPage":{"@id":"https:\/\/newsestlyonnais.fr\/site\/2018\/03\/09\/colombier-saugnieu-et-genas-une-convention-de-groupement-de-commandes-entre-les-2-communes\/#primaryimage"},"image":{"@id":"https:\/\/newsestlyonnais.fr\/site\/2018\/03\/09\/colombier-saugnieu-et-genas-une-convention-de-groupement-de-commandes-entre-les-2-communes\/#primaryimage"},"thumbnailUrl":"https:\/\/newsestlyonnais.fr\/site\/wp-content\/uploads\/2018\/03\/NEWSESTLYONNAIS-SIGN-CONV-GENAS-CS.jpg","datePublished":"2018-03-09T07:03:20+00:00","dateModified":"2020-11-09T06:00:07+00:00","description":"COLOMBIER SAUGNIEU et GENAS : Une convention de groupement de commandes sign\u00e9e entre les 2 communes","breadcrumb":{"@id":"https:\/\/newsestlyonnais.fr\/site\/2018\/03\/09\/colombier-saugnieu-et-genas-une-convention-de-groupement-de-commandes-entre-les-2-communes\/#breadcrumb"},"inLanguage":"fr-FR","potentialAction":[{"@type":"ReadAction","target":["https:\/\/newsestlyonnais.fr\/site\/2018\/03\/09\/colombier-saugnieu-et-genas-une-convention-de-groupement-de-commandes-entre-les-2-communes\/"]}]},{"@type":"ImageObject","inLanguage":"fr-FR","@id":"https:\/\/newsestlyonnais.fr\/site\/2018\/03\/09\/colombier-saugnieu-et-genas-une-convention-de-groupement-de-commandes-entre-les-2-communes\/#primaryimage","url":"https:\/\/newsestlyonnais.fr\/site\/wp-content\/uploads\/2018\/03\/NEWSESTLYONNAIS-SIGN-CONV-GENAS-CS.jpg","contentUrl":"https:\/\/newsestlyonnais.fr\/site\/wp-content\/uploads\/2018\/03\/NEWSESTLYONNAIS-SIGN-CONV-GENAS-CS.jpg","width":5472,"height":3648,"caption":"NEWSESTLYONNAIS - SIGN CONV GENAS CS"},{"@type":"BreadcrumbList","@id":"https:\/\/newsestlyonnais.fr\/site\/2018\/03\/09\/colombier-saugnieu-et-genas-une-convention-de-groupement-de-commandes-entre-les-2-communes\/#breadcrumb","itemListElement":[{"@type":"ListItem","position":1,"name":"Accueil","item":"https:\/\/newsestlyonnais.fr\/site\/"},{"@type":"ListItem","position":2,"name":"COLOMBIER-SAUGNIEU \/ GENAS | Convention de groupement de commandes entre les 2 communes"}]},{"@type":"WebSite","@id":"https:\/\/newsestlyonnais.fr\/site\/#website","url":"https:\/\/newsestlyonnais.fr\/site\/","name":"News Est Lyonnais","description":"L&#039;actualit\u00e9 au plus pr\u00e8s","publisher":{"@id":"https:\/\/newsestlyonnais.fr\/site\/#organization"},"potentialAction":[{"@type":"SearchAction","target":{"@type":"EntryPoint","urlTemplate":"https:\/\/newsestlyonnais.fr\/site\/?s={search_term_string}"},"query-input":{"@type":"PropertyValueSpecification","valueRequired":true,"valueName":"search_term_string"}}],"inLanguage":"fr-FR"},{"@type":"Organization","@id":"https:\/\/newsestlyonnais.fr\/site\/#organization","name":"News EST LYONNAIS","url":"https:\/\/newsestlyonnais.fr\/site\/","logo":{"@type":"ImageObject","inLanguage":"fr-FR","@id":"https:\/\/newsestlyonnais.fr\/site\/#\/schema\/logo\/image\/","url":"","contentUrl":"","caption":"News EST LYONNAIS"},"image":{"@id":"https:\/\/newsestlyonnais.fr\/site\/#\/schema\/logo\/image\/"}},{"@type":"Person","@id":"https:\/\/newsestlyonnais.fr\/site\/#\/schema\/person\/3230d5615f390bb808365d673001e887","name":"R\u00e9dac. NEWS","sameAs":["http:\/\/www.newsestlyonnais.fr","https:\/\/www.facebook.com\/pascal.oberson.1?fref=ts","https:\/\/fr.linkedin.com\/in\/pascal-oberson-b17045113"],"url":"https:\/\/newsestlyonnais.fr\/site\/author\/nel\/"}]}},"_links":{"self":[{"href":"https:\/\/newsestlyonnais.fr\/site\/wp-json\/wp\/v2\/posts\/45273","targetHints":{"allow":["GET"]}}],"collection":[{"href":"https:\/\/newsestlyonnais.fr\/site\/wp-json\/wp\/v2\/posts"}],"about":[{"href":"https:\/\/newsestlyonnais.fr\/site\/wp-json\/wp\/v2\/types\/post"}],"author":[{"embeddable":true,"href":"https:\/\/newsestlyonnais.fr\/site\/wp-json\/wp\/v2\/users\/4"}],"replies":[{"embeddable":true,"href":"https:\/\/newsestlyonnais.fr\/site\/wp-json\/wp\/v2\/comments?post=45273"}],"version-history":[{"count":0,"href":"https:\/\/newsestlyonnais.fr\/site\/wp-json\/wp\/v2\/posts\/45273\/revisions"}],"wp:featuredmedia":[{"embeddable":true,"href":"https:\/\/newsestlyonnais.fr\/site\/wp-json\/wp\/v2\/media\/45278"}],"wp:attachment":[{"href":"https:\/\/newsestlyonnais.fr\/site\/wp-json\/wp\/v2\/media?parent=45273"}],"wp:term":[{"taxonomy":"category","embeddable":true,"href":"https:\/\/newsestlyonnais.fr\/site\/wp-json\/wp\/v2\/categories?post=45273"},{"taxonomy":"post_tag","embeddable":true,"href":"https:\/\/newsestlyonnais.fr\/site\/wp-json\/wp\/v2\/tags?post=45273"}],"curies":[{"name":"wp","href":"https:\/\/api.w.org\/{rel}","templated":true}]}}