{"id":45320,"date":"2018-03-09T13:55:20","date_gmt":"2018-03-09T12:55:20","guid":{"rendered":"http:\/\/newsestlyonnais.fr\/site\/?p=45320"},"modified":"2020-11-20T15:41:23","modified_gmt":"2020-11-20T14:41:23","slug":"vaulx-velin-cest-reparti-club-nautique","status":"publish","type":"post","link":"https:\/\/newsestlyonnais.fr\/site\/2018\/03\/09\/vaulx-velin-cest-reparti-club-nautique\/","title":{"rendered":"VAULX-EN-VELIN | C\u2019est reparti pour le Club Nautique"},"content":{"rendered":"<h4>La saison 2018 est lanc\u00e9e pour le C.N.V.V., la section voile de la MJC de Vaulx en Velin, pr\u00e9sid\u00e9e par Pierre Bertocchi.<\/h4>\n<p>Un nouvel exercice d\u00e9marr\u00e9 par la traditionnelle ouverture de la base, premi\u00e8re journ\u00e9e consacr\u00e9e \u00e0 diverses t\u00e2ches : remise en route (de la base et en eau) &amp; nettoyage (abords, hangar, club house, atelier VRC et vestiaire).<\/p>\n<p>Les b\u00e9n\u00e9voles pr\u00e9sents vont \u00e0 pr\u00e9sent pr\u00e9parer les prochaines organisations du club :<\/p>\n<ul>\n<li>Samedi 10 &amp; dimanche 11 mars : R\u00e9gate voiliers radio command\u00e9s (classes M et IOM).<\/li>\n<li>Samedi 17 &amp; dimanche 18 mars : 32\u00b0 Challenge Denis Naudin, en voiliers habitables<\/li>\n<li>Dimanche 25 mars : Rencontre en Voiliers radio command\u00e9s pour les classes MicroMagic et RG65<\/li>\n<\/ul>\n<p>Toute l&rsquo;ACTU du club est sur : <a href=\"http:\/\/www.cnvv.fr\" target=\"_blank\" rel=\"noopener noreferrer\">http:\/\/www.cnvv.fr<\/a><\/p>\n<p>&#8211;\u00a0 Retrouvez les affiches de ces \u00e9v\u00e8nements :<\/p>\n<div id='gallery-1' class='gallery galleryid-45320 gallery-columns-3 gallery-size-thumbnail'><figure class='gallery-item'>\n\t\t\t<div class='gallery-icon landscape'>\n\t\t\t\t<a href='https:\/\/newsestlyonnais.fr\/site\/2018\/03\/09\/vaulx-velin-cest-reparti-club-nautique\/newsestlyonnais-vrc-2018bis\/'><img loading=\"lazy\" decoding=\"async\" width=\"150\" height=\"150\" src=\"https:\/\/newsestlyonnais.fr\/site\/wp-content\/uploads\/2018\/03\/NEWSESTLYONNAIS-VRC-2018BIS-150x150.jpg\" class=\"attachment-thumbnail size-thumbnail\" alt=\"NEWSESTLYONNAIS - VRC 2018BIS\" \/><\/a>\n\t\t\t<\/div><\/figure><figure class='gallery-item'>\n\t\t\t<div class='gallery-icon landscape'>\n\t\t\t\t<a href='https:\/\/newsestlyonnais.fr\/site\/2018\/03\/09\/vaulx-velin-cest-reparti-club-nautique\/newsestlyonnais-chal-naudin-2018\/'><img loading=\"lazy\" decoding=\"async\" width=\"150\" height=\"150\" src=\"https:\/\/newsestlyonnais.fr\/site\/wp-content\/uploads\/2018\/03\/NEWSESTLYONNAIS-Chal-Naudin-2018-150x150.jpg\" class=\"attachment-thumbnail size-thumbnail\" alt=\"NEWSESTLYONNAIS - Chal Naudin 2018\" aria-describedby=\"gallery-1-45325\" \/><\/a>\n\t\t\t<\/div>\n\t\t\t\t<figcaption class='wp-caption-text gallery-caption' id='gallery-1-45325'>\n\t\t\t\tChallenge Denis Naudin\n\t\t\t\t<\/figcaption><\/figure><figure class='gallery-item'>\n\t\t\t<div class='gallery-icon landscape'>\n\t\t\t\t<a href='https:\/\/newsestlyonnais.fr\/site\/2018\/03\/09\/vaulx-velin-cest-reparti-club-nautique\/mm-coupe-de-la-soie-2010\/'><img loading=\"lazy\" decoding=\"async\" width=\"150\" height=\"150\" src=\"https:\/\/newsestlyonnais.fr\/site\/wp-content\/uploads\/2018\/03\/NEWSESTLYONNAIS-COUPE-SOIE-150x150.jpg\" class=\"attachment-thumbnail size-thumbnail\" alt=\"NEWSESTLYONNAIS - COUPE SOIE\" aria-describedby=\"gallery-1-45323\" \/><\/a>\n\t\t\t<\/div>\n\t\t\t\t<figcaption class='wp-caption-text gallery-caption' id='gallery-1-45323'>\n\t\t\t\t   Coupe de la soie\n\t\t\t\t<\/figcaption><\/figure>\n\t\t<\/div>\n\n","protected":false},"excerpt":{"rendered":"<p>La saison 2018 est lanc\u00e9e pour le C.N.V.V., la section voile de la MJC de Vaulx en Velin, pr\u00e9sid\u00e9e par Pierre Bertocchi. Un nouvel exercice d\u00e9marr\u00e9 par la traditionnelle ouverture de la base, premi\u00e8re journ\u00e9e consacr\u00e9e \u00e0 diverses t\u00e2ches : remise en route (de la base et en eau) &amp; nettoyage (abords, hangar, club house, [&hellip;]<\/p>\n","protected":false},"author":4,"featured_media":45330,"comment_status":"open","ping_status":"open","sticky":false,"template":"","format":"standard","meta":{"footnotes":""},"categories":[3443,2973,28,1349],"tags":[],"class_list":["post-45320","post","type-post","status-publish","format-standard","has-post-thumbnail","hentry","category-aviation-nautisme","category-aviron-kayak-voile-sports","category-vaulx-en-velin","category-voile"],"yoast_head":"<!-- This site is optimized with the Yoast SEO plugin v27.2 - https:\/\/yoast.com\/product\/yoast-seo-wordpress\/ -->\n<title>VAULX EN VELIN : C\u2019est reparti pour le Club Nautique !<\/title>\n<meta name=\"description\" content=\"VAULX EN VELIN : C\u2019est reparti pour le Club Nautique !\" \/>\n<meta name=\"robots\" content=\"index, follow, max-snippet:-1, max-image-preview:large, max-video-preview:-1\" \/>\n<link rel=\"canonical\" href=\"https:\/\/newsestlyonnais.fr\/site\/2018\/03\/09\/vaulx-velin-cest-reparti-club-nautique\/\" \/>\n<meta property=\"og:locale\" content=\"fr_FR\" \/>\n<meta property=\"og:type\" content=\"article\" \/>\n<meta property=\"og:title\" content=\"VAULX EN VELIN : C\u2019est reparti pour le Club Nautique !\" \/>\n<meta property=\"og:description\" content=\"VAULX EN VELIN : C\u2019est reparti pour le Club Nautique !\" \/>\n<meta property=\"og:url\" content=\"https:\/\/newsestlyonnais.fr\/site\/2018\/03\/09\/vaulx-velin-cest-reparti-club-nautique\/\" \/>\n<meta property=\"og:site_name\" content=\"News Est Lyonnais\" \/>\n<meta property=\"article:author\" content=\"https:\/\/www.facebook.com\/pascal.oberson.1?fref=ts\" \/>\n<meta property=\"article:published_time\" content=\"2018-03-09T12:55:20+00:00\" \/>\n<meta property=\"article:modified_time\" content=\"2020-11-20T14:41:23+00:00\" \/>\n<meta property=\"og:image\" content=\"https:\/\/i0.wp.com\/newsestlyonnais.fr\/site\/wp-content\/uploads\/2018\/03\/NEWSESTLYONNAIS-REGATE-RADIO-COM.jpg?fit=1000%2C750&ssl=1\" \/>\n\t<meta property=\"og:image:width\" content=\"1000\" \/>\n\t<meta property=\"og:image:height\" content=\"750\" \/>\n\t<meta property=\"og:image:type\" content=\"image\/jpeg\" \/>\n<meta name=\"author\" content=\"R\u00e9dac. NEWS\" \/>\n<meta name=\"twitter:card\" content=\"summary_large_image\" \/>\n<meta name=\"twitter:label1\" content=\"\u00c9crit par\" \/>\n\t<meta name=\"twitter:data1\" content=\"R\u00e9dac. NEWS\" \/>\n\t<meta name=\"twitter:label2\" content=\"Dur\u00e9e de lecture estim\u00e9e\" \/>\n\t<meta name=\"twitter:data2\" content=\"1 minute\" \/>\n<script type=\"application\/ld+json\" class=\"yoast-schema-graph\">{\"@context\":\"https:\/\/schema.org\",\"@graph\":[{\"@type\":\"Article\",\"@id\":\"https:\/\/newsestlyonnais.fr\/site\/2018\/03\/09\/vaulx-velin-cest-reparti-club-nautique\/#article\",\"isPartOf\":{\"@id\":\"https:\/\/newsestlyonnais.fr\/site\/2018\/03\/09\/vaulx-velin-cest-reparti-club-nautique\/\"},\"author\":{\"name\":\"R\u00e9dac. NEWS\",\"@id\":\"https:\/\/newsestlyonnais.fr\/site\/#\/schema\/person\/3230d5615f390bb808365d673001e887\"},\"headline\":\"VAULX-EN-VELIN | C\u2019est reparti pour le Club Nautique\",\"datePublished\":\"2018-03-09T12:55:20+00:00\",\"dateModified\":\"2020-11-20T14:41:23+00:00\",\"mainEntityOfPage\":{\"@id\":\"https:\/\/newsestlyonnais.fr\/site\/2018\/03\/09\/vaulx-velin-cest-reparti-club-nautique\/\"},\"wordCount\":152,\"commentCount\":0,\"publisher\":{\"@id\":\"https:\/\/newsestlyonnais.fr\/site\/#organization\"},\"image\":{\"@id\":\"https:\/\/newsestlyonnais.fr\/site\/2018\/03\/09\/vaulx-velin-cest-reparti-club-nautique\/#primaryimage\"},\"thumbnailUrl\":\"https:\/\/newsestlyonnais.fr\/site\/wp-content\/uploads\/2018\/03\/NEWSESTLYONNAIS-REGATE-RADIO-COM.jpg\",\"articleSection\":[\"Aviation | Nautisme\",\"Aviron | Kayak | Voile\",\"Vaulx-en-Velin\",\"Voile\"],\"inLanguage\":\"fr-FR\",\"potentialAction\":[{\"@type\":\"CommentAction\",\"name\":\"Comment\",\"target\":[\"https:\/\/newsestlyonnais.fr\/site\/2018\/03\/09\/vaulx-velin-cest-reparti-club-nautique\/#respond\"]}]},{\"@type\":\"WebPage\",\"@id\":\"https:\/\/newsestlyonnais.fr\/site\/2018\/03\/09\/vaulx-velin-cest-reparti-club-nautique\/\",\"url\":\"https:\/\/newsestlyonnais.fr\/site\/2018\/03\/09\/vaulx-velin-cest-reparti-club-nautique\/\",\"name\":\"VAULX EN VELIN : C\u2019est reparti pour le Club Nautique !\",\"isPartOf\":{\"@id\":\"https:\/\/newsestlyonnais.fr\/site\/#website\"},\"primaryImageOfPage\":{\"@id\":\"https:\/\/newsestlyonnais.fr\/site\/2018\/03\/09\/vaulx-velin-cest-reparti-club-nautique\/#primaryimage\"},\"image\":{\"@id\":\"https:\/\/newsestlyonnais.fr\/site\/2018\/03\/09\/vaulx-velin-cest-reparti-club-nautique\/#primaryimage\"},\"thumbnailUrl\":\"https:\/\/newsestlyonnais.fr\/site\/wp-content\/uploads\/2018\/03\/NEWSESTLYONNAIS-REGATE-RADIO-COM.jpg\",\"datePublished\":\"2018-03-09T12:55:20+00:00\",\"dateModified\":\"2020-11-20T14:41:23+00:00\",\"description\":\"VAULX EN VELIN : C\u2019est reparti pour le Club Nautique !\",\"breadcrumb\":{\"@id\":\"https:\/\/newsestlyonnais.fr\/site\/2018\/03\/09\/vaulx-velin-cest-reparti-club-nautique\/#breadcrumb\"},\"inLanguage\":\"fr-FR\",\"potentialAction\":[{\"@type\":\"ReadAction\",\"target\":[\"https:\/\/newsestlyonnais.fr\/site\/2018\/03\/09\/vaulx-velin-cest-reparti-club-nautique\/\"]}]},{\"@type\":\"ImageObject\",\"inLanguage\":\"fr-FR\",\"@id\":\"https:\/\/newsestlyonnais.fr\/site\/2018\/03\/09\/vaulx-velin-cest-reparti-club-nautique\/#primaryimage\",\"url\":\"https:\/\/newsestlyonnais.fr\/site\/wp-content\/uploads\/2018\/03\/NEWSESTLYONNAIS-REGATE-RADIO-COM.jpg\",\"contentUrl\":\"https:\/\/newsestlyonnais.fr\/site\/wp-content\/uploads\/2018\/03\/NEWSESTLYONNAIS-REGATE-RADIO-COM.jpg\",\"width\":1000,\"height\":750,\"caption\":\"NEWSESTLYONNAIS REGATE RADIO COM\"},{\"@type\":\"BreadcrumbList\",\"@id\":\"https:\/\/newsestlyonnais.fr\/site\/2018\/03\/09\/vaulx-velin-cest-reparti-club-nautique\/#breadcrumb\",\"itemListElement\":[{\"@type\":\"ListItem\",\"position\":1,\"name\":\"Accueil\",\"item\":\"https:\/\/newsestlyonnais.fr\/site\/\"},{\"@type\":\"ListItem\",\"position\":2,\"name\":\"VAULX-EN-VELIN | C\u2019est reparti pour le Club Nautique\"}]},{\"@type\":\"WebSite\",\"@id\":\"https:\/\/newsestlyonnais.fr\/site\/#website\",\"url\":\"https:\/\/newsestlyonnais.fr\/site\/\",\"name\":\"News Est Lyonnais\",\"description\":\"L&#039;actualit\u00e9 au plus pr\u00e8s\",\"publisher\":{\"@id\":\"https:\/\/newsestlyonnais.fr\/site\/#organization\"},\"potentialAction\":[{\"@type\":\"SearchAction\",\"target\":{\"@type\":\"EntryPoint\",\"urlTemplate\":\"https:\/\/newsestlyonnais.fr\/site\/?s={search_term_string}\"},\"query-input\":{\"@type\":\"PropertyValueSpecification\",\"valueRequired\":true,\"valueName\":\"search_term_string\"}}],\"inLanguage\":\"fr-FR\"},{\"@type\":\"Organization\",\"@id\":\"https:\/\/newsestlyonnais.fr\/site\/#organization\",\"name\":\"News EST LYONNAIS\",\"url\":\"https:\/\/newsestlyonnais.fr\/site\/\",\"logo\":{\"@type\":\"ImageObject\",\"inLanguage\":\"fr-FR\",\"@id\":\"https:\/\/newsestlyonnais.fr\/site\/#\/schema\/logo\/image\/\",\"url\":\"\",\"contentUrl\":\"\",\"caption\":\"News EST LYONNAIS\"},\"image\":{\"@id\":\"https:\/\/newsestlyonnais.fr\/site\/#\/schema\/logo\/image\/\"}},{\"@type\":\"Person\",\"@id\":\"https:\/\/newsestlyonnais.fr\/site\/#\/schema\/person\/3230d5615f390bb808365d673001e887\",\"name\":\"R\u00e9dac. NEWS\",\"sameAs\":[\"http:\/\/www.newsestlyonnais.fr\",\"https:\/\/www.facebook.com\/pascal.oberson.1?fref=ts\",\"https:\/\/fr.linkedin.com\/in\/pascal-oberson-b17045113\"],\"url\":\"https:\/\/newsestlyonnais.fr\/site\/author\/nel\/\"}]}<\/script>\n<!-- \/ Yoast SEO plugin. -->","yoast_head_json":{"title":"VAULX EN VELIN : C\u2019est reparti pour le Club Nautique !","description":"VAULX EN VELIN : C\u2019est reparti pour le Club Nautique !","robots":{"index":"index","follow":"follow","max-snippet":"max-snippet:-1","max-image-preview":"max-image-preview:large","max-video-preview":"max-video-preview:-1"},"canonical":"https:\/\/newsestlyonnais.fr\/site\/2018\/03\/09\/vaulx-velin-cest-reparti-club-nautique\/","og_locale":"fr_FR","og_type":"article","og_title":"VAULX EN VELIN : C\u2019est reparti pour le Club Nautique !","og_description":"VAULX EN VELIN : C\u2019est reparti pour le Club Nautique !","og_url":"https:\/\/newsestlyonnais.fr\/site\/2018\/03\/09\/vaulx-velin-cest-reparti-club-nautique\/","og_site_name":"News Est Lyonnais","article_author":"https:\/\/www.facebook.com\/pascal.oberson.1?fref=ts","article_published_time":"2018-03-09T12:55:20+00:00","article_modified_time":"2020-11-20T14:41:23+00:00","og_image":[{"width":1000,"height":750,"url":"https:\/\/i0.wp.com\/newsestlyonnais.fr\/site\/wp-content\/uploads\/2018\/03\/NEWSESTLYONNAIS-REGATE-RADIO-COM.jpg?fit=1000%2C750&ssl=1","type":"image\/jpeg"}],"author":"R\u00e9dac. NEWS","twitter_card":"summary_large_image","twitter_misc":{"\u00c9crit par":"R\u00e9dac. NEWS","Dur\u00e9e de lecture estim\u00e9e":"1 minute"},"schema":{"@context":"https:\/\/schema.org","@graph":[{"@type":"Article","@id":"https:\/\/newsestlyonnais.fr\/site\/2018\/03\/09\/vaulx-velin-cest-reparti-club-nautique\/#article","isPartOf":{"@id":"https:\/\/newsestlyonnais.fr\/site\/2018\/03\/09\/vaulx-velin-cest-reparti-club-nautique\/"},"author":{"name":"R\u00e9dac. NEWS","@id":"https:\/\/newsestlyonnais.fr\/site\/#\/schema\/person\/3230d5615f390bb808365d673001e887"},"headline":"VAULX-EN-VELIN | C\u2019est reparti pour le Club Nautique","datePublished":"2018-03-09T12:55:20+00:00","dateModified":"2020-11-20T14:41:23+00:00","mainEntityOfPage":{"@id":"https:\/\/newsestlyonnais.fr\/site\/2018\/03\/09\/vaulx-velin-cest-reparti-club-nautique\/"},"wordCount":152,"commentCount":0,"publisher":{"@id":"https:\/\/newsestlyonnais.fr\/site\/#organization"},"image":{"@id":"https:\/\/newsestlyonnais.fr\/site\/2018\/03\/09\/vaulx-velin-cest-reparti-club-nautique\/#primaryimage"},"thumbnailUrl":"https:\/\/newsestlyonnais.fr\/site\/wp-content\/uploads\/2018\/03\/NEWSESTLYONNAIS-REGATE-RADIO-COM.jpg","articleSection":["Aviation | Nautisme","Aviron | Kayak | Voile","Vaulx-en-Velin","Voile"],"inLanguage":"fr-FR","potentialAction":[{"@type":"CommentAction","name":"Comment","target":["https:\/\/newsestlyonnais.fr\/site\/2018\/03\/09\/vaulx-velin-cest-reparti-club-nautique\/#respond"]}]},{"@type":"WebPage","@id":"https:\/\/newsestlyonnais.fr\/site\/2018\/03\/09\/vaulx-velin-cest-reparti-club-nautique\/","url":"https:\/\/newsestlyonnais.fr\/site\/2018\/03\/09\/vaulx-velin-cest-reparti-club-nautique\/","name":"VAULX EN VELIN : C\u2019est reparti pour le Club Nautique !","isPartOf":{"@id":"https:\/\/newsestlyonnais.fr\/site\/#website"},"primaryImageOfPage":{"@id":"https:\/\/newsestlyonnais.fr\/site\/2018\/03\/09\/vaulx-velin-cest-reparti-club-nautique\/#primaryimage"},"image":{"@id":"https:\/\/newsestlyonnais.fr\/site\/2018\/03\/09\/vaulx-velin-cest-reparti-club-nautique\/#primaryimage"},"thumbnailUrl":"https:\/\/newsestlyonnais.fr\/site\/wp-content\/uploads\/2018\/03\/NEWSESTLYONNAIS-REGATE-RADIO-COM.jpg","datePublished":"2018-03-09T12:55:20+00:00","dateModified":"2020-11-20T14:41:23+00:00","description":"VAULX EN VELIN : C\u2019est reparti pour le Club Nautique !","breadcrumb":{"@id":"https:\/\/newsestlyonnais.fr\/site\/2018\/03\/09\/vaulx-velin-cest-reparti-club-nautique\/#breadcrumb"},"inLanguage":"fr-FR","potentialAction":[{"@type":"ReadAction","target":["https:\/\/newsestlyonnais.fr\/site\/2018\/03\/09\/vaulx-velin-cest-reparti-club-nautique\/"]}]},{"@type":"ImageObject","inLanguage":"fr-FR","@id":"https:\/\/newsestlyonnais.fr\/site\/2018\/03\/09\/vaulx-velin-cest-reparti-club-nautique\/#primaryimage","url":"https:\/\/newsestlyonnais.fr\/site\/wp-content\/uploads\/2018\/03\/NEWSESTLYONNAIS-REGATE-RADIO-COM.jpg","contentUrl":"https:\/\/newsestlyonnais.fr\/site\/wp-content\/uploads\/2018\/03\/NEWSESTLYONNAIS-REGATE-RADIO-COM.jpg","width":1000,"height":750,"caption":"NEWSESTLYONNAIS REGATE RADIO COM"},{"@type":"BreadcrumbList","@id":"https:\/\/newsestlyonnais.fr\/site\/2018\/03\/09\/vaulx-velin-cest-reparti-club-nautique\/#breadcrumb","itemListElement":[{"@type":"ListItem","position":1,"name":"Accueil","item":"https:\/\/newsestlyonnais.fr\/site\/"},{"@type":"ListItem","position":2,"name":"VAULX-EN-VELIN | C\u2019est reparti pour le Club Nautique"}]},{"@type":"WebSite","@id":"https:\/\/newsestlyonnais.fr\/site\/#website","url":"https:\/\/newsestlyonnais.fr\/site\/","name":"News Est Lyonnais","description":"L&#039;actualit\u00e9 au plus pr\u00e8s","publisher":{"@id":"https:\/\/newsestlyonnais.fr\/site\/#organization"},"potentialAction":[{"@type":"SearchAction","target":{"@type":"EntryPoint","urlTemplate":"https:\/\/newsestlyonnais.fr\/site\/?s={search_term_string}"},"query-input":{"@type":"PropertyValueSpecification","valueRequired":true,"valueName":"search_term_string"}}],"inLanguage":"fr-FR"},{"@type":"Organization","@id":"https:\/\/newsestlyonnais.fr\/site\/#organization","name":"News EST LYONNAIS","url":"https:\/\/newsestlyonnais.fr\/site\/","logo":{"@type":"ImageObject","inLanguage":"fr-FR","@id":"https:\/\/newsestlyonnais.fr\/site\/#\/schema\/logo\/image\/","url":"","contentUrl":"","caption":"News EST LYONNAIS"},"image":{"@id":"https:\/\/newsestlyonnais.fr\/site\/#\/schema\/logo\/image\/"}},{"@type":"Person","@id":"https:\/\/newsestlyonnais.fr\/site\/#\/schema\/person\/3230d5615f390bb808365d673001e887","name":"R\u00e9dac. NEWS","sameAs":["http:\/\/www.newsestlyonnais.fr","https:\/\/www.facebook.com\/pascal.oberson.1?fref=ts","https:\/\/fr.linkedin.com\/in\/pascal-oberson-b17045113"],"url":"https:\/\/newsestlyonnais.fr\/site\/author\/nel\/"}]}},"_links":{"self":[{"href":"https:\/\/newsestlyonnais.fr\/site\/wp-json\/wp\/v2\/posts\/45320","targetHints":{"allow":["GET"]}}],"collection":[{"href":"https:\/\/newsestlyonnais.fr\/site\/wp-json\/wp\/v2\/posts"}],"about":[{"href":"https:\/\/newsestlyonnais.fr\/site\/wp-json\/wp\/v2\/types\/post"}],"author":[{"embeddable":true,"href":"https:\/\/newsestlyonnais.fr\/site\/wp-json\/wp\/v2\/users\/4"}],"replies":[{"embeddable":true,"href":"https:\/\/newsestlyonnais.fr\/site\/wp-json\/wp\/v2\/comments?post=45320"}],"version-history":[{"count":0,"href":"https:\/\/newsestlyonnais.fr\/site\/wp-json\/wp\/v2\/posts\/45320\/revisions"}],"wp:featuredmedia":[{"embeddable":true,"href":"https:\/\/newsestlyonnais.fr\/site\/wp-json\/wp\/v2\/media\/45330"}],"wp:attachment":[{"href":"https:\/\/newsestlyonnais.fr\/site\/wp-json\/wp\/v2\/media?parent=45320"}],"wp:term":[{"taxonomy":"category","embeddable":true,"href":"https:\/\/newsestlyonnais.fr\/site\/wp-json\/wp\/v2\/categories?post=45320"},{"taxonomy":"post_tag","embeddable":true,"href":"https:\/\/newsestlyonnais.fr\/site\/wp-json\/wp\/v2\/tags?post=45320"}],"curies":[{"name":"wp","href":"https:\/\/api.w.org\/{rel}","templated":true}]}}