{"id":45587,"date":"2018-03-14T07:44:49","date_gmt":"2018-03-14T06:44:49","guid":{"rendered":"http:\/\/newsestlyonnais.fr\/site\/?p=45587"},"modified":"2020-11-20T15:41:15","modified_gmt":"2020-11-20T14:41:15","slug":"vaulx-en-velin-un-week-end-de-regates-en-voile-radio-commandee-au-club-nautique","status":"publish","type":"post","link":"https:\/\/newsestlyonnais.fr\/site\/2018\/03\/14\/vaulx-en-velin-un-week-end-de-regates-en-voile-radio-commandee-au-club-nautique\/","title":{"rendered":"VAULX-EN-VELIN | Un week-end de r\u00e9gates en voile radio command\u00e9e au Club Nautique"},"content":{"rendered":"<h4>Contrairement aux autres ann\u00e9es, le Club Nautique de Vaulx en Velin avait r\u00e9serv\u00e9, lors de ce dernier week-end, 2 journ\u00e9es pour recevoir les classes : M (le samedi) et 1m (le dimanche).<\/h4>\n<p>\u00bb C\u2019est une exp\u00e9rience concluante car chaque classe a pu s\u2019exprimer sur plus de 12 courses alors que quand les 2 classes couraient en m\u00eame temps, il \u00e9tait rare de d\u00e9passer 8 courses . C\u2019est beaucoup plus de travail pour les b\u00e9n\u00e9voles de la section voile, que je remercie infiniment pour leur disponibilit\u00e9 et pour les coureurs, moins de stress et plus de plaisir .Un grand merci \u00e0 notre sponsor \u00ab\u00a0Jet Mod\u00e9lisme\u00a0\u00bb qui nous a g\u00e2t\u00e9 avec des bons d\u2019achat (un par classe tir\u00e9 au sort)\u00a0\u00bb. confie Pierre Bertocchi, pr\u00e9sident du CNVV, section voile de la MJC Vaulx en Velin.<\/p>\n<p>Le bilan des deux journ\u00e9es:<\/p>\n<ul>\n<li><em><strong>Samedi 10 mars<\/strong> <\/em>: Seulement 8 concurrents en lice, cette r\u00e9gate tombant le jour de l\u2019assembl\u00e9e g\u00e9n\u00e9rale de la ligue qui r\u00e9compensait les meilleurs des classes M et 1m. C\u2019est une classe qui est un peu en perte de vitesse, largement concurrenc\u00e9e par la classe 1m. Le fait de leur r\u00e9server une journ\u00e9e peut aider \u00e0 les relancer.<\/li>\n<\/ul>\n<ul>\n<li><strong>Dimanche 11 mars :<\/strong> C\u2019est la journ\u00e9e des 1 m\u00e8tres (ou IOM), avec 14 concurrents (certains d\u2019entre eux \u00e9tant d\u00e9j\u00e0 pr\u00e9sents la veille en classe M). Le vent, plus faible et tr\u00e8s changeant n\u2019arrangeant pas Eug\u00e8ne Novak (comit\u00e9 de\u00a0 course), pour \u00e9tablir un bon parcours. Le vent montera dans l\u2019apr\u00e8s midi for\u00e7ant les concurrents \u00e0 changer de gr\u00e9ement. Cette r\u00e9gate fut \u00e2prement disput\u00e9e, et les organisateurs en profitent pour remercier Franck Guichard qui a jug\u00e9 de main de ma\u00eetre les cas les plus litigieux et souvent calm\u00e9 \u00ab les ardeurs \u00bb des concurrents . Cette r\u00e9gate s\u2019est jou\u00e9e sur la derni\u00e8re manche qui a permis \u00e0 Michel Borel (St Mandrier) de battre Philippe Sol (Annecy) et St\u00e9phane Dassio (Suisse). Pour les 2 membres du CNVV : Yvan Sanchez termine 4\u00b0 et Marc Frati 6\u00b0.<\/li>\n<\/ul>\n<p><strong>Retrouvez toute l&rsquo;ACTU du club sur : <a href=\"http:\/\/www.cnvv.fr\" target=\"_blank\" rel=\"noopener noreferrer\">http:\/\/www.cnvv.fr<\/a><\/strong><\/p>\n","protected":false},"excerpt":{"rendered":"<p>Contrairement aux autres ann\u00e9es, le Club Nautique de Vaulx en Velin avait r\u00e9serv\u00e9, lors de ce dernier week-end, 2 journ\u00e9es pour recevoir les classes : M (le samedi) et 1m (le dimanche). \u00bb C\u2019est une exp\u00e9rience concluante car chaque classe a pu s\u2019exprimer sur plus de 12 courses alors que quand les 2 classes couraient [&hellip;]<\/p>\n","protected":false},"author":4,"featured_media":45588,"comment_status":"open","ping_status":"open","sticky":false,"template":"","format":"standard","meta":{"footnotes":""},"categories":[3443,2973,3003,28,1349],"tags":[],"class_list":["post-45587","post","type-post","status-publish","format-standard","has-post-thumbnail","hentry","category-aviation-nautisme","category-aviron-kayak-voile-sports","category-bibliotheque-mediatheque-mjc","category-vaulx-en-velin","category-voile"],"yoast_head":"<!-- This site is optimized with the Yoast SEO plugin v27.2 - https:\/\/yoast.com\/product\/yoast-seo-wordpress\/ -->\n<title>VAULX EN VELIN : Un week-end de r\u00e9gates en voile radio command\u00e9e au Club Nautique<\/title>\n<meta name=\"description\" content=\"VAULX EN VELIN : Un week-end de r\u00e9gates en voile radio command\u00e9e au Club Nautique\" \/>\n<meta name=\"robots\" content=\"index, follow, max-snippet:-1, max-image-preview:large, max-video-preview:-1\" \/>\n<link rel=\"canonical\" href=\"https:\/\/newsestlyonnais.fr\/site\/2018\/03\/14\/vaulx-en-velin-un-week-end-de-regates-en-voile-radio-commandee-au-club-nautique\/\" \/>\n<meta property=\"og:locale\" content=\"fr_FR\" \/>\n<meta property=\"og:type\" content=\"article\" \/>\n<meta property=\"og:title\" content=\"VAULX EN VELIN : Un week-end de r\u00e9gates en voile radio command\u00e9e au Club Nautique\" \/>\n<meta property=\"og:description\" content=\"VAULX EN VELIN : Un week-end de r\u00e9gates en voile radio command\u00e9e au Club Nautique\" \/>\n<meta property=\"og:url\" content=\"https:\/\/newsestlyonnais.fr\/site\/2018\/03\/14\/vaulx-en-velin-un-week-end-de-regates-en-voile-radio-commandee-au-club-nautique\/\" \/>\n<meta property=\"og:site_name\" content=\"News Est Lyonnais\" \/>\n<meta property=\"article:author\" content=\"https:\/\/www.facebook.com\/pascal.oberson.1?fref=ts\" \/>\n<meta property=\"article:published_time\" content=\"2018-03-14T06:44:49+00:00\" \/>\n<meta property=\"article:modified_time\" content=\"2020-11-20T14:41:15+00:00\" \/>\n<meta property=\"og:image\" content=\"https:\/\/i1.wp.com\/newsestlyonnais.fr\/site\/wp-content\/uploads\/2018\/03\/NEWSESTLYONNAIS-VOILE-1m-.jpg?fit=1024%2C576&ssl=1\" \/>\n\t<meta property=\"og:image:width\" content=\"1024\" \/>\n\t<meta property=\"og:image:height\" content=\"576\" \/>\n\t<meta property=\"og:image:type\" content=\"image\/jpeg\" \/>\n<meta name=\"author\" content=\"R\u00e9dac. NEWS\" \/>\n<meta name=\"twitter:card\" content=\"summary_large_image\" \/>\n<meta name=\"twitter:label1\" content=\"\u00c9crit par\" \/>\n\t<meta name=\"twitter:data1\" content=\"R\u00e9dac. NEWS\" \/>\n\t<meta name=\"twitter:label2\" content=\"Dur\u00e9e de lecture estim\u00e9e\" \/>\n\t<meta name=\"twitter:data2\" content=\"2 minutes\" \/>\n<script type=\"application\/ld+json\" class=\"yoast-schema-graph\">{\"@context\":\"https:\/\/schema.org\",\"@graph\":[{\"@type\":\"Article\",\"@id\":\"https:\/\/newsestlyonnais.fr\/site\/2018\/03\/14\/vaulx-en-velin-un-week-end-de-regates-en-voile-radio-commandee-au-club-nautique\/#article\",\"isPartOf\":{\"@id\":\"https:\/\/newsestlyonnais.fr\/site\/2018\/03\/14\/vaulx-en-velin-un-week-end-de-regates-en-voile-radio-commandee-au-club-nautique\/\"},\"author\":{\"name\":\"R\u00e9dac. NEWS\",\"@id\":\"https:\/\/newsestlyonnais.fr\/site\/#\/schema\/person\/3230d5615f390bb808365d673001e887\"},\"headline\":\"VAULX-EN-VELIN | Un week-end de r\u00e9gates en voile radio command\u00e9e au Club Nautique\",\"datePublished\":\"2018-03-14T06:44:49+00:00\",\"dateModified\":\"2020-11-20T14:41:15+00:00\",\"mainEntityOfPage\":{\"@id\":\"https:\/\/newsestlyonnais.fr\/site\/2018\/03\/14\/vaulx-en-velin-un-week-end-de-regates-en-voile-radio-commandee-au-club-nautique\/\"},\"wordCount\":376,\"commentCount\":0,\"publisher\":{\"@id\":\"https:\/\/newsestlyonnais.fr\/site\/#organization\"},\"image\":{\"@id\":\"https:\/\/newsestlyonnais.fr\/site\/2018\/03\/14\/vaulx-en-velin-un-week-end-de-regates-en-voile-radio-commandee-au-club-nautique\/#primaryimage\"},\"thumbnailUrl\":\"https:\/\/newsestlyonnais.fr\/site\/wp-content\/uploads\/2018\/03\/NEWSESTLYONNAIS-VOILE-1m-.jpg\",\"articleSection\":[\"Aviation | Nautisme\",\"Aviron | Kayak | Voile\",\"Biblioth\u00e8que | M\u00e9diath\u00e8que | MJC\",\"Vaulx-en-Velin\",\"Voile\"],\"inLanguage\":\"fr-FR\",\"potentialAction\":[{\"@type\":\"CommentAction\",\"name\":\"Comment\",\"target\":[\"https:\/\/newsestlyonnais.fr\/site\/2018\/03\/14\/vaulx-en-velin-un-week-end-de-regates-en-voile-radio-commandee-au-club-nautique\/#respond\"]}]},{\"@type\":\"WebPage\",\"@id\":\"https:\/\/newsestlyonnais.fr\/site\/2018\/03\/14\/vaulx-en-velin-un-week-end-de-regates-en-voile-radio-commandee-au-club-nautique\/\",\"url\":\"https:\/\/newsestlyonnais.fr\/site\/2018\/03\/14\/vaulx-en-velin-un-week-end-de-regates-en-voile-radio-commandee-au-club-nautique\/\",\"name\":\"VAULX EN VELIN : Un week-end de r\u00e9gates en voile radio command\u00e9e au Club Nautique\",\"isPartOf\":{\"@id\":\"https:\/\/newsestlyonnais.fr\/site\/#website\"},\"primaryImageOfPage\":{\"@id\":\"https:\/\/newsestlyonnais.fr\/site\/2018\/03\/14\/vaulx-en-velin-un-week-end-de-regates-en-voile-radio-commandee-au-club-nautique\/#primaryimage\"},\"image\":{\"@id\":\"https:\/\/newsestlyonnais.fr\/site\/2018\/03\/14\/vaulx-en-velin-un-week-end-de-regates-en-voile-radio-commandee-au-club-nautique\/#primaryimage\"},\"thumbnailUrl\":\"https:\/\/newsestlyonnais.fr\/site\/wp-content\/uploads\/2018\/03\/NEWSESTLYONNAIS-VOILE-1m-.jpg\",\"datePublished\":\"2018-03-14T06:44:49+00:00\",\"dateModified\":\"2020-11-20T14:41:15+00:00\",\"description\":\"VAULX EN VELIN : Un week-end de r\u00e9gates en voile radio command\u00e9e au Club Nautique\",\"breadcrumb\":{\"@id\":\"https:\/\/newsestlyonnais.fr\/site\/2018\/03\/14\/vaulx-en-velin-un-week-end-de-regates-en-voile-radio-commandee-au-club-nautique\/#breadcrumb\"},\"inLanguage\":\"fr-FR\",\"potentialAction\":[{\"@type\":\"ReadAction\",\"target\":[\"https:\/\/newsestlyonnais.fr\/site\/2018\/03\/14\/vaulx-en-velin-un-week-end-de-regates-en-voile-radio-commandee-au-club-nautique\/\"]}]},{\"@type\":\"ImageObject\",\"inLanguage\":\"fr-FR\",\"@id\":\"https:\/\/newsestlyonnais.fr\/site\/2018\/03\/14\/vaulx-en-velin-un-week-end-de-regates-en-voile-radio-commandee-au-club-nautique\/#primaryimage\",\"url\":\"https:\/\/newsestlyonnais.fr\/site\/wp-content\/uploads\/2018\/03\/NEWSESTLYONNAIS-VOILE-1m-.jpg\",\"contentUrl\":\"https:\/\/newsestlyonnais.fr\/site\/wp-content\/uploads\/2018\/03\/NEWSESTLYONNAIS-VOILE-1m-.jpg\",\"width\":1024,\"height\":576,\"caption\":\"NEWSESTLYONNAIS - VOILE 1m\"},{\"@type\":\"BreadcrumbList\",\"@id\":\"https:\/\/newsestlyonnais.fr\/site\/2018\/03\/14\/vaulx-en-velin-un-week-end-de-regates-en-voile-radio-commandee-au-club-nautique\/#breadcrumb\",\"itemListElement\":[{\"@type\":\"ListItem\",\"position\":1,\"name\":\"Accueil\",\"item\":\"https:\/\/newsestlyonnais.fr\/site\/\"},{\"@type\":\"ListItem\",\"position\":2,\"name\":\"VAULX-EN-VELIN | Un week-end de r\u00e9gates en voile radio command\u00e9e au Club Nautique\"}]},{\"@type\":\"WebSite\",\"@id\":\"https:\/\/newsestlyonnais.fr\/site\/#website\",\"url\":\"https:\/\/newsestlyonnais.fr\/site\/\",\"name\":\"News Est Lyonnais\",\"description\":\"L&#039;actualit\u00e9 au plus pr\u00e8s\",\"publisher\":{\"@id\":\"https:\/\/newsestlyonnais.fr\/site\/#organization\"},\"potentialAction\":[{\"@type\":\"SearchAction\",\"target\":{\"@type\":\"EntryPoint\",\"urlTemplate\":\"https:\/\/newsestlyonnais.fr\/site\/?s={search_term_string}\"},\"query-input\":{\"@type\":\"PropertyValueSpecification\",\"valueRequired\":true,\"valueName\":\"search_term_string\"}}],\"inLanguage\":\"fr-FR\"},{\"@type\":\"Organization\",\"@id\":\"https:\/\/newsestlyonnais.fr\/site\/#organization\",\"name\":\"News EST LYONNAIS\",\"url\":\"https:\/\/newsestlyonnais.fr\/site\/\",\"logo\":{\"@type\":\"ImageObject\",\"inLanguage\":\"fr-FR\",\"@id\":\"https:\/\/newsestlyonnais.fr\/site\/#\/schema\/logo\/image\/\",\"url\":\"\",\"contentUrl\":\"\",\"caption\":\"News EST LYONNAIS\"},\"image\":{\"@id\":\"https:\/\/newsestlyonnais.fr\/site\/#\/schema\/logo\/image\/\"}},{\"@type\":\"Person\",\"@id\":\"https:\/\/newsestlyonnais.fr\/site\/#\/schema\/person\/3230d5615f390bb808365d673001e887\",\"name\":\"R\u00e9dac. NEWS\",\"sameAs\":[\"http:\/\/www.newsestlyonnais.fr\",\"https:\/\/www.facebook.com\/pascal.oberson.1?fref=ts\",\"https:\/\/fr.linkedin.com\/in\/pascal-oberson-b17045113\"],\"url\":\"https:\/\/newsestlyonnais.fr\/site\/author\/nel\/\"}]}<\/script>\n<!-- \/ Yoast SEO plugin. -->","yoast_head_json":{"title":"VAULX EN VELIN : Un week-end de r\u00e9gates en voile radio command\u00e9e au Club Nautique","description":"VAULX EN VELIN : Un week-end de r\u00e9gates en voile radio command\u00e9e au Club Nautique","robots":{"index":"index","follow":"follow","max-snippet":"max-snippet:-1","max-image-preview":"max-image-preview:large","max-video-preview":"max-video-preview:-1"},"canonical":"https:\/\/newsestlyonnais.fr\/site\/2018\/03\/14\/vaulx-en-velin-un-week-end-de-regates-en-voile-radio-commandee-au-club-nautique\/","og_locale":"fr_FR","og_type":"article","og_title":"VAULX EN VELIN : Un week-end de r\u00e9gates en voile radio command\u00e9e au Club Nautique","og_description":"VAULX EN VELIN : Un week-end de r\u00e9gates en voile radio command\u00e9e au Club Nautique","og_url":"https:\/\/newsestlyonnais.fr\/site\/2018\/03\/14\/vaulx-en-velin-un-week-end-de-regates-en-voile-radio-commandee-au-club-nautique\/","og_site_name":"News Est Lyonnais","article_author":"https:\/\/www.facebook.com\/pascal.oberson.1?fref=ts","article_published_time":"2018-03-14T06:44:49+00:00","article_modified_time":"2020-11-20T14:41:15+00:00","og_image":[{"width":1024,"height":576,"url":"https:\/\/i1.wp.com\/newsestlyonnais.fr\/site\/wp-content\/uploads\/2018\/03\/NEWSESTLYONNAIS-VOILE-1m-.jpg?fit=1024%2C576&ssl=1","type":"image\/jpeg"}],"author":"R\u00e9dac. NEWS","twitter_card":"summary_large_image","twitter_misc":{"\u00c9crit par":"R\u00e9dac. NEWS","Dur\u00e9e de lecture estim\u00e9e":"2 minutes"},"schema":{"@context":"https:\/\/schema.org","@graph":[{"@type":"Article","@id":"https:\/\/newsestlyonnais.fr\/site\/2018\/03\/14\/vaulx-en-velin-un-week-end-de-regates-en-voile-radio-commandee-au-club-nautique\/#article","isPartOf":{"@id":"https:\/\/newsestlyonnais.fr\/site\/2018\/03\/14\/vaulx-en-velin-un-week-end-de-regates-en-voile-radio-commandee-au-club-nautique\/"},"author":{"name":"R\u00e9dac. NEWS","@id":"https:\/\/newsestlyonnais.fr\/site\/#\/schema\/person\/3230d5615f390bb808365d673001e887"},"headline":"VAULX-EN-VELIN | Un week-end de r\u00e9gates en voile radio command\u00e9e au Club Nautique","datePublished":"2018-03-14T06:44:49+00:00","dateModified":"2020-11-20T14:41:15+00:00","mainEntityOfPage":{"@id":"https:\/\/newsestlyonnais.fr\/site\/2018\/03\/14\/vaulx-en-velin-un-week-end-de-regates-en-voile-radio-commandee-au-club-nautique\/"},"wordCount":376,"commentCount":0,"publisher":{"@id":"https:\/\/newsestlyonnais.fr\/site\/#organization"},"image":{"@id":"https:\/\/newsestlyonnais.fr\/site\/2018\/03\/14\/vaulx-en-velin-un-week-end-de-regates-en-voile-radio-commandee-au-club-nautique\/#primaryimage"},"thumbnailUrl":"https:\/\/newsestlyonnais.fr\/site\/wp-content\/uploads\/2018\/03\/NEWSESTLYONNAIS-VOILE-1m-.jpg","articleSection":["Aviation | Nautisme","Aviron | Kayak | Voile","Biblioth\u00e8que | M\u00e9diath\u00e8que | MJC","Vaulx-en-Velin","Voile"],"inLanguage":"fr-FR","potentialAction":[{"@type":"CommentAction","name":"Comment","target":["https:\/\/newsestlyonnais.fr\/site\/2018\/03\/14\/vaulx-en-velin-un-week-end-de-regates-en-voile-radio-commandee-au-club-nautique\/#respond"]}]},{"@type":"WebPage","@id":"https:\/\/newsestlyonnais.fr\/site\/2018\/03\/14\/vaulx-en-velin-un-week-end-de-regates-en-voile-radio-commandee-au-club-nautique\/","url":"https:\/\/newsestlyonnais.fr\/site\/2018\/03\/14\/vaulx-en-velin-un-week-end-de-regates-en-voile-radio-commandee-au-club-nautique\/","name":"VAULX EN VELIN : Un week-end de r\u00e9gates en voile radio command\u00e9e au Club Nautique","isPartOf":{"@id":"https:\/\/newsestlyonnais.fr\/site\/#website"},"primaryImageOfPage":{"@id":"https:\/\/newsestlyonnais.fr\/site\/2018\/03\/14\/vaulx-en-velin-un-week-end-de-regates-en-voile-radio-commandee-au-club-nautique\/#primaryimage"},"image":{"@id":"https:\/\/newsestlyonnais.fr\/site\/2018\/03\/14\/vaulx-en-velin-un-week-end-de-regates-en-voile-radio-commandee-au-club-nautique\/#primaryimage"},"thumbnailUrl":"https:\/\/newsestlyonnais.fr\/site\/wp-content\/uploads\/2018\/03\/NEWSESTLYONNAIS-VOILE-1m-.jpg","datePublished":"2018-03-14T06:44:49+00:00","dateModified":"2020-11-20T14:41:15+00:00","description":"VAULX EN VELIN : Un week-end de r\u00e9gates en voile radio command\u00e9e au Club Nautique","breadcrumb":{"@id":"https:\/\/newsestlyonnais.fr\/site\/2018\/03\/14\/vaulx-en-velin-un-week-end-de-regates-en-voile-radio-commandee-au-club-nautique\/#breadcrumb"},"inLanguage":"fr-FR","potentialAction":[{"@type":"ReadAction","target":["https:\/\/newsestlyonnais.fr\/site\/2018\/03\/14\/vaulx-en-velin-un-week-end-de-regates-en-voile-radio-commandee-au-club-nautique\/"]}]},{"@type":"ImageObject","inLanguage":"fr-FR","@id":"https:\/\/newsestlyonnais.fr\/site\/2018\/03\/14\/vaulx-en-velin-un-week-end-de-regates-en-voile-radio-commandee-au-club-nautique\/#primaryimage","url":"https:\/\/newsestlyonnais.fr\/site\/wp-content\/uploads\/2018\/03\/NEWSESTLYONNAIS-VOILE-1m-.jpg","contentUrl":"https:\/\/newsestlyonnais.fr\/site\/wp-content\/uploads\/2018\/03\/NEWSESTLYONNAIS-VOILE-1m-.jpg","width":1024,"height":576,"caption":"NEWSESTLYONNAIS - VOILE 1m"},{"@type":"BreadcrumbList","@id":"https:\/\/newsestlyonnais.fr\/site\/2018\/03\/14\/vaulx-en-velin-un-week-end-de-regates-en-voile-radio-commandee-au-club-nautique\/#breadcrumb","itemListElement":[{"@type":"ListItem","position":1,"name":"Accueil","item":"https:\/\/newsestlyonnais.fr\/site\/"},{"@type":"ListItem","position":2,"name":"VAULX-EN-VELIN | Un week-end de r\u00e9gates en voile radio command\u00e9e au Club Nautique"}]},{"@type":"WebSite","@id":"https:\/\/newsestlyonnais.fr\/site\/#website","url":"https:\/\/newsestlyonnais.fr\/site\/","name":"News Est Lyonnais","description":"L&#039;actualit\u00e9 au plus pr\u00e8s","publisher":{"@id":"https:\/\/newsestlyonnais.fr\/site\/#organization"},"potentialAction":[{"@type":"SearchAction","target":{"@type":"EntryPoint","urlTemplate":"https:\/\/newsestlyonnais.fr\/site\/?s={search_term_string}"},"query-input":{"@type":"PropertyValueSpecification","valueRequired":true,"valueName":"search_term_string"}}],"inLanguage":"fr-FR"},{"@type":"Organization","@id":"https:\/\/newsestlyonnais.fr\/site\/#organization","name":"News EST LYONNAIS","url":"https:\/\/newsestlyonnais.fr\/site\/","logo":{"@type":"ImageObject","inLanguage":"fr-FR","@id":"https:\/\/newsestlyonnais.fr\/site\/#\/schema\/logo\/image\/","url":"","contentUrl":"","caption":"News EST LYONNAIS"},"image":{"@id":"https:\/\/newsestlyonnais.fr\/site\/#\/schema\/logo\/image\/"}},{"@type":"Person","@id":"https:\/\/newsestlyonnais.fr\/site\/#\/schema\/person\/3230d5615f390bb808365d673001e887","name":"R\u00e9dac. NEWS","sameAs":["http:\/\/www.newsestlyonnais.fr","https:\/\/www.facebook.com\/pascal.oberson.1?fref=ts","https:\/\/fr.linkedin.com\/in\/pascal-oberson-b17045113"],"url":"https:\/\/newsestlyonnais.fr\/site\/author\/nel\/"}]}},"_links":{"self":[{"href":"https:\/\/newsestlyonnais.fr\/site\/wp-json\/wp\/v2\/posts\/45587","targetHints":{"allow":["GET"]}}],"collection":[{"href":"https:\/\/newsestlyonnais.fr\/site\/wp-json\/wp\/v2\/posts"}],"about":[{"href":"https:\/\/newsestlyonnais.fr\/site\/wp-json\/wp\/v2\/types\/post"}],"author":[{"embeddable":true,"href":"https:\/\/newsestlyonnais.fr\/site\/wp-json\/wp\/v2\/users\/4"}],"replies":[{"embeddable":true,"href":"https:\/\/newsestlyonnais.fr\/site\/wp-json\/wp\/v2\/comments?post=45587"}],"version-history":[{"count":0,"href":"https:\/\/newsestlyonnais.fr\/site\/wp-json\/wp\/v2\/posts\/45587\/revisions"}],"wp:featuredmedia":[{"embeddable":true,"href":"https:\/\/newsestlyonnais.fr\/site\/wp-json\/wp\/v2\/media\/45588"}],"wp:attachment":[{"href":"https:\/\/newsestlyonnais.fr\/site\/wp-json\/wp\/v2\/media?parent=45587"}],"wp:term":[{"taxonomy":"category","embeddable":true,"href":"https:\/\/newsestlyonnais.fr\/site\/wp-json\/wp\/v2\/categories?post=45587"},{"taxonomy":"post_tag","embeddable":true,"href":"https:\/\/newsestlyonnais.fr\/site\/wp-json\/wp\/v2\/tags?post=45587"}],"curies":[{"name":"wp","href":"https:\/\/api.w.org\/{rel}","templated":true}]}}