{"id":45860,"date":"2018-03-19T07:07:45","date_gmt":"2018-03-19T06:07:45","guid":{"rendered":"http:\/\/newsestlyonnais.fr\/site\/?p=45860"},"modified":"2020-10-31T15:22:05","modified_gmt":"2020-10-31T14:22:05","slug":"venissieux-titres-et-medailles-pour-le-bunkai-karate-do-au-championnat-de-france","status":"publish","type":"post","link":"https:\/\/newsestlyonnais.fr\/site\/2018\/03\/19\/venissieux-titres-et-medailles-pour-le-bunkai-karate-do-au-championnat-de-france\/","title":{"rendered":"VENISSIEUX | Titres et m\u00e9dailles pour le Bunkai Karat\u00e9 Do au championnat de France"},"content":{"rendered":"<h4>Le Bunka\u00ef Karat\u00e9 Do participait ce week-end au championnat de France de karat\u00e9 semi contact \u00e0 Charleville M\u00e9zi\u00e8res.<\/h4>\n<p>Le club v\u00e9nissian a ramen\u00e9 une belle moisson de m\u00e9dailles (dont 2 en or), dont voici le d\u00e9tail par cat\u00e9gories:<\/p>\n<ul>\n<li><strong>Pupille<\/strong> : &#8211; 30 kg:\u00a0 Zerroug Romane (argent)<\/li>\n<li><strong>Benjamin<\/strong> : &#8211; 50 kg: Bensaid Mahira (argent) &amp; &#8211; 45 kg:\u00a0 Ayari Mohammed (argent)<\/li>\n<li><strong>Minime<\/strong> : &#8211; 45 kg : Zerroug Morjiane (bronze), -50 kg Azzoug Kosseila (bronze) &amp; Azzout Sa\u00efd (5\u00b0)<\/li>\n<li><strong>Cadet<\/strong> : &#8211; 55 kg : Corsaletti Diego &amp; Sardeletti Chiara (argent), &#8211; 50 kg : Hallek Hamza (bronze) &amp; &#8211; 65 kg: Azzaoui Mouhamad (5\u00b0)<\/li>\n<li><strong>Junior<\/strong> : &#8211; 53 kg : <strong>Poulard Marine (or)<\/strong> &amp; Da Silva Charlene (argent), &#8211; 80 kg : L\u00e9ger Yoann (bronze), &#8211; 75 kg :\u00a0 L\u00e9ger Lucas (or) &amp; + 85 kg : Lombardi Rafael (5\u00b0)<\/li>\n<li><strong>Senior<\/strong> : &#8211; 72 kg : <strong>Mattioni Benjamin (or)<\/strong>, &#8211; 85 kg : Nguyen J.Alexandre &amp; Marques Daniel (bronze), + 68 kg : Aissani Lauriane (5\u00b0), &#8211; 72 kg : Dimeglio Kevin (5\u00b0), &#8211; 68 kg : Paquelier Alexandre &amp; Lachevre Micka\u00ebl (5\u00b0).<\/li>\n<li><strong>V\u00e9t\u00e9ran<\/strong> : &#8211; 85 kg : Bicer Veli (argent)<\/li>\n<\/ul>\n<div dir=\"auto\">\u00a0\u00bb C&rsquo;est une razzia \u00a0en championnat de France et un\u00a0week-end de folie ! Encore des choses \u00e0 \u00a0travailler. Et merci encore \u00e0 nos sponsors (de nous avoir aid\u00e9 pour ce projet de d\u00e9placement), \u00e0 la M\u00e9tropole du Grand Lyon (pour leur reconnaissance comme club de haut niveau), aux b\u00e9n\u00e9voles et bravo \u00e0 tous les comp\u00e9titeurs et comp\u00e9titrices ! confiait \u00a0\u00bb Philippe Del Rey, directeur et coach du club, \u00e0 l&rsquo;issue de ce championnat national.<\/div>\n<div dir=\"auto\"><\/div>\n","protected":false},"excerpt":{"rendered":"<p>Le Bunka\u00ef Karat\u00e9 Do participait ce week-end au championnat de France de karat\u00e9 semi contact \u00e0 Charleville M\u00e9zi\u00e8res. Le club v\u00e9nissian a ramen\u00e9 une belle moisson de m\u00e9dailles (dont 2 en or), dont voici le d\u00e9tail par cat\u00e9gories: Pupille : &#8211; 30 kg:\u00a0 Zerroug Romane (argent) Benjamin : &#8211; 50 kg: Bensaid Mahira (argent) &amp; [&hellip;]<\/p>\n","protected":false},"author":4,"featured_media":45868,"comment_status":"open","ping_status":"open","sticky":false,"template":"","format":"standard","meta":{"footnotes":""},"categories":[2994,1353,1298],"tags":[],"class_list":["post-45860","post","type-post","status-publish","format-standard","has-post-thumbnail","hentry","category-judo-karate-taekwondo-sports","category-karate","category-venissieux"],"yoast_head":"<!-- This site is optimized with the Yoast SEO plugin v27.2 - https:\/\/yoast.com\/product\/yoast-seo-wordpress\/ -->\n<title>VENISSIEUX : Titres et m\u00e9dailles pour le Bunkai Karat\u00e9 Do au championnat de France<\/title>\n<meta name=\"description\" content=\"VENISSIEUX : Titres et m\u00e9dailles pour le Bunkai Karat\u00e9 Do au championnat de France\" \/>\n<meta name=\"robots\" content=\"index, follow, max-snippet:-1, max-image-preview:large, max-video-preview:-1\" \/>\n<link rel=\"canonical\" href=\"https:\/\/newsestlyonnais.fr\/site\/2018\/03\/19\/venissieux-titres-et-medailles-pour-le-bunkai-karate-do-au-championnat-de-france\/\" \/>\n<meta property=\"og:locale\" content=\"fr_FR\" \/>\n<meta property=\"og:type\" content=\"article\" \/>\n<meta property=\"og:title\" content=\"VENISSIEUX : Titres et m\u00e9dailles pour le Bunkai Karat\u00e9 Do au championnat de France\" \/>\n<meta property=\"og:description\" content=\"VENISSIEUX : Titres et m\u00e9dailles pour le Bunkai Karat\u00e9 Do au championnat de France\" \/>\n<meta property=\"og:url\" content=\"https:\/\/newsestlyonnais.fr\/site\/2018\/03\/19\/venissieux-titres-et-medailles-pour-le-bunkai-karate-do-au-championnat-de-france\/\" \/>\n<meta property=\"og:site_name\" content=\"News Est Lyonnais\" \/>\n<meta property=\"article:author\" content=\"https:\/\/www.facebook.com\/pascal.oberson.1?fref=ts\" \/>\n<meta property=\"article:published_time\" content=\"2018-03-19T06:07:45+00:00\" \/>\n<meta property=\"article:modified_time\" content=\"2020-10-31T14:22:05+00:00\" \/>\n<meta property=\"og:image\" content=\"https:\/\/newsestlyonnais.fr\/site\/wp-content\/uploads\/2018\/03\/NEWSESTLYONNAIS-BUNKAI-PHOTOS-1000x750.jpg\" \/>\n\t<meta property=\"og:image:width\" content=\"1000\" \/>\n\t<meta property=\"og:image:height\" content=\"750\" \/>\n\t<meta property=\"og:image:type\" content=\"image\/jpeg\" \/>\n<meta name=\"author\" content=\"R\u00e9dac. NEWS\" \/>\n<meta name=\"twitter:card\" content=\"summary_large_image\" \/>\n<meta name=\"twitter:label1\" content=\"\u00c9crit par\" \/>\n\t<meta name=\"twitter:data1\" content=\"R\u00e9dac. NEWS\" \/>\n\t<meta name=\"twitter:label2\" content=\"Dur\u00e9e de lecture estim\u00e9e\" \/>\n\t<meta name=\"twitter:data2\" content=\"1 minute\" \/>\n<script type=\"application\/ld+json\" class=\"yoast-schema-graph\">{\"@context\":\"https:\/\/schema.org\",\"@graph\":[{\"@type\":\"Article\",\"@id\":\"https:\/\/newsestlyonnais.fr\/site\/2018\/03\/19\/venissieux-titres-et-medailles-pour-le-bunkai-karate-do-au-championnat-de-france\/#article\",\"isPartOf\":{\"@id\":\"https:\/\/newsestlyonnais.fr\/site\/2018\/03\/19\/venissieux-titres-et-medailles-pour-le-bunkai-karate-do-au-championnat-de-france\/\"},\"author\":{\"name\":\"R\u00e9dac. NEWS\",\"@id\":\"https:\/\/newsestlyonnais.fr\/site\/#\/schema\/person\/3230d5615f390bb808365d673001e887\"},\"headline\":\"VENISSIEUX | Titres et m\u00e9dailles pour le Bunkai Karat\u00e9 Do au championnat de France\",\"datePublished\":\"2018-03-19T06:07:45+00:00\",\"dateModified\":\"2020-10-31T14:22:05+00:00\",\"mainEntityOfPage\":{\"@id\":\"https:\/\/newsestlyonnais.fr\/site\/2018\/03\/19\/venissieux-titres-et-medailles-pour-le-bunkai-karate-do-au-championnat-de-france\/\"},\"wordCount\":247,\"commentCount\":0,\"publisher\":{\"@id\":\"https:\/\/newsestlyonnais.fr\/site\/#organization\"},\"image\":{\"@id\":\"https:\/\/newsestlyonnais.fr\/site\/2018\/03\/19\/venissieux-titres-et-medailles-pour-le-bunkai-karate-do-au-championnat-de-france\/#primaryimage\"},\"thumbnailUrl\":\"https:\/\/newsestlyonnais.fr\/site\/wp-content\/uploads\/2018\/03\/NEWSESTLYONNAIS-BUNKAI-PHOTOS.jpg\",\"articleSection\":[\"Judo| Karat\u00e9| Taekwondo\",\"Karat\u00e9\",\"V\u00e9nissieux\"],\"inLanguage\":\"fr-FR\",\"potentialAction\":[{\"@type\":\"CommentAction\",\"name\":\"Comment\",\"target\":[\"https:\/\/newsestlyonnais.fr\/site\/2018\/03\/19\/venissieux-titres-et-medailles-pour-le-bunkai-karate-do-au-championnat-de-france\/#respond\"]}]},{\"@type\":\"WebPage\",\"@id\":\"https:\/\/newsestlyonnais.fr\/site\/2018\/03\/19\/venissieux-titres-et-medailles-pour-le-bunkai-karate-do-au-championnat-de-france\/\",\"url\":\"https:\/\/newsestlyonnais.fr\/site\/2018\/03\/19\/venissieux-titres-et-medailles-pour-le-bunkai-karate-do-au-championnat-de-france\/\",\"name\":\"VENISSIEUX : Titres et m\u00e9dailles pour le Bunkai Karat\u00e9 Do au championnat de France\",\"isPartOf\":{\"@id\":\"https:\/\/newsestlyonnais.fr\/site\/#website\"},\"primaryImageOfPage\":{\"@id\":\"https:\/\/newsestlyonnais.fr\/site\/2018\/03\/19\/venissieux-titres-et-medailles-pour-le-bunkai-karate-do-au-championnat-de-france\/#primaryimage\"},\"image\":{\"@id\":\"https:\/\/newsestlyonnais.fr\/site\/2018\/03\/19\/venissieux-titres-et-medailles-pour-le-bunkai-karate-do-au-championnat-de-france\/#primaryimage\"},\"thumbnailUrl\":\"https:\/\/newsestlyonnais.fr\/site\/wp-content\/uploads\/2018\/03\/NEWSESTLYONNAIS-BUNKAI-PHOTOS.jpg\",\"datePublished\":\"2018-03-19T06:07:45+00:00\",\"dateModified\":\"2020-10-31T14:22:05+00:00\",\"description\":\"VENISSIEUX : Titres et m\u00e9dailles pour le Bunkai Karat\u00e9 Do au championnat de France\",\"breadcrumb\":{\"@id\":\"https:\/\/newsestlyonnais.fr\/site\/2018\/03\/19\/venissieux-titres-et-medailles-pour-le-bunkai-karate-do-au-championnat-de-france\/#breadcrumb\"},\"inLanguage\":\"fr-FR\",\"potentialAction\":[{\"@type\":\"ReadAction\",\"target\":[\"https:\/\/newsestlyonnais.fr\/site\/2018\/03\/19\/venissieux-titres-et-medailles-pour-le-bunkai-karate-do-au-championnat-de-france\/\"]}]},{\"@type\":\"ImageObject\",\"inLanguage\":\"fr-FR\",\"@id\":\"https:\/\/newsestlyonnais.fr\/site\/2018\/03\/19\/venissieux-titres-et-medailles-pour-le-bunkai-karate-do-au-championnat-de-france\/#primaryimage\",\"url\":\"https:\/\/newsestlyonnais.fr\/site\/wp-content\/uploads\/2018\/03\/NEWSESTLYONNAIS-BUNKAI-PHOTOS.jpg\",\"contentUrl\":\"https:\/\/newsestlyonnais.fr\/site\/wp-content\/uploads\/2018\/03\/NEWSESTLYONNAIS-BUNKAI-PHOTOS.jpg\",\"width\":5184,\"height\":3888},{\"@type\":\"BreadcrumbList\",\"@id\":\"https:\/\/newsestlyonnais.fr\/site\/2018\/03\/19\/venissieux-titres-et-medailles-pour-le-bunkai-karate-do-au-championnat-de-france\/#breadcrumb\",\"itemListElement\":[{\"@type\":\"ListItem\",\"position\":1,\"name\":\"Accueil\",\"item\":\"https:\/\/newsestlyonnais.fr\/site\/\"},{\"@type\":\"ListItem\",\"position\":2,\"name\":\"VENISSIEUX | Titres et m\u00e9dailles pour le Bunkai Karat\u00e9 Do au championnat de France\"}]},{\"@type\":\"WebSite\",\"@id\":\"https:\/\/newsestlyonnais.fr\/site\/#website\",\"url\":\"https:\/\/newsestlyonnais.fr\/site\/\",\"name\":\"News Est Lyonnais\",\"description\":\"L&#039;actualit\u00e9 au plus pr\u00e8s\",\"publisher\":{\"@id\":\"https:\/\/newsestlyonnais.fr\/site\/#organization\"},\"potentialAction\":[{\"@type\":\"SearchAction\",\"target\":{\"@type\":\"EntryPoint\",\"urlTemplate\":\"https:\/\/newsestlyonnais.fr\/site\/?s={search_term_string}\"},\"query-input\":{\"@type\":\"PropertyValueSpecification\",\"valueRequired\":true,\"valueName\":\"search_term_string\"}}],\"inLanguage\":\"fr-FR\"},{\"@type\":\"Organization\",\"@id\":\"https:\/\/newsestlyonnais.fr\/site\/#organization\",\"name\":\"News EST LYONNAIS\",\"url\":\"https:\/\/newsestlyonnais.fr\/site\/\",\"logo\":{\"@type\":\"ImageObject\",\"inLanguage\":\"fr-FR\",\"@id\":\"https:\/\/newsestlyonnais.fr\/site\/#\/schema\/logo\/image\/\",\"url\":\"\",\"contentUrl\":\"\",\"caption\":\"News EST LYONNAIS\"},\"image\":{\"@id\":\"https:\/\/newsestlyonnais.fr\/site\/#\/schema\/logo\/image\/\"}},{\"@type\":\"Person\",\"@id\":\"https:\/\/newsestlyonnais.fr\/site\/#\/schema\/person\/3230d5615f390bb808365d673001e887\",\"name\":\"R\u00e9dac. NEWS\",\"sameAs\":[\"http:\/\/www.newsestlyonnais.fr\",\"https:\/\/www.facebook.com\/pascal.oberson.1?fref=ts\",\"https:\/\/fr.linkedin.com\/in\/pascal-oberson-b17045113\"],\"url\":\"https:\/\/newsestlyonnais.fr\/site\/author\/nel\/\"}]}<\/script>\n<!-- \/ Yoast SEO plugin. -->","yoast_head_json":{"title":"VENISSIEUX : Titres et m\u00e9dailles pour le Bunkai Karat\u00e9 Do au championnat de France","description":"VENISSIEUX : Titres et m\u00e9dailles pour le Bunkai Karat\u00e9 Do au championnat de France","robots":{"index":"index","follow":"follow","max-snippet":"max-snippet:-1","max-image-preview":"max-image-preview:large","max-video-preview":"max-video-preview:-1"},"canonical":"https:\/\/newsestlyonnais.fr\/site\/2018\/03\/19\/venissieux-titres-et-medailles-pour-le-bunkai-karate-do-au-championnat-de-france\/","og_locale":"fr_FR","og_type":"article","og_title":"VENISSIEUX : Titres et m\u00e9dailles pour le Bunkai Karat\u00e9 Do au championnat de France","og_description":"VENISSIEUX : Titres et m\u00e9dailles pour le Bunkai Karat\u00e9 Do au championnat de France","og_url":"https:\/\/newsestlyonnais.fr\/site\/2018\/03\/19\/venissieux-titres-et-medailles-pour-le-bunkai-karate-do-au-championnat-de-france\/","og_site_name":"News Est Lyonnais","article_author":"https:\/\/www.facebook.com\/pascal.oberson.1?fref=ts","article_published_time":"2018-03-19T06:07:45+00:00","article_modified_time":"2020-10-31T14:22:05+00:00","og_image":[{"width":1000,"height":750,"url":"https:\/\/newsestlyonnais.fr\/site\/wp-content\/uploads\/2018\/03\/NEWSESTLYONNAIS-BUNKAI-PHOTOS-1000x750.jpg","type":"image\/jpeg"}],"author":"R\u00e9dac. NEWS","twitter_card":"summary_large_image","twitter_misc":{"\u00c9crit par":"R\u00e9dac. NEWS","Dur\u00e9e de lecture estim\u00e9e":"1 minute"},"schema":{"@context":"https:\/\/schema.org","@graph":[{"@type":"Article","@id":"https:\/\/newsestlyonnais.fr\/site\/2018\/03\/19\/venissieux-titres-et-medailles-pour-le-bunkai-karate-do-au-championnat-de-france\/#article","isPartOf":{"@id":"https:\/\/newsestlyonnais.fr\/site\/2018\/03\/19\/venissieux-titres-et-medailles-pour-le-bunkai-karate-do-au-championnat-de-france\/"},"author":{"name":"R\u00e9dac. NEWS","@id":"https:\/\/newsestlyonnais.fr\/site\/#\/schema\/person\/3230d5615f390bb808365d673001e887"},"headline":"VENISSIEUX | Titres et m\u00e9dailles pour le Bunkai Karat\u00e9 Do au championnat de France","datePublished":"2018-03-19T06:07:45+00:00","dateModified":"2020-10-31T14:22:05+00:00","mainEntityOfPage":{"@id":"https:\/\/newsestlyonnais.fr\/site\/2018\/03\/19\/venissieux-titres-et-medailles-pour-le-bunkai-karate-do-au-championnat-de-france\/"},"wordCount":247,"commentCount":0,"publisher":{"@id":"https:\/\/newsestlyonnais.fr\/site\/#organization"},"image":{"@id":"https:\/\/newsestlyonnais.fr\/site\/2018\/03\/19\/venissieux-titres-et-medailles-pour-le-bunkai-karate-do-au-championnat-de-france\/#primaryimage"},"thumbnailUrl":"https:\/\/newsestlyonnais.fr\/site\/wp-content\/uploads\/2018\/03\/NEWSESTLYONNAIS-BUNKAI-PHOTOS.jpg","articleSection":["Judo| Karat\u00e9| Taekwondo","Karat\u00e9","V\u00e9nissieux"],"inLanguage":"fr-FR","potentialAction":[{"@type":"CommentAction","name":"Comment","target":["https:\/\/newsestlyonnais.fr\/site\/2018\/03\/19\/venissieux-titres-et-medailles-pour-le-bunkai-karate-do-au-championnat-de-france\/#respond"]}]},{"@type":"WebPage","@id":"https:\/\/newsestlyonnais.fr\/site\/2018\/03\/19\/venissieux-titres-et-medailles-pour-le-bunkai-karate-do-au-championnat-de-france\/","url":"https:\/\/newsestlyonnais.fr\/site\/2018\/03\/19\/venissieux-titres-et-medailles-pour-le-bunkai-karate-do-au-championnat-de-france\/","name":"VENISSIEUX : Titres et m\u00e9dailles pour le Bunkai Karat\u00e9 Do au championnat de France","isPartOf":{"@id":"https:\/\/newsestlyonnais.fr\/site\/#website"},"primaryImageOfPage":{"@id":"https:\/\/newsestlyonnais.fr\/site\/2018\/03\/19\/venissieux-titres-et-medailles-pour-le-bunkai-karate-do-au-championnat-de-france\/#primaryimage"},"image":{"@id":"https:\/\/newsestlyonnais.fr\/site\/2018\/03\/19\/venissieux-titres-et-medailles-pour-le-bunkai-karate-do-au-championnat-de-france\/#primaryimage"},"thumbnailUrl":"https:\/\/newsestlyonnais.fr\/site\/wp-content\/uploads\/2018\/03\/NEWSESTLYONNAIS-BUNKAI-PHOTOS.jpg","datePublished":"2018-03-19T06:07:45+00:00","dateModified":"2020-10-31T14:22:05+00:00","description":"VENISSIEUX : Titres et m\u00e9dailles pour le Bunkai Karat\u00e9 Do au championnat de France","breadcrumb":{"@id":"https:\/\/newsestlyonnais.fr\/site\/2018\/03\/19\/venissieux-titres-et-medailles-pour-le-bunkai-karate-do-au-championnat-de-france\/#breadcrumb"},"inLanguage":"fr-FR","potentialAction":[{"@type":"ReadAction","target":["https:\/\/newsestlyonnais.fr\/site\/2018\/03\/19\/venissieux-titres-et-medailles-pour-le-bunkai-karate-do-au-championnat-de-france\/"]}]},{"@type":"ImageObject","inLanguage":"fr-FR","@id":"https:\/\/newsestlyonnais.fr\/site\/2018\/03\/19\/venissieux-titres-et-medailles-pour-le-bunkai-karate-do-au-championnat-de-france\/#primaryimage","url":"https:\/\/newsestlyonnais.fr\/site\/wp-content\/uploads\/2018\/03\/NEWSESTLYONNAIS-BUNKAI-PHOTOS.jpg","contentUrl":"https:\/\/newsestlyonnais.fr\/site\/wp-content\/uploads\/2018\/03\/NEWSESTLYONNAIS-BUNKAI-PHOTOS.jpg","width":5184,"height":3888},{"@type":"BreadcrumbList","@id":"https:\/\/newsestlyonnais.fr\/site\/2018\/03\/19\/venissieux-titres-et-medailles-pour-le-bunkai-karate-do-au-championnat-de-france\/#breadcrumb","itemListElement":[{"@type":"ListItem","position":1,"name":"Accueil","item":"https:\/\/newsestlyonnais.fr\/site\/"},{"@type":"ListItem","position":2,"name":"VENISSIEUX | Titres et m\u00e9dailles pour le Bunkai Karat\u00e9 Do au championnat de France"}]},{"@type":"WebSite","@id":"https:\/\/newsestlyonnais.fr\/site\/#website","url":"https:\/\/newsestlyonnais.fr\/site\/","name":"News Est Lyonnais","description":"L&#039;actualit\u00e9 au plus pr\u00e8s","publisher":{"@id":"https:\/\/newsestlyonnais.fr\/site\/#organization"},"potentialAction":[{"@type":"SearchAction","target":{"@type":"EntryPoint","urlTemplate":"https:\/\/newsestlyonnais.fr\/site\/?s={search_term_string}"},"query-input":{"@type":"PropertyValueSpecification","valueRequired":true,"valueName":"search_term_string"}}],"inLanguage":"fr-FR"},{"@type":"Organization","@id":"https:\/\/newsestlyonnais.fr\/site\/#organization","name":"News EST LYONNAIS","url":"https:\/\/newsestlyonnais.fr\/site\/","logo":{"@type":"ImageObject","inLanguage":"fr-FR","@id":"https:\/\/newsestlyonnais.fr\/site\/#\/schema\/logo\/image\/","url":"","contentUrl":"","caption":"News EST LYONNAIS"},"image":{"@id":"https:\/\/newsestlyonnais.fr\/site\/#\/schema\/logo\/image\/"}},{"@type":"Person","@id":"https:\/\/newsestlyonnais.fr\/site\/#\/schema\/person\/3230d5615f390bb808365d673001e887","name":"R\u00e9dac. NEWS","sameAs":["http:\/\/www.newsestlyonnais.fr","https:\/\/www.facebook.com\/pascal.oberson.1?fref=ts","https:\/\/fr.linkedin.com\/in\/pascal-oberson-b17045113"],"url":"https:\/\/newsestlyonnais.fr\/site\/author\/nel\/"}]}},"_links":{"self":[{"href":"https:\/\/newsestlyonnais.fr\/site\/wp-json\/wp\/v2\/posts\/45860","targetHints":{"allow":["GET"]}}],"collection":[{"href":"https:\/\/newsestlyonnais.fr\/site\/wp-json\/wp\/v2\/posts"}],"about":[{"href":"https:\/\/newsestlyonnais.fr\/site\/wp-json\/wp\/v2\/types\/post"}],"author":[{"embeddable":true,"href":"https:\/\/newsestlyonnais.fr\/site\/wp-json\/wp\/v2\/users\/4"}],"replies":[{"embeddable":true,"href":"https:\/\/newsestlyonnais.fr\/site\/wp-json\/wp\/v2\/comments?post=45860"}],"version-history":[{"count":0,"href":"https:\/\/newsestlyonnais.fr\/site\/wp-json\/wp\/v2\/posts\/45860\/revisions"}],"wp:featuredmedia":[{"embeddable":true,"href":"https:\/\/newsestlyonnais.fr\/site\/wp-json\/wp\/v2\/media\/45868"}],"wp:attachment":[{"href":"https:\/\/newsestlyonnais.fr\/site\/wp-json\/wp\/v2\/media?parent=45860"}],"wp:term":[{"taxonomy":"category","embeddable":true,"href":"https:\/\/newsestlyonnais.fr\/site\/wp-json\/wp\/v2\/categories?post=45860"},{"taxonomy":"post_tag","embeddable":true,"href":"https:\/\/newsestlyonnais.fr\/site\/wp-json\/wp\/v2\/tags?post=45860"}],"curies":[{"name":"wp","href":"https:\/\/api.w.org\/{rel}","templated":true}]}}