{"id":45937,"date":"2018-03-19T10:00:58","date_gmt":"2018-03-19T09:00:58","guid":{"rendered":"http:\/\/newsestlyonnais.fr\/site\/?p=45937"},"modified":"2021-01-27T17:14:22","modified_gmt":"2021-01-27T16:14:22","slug":"genas-o2-velo-pour-une-pratique-en-tous-genres-de-la-petite-reine","status":"publish","type":"post","link":"https:\/\/newsestlyonnais.fr\/site\/2018\/03\/19\/genas-o2-velo-pour-une-pratique-en-tous-genres-de-la-petite-reine\/","title":{"rendered":"GENAS | O2 V\u00e9lo, pour une pratique en tous genres de la petite reine !"},"content":{"rendered":"<h4>Depuis le 10 f\u00e9vrier, les habitant(e)s de Genas et de l&rsquo;Est Lyonnais, passionn\u00e9s de la petite reine, ont pu trouver leur bonheur !<\/h4>\n<p>Un choix possible au sein de la boutique \u00ab\u00a0O2 V\u00e9lo\u00a0\u00bb bas\u00e9e dans le quartier d&rsquo;Azieu et inaugur\u00e9e le samedi 10 mars dernier en pr\u00e9sence d&rsquo;une centaine de personnes. Un nouveau commerce local, membre de la dynamique association \u00ab\u00a0ACtiv&rsquo;Genas-Azieu\u00a0\u00bb con\u00e7u \u00e0 la base sur le projet commun de 4 personnes qui se sont rencontr\u00e9es il y a 13 ans dans un cadre professionnel. Des coll\u00e8gues de travail devenus amis \u00e0 la suite de sorties loisirs en Vtt du dimanche matin et qui ont d\u00e9cid\u00e9 il y 3 ans de se lancer ensemble dans ce m\u00eame projet.<\/p>\n<p>________________________________________________________________________________<\/p>\n<p>Une \u00e9quipe de 4 dirigeants associ\u00e9s et parfaitement compl\u00e9mentaires, qui pourra faire b\u00e9n\u00e9ficier sa client\u00e8le de toute son exp\u00e9rience professionnelle :<\/p>\n<ul>\n<li><strong>Benoit Pajou<\/strong> : ex-responsable commercial et directeur d&rsquo;agence en distribution et cr\u00e9ateur d&rsquo;une entreprise \u00e9lectrique.<\/li>\n<li><strong>S\u00e9bastien Gay<\/strong> : ex-commercial s\u00e9dentaire et responsable r\u00e9gional d&rsquo;un fabricant de mat\u00e9riel \u00e9lectrique.<\/li>\n<li><strong>C\u00e9dric Calian<\/strong> : ex-commercial et responsable r\u00e9gional d&rsquo;un fabricant de mat\u00e9riel \u00e9lectrique.<\/li>\n<li><strong>Boris Rospars<\/strong> : ex-magasinier, commercial itin\u00e9rant et d\u00e9l\u00e9gu\u00e9 en \u00e9clairage.<\/li>\n<\/ul>\n<p>Ce dernier \u00e9tant pr\u00e9sent au quotidien \u00e0 la boutique en tant que g\u00e9rant pour accueillir la client\u00e8le et sera assist\u00e9 du <strong>responsable de l&rsquo;atelier Denis Kauffmann<\/strong>, qui a auparavant exerc\u00e9 dans plusieurs magasins de ce type de la r\u00e9gion.<\/p>\n<p>Ces 4 passionn\u00e9s de v\u00e9lo et fondateurs de cette soci\u00e9t\u00e9 ont su saisir l&rsquo;opportunit\u00e9 de s&rsquo;installer sur un emplacement id\u00e9al dans ce secteur de l&rsquo;Est Lyonnais, tr\u00e8s d\u00e9muni pour ce type de prestations. Apr\u00e8s un sondage de nombreuses personnes, ils ont bien ressenti qu&rsquo;il y avait une forte demande pour la partie entretien &amp; r\u00e9paration des v\u00e9los.<\/p>\n<p>________________________________________________________________________________<\/p>\n<p><strong>o2 V\u00e9lo<\/strong> va ainsi proposer un entretien annuel et gratuit pour tout v\u00e9lo (course,Vtt, adulte ou enfant) hors pi\u00e8ces, achet\u00e9 en boutique. Divers autres services sont aussi pr\u00e9vus (r\u00e9paration v\u00e9los de toutes marques, montage de pi\u00e8ces et v\u00e9lo achet\u00e9s sur internet, r\u00e9glage et personnalisation en vue d&rsquo;\u00e9preuves ou randos sportives pour cyclos, cyclistes ou triathl\u00e8tes). Sans oublier les accessoires (casques, si\u00e8ges enfants, porte-v\u00e9los, paniers, textiles, pneus, chambres \u00e0 air et composants divers).<\/p>\n<p><em>La boutique s&rsquo;est \u00e9galement positionn\u00e9e avec un partenaire <span class=\"st\">ta\u00efwanais, Merida (2\u00b0 fabricant mondial de cadres v\u00e9los de tous types) dont elle sera le distributeur exclusif sur le secteur. Et <\/span><\/em><i>propose \u00e9galement, entre autres, les marques fran\u00e7aises (Sunn &amp; Arcade) et allemande (Haibike).<br \/>\n<\/i><\/p>\n<p>Dans le but de pr\u00e9senter \u00e0 tous une pratique en loisir ou en comp\u00e9tition, <strong>o2 V\u00e9lo<\/strong> propose tous types de v\u00e9los (ville, Vtt, route, Vtc, course, enfants et \u00e9lectriques) et toute une gamme d&rsquo;articles pour un usage en mobilit\u00e9 urbaine (trottinettes, hoverboards &amp; skate \u00e9lectriques).<\/p>\n<p><strong><em>PHOTO A LA UNE<\/em><\/strong> : Les 4 dirigeants et au centre le responsable atelier.<\/p>\n<p>________________________________________________________________________________<\/p>\n<ul>\n<li>O2 V\u00e9lo : 17 rue Jean Jaur\u00e8s \u00e0 Genas T\u00e9l. 04.26.17.26.65<\/li>\n<li>A retrouver sur : <a href=\"https:\/\/www.facebook.com\/o2velo\/\" target=\"_blank\" rel=\"noopener noreferrer\">https:\/\/www.facebook.com\/o2velo\/<\/a><\/li>\n<\/ul>\n<p>________________________________________________________________________________<\/p>\n<div id='gallery-1' class='gallery galleryid-45937 gallery-columns-3 gallery-size-thumbnail'><figure class='gallery-item'>\n\t\t\t<div class='gallery-icon landscape'>\n\t\t\t\t<a href='https:\/\/newsestlyonnais.fr\/site\/2018\/03\/19\/genas-o2-velo-pour-une-pratique-en-tous-genres-de-la-petite-reine\/newsestlyonnais-inau-o2-velo\/'><img loading=\"lazy\" decoding=\"async\" width=\"150\" height=\"150\" src=\"https:\/\/newsestlyonnais.fr\/site\/wp-content\/uploads\/2018\/03\/NEWSESTLYONNAIS-INAU-O2-VELO-150x150.jpg\" class=\"attachment-thumbnail size-thumbnail\" alt=\"NEWSESTLYONNAIS - INAU O2 VELO\" aria-describedby=\"gallery-1-46077\" \/><\/a>\n\t\t\t<\/div>\n\t\t\t\t<figcaption class='wp-caption-text gallery-caption' id='gallery-1-46077'>\n\t\t\t\tInauguration d\u00e9but mars en pr\u00e9sence du maire Daniel Val\u00e9ro\n\t\t\t\t<\/figcaption><\/figure><figure class='gallery-item'>\n\t\t\t<div class='gallery-icon landscape'>\n\t\t\t\t<a href='https:\/\/newsestlyonnais.fr\/site\/2018\/03\/19\/genas-o2-velo-pour-une-pratique-en-tous-genres-de-la-petite-reine\/newsestlyonnais-o2-velo\/'><img loading=\"lazy\" decoding=\"async\" width=\"150\" height=\"150\" src=\"https:\/\/newsestlyonnais.fr\/site\/wp-content\/uploads\/2018\/03\/NEWSESTLYONNAIS-O2-VELO-150x150.jpg\" class=\"attachment-thumbnail size-thumbnail\" alt=\"NEWSESTLYONNAIS O2 VELO\" \/><\/a>\n\t\t\t<\/div><\/figure><figure class='gallery-item'>\n\t\t\t<div class='gallery-icon landscape'>\n\t\t\t\t<a href='https:\/\/newsestlyonnais.fr\/site\/2018\/03\/19\/genas-o2-velo-pour-une-pratique-en-tous-genres-de-la-petite-reine\/newsestlyonnais-logo-o2-velo-2\/'><img loading=\"lazy\" decoding=\"async\" width=\"150\" height=\"150\" src=\"https:\/\/newsestlyonnais.fr\/site\/wp-content\/uploads\/2018\/03\/NEWSESTLYONNAIS-LOGO-O2-V\u00e9lo-150x150.jpg\" class=\"attachment-thumbnail size-thumbnail\" alt=\"NEWSESTLYONNAIS - LOGO O2 V\u00e9lo\" aria-describedby=\"gallery-1-46078\" \/><\/a>\n\t\t\t<\/div>\n\t\t\t\t<figcaption class='wp-caption-text gallery-caption' id='gallery-1-46078'>\n\t\t\t\t Le logo de la boutique\n\t\t\t\t<\/figcaption><\/figure>\n\t\t<\/div>\n\n<p>&nbsp;<\/p>\n","protected":false},"excerpt":{"rendered":"<p>Depuis le 10 f\u00e9vrier, les habitant(e)s de Genas et de l&rsquo;Est Lyonnais, passionn\u00e9s de la petite reine, ont pu trouver leur bonheur ! Un choix possible au sein de la boutique \u00ab\u00a0O2 V\u00e9lo\u00a0\u00bb bas\u00e9e dans le quartier d&rsquo;Azieu et inaugur\u00e9e le samedi 10 mars dernier en pr\u00e9sence d&rsquo;une centaine de personnes. Un nouveau commerce local, [&hellip;]<\/p>\n","protected":false},"author":4,"featured_media":46542,"comment_status":"open","ping_status":"open","sticky":false,"template":"","format":"standard","meta":{"footnotes":""},"categories":[1628,2970,2969,12,1598],"tags":[],"class_list":["post-45937","post","type-post","status-publish","format-standard","has-post-thumbnail","hentry","category-publi-reportages","category-artisans-commerces-economie","category-cyclisme-cyclo-vtt","category-entreprises","category-genas"],"yoast_head":"<!-- This site is optimized with the Yoast SEO plugin v27.2 - https:\/\/yoast.com\/product\/yoast-seo-wordpress\/ -->\n<title>GENAS : O2 V\u00e9lo, pour une pratique en tous genres de la petite reine !<\/title>\n<meta name=\"description\" content=\"GENAS : O2 V\u00e9lo, pour une pratique en tous genres de la petite reine !\" \/>\n<meta name=\"robots\" content=\"index, follow, max-snippet:-1, max-image-preview:large, max-video-preview:-1\" \/>\n<link rel=\"canonical\" href=\"https:\/\/newsestlyonnais.fr\/site\/2018\/03\/19\/genas-o2-velo-pour-une-pratique-en-tous-genres-de-la-petite-reine\/\" \/>\n<meta property=\"og:locale\" content=\"fr_FR\" \/>\n<meta property=\"og:type\" content=\"article\" \/>\n<meta property=\"og:title\" content=\"GENAS : O2 V\u00e9lo, pour une pratique en tous genres de la petite reine !\" \/>\n<meta property=\"og:description\" content=\"GENAS : O2 V\u00e9lo, pour une pratique en tous genres de la petite reine !\" \/>\n<meta property=\"og:url\" content=\"https:\/\/newsestlyonnais.fr\/site\/2018\/03\/19\/genas-o2-velo-pour-une-pratique-en-tous-genres-de-la-petite-reine\/\" \/>\n<meta property=\"og:site_name\" content=\"News Est Lyonnais\" \/>\n<meta property=\"article:author\" content=\"https:\/\/www.facebook.com\/pascal.oberson.1?fref=ts\" \/>\n<meta property=\"article:published_time\" content=\"2018-03-19T09:00:58+00:00\" \/>\n<meta property=\"article:modified_time\" content=\"2021-01-27T16:14:22+00:00\" \/>\n<meta property=\"og:image\" content=\"https:\/\/newsestlyonnais.fr\/site\/wp-content\/uploads\/2018\/03\/NEWSESTLYONNAIS-flyer-promo-final-1000x667.jpg\" \/>\n\t<meta property=\"og:image:width\" content=\"1000\" \/>\n\t<meta property=\"og:image:height\" content=\"667\" \/>\n\t<meta property=\"og:image:type\" content=\"image\/jpeg\" \/>\n<meta name=\"author\" content=\"R\u00e9dac. NEWS\" \/>\n<meta name=\"twitter:card\" content=\"summary_large_image\" \/>\n<meta name=\"twitter:label1\" content=\"\u00c9crit par\" \/>\n\t<meta name=\"twitter:data1\" content=\"R\u00e9dac. NEWS\" \/>\n\t<meta name=\"twitter:label2\" content=\"Dur\u00e9e de lecture estim\u00e9e\" \/>\n\t<meta name=\"twitter:data2\" content=\"3 minutes\" \/>\n<script type=\"application\/ld+json\" class=\"yoast-schema-graph\">{\"@context\":\"https:\/\/schema.org\",\"@graph\":[{\"@type\":\"Article\",\"@id\":\"https:\/\/newsestlyonnais.fr\/site\/2018\/03\/19\/genas-o2-velo-pour-une-pratique-en-tous-genres-de-la-petite-reine\/#article\",\"isPartOf\":{\"@id\":\"https:\/\/newsestlyonnais.fr\/site\/2018\/03\/19\/genas-o2-velo-pour-une-pratique-en-tous-genres-de-la-petite-reine\/\"},\"author\":{\"name\":\"R\u00e9dac. NEWS\",\"@id\":\"https:\/\/newsestlyonnais.fr\/site\/#\/schema\/person\/3230d5615f390bb808365d673001e887\"},\"headline\":\"GENAS | O2 V\u00e9lo, pour une pratique en tous genres de la petite reine !\",\"datePublished\":\"2018-03-19T09:00:58+00:00\",\"dateModified\":\"2021-01-27T16:14:22+00:00\",\"mainEntityOfPage\":{\"@id\":\"https:\/\/newsestlyonnais.fr\/site\/2018\/03\/19\/genas-o2-velo-pour-une-pratique-en-tous-genres-de-la-petite-reine\/\"},\"wordCount\":556,\"commentCount\":0,\"publisher\":{\"@id\":\"https:\/\/newsestlyonnais.fr\/site\/#organization\"},\"image\":{\"@id\":\"https:\/\/newsestlyonnais.fr\/site\/2018\/03\/19\/genas-o2-velo-pour-une-pratique-en-tous-genres-de-la-petite-reine\/#primaryimage\"},\"thumbnailUrl\":\"https:\/\/newsestlyonnais.fr\/site\/wp-content\/uploads\/2018\/03\/NEWSESTLYONNAIS-flyer-promo-final.jpg\",\"articleSection\":[\"1Publi-Reportages\",\"Artisans | Commerces\",\"Cyclisme | Cyclo | Vtt\",\"Entreprises\",\"Genas\"],\"inLanguage\":\"fr-FR\",\"potentialAction\":[{\"@type\":\"CommentAction\",\"name\":\"Comment\",\"target\":[\"https:\/\/newsestlyonnais.fr\/site\/2018\/03\/19\/genas-o2-velo-pour-une-pratique-en-tous-genres-de-la-petite-reine\/#respond\"]}]},{\"@type\":\"WebPage\",\"@id\":\"https:\/\/newsestlyonnais.fr\/site\/2018\/03\/19\/genas-o2-velo-pour-une-pratique-en-tous-genres-de-la-petite-reine\/\",\"url\":\"https:\/\/newsestlyonnais.fr\/site\/2018\/03\/19\/genas-o2-velo-pour-une-pratique-en-tous-genres-de-la-petite-reine\/\",\"name\":\"GENAS : O2 V\u00e9lo, pour une pratique en tous genres de la petite reine !\",\"isPartOf\":{\"@id\":\"https:\/\/newsestlyonnais.fr\/site\/#website\"},\"primaryImageOfPage\":{\"@id\":\"https:\/\/newsestlyonnais.fr\/site\/2018\/03\/19\/genas-o2-velo-pour-une-pratique-en-tous-genres-de-la-petite-reine\/#primaryimage\"},\"image\":{\"@id\":\"https:\/\/newsestlyonnais.fr\/site\/2018\/03\/19\/genas-o2-velo-pour-une-pratique-en-tous-genres-de-la-petite-reine\/#primaryimage\"},\"thumbnailUrl\":\"https:\/\/newsestlyonnais.fr\/site\/wp-content\/uploads\/2018\/03\/NEWSESTLYONNAIS-flyer-promo-final.jpg\",\"datePublished\":\"2018-03-19T09:00:58+00:00\",\"dateModified\":\"2021-01-27T16:14:22+00:00\",\"description\":\"GENAS : O2 V\u00e9lo, pour une pratique en tous genres de la petite reine !\",\"breadcrumb\":{\"@id\":\"https:\/\/newsestlyonnais.fr\/site\/2018\/03\/19\/genas-o2-velo-pour-une-pratique-en-tous-genres-de-la-petite-reine\/#breadcrumb\"},\"inLanguage\":\"fr-FR\",\"potentialAction\":[{\"@type\":\"ReadAction\",\"target\":[\"https:\/\/newsestlyonnais.fr\/site\/2018\/03\/19\/genas-o2-velo-pour-une-pratique-en-tous-genres-de-la-petite-reine\/\"]}]},{\"@type\":\"ImageObject\",\"inLanguage\":\"fr-FR\",\"@id\":\"https:\/\/newsestlyonnais.fr\/site\/2018\/03\/19\/genas-o2-velo-pour-une-pratique-en-tous-genres-de-la-petite-reine\/#primaryimage\",\"url\":\"https:\/\/newsestlyonnais.fr\/site\/wp-content\/uploads\/2018\/03\/NEWSESTLYONNAIS-flyer-promo-final.jpg\",\"contentUrl\":\"https:\/\/newsestlyonnais.fr\/site\/wp-content\/uploads\/2018\/03\/NEWSESTLYONNAIS-flyer-promo-final.jpg\",\"width\":3543,\"height\":2362,\"caption\":\"NEWSESTLYONNAIS - flyer-promo-final\"},{\"@type\":\"BreadcrumbList\",\"@id\":\"https:\/\/newsestlyonnais.fr\/site\/2018\/03\/19\/genas-o2-velo-pour-une-pratique-en-tous-genres-de-la-petite-reine\/#breadcrumb\",\"itemListElement\":[{\"@type\":\"ListItem\",\"position\":1,\"name\":\"Accueil\",\"item\":\"https:\/\/newsestlyonnais.fr\/site\/\"},{\"@type\":\"ListItem\",\"position\":2,\"name\":\"GENAS | O2 V\u00e9lo, pour une pratique en tous genres de la petite reine !\"}]},{\"@type\":\"WebSite\",\"@id\":\"https:\/\/newsestlyonnais.fr\/site\/#website\",\"url\":\"https:\/\/newsestlyonnais.fr\/site\/\",\"name\":\"News Est Lyonnais\",\"description\":\"L&#039;actualit\u00e9 au plus pr\u00e8s\",\"publisher\":{\"@id\":\"https:\/\/newsestlyonnais.fr\/site\/#organization\"},\"potentialAction\":[{\"@type\":\"SearchAction\",\"target\":{\"@type\":\"EntryPoint\",\"urlTemplate\":\"https:\/\/newsestlyonnais.fr\/site\/?s={search_term_string}\"},\"query-input\":{\"@type\":\"PropertyValueSpecification\",\"valueRequired\":true,\"valueName\":\"search_term_string\"}}],\"inLanguage\":\"fr-FR\"},{\"@type\":\"Organization\",\"@id\":\"https:\/\/newsestlyonnais.fr\/site\/#organization\",\"name\":\"News EST LYONNAIS\",\"url\":\"https:\/\/newsestlyonnais.fr\/site\/\",\"logo\":{\"@type\":\"ImageObject\",\"inLanguage\":\"fr-FR\",\"@id\":\"https:\/\/newsestlyonnais.fr\/site\/#\/schema\/logo\/image\/\",\"url\":\"\",\"contentUrl\":\"\",\"caption\":\"News EST LYONNAIS\"},\"image\":{\"@id\":\"https:\/\/newsestlyonnais.fr\/site\/#\/schema\/logo\/image\/\"}},{\"@type\":\"Person\",\"@id\":\"https:\/\/newsestlyonnais.fr\/site\/#\/schema\/person\/3230d5615f390bb808365d673001e887\",\"name\":\"R\u00e9dac. NEWS\",\"sameAs\":[\"http:\/\/www.newsestlyonnais.fr\",\"https:\/\/www.facebook.com\/pascal.oberson.1?fref=ts\",\"https:\/\/fr.linkedin.com\/in\/pascal-oberson-b17045113\"],\"url\":\"https:\/\/newsestlyonnais.fr\/site\/author\/nel\/\"}]}<\/script>\n<!-- \/ Yoast SEO plugin. -->","yoast_head_json":{"title":"GENAS : O2 V\u00e9lo, pour une pratique en tous genres de la petite reine !","description":"GENAS : O2 V\u00e9lo, pour une pratique en tous genres de la petite reine !","robots":{"index":"index","follow":"follow","max-snippet":"max-snippet:-1","max-image-preview":"max-image-preview:large","max-video-preview":"max-video-preview:-1"},"canonical":"https:\/\/newsestlyonnais.fr\/site\/2018\/03\/19\/genas-o2-velo-pour-une-pratique-en-tous-genres-de-la-petite-reine\/","og_locale":"fr_FR","og_type":"article","og_title":"GENAS : O2 V\u00e9lo, pour une pratique en tous genres de la petite reine !","og_description":"GENAS : O2 V\u00e9lo, pour une pratique en tous genres de la petite reine !","og_url":"https:\/\/newsestlyonnais.fr\/site\/2018\/03\/19\/genas-o2-velo-pour-une-pratique-en-tous-genres-de-la-petite-reine\/","og_site_name":"News Est Lyonnais","article_author":"https:\/\/www.facebook.com\/pascal.oberson.1?fref=ts","article_published_time":"2018-03-19T09:00:58+00:00","article_modified_time":"2021-01-27T16:14:22+00:00","og_image":[{"width":1000,"height":667,"url":"https:\/\/newsestlyonnais.fr\/site\/wp-content\/uploads\/2018\/03\/NEWSESTLYONNAIS-flyer-promo-final-1000x667.jpg","type":"image\/jpeg"}],"author":"R\u00e9dac. NEWS","twitter_card":"summary_large_image","twitter_misc":{"\u00c9crit par":"R\u00e9dac. NEWS","Dur\u00e9e de lecture estim\u00e9e":"3 minutes"},"schema":{"@context":"https:\/\/schema.org","@graph":[{"@type":"Article","@id":"https:\/\/newsestlyonnais.fr\/site\/2018\/03\/19\/genas-o2-velo-pour-une-pratique-en-tous-genres-de-la-petite-reine\/#article","isPartOf":{"@id":"https:\/\/newsestlyonnais.fr\/site\/2018\/03\/19\/genas-o2-velo-pour-une-pratique-en-tous-genres-de-la-petite-reine\/"},"author":{"name":"R\u00e9dac. NEWS","@id":"https:\/\/newsestlyonnais.fr\/site\/#\/schema\/person\/3230d5615f390bb808365d673001e887"},"headline":"GENAS | O2 V\u00e9lo, pour une pratique en tous genres de la petite reine !","datePublished":"2018-03-19T09:00:58+00:00","dateModified":"2021-01-27T16:14:22+00:00","mainEntityOfPage":{"@id":"https:\/\/newsestlyonnais.fr\/site\/2018\/03\/19\/genas-o2-velo-pour-une-pratique-en-tous-genres-de-la-petite-reine\/"},"wordCount":556,"commentCount":0,"publisher":{"@id":"https:\/\/newsestlyonnais.fr\/site\/#organization"},"image":{"@id":"https:\/\/newsestlyonnais.fr\/site\/2018\/03\/19\/genas-o2-velo-pour-une-pratique-en-tous-genres-de-la-petite-reine\/#primaryimage"},"thumbnailUrl":"https:\/\/newsestlyonnais.fr\/site\/wp-content\/uploads\/2018\/03\/NEWSESTLYONNAIS-flyer-promo-final.jpg","articleSection":["1Publi-Reportages","Artisans | Commerces","Cyclisme | Cyclo | Vtt","Entreprises","Genas"],"inLanguage":"fr-FR","potentialAction":[{"@type":"CommentAction","name":"Comment","target":["https:\/\/newsestlyonnais.fr\/site\/2018\/03\/19\/genas-o2-velo-pour-une-pratique-en-tous-genres-de-la-petite-reine\/#respond"]}]},{"@type":"WebPage","@id":"https:\/\/newsestlyonnais.fr\/site\/2018\/03\/19\/genas-o2-velo-pour-une-pratique-en-tous-genres-de-la-petite-reine\/","url":"https:\/\/newsestlyonnais.fr\/site\/2018\/03\/19\/genas-o2-velo-pour-une-pratique-en-tous-genres-de-la-petite-reine\/","name":"GENAS : O2 V\u00e9lo, pour une pratique en tous genres de la petite reine !","isPartOf":{"@id":"https:\/\/newsestlyonnais.fr\/site\/#website"},"primaryImageOfPage":{"@id":"https:\/\/newsestlyonnais.fr\/site\/2018\/03\/19\/genas-o2-velo-pour-une-pratique-en-tous-genres-de-la-petite-reine\/#primaryimage"},"image":{"@id":"https:\/\/newsestlyonnais.fr\/site\/2018\/03\/19\/genas-o2-velo-pour-une-pratique-en-tous-genres-de-la-petite-reine\/#primaryimage"},"thumbnailUrl":"https:\/\/newsestlyonnais.fr\/site\/wp-content\/uploads\/2018\/03\/NEWSESTLYONNAIS-flyer-promo-final.jpg","datePublished":"2018-03-19T09:00:58+00:00","dateModified":"2021-01-27T16:14:22+00:00","description":"GENAS : O2 V\u00e9lo, pour une pratique en tous genres de la petite reine !","breadcrumb":{"@id":"https:\/\/newsestlyonnais.fr\/site\/2018\/03\/19\/genas-o2-velo-pour-une-pratique-en-tous-genres-de-la-petite-reine\/#breadcrumb"},"inLanguage":"fr-FR","potentialAction":[{"@type":"ReadAction","target":["https:\/\/newsestlyonnais.fr\/site\/2018\/03\/19\/genas-o2-velo-pour-une-pratique-en-tous-genres-de-la-petite-reine\/"]}]},{"@type":"ImageObject","inLanguage":"fr-FR","@id":"https:\/\/newsestlyonnais.fr\/site\/2018\/03\/19\/genas-o2-velo-pour-une-pratique-en-tous-genres-de-la-petite-reine\/#primaryimage","url":"https:\/\/newsestlyonnais.fr\/site\/wp-content\/uploads\/2018\/03\/NEWSESTLYONNAIS-flyer-promo-final.jpg","contentUrl":"https:\/\/newsestlyonnais.fr\/site\/wp-content\/uploads\/2018\/03\/NEWSESTLYONNAIS-flyer-promo-final.jpg","width":3543,"height":2362,"caption":"NEWSESTLYONNAIS - flyer-promo-final"},{"@type":"BreadcrumbList","@id":"https:\/\/newsestlyonnais.fr\/site\/2018\/03\/19\/genas-o2-velo-pour-une-pratique-en-tous-genres-de-la-petite-reine\/#breadcrumb","itemListElement":[{"@type":"ListItem","position":1,"name":"Accueil","item":"https:\/\/newsestlyonnais.fr\/site\/"},{"@type":"ListItem","position":2,"name":"GENAS | O2 V\u00e9lo, pour une pratique en tous genres de la petite reine !"}]},{"@type":"WebSite","@id":"https:\/\/newsestlyonnais.fr\/site\/#website","url":"https:\/\/newsestlyonnais.fr\/site\/","name":"News Est Lyonnais","description":"L&#039;actualit\u00e9 au plus pr\u00e8s","publisher":{"@id":"https:\/\/newsestlyonnais.fr\/site\/#organization"},"potentialAction":[{"@type":"SearchAction","target":{"@type":"EntryPoint","urlTemplate":"https:\/\/newsestlyonnais.fr\/site\/?s={search_term_string}"},"query-input":{"@type":"PropertyValueSpecification","valueRequired":true,"valueName":"search_term_string"}}],"inLanguage":"fr-FR"},{"@type":"Organization","@id":"https:\/\/newsestlyonnais.fr\/site\/#organization","name":"News EST LYONNAIS","url":"https:\/\/newsestlyonnais.fr\/site\/","logo":{"@type":"ImageObject","inLanguage":"fr-FR","@id":"https:\/\/newsestlyonnais.fr\/site\/#\/schema\/logo\/image\/","url":"","contentUrl":"","caption":"News EST LYONNAIS"},"image":{"@id":"https:\/\/newsestlyonnais.fr\/site\/#\/schema\/logo\/image\/"}},{"@type":"Person","@id":"https:\/\/newsestlyonnais.fr\/site\/#\/schema\/person\/3230d5615f390bb808365d673001e887","name":"R\u00e9dac. NEWS","sameAs":["http:\/\/www.newsestlyonnais.fr","https:\/\/www.facebook.com\/pascal.oberson.1?fref=ts","https:\/\/fr.linkedin.com\/in\/pascal-oberson-b17045113"],"url":"https:\/\/newsestlyonnais.fr\/site\/author\/nel\/"}]}},"_links":{"self":[{"href":"https:\/\/newsestlyonnais.fr\/site\/wp-json\/wp\/v2\/posts\/45937","targetHints":{"allow":["GET"]}}],"collection":[{"href":"https:\/\/newsestlyonnais.fr\/site\/wp-json\/wp\/v2\/posts"}],"about":[{"href":"https:\/\/newsestlyonnais.fr\/site\/wp-json\/wp\/v2\/types\/post"}],"author":[{"embeddable":true,"href":"https:\/\/newsestlyonnais.fr\/site\/wp-json\/wp\/v2\/users\/4"}],"replies":[{"embeddable":true,"href":"https:\/\/newsestlyonnais.fr\/site\/wp-json\/wp\/v2\/comments?post=45937"}],"version-history":[{"count":0,"href":"https:\/\/newsestlyonnais.fr\/site\/wp-json\/wp\/v2\/posts\/45937\/revisions"}],"wp:featuredmedia":[{"embeddable":true,"href":"https:\/\/newsestlyonnais.fr\/site\/wp-json\/wp\/v2\/media\/46542"}],"wp:attachment":[{"href":"https:\/\/newsestlyonnais.fr\/site\/wp-json\/wp\/v2\/media?parent=45937"}],"wp:term":[{"taxonomy":"category","embeddable":true,"href":"https:\/\/newsestlyonnais.fr\/site\/wp-json\/wp\/v2\/categories?post=45937"},{"taxonomy":"post_tag","embeddable":true,"href":"https:\/\/newsestlyonnais.fr\/site\/wp-json\/wp\/v2\/tags?post=45937"}],"curies":[{"name":"wp","href":"https:\/\/api.w.org\/{rel}","templated":true}]}}