{"id":46124,"date":"2018-03-22T07:19:48","date_gmt":"2018-03-22T06:19:48","guid":{"rendered":"http:\/\/newsestlyonnais.fr\/site\/?p=46124"},"modified":"2020-11-20T15:50:58","modified_gmt":"2020-11-20T14:50:58","slug":"vaulx-en-velin-une-vingtaine-dequipages-au-32-challenge-denis-naudin-de-voile","status":"publish","type":"post","link":"https:\/\/newsestlyonnais.fr\/site\/2018\/03\/22\/vaulx-en-velin-une-vingtaine-dequipages-au-32-challenge-denis-naudin-de-voile\/","title":{"rendered":"VAULX-EN-VELIN | Une vingtaine d\u2019\u00e9quipages au 32\u00b0 challenge Denis Naudin de voile"},"content":{"rendered":"<p><strong>La 32\u00b0 \u00e9dition du Challenge Denis Naudin organis\u00e9 par le Club Nautique de Vaulx en Velin, section voile de la MJC s\u2019est d\u00e9roul\u00e9 le week-end dernier.<br \/>\n<\/strong><\/p>\n<p>\u00bb Le samedi, Eole avait d\u00e9cid\u00e9 de faire des siennes en \u00e9tant absent du plan d\u2019eau. Le comit\u00e9 de course tenta alors de lancer une manche lors d\u2019un courant d\u2019air mais elle fut annul\u00e9e \u00e0 mi parcours. Ce challenge s\u2019est donc jou\u00e9 sur 4 manches le dimanche, gr\u00e2ce \u00e0 un vent (glacial) venu du Nord. Cette r\u00e9gate comptait aussi pour le Tour de France Micro (premi\u00e8re de la saison) o\u00f9\u00a0 4 groupes (proto, r\u00e9gate, croiseur, origine) \u00e9taient r\u00e9compens\u00e9s. Une \u00e9preuve comptant \u00e9galement pour le classement CARAM. Un grand merci \u00e0 Jean Servignat (CVLM), pr\u00e9sident du comit\u00e9 course, et \u00e0 toute l\u2019\u00e9quipe des b\u00e9n\u00e9voles du CNVV pour avoir fait de cette r\u00e9gate une r\u00e9ussite et \u00e0 tous les concurrents pour leur bonne humeur et \u00ab\u00a0fair play\u00a0\u00bb sur l\u2019eau ! \u00a0\u00bb <strong>d\u00e9clarait Pierre Bertocchi, pr\u00e9sident du CNVV, \u00e0 l\u2019issue de ce challenge.<\/strong><\/p>\n<p>A noter le tr\u00e8s bon comportement des \u00e9quipages vaudais, puisque Sylvie &amp; Pierre Mollon (Microbe) terminent 3\u00b0 et Damien Peysson\/Olivier &amp; Sylvie Ducruix (Adomph) sont 7\u00b0.<\/p>\n<ul>\n<li><strong>Retrouvez l&rsquo;ACTU du CNVV sur : <a href=\"http:\/\/www.cnvv.fr\" target=\"_blank\" rel=\"noopener noreferrer\">http:\/\/www.cnvv.fr<\/a><\/strong><\/li>\n<\/ul>\n<div id='gallery-1' class='gallery galleryid-46124 gallery-columns-3 gallery-size-thumbnail'><figure class='gallery-item'>\n\t\t\t<div class='gallery-icon landscape'>\n\t\t\t\t<a href='https:\/\/newsestlyonnais.fr\/site\/2018\/03\/09\/vaulx-velin-cest-reparti-club-nautique\/newsestlyonnais-chal-naudin-2018\/'><img loading=\"lazy\" decoding=\"async\" width=\"150\" height=\"150\" src=\"https:\/\/newsestlyonnais.fr\/site\/wp-content\/uploads\/2018\/03\/NEWSESTLYONNAIS-Chal-Naudin-2018-150x150.jpg\" class=\"attachment-thumbnail size-thumbnail\" alt=\"NEWSESTLYONNAIS - Chal Naudin 2018\" aria-describedby=\"gallery-1-45325\" \/><\/a>\n\t\t\t<\/div>\n\t\t\t\t<figcaption class='wp-caption-text gallery-caption' id='gallery-1-45325'>\n\t\t\t\tChallenge Denis Naudin\n\t\t\t\t<\/figcaption><\/figure><figure class='gallery-item'>\n\t\t\t<div class='gallery-icon portrait'>\n\t\t\t\t<a href='https:\/\/newsestlyonnais.fr\/site\/2018\/03\/22\/vaulx-en-velin-une-vingtaine-dequipages-au-32-challenge-denis-naudin-de-voile\/newsestlyonnais-voile-microbe\/'><img loading=\"lazy\" decoding=\"async\" width=\"150\" height=\"150\" src=\"https:\/\/newsestlyonnais.fr\/site\/wp-content\/uploads\/2018\/03\/NEWSESTLYONNAiS-VOILE-MICROBE-150x150.jpg\" class=\"attachment-thumbnail size-thumbnail\" alt=\"NEWSESTLYONNAiS VOILE MICROBE\" aria-describedby=\"gallery-1-46132\" \/><\/a>\n\t\t\t<\/div>\n\t\t\t\t<figcaption class='wp-caption-text gallery-caption' id='gallery-1-46132'>\n\t\t\t\t    L\u2019\u00e9quipage vaudais de \u00ab Microbe \u00bb class\u00e9 3\u00b0 \n\t\t\t\t<\/figcaption><\/figure><figure class='gallery-item'>\n\t\t\t<div class='gallery-icon landscape'>\n\t\t\t\t<a href='https:\/\/newsestlyonnais.fr\/site\/2018\/03\/22\/vaulx-en-velin-une-vingtaine-dequipages-au-32-challenge-denis-naudin-de-voile\/newsestlyonnais-voile-adomph\/'><img loading=\"lazy\" decoding=\"async\" width=\"150\" height=\"150\" src=\"https:\/\/newsestlyonnais.fr\/site\/wp-content\/uploads\/2018\/03\/NEWSESTLYONNAIS-VOILE-ADOMPH-150x150.jpg\" class=\"attachment-thumbnail size-thumbnail\" alt=\"NEWSESTLYONNAIS - VOILE ADOMPH\" \/><\/a>\n\t\t\t<\/div><\/figure><figure class='gallery-item'>\n\t\t\t<div class='gallery-icon landscape'>\n\t\t\t\t<a href='https:\/\/newsestlyonnais.fr\/site\/2018\/03\/22\/vaulx-en-velin-une-vingtaine-dequipages-au-32-challenge-denis-naudin-de-voile\/podium-voile-ch-naudin\/'><img loading=\"lazy\" decoding=\"async\" width=\"150\" height=\"150\" src=\"https:\/\/newsestlyonnais.fr\/site\/wp-content\/uploads\/2018\/03\/PODIUM-VOILE-CH-NAUDIN-150x150.jpg\" class=\"attachment-thumbnail size-thumbnail\" alt=\"PODIUM VOILE CH NAUDIN\" aria-describedby=\"gallery-1-46133\" \/><\/a>\n\t\t\t<\/div>\n\t\t\t\t<figcaption class='wp-caption-text gallery-caption' id='gallery-1-46133'>\n\t\t\t\t      Le podium \n\t\t\t\t<\/figcaption><\/figure>\n\t\t<\/div>\n\n","protected":false},"excerpt":{"rendered":"<p>La 32\u00b0 \u00e9dition du Challenge Denis Naudin organis\u00e9 par le Club Nautique de Vaulx en Velin, section voile de la MJC s\u2019est d\u00e9roul\u00e9 le week-end dernier. \u00bb Le samedi, Eole avait d\u00e9cid\u00e9 de faire des siennes en \u00e9tant absent du plan d\u2019eau. Le comit\u00e9 de course tenta alors de lancer une manche lors d\u2019un courant [&hellip;]<\/p>\n","protected":false},"author":4,"featured_media":46128,"comment_status":"open","ping_status":"open","sticky":false,"template":"","format":"standard","meta":{"footnotes":""},"categories":[3443,2973,3003,28,1349],"tags":[],"class_list":["post-46124","post","type-post","status-publish","format-standard","has-post-thumbnail","hentry","category-aviation-nautisme","category-aviron-kayak-voile-sports","category-bibliotheque-mediatheque-mjc","category-vaulx-en-velin","category-voile"],"yoast_head":"<!-- This site is optimized with the Yoast SEO plugin v27.2 - https:\/\/yoast.com\/product\/yoast-seo-wordpress\/ -->\n<title>vaulx-en-velin-une-vingtaine-dequipages-au-32-challenge-denis-naudin-de-voile<\/title>\n<meta name=\"description\" content=\"vaulx-en-velin-une-vingtaine-dequipages-au-32-challenge-denis-naudin-de-voile\" \/>\n<meta name=\"robots\" content=\"index, follow, max-snippet:-1, max-image-preview:large, max-video-preview:-1\" \/>\n<link rel=\"canonical\" href=\"https:\/\/newsestlyonnais.fr\/site\/2018\/03\/22\/vaulx-en-velin-une-vingtaine-dequipages-au-32-challenge-denis-naudin-de-voile\/\" \/>\n<meta property=\"og:locale\" content=\"fr_FR\" \/>\n<meta property=\"og:type\" content=\"article\" \/>\n<meta property=\"og:title\" content=\"vaulx-en-velin-une-vingtaine-dequipages-au-32-challenge-denis-naudin-de-voile\" \/>\n<meta property=\"og:description\" content=\"vaulx-en-velin-une-vingtaine-dequipages-au-32-challenge-denis-naudin-de-voile\" \/>\n<meta property=\"og:url\" content=\"https:\/\/newsestlyonnais.fr\/site\/2018\/03\/22\/vaulx-en-velin-une-vingtaine-dequipages-au-32-challenge-denis-naudin-de-voile\/\" \/>\n<meta property=\"og:site_name\" content=\"News Est Lyonnais\" \/>\n<meta property=\"article:author\" content=\"https:\/\/www.facebook.com\/pascal.oberson.1?fref=ts\" \/>\n<meta property=\"article:published_time\" content=\"2018-03-22T06:19:48+00:00\" \/>\n<meta property=\"article:modified_time\" content=\"2020-11-20T14:50:58+00:00\" \/>\n<meta property=\"og:image\" content=\"https:\/\/i1.wp.com\/newsestlyonnais.fr\/site\/wp-content\/uploads\/2018\/03\/NEWSESTLYONNAIS-VOILE-32\u00b0-CHAL-NAUDIN.jpg?fit=1024%2C768&ssl=1\" \/>\n\t<meta property=\"og:image:width\" content=\"1024\" \/>\n\t<meta property=\"og:image:height\" content=\"768\" \/>\n\t<meta property=\"og:image:type\" content=\"image\/jpeg\" \/>\n<meta name=\"author\" content=\"R\u00e9dac. NEWS\" \/>\n<meta name=\"twitter:card\" content=\"summary_large_image\" \/>\n<meta name=\"twitter:label1\" content=\"\u00c9crit par\" \/>\n\t<meta name=\"twitter:data1\" content=\"R\u00e9dac. NEWS\" \/>\n\t<meta name=\"twitter:label2\" content=\"Dur\u00e9e de lecture estim\u00e9e\" \/>\n\t<meta name=\"twitter:data2\" content=\"1 minute\" \/>\n<script type=\"application\/ld+json\" class=\"yoast-schema-graph\">{\"@context\":\"https:\/\/schema.org\",\"@graph\":[{\"@type\":\"Article\",\"@id\":\"https:\/\/newsestlyonnais.fr\/site\/2018\/03\/22\/vaulx-en-velin-une-vingtaine-dequipages-au-32-challenge-denis-naudin-de-voile\/#article\",\"isPartOf\":{\"@id\":\"https:\/\/newsestlyonnais.fr\/site\/2018\/03\/22\/vaulx-en-velin-une-vingtaine-dequipages-au-32-challenge-denis-naudin-de-voile\/\"},\"author\":{\"name\":\"R\u00e9dac. NEWS\",\"@id\":\"https:\/\/newsestlyonnais.fr\/site\/#\/schema\/person\/3230d5615f390bb808365d673001e887\"},\"headline\":\"VAULX-EN-VELIN | Une vingtaine d\u2019\u00e9quipages au 32\u00b0 challenge Denis Naudin de voile\",\"datePublished\":\"2018-03-22T06:19:48+00:00\",\"dateModified\":\"2020-11-20T14:50:58+00:00\",\"mainEntityOfPage\":{\"@id\":\"https:\/\/newsestlyonnais.fr\/site\/2018\/03\/22\/vaulx-en-velin-une-vingtaine-dequipages-au-32-challenge-denis-naudin-de-voile\/\"},\"wordCount\":229,\"commentCount\":0,\"publisher\":{\"@id\":\"https:\/\/newsestlyonnais.fr\/site\/#organization\"},\"image\":{\"@id\":\"https:\/\/newsestlyonnais.fr\/site\/2018\/03\/22\/vaulx-en-velin-une-vingtaine-dequipages-au-32-challenge-denis-naudin-de-voile\/#primaryimage\"},\"thumbnailUrl\":\"https:\/\/newsestlyonnais.fr\/site\/wp-content\/uploads\/2018\/03\/NEWSESTLYONNAIS-VOILE-32\u00b0-CHAL-NAUDIN.jpg\",\"articleSection\":[\"Aviation | Nautisme\",\"Aviron | Kayak | Voile\",\"Biblioth\u00e8que | M\u00e9diath\u00e8que | MJC\",\"Vaulx-en-Velin\",\"Voile\"],\"inLanguage\":\"fr-FR\",\"potentialAction\":[{\"@type\":\"CommentAction\",\"name\":\"Comment\",\"target\":[\"https:\/\/newsestlyonnais.fr\/site\/2018\/03\/22\/vaulx-en-velin-une-vingtaine-dequipages-au-32-challenge-denis-naudin-de-voile\/#respond\"]}]},{\"@type\":\"WebPage\",\"@id\":\"https:\/\/newsestlyonnais.fr\/site\/2018\/03\/22\/vaulx-en-velin-une-vingtaine-dequipages-au-32-challenge-denis-naudin-de-voile\/\",\"url\":\"https:\/\/newsestlyonnais.fr\/site\/2018\/03\/22\/vaulx-en-velin-une-vingtaine-dequipages-au-32-challenge-denis-naudin-de-voile\/\",\"name\":\"vaulx-en-velin-une-vingtaine-dequipages-au-32-challenge-denis-naudin-de-voile\",\"isPartOf\":{\"@id\":\"https:\/\/newsestlyonnais.fr\/site\/#website\"},\"primaryImageOfPage\":{\"@id\":\"https:\/\/newsestlyonnais.fr\/site\/2018\/03\/22\/vaulx-en-velin-une-vingtaine-dequipages-au-32-challenge-denis-naudin-de-voile\/#primaryimage\"},\"image\":{\"@id\":\"https:\/\/newsestlyonnais.fr\/site\/2018\/03\/22\/vaulx-en-velin-une-vingtaine-dequipages-au-32-challenge-denis-naudin-de-voile\/#primaryimage\"},\"thumbnailUrl\":\"https:\/\/newsestlyonnais.fr\/site\/wp-content\/uploads\/2018\/03\/NEWSESTLYONNAIS-VOILE-32\u00b0-CHAL-NAUDIN.jpg\",\"datePublished\":\"2018-03-22T06:19:48+00:00\",\"dateModified\":\"2020-11-20T14:50:58+00:00\",\"description\":\"vaulx-en-velin-une-vingtaine-dequipages-au-32-challenge-denis-naudin-de-voile\",\"breadcrumb\":{\"@id\":\"https:\/\/newsestlyonnais.fr\/site\/2018\/03\/22\/vaulx-en-velin-une-vingtaine-dequipages-au-32-challenge-denis-naudin-de-voile\/#breadcrumb\"},\"inLanguage\":\"fr-FR\",\"potentialAction\":[{\"@type\":\"ReadAction\",\"target\":[\"https:\/\/newsestlyonnais.fr\/site\/2018\/03\/22\/vaulx-en-velin-une-vingtaine-dequipages-au-32-challenge-denis-naudin-de-voile\/\"]}]},{\"@type\":\"ImageObject\",\"inLanguage\":\"fr-FR\",\"@id\":\"https:\/\/newsestlyonnais.fr\/site\/2018\/03\/22\/vaulx-en-velin-une-vingtaine-dequipages-au-32-challenge-denis-naudin-de-voile\/#primaryimage\",\"url\":\"https:\/\/newsestlyonnais.fr\/site\/wp-content\/uploads\/2018\/03\/NEWSESTLYONNAIS-VOILE-32\u00b0-CHAL-NAUDIN.jpg\",\"contentUrl\":\"https:\/\/newsestlyonnais.fr\/site\/wp-content\/uploads\/2018\/03\/NEWSESTLYONNAIS-VOILE-32\u00b0-CHAL-NAUDIN.jpg\",\"width\":1024,\"height\":768,\"caption\":\"NEWSESTLYONNAIS VOILE 32\u00b0 CHAL NAUDIN\"},{\"@type\":\"BreadcrumbList\",\"@id\":\"https:\/\/newsestlyonnais.fr\/site\/2018\/03\/22\/vaulx-en-velin-une-vingtaine-dequipages-au-32-challenge-denis-naudin-de-voile\/#breadcrumb\",\"itemListElement\":[{\"@type\":\"ListItem\",\"position\":1,\"name\":\"Accueil\",\"item\":\"https:\/\/newsestlyonnais.fr\/site\/\"},{\"@type\":\"ListItem\",\"position\":2,\"name\":\"VAULX-EN-VELIN | Une vingtaine d\u2019\u00e9quipages au 32\u00b0 challenge Denis Naudin de voile\"}]},{\"@type\":\"WebSite\",\"@id\":\"https:\/\/newsestlyonnais.fr\/site\/#website\",\"url\":\"https:\/\/newsestlyonnais.fr\/site\/\",\"name\":\"News Est Lyonnais\",\"description\":\"L&#039;actualit\u00e9 au plus pr\u00e8s\",\"publisher\":{\"@id\":\"https:\/\/newsestlyonnais.fr\/site\/#organization\"},\"potentialAction\":[{\"@type\":\"SearchAction\",\"target\":{\"@type\":\"EntryPoint\",\"urlTemplate\":\"https:\/\/newsestlyonnais.fr\/site\/?s={search_term_string}\"},\"query-input\":{\"@type\":\"PropertyValueSpecification\",\"valueRequired\":true,\"valueName\":\"search_term_string\"}}],\"inLanguage\":\"fr-FR\"},{\"@type\":\"Organization\",\"@id\":\"https:\/\/newsestlyonnais.fr\/site\/#organization\",\"name\":\"News EST LYONNAIS\",\"url\":\"https:\/\/newsestlyonnais.fr\/site\/\",\"logo\":{\"@type\":\"ImageObject\",\"inLanguage\":\"fr-FR\",\"@id\":\"https:\/\/newsestlyonnais.fr\/site\/#\/schema\/logo\/image\/\",\"url\":\"\",\"contentUrl\":\"\",\"caption\":\"News EST LYONNAIS\"},\"image\":{\"@id\":\"https:\/\/newsestlyonnais.fr\/site\/#\/schema\/logo\/image\/\"}},{\"@type\":\"Person\",\"@id\":\"https:\/\/newsestlyonnais.fr\/site\/#\/schema\/person\/3230d5615f390bb808365d673001e887\",\"name\":\"R\u00e9dac. NEWS\",\"sameAs\":[\"http:\/\/www.newsestlyonnais.fr\",\"https:\/\/www.facebook.com\/pascal.oberson.1?fref=ts\",\"https:\/\/fr.linkedin.com\/in\/pascal-oberson-b17045113\"],\"url\":\"https:\/\/newsestlyonnais.fr\/site\/author\/nel\/\"}]}<\/script>\n<!-- \/ Yoast SEO plugin. -->","yoast_head_json":{"title":"vaulx-en-velin-une-vingtaine-dequipages-au-32-challenge-denis-naudin-de-voile","description":"vaulx-en-velin-une-vingtaine-dequipages-au-32-challenge-denis-naudin-de-voile","robots":{"index":"index","follow":"follow","max-snippet":"max-snippet:-1","max-image-preview":"max-image-preview:large","max-video-preview":"max-video-preview:-1"},"canonical":"https:\/\/newsestlyonnais.fr\/site\/2018\/03\/22\/vaulx-en-velin-une-vingtaine-dequipages-au-32-challenge-denis-naudin-de-voile\/","og_locale":"fr_FR","og_type":"article","og_title":"vaulx-en-velin-une-vingtaine-dequipages-au-32-challenge-denis-naudin-de-voile","og_description":"vaulx-en-velin-une-vingtaine-dequipages-au-32-challenge-denis-naudin-de-voile","og_url":"https:\/\/newsestlyonnais.fr\/site\/2018\/03\/22\/vaulx-en-velin-une-vingtaine-dequipages-au-32-challenge-denis-naudin-de-voile\/","og_site_name":"News Est Lyonnais","article_author":"https:\/\/www.facebook.com\/pascal.oberson.1?fref=ts","article_published_time":"2018-03-22T06:19:48+00:00","article_modified_time":"2020-11-20T14:50:58+00:00","og_image":[{"width":1024,"height":768,"url":"https:\/\/i1.wp.com\/newsestlyonnais.fr\/site\/wp-content\/uploads\/2018\/03\/NEWSESTLYONNAIS-VOILE-32\u00b0-CHAL-NAUDIN.jpg?fit=1024%2C768&ssl=1","type":"image\/jpeg"}],"author":"R\u00e9dac. NEWS","twitter_card":"summary_large_image","twitter_misc":{"\u00c9crit par":"R\u00e9dac. NEWS","Dur\u00e9e de lecture estim\u00e9e":"1 minute"},"schema":{"@context":"https:\/\/schema.org","@graph":[{"@type":"Article","@id":"https:\/\/newsestlyonnais.fr\/site\/2018\/03\/22\/vaulx-en-velin-une-vingtaine-dequipages-au-32-challenge-denis-naudin-de-voile\/#article","isPartOf":{"@id":"https:\/\/newsestlyonnais.fr\/site\/2018\/03\/22\/vaulx-en-velin-une-vingtaine-dequipages-au-32-challenge-denis-naudin-de-voile\/"},"author":{"name":"R\u00e9dac. NEWS","@id":"https:\/\/newsestlyonnais.fr\/site\/#\/schema\/person\/3230d5615f390bb808365d673001e887"},"headline":"VAULX-EN-VELIN | Une vingtaine d\u2019\u00e9quipages au 32\u00b0 challenge Denis Naudin de voile","datePublished":"2018-03-22T06:19:48+00:00","dateModified":"2020-11-20T14:50:58+00:00","mainEntityOfPage":{"@id":"https:\/\/newsestlyonnais.fr\/site\/2018\/03\/22\/vaulx-en-velin-une-vingtaine-dequipages-au-32-challenge-denis-naudin-de-voile\/"},"wordCount":229,"commentCount":0,"publisher":{"@id":"https:\/\/newsestlyonnais.fr\/site\/#organization"},"image":{"@id":"https:\/\/newsestlyonnais.fr\/site\/2018\/03\/22\/vaulx-en-velin-une-vingtaine-dequipages-au-32-challenge-denis-naudin-de-voile\/#primaryimage"},"thumbnailUrl":"https:\/\/newsestlyonnais.fr\/site\/wp-content\/uploads\/2018\/03\/NEWSESTLYONNAIS-VOILE-32\u00b0-CHAL-NAUDIN.jpg","articleSection":["Aviation | Nautisme","Aviron | Kayak | Voile","Biblioth\u00e8que | M\u00e9diath\u00e8que | MJC","Vaulx-en-Velin","Voile"],"inLanguage":"fr-FR","potentialAction":[{"@type":"CommentAction","name":"Comment","target":["https:\/\/newsestlyonnais.fr\/site\/2018\/03\/22\/vaulx-en-velin-une-vingtaine-dequipages-au-32-challenge-denis-naudin-de-voile\/#respond"]}]},{"@type":"WebPage","@id":"https:\/\/newsestlyonnais.fr\/site\/2018\/03\/22\/vaulx-en-velin-une-vingtaine-dequipages-au-32-challenge-denis-naudin-de-voile\/","url":"https:\/\/newsestlyonnais.fr\/site\/2018\/03\/22\/vaulx-en-velin-une-vingtaine-dequipages-au-32-challenge-denis-naudin-de-voile\/","name":"vaulx-en-velin-une-vingtaine-dequipages-au-32-challenge-denis-naudin-de-voile","isPartOf":{"@id":"https:\/\/newsestlyonnais.fr\/site\/#website"},"primaryImageOfPage":{"@id":"https:\/\/newsestlyonnais.fr\/site\/2018\/03\/22\/vaulx-en-velin-une-vingtaine-dequipages-au-32-challenge-denis-naudin-de-voile\/#primaryimage"},"image":{"@id":"https:\/\/newsestlyonnais.fr\/site\/2018\/03\/22\/vaulx-en-velin-une-vingtaine-dequipages-au-32-challenge-denis-naudin-de-voile\/#primaryimage"},"thumbnailUrl":"https:\/\/newsestlyonnais.fr\/site\/wp-content\/uploads\/2018\/03\/NEWSESTLYONNAIS-VOILE-32\u00b0-CHAL-NAUDIN.jpg","datePublished":"2018-03-22T06:19:48+00:00","dateModified":"2020-11-20T14:50:58+00:00","description":"vaulx-en-velin-une-vingtaine-dequipages-au-32-challenge-denis-naudin-de-voile","breadcrumb":{"@id":"https:\/\/newsestlyonnais.fr\/site\/2018\/03\/22\/vaulx-en-velin-une-vingtaine-dequipages-au-32-challenge-denis-naudin-de-voile\/#breadcrumb"},"inLanguage":"fr-FR","potentialAction":[{"@type":"ReadAction","target":["https:\/\/newsestlyonnais.fr\/site\/2018\/03\/22\/vaulx-en-velin-une-vingtaine-dequipages-au-32-challenge-denis-naudin-de-voile\/"]}]},{"@type":"ImageObject","inLanguage":"fr-FR","@id":"https:\/\/newsestlyonnais.fr\/site\/2018\/03\/22\/vaulx-en-velin-une-vingtaine-dequipages-au-32-challenge-denis-naudin-de-voile\/#primaryimage","url":"https:\/\/newsestlyonnais.fr\/site\/wp-content\/uploads\/2018\/03\/NEWSESTLYONNAIS-VOILE-32\u00b0-CHAL-NAUDIN.jpg","contentUrl":"https:\/\/newsestlyonnais.fr\/site\/wp-content\/uploads\/2018\/03\/NEWSESTLYONNAIS-VOILE-32\u00b0-CHAL-NAUDIN.jpg","width":1024,"height":768,"caption":"NEWSESTLYONNAIS VOILE 32\u00b0 CHAL NAUDIN"},{"@type":"BreadcrumbList","@id":"https:\/\/newsestlyonnais.fr\/site\/2018\/03\/22\/vaulx-en-velin-une-vingtaine-dequipages-au-32-challenge-denis-naudin-de-voile\/#breadcrumb","itemListElement":[{"@type":"ListItem","position":1,"name":"Accueil","item":"https:\/\/newsestlyonnais.fr\/site\/"},{"@type":"ListItem","position":2,"name":"VAULX-EN-VELIN | Une vingtaine d\u2019\u00e9quipages au 32\u00b0 challenge Denis Naudin de voile"}]},{"@type":"WebSite","@id":"https:\/\/newsestlyonnais.fr\/site\/#website","url":"https:\/\/newsestlyonnais.fr\/site\/","name":"News Est Lyonnais","description":"L&#039;actualit\u00e9 au plus pr\u00e8s","publisher":{"@id":"https:\/\/newsestlyonnais.fr\/site\/#organization"},"potentialAction":[{"@type":"SearchAction","target":{"@type":"EntryPoint","urlTemplate":"https:\/\/newsestlyonnais.fr\/site\/?s={search_term_string}"},"query-input":{"@type":"PropertyValueSpecification","valueRequired":true,"valueName":"search_term_string"}}],"inLanguage":"fr-FR"},{"@type":"Organization","@id":"https:\/\/newsestlyonnais.fr\/site\/#organization","name":"News EST LYONNAIS","url":"https:\/\/newsestlyonnais.fr\/site\/","logo":{"@type":"ImageObject","inLanguage":"fr-FR","@id":"https:\/\/newsestlyonnais.fr\/site\/#\/schema\/logo\/image\/","url":"","contentUrl":"","caption":"News EST LYONNAIS"},"image":{"@id":"https:\/\/newsestlyonnais.fr\/site\/#\/schema\/logo\/image\/"}},{"@type":"Person","@id":"https:\/\/newsestlyonnais.fr\/site\/#\/schema\/person\/3230d5615f390bb808365d673001e887","name":"R\u00e9dac. NEWS","sameAs":["http:\/\/www.newsestlyonnais.fr","https:\/\/www.facebook.com\/pascal.oberson.1?fref=ts","https:\/\/fr.linkedin.com\/in\/pascal-oberson-b17045113"],"url":"https:\/\/newsestlyonnais.fr\/site\/author\/nel\/"}]}},"_links":{"self":[{"href":"https:\/\/newsestlyonnais.fr\/site\/wp-json\/wp\/v2\/posts\/46124","targetHints":{"allow":["GET"]}}],"collection":[{"href":"https:\/\/newsestlyonnais.fr\/site\/wp-json\/wp\/v2\/posts"}],"about":[{"href":"https:\/\/newsestlyonnais.fr\/site\/wp-json\/wp\/v2\/types\/post"}],"author":[{"embeddable":true,"href":"https:\/\/newsestlyonnais.fr\/site\/wp-json\/wp\/v2\/users\/4"}],"replies":[{"embeddable":true,"href":"https:\/\/newsestlyonnais.fr\/site\/wp-json\/wp\/v2\/comments?post=46124"}],"version-history":[{"count":0,"href":"https:\/\/newsestlyonnais.fr\/site\/wp-json\/wp\/v2\/posts\/46124\/revisions"}],"wp:featuredmedia":[{"embeddable":true,"href":"https:\/\/newsestlyonnais.fr\/site\/wp-json\/wp\/v2\/media\/46128"}],"wp:attachment":[{"href":"https:\/\/newsestlyonnais.fr\/site\/wp-json\/wp\/v2\/media?parent=46124"}],"wp:term":[{"taxonomy":"category","embeddable":true,"href":"https:\/\/newsestlyonnais.fr\/site\/wp-json\/wp\/v2\/categories?post=46124"},{"taxonomy":"post_tag","embeddable":true,"href":"https:\/\/newsestlyonnais.fr\/site\/wp-json\/wp\/v2\/tags?post=46124"}],"curies":[{"name":"wp","href":"https:\/\/api.w.org\/{rel}","templated":true}]}}