{"id":46170,"date":"2018-03-22T16:00:34","date_gmt":"2018-03-22T15:00:34","guid":{"rendered":"http:\/\/newsestlyonnais.fr\/site\/?p=46170"},"modified":"2020-10-23T19:59:10","modified_gmt":"2020-10-23T18:59:10","slug":"villeurbanne-13-aquathlon-ce-dimanche-on-peut-encore-sinscrire","status":"publish","type":"post","link":"https:\/\/newsestlyonnais.fr\/site\/2018\/03\/22\/villeurbanne-13-aquathlon-ce-dimanche-on-peut-encore-sinscrire\/","title":{"rendered":"VILLEURBANNE | 13\u00b0 Aquathlon ce dimanche, on peut encore s&rsquo;inscrire !"},"content":{"rendered":"<div id=\"js_8m\" class=\"_3058 _ui9 _hh7 _s1- _52mr _3oh-\">\n<h4>13\u00b0 \u00e9dition ce d<span class=\"_3oh- _58nk\">imanche 25 Mars de l&rsquo;Aquathlon de Villeurbanne, organis\u00e9 par l&rsquo;ASVEL Triathlon qui a mobilis\u00e9 une <\/span><span class=\"_3oh- _58nk\">centaine de b\u00e9n\u00e9voles pr\u00eats \u00e0 accueillir, au Centre Nautique Etienne Gagnaire, pr\u00e8s de 550 athl\u00e8tes de la r\u00e9gion.<\/span><\/h4>\n<div>Le pr\u00e9sident Nicolas Evrard et toute son \u00e9quipe ont maintenu la m\u00eame formule qui avait connu un beau succ\u00e8s en 2017. <strong>C<\/strong><span class=\"_3oh- _58nk\"><strong>ourses en \u00e9quipes, individuelles et pour enfants<\/strong> sont au programme de cette discipline atypique et\u00a0 d\u00e9riv\u00e9e du triathlon qui demande d&rsquo;<strong>enchainer natation <\/strong>(en piscine) <strong>et course \u00e0 pied<\/strong>.<\/span><\/div>\n<\/div>\n<div><\/div>\n<div>Une \u00e9preuve faisant partie du \u00ab\u00a0challenge Aquathlon 2018\u00a0\u00bb mis en place par le club villeurbannais et regroupant 4 courses.<\/div>\n<div><\/div>\n<div class=\"_aok\">\u00a0\u00bb <strong>Comp\u00e9tition, plaisir et convivialit\u00e9 seront les ma\u00eetres mots \u00e0 Villeurbanne<\/strong>\u00a0\u00bb comme le confirment les organisateurs d&rsquo;une \u00e9preuve d\u00e9sormais bien rod\u00e9e et qui s&rsquo;annonce prometteuse avec une m\u00e9t\u00e9o enfin printani\u00e8re et une Pasta Party \u00e0 la hauteur de l&rsquo;\u00e9v\u00e8nement ! <span class=\"_3oh- _58nk\"><strong>\u00c9dition record attendue<\/strong>, avec presque 550 participants cette ann\u00e9e avec notamment la course <strong>Contre La Montre par \u00e9quipes<\/strong> qui commence \u00e0 avoir une belle r\u00e9putation dans le monde du triple effort !<\/span><\/div>\n<div><\/div>\n<div class=\"_aok\">Entre<span class=\"_3oh- _58nk\"> amis ou en famille, tout un chacun peut venir couvrir la distance totale soit 400 m\u00e8tres de natation suivis de 4 kilom\u00e8tres de course \u00e0 pied le long du Rh\u00f4ne et sous le soleil !! Licenci\u00e9 ou non, handisport, d\u00e9butant ou athl\u00e8te de tout niveau, chacun devrait y trouver sa formule et son bonheur !<br \/>\n<\/span><\/div>\n<div><\/div>\n<div class=\"_aok\"><strong>NOTA<\/strong> :<\/div>\n<div>&#8211; <strong><span style=\"text-decoration: underline\">Inscriptions encore possibles<\/span><\/strong> : <span class=\"_3oh- _58nk\"><strong>en ligne jusqu&rsquo; \u00e0 ce soir 22 heures<\/strong> et sinon sur place (dans la limite des dispos) dimanche.<\/span><\/div>\n<div class=\"_aok\">&#8211; <span class=\"_3oh- _58nk\"><span style=\"text-decoration: underline\">Attention<\/span> : changement d\u2019heure dans la nuit de samedi \u00e0 dimanche !<br \/>\n<\/span><\/div>\n<div class=\"_aok\">&#8211; Pour la Pasta Party (<span class=\"_3oh- _58nk\">r\u00e9servation possible en ligne, tarif 7 \u20ac) puis \u00e0 8 \u20ac le dimanche.<\/span><\/div>\n<h4 class=\"_aok\">\u00a0&#8211;\u00a0\u00a0 Renseignements et inscriptions : <a href=\"http:\/\/asveltri.org\" target=\"_blank\" rel=\"noopener noreferrer\">http:\/\/asveltri.org<\/a><\/h4>\n<figure id=\"attachment_42620\" aria-describedby=\"caption-attachment-42620\" style=\"width: 678px\" class=\"wp-caption aligncenter\"><img loading=\"lazy\" decoding=\"async\" class=\"size-full wp-image-42620\" src=\"https:\/\/newsestlyonnais.fr\/site\/medias\/2018\/01\/NEWSESTLYONNAIS-AQUATHLON-2018.jpg\" alt=\"NEWSESTLYONNAIS - AQUATHLON 2018\" width=\"678\" height=\"960\" srcset=\"https:\/\/newsestlyonnais.fr\/site\/wp-content\/uploads\/2018\/01\/NEWSESTLYONNAIS-AQUATHLON-2018.jpg 678w, https:\/\/newsestlyonnais.fr\/site\/wp-content\/uploads\/2018\/01\/NEWSESTLYONNAIS-AQUATHLON-2018-212x300.jpg 212w, https:\/\/newsestlyonnais.fr\/site\/wp-content\/uploads\/2018\/01\/NEWSESTLYONNAIS-AQUATHLON-2018-530x750.jpg 530w, https:\/\/newsestlyonnais.fr\/site\/wp-content\/uploads\/2018\/01\/NEWSESTLYONNAIS-AQUATHLON-2018-600x850.jpg 600w\" sizes=\"auto, (max-width: 678px) 100vw, 678px\" \/><figcaption id=\"caption-attachment-42620\" class=\"wp-caption-text\">13\u00b0 AQUATHLON de Villeurbanne<\/figcaption><\/figure>\n<p>&nbsp;<\/p>\n<div>\n<div class=\"_5rp7 _5rp8\">\n<div class=\"_1p1t\">\n<div id=\"placeholder-anrob\" class=\"_1p1v\"><\/div>\n<\/div>\n<div class=\"_5rpb\">\n<div class=\"notranslate _5rpu\" role=\"combobox\">\n<div>\n<div class=\"\">\n<div class=\"_1mf _1mj\"><\/div>\n<\/div>\n<\/div>\n<\/div>\n<\/div>\n<\/div>\n<\/div>\n<p>&nbsp;<\/p>\n","protected":false},"excerpt":{"rendered":"<p>13\u00b0 \u00e9dition ce dimanche 25 Mars de l&rsquo;Aquathlon de Villeurbanne, organis\u00e9 par l&rsquo;ASVEL Triathlon qui a mobilis\u00e9 une centaine de b\u00e9n\u00e9voles pr\u00eats \u00e0 accueillir, au Centre Nautique Etienne Gagnaire, pr\u00e8s de 550 athl\u00e8tes de la r\u00e9gion. Le pr\u00e9sident Nicolas Evrard et toute son \u00e9quipe ont maintenu la m\u00eame formule qui avait connu un beau succ\u00e8s [&hellip;]<\/p>\n","protected":false},"author":4,"featured_media":42620,"comment_status":"open","ping_status":"open","sticky":false,"template":"","format":"standard","meta":{"footnotes":""},"categories":[2988,2990,29],"tags":[],"class_list":["post-46170","post","type-post","status-publish","format-standard","has-post-thumbnail","hentry","category-natation-triathlon","category-triathlon","category-villeurbanne"],"yoast_head":"<!-- This site is optimized with the Yoast SEO plugin v27.2 - https:\/\/yoast.com\/product\/yoast-seo-wordpress\/ -->\n<title>VILLEURBANNE : 13\u00b0 Aquathlon ce dimanche, on peut encore s&#039;inscrire !<\/title>\n<meta name=\"description\" content=\"VILLEURBANNE : 13\u00b0 Aquathlon ce dimanche, on peut encore s&#039;inscrire !\" \/>\n<meta name=\"robots\" content=\"index, follow, max-snippet:-1, max-image-preview:large, max-video-preview:-1\" \/>\n<link rel=\"canonical\" href=\"https:\/\/newsestlyonnais.fr\/site\/2018\/03\/22\/villeurbanne-13-aquathlon-ce-dimanche-on-peut-encore-sinscrire\/\" \/>\n<meta property=\"og:locale\" content=\"fr_FR\" \/>\n<meta property=\"og:type\" content=\"article\" \/>\n<meta property=\"og:title\" content=\"VILLEURBANNE : 13\u00b0 Aquathlon ce dimanche, on peut encore s&#039;inscrire !\" \/>\n<meta property=\"og:description\" content=\"VILLEURBANNE : 13\u00b0 Aquathlon ce dimanche, on peut encore s&#039;inscrire !\" \/>\n<meta property=\"og:url\" content=\"https:\/\/newsestlyonnais.fr\/site\/2018\/03\/22\/villeurbanne-13-aquathlon-ce-dimanche-on-peut-encore-sinscrire\/\" \/>\n<meta property=\"og:site_name\" content=\"News Est Lyonnais\" \/>\n<meta property=\"article:author\" content=\"https:\/\/www.facebook.com\/pascal.oberson.1?fref=ts\" \/>\n<meta property=\"article:published_time\" content=\"2018-03-22T15:00:34+00:00\" \/>\n<meta property=\"article:modified_time\" content=\"2020-10-23T18:59:10+00:00\" \/>\n<meta property=\"og:image\" content=\"https:\/\/i1.wp.com\/newsestlyonnais.fr\/site\/wp-content\/uploads\/2018\/01\/NEWSESTLYONNAIS-AQUATHLON-2018.jpg?fit=678%2C960&ssl=1\" \/>\n\t<meta property=\"og:image:width\" content=\"678\" \/>\n\t<meta property=\"og:image:height\" content=\"960\" \/>\n\t<meta property=\"og:image:type\" content=\"image\/jpeg\" \/>\n<meta name=\"author\" content=\"R\u00e9dac. NEWS\" \/>\n<meta name=\"twitter:card\" content=\"summary_large_image\" \/>\n<meta name=\"twitter:label1\" content=\"\u00c9crit par\" \/>\n\t<meta name=\"twitter:data1\" content=\"R\u00e9dac. NEWS\" \/>\n\t<meta name=\"twitter:label2\" content=\"Dur\u00e9e de lecture estim\u00e9e\" \/>\n\t<meta name=\"twitter:data2\" content=\"2 minutes\" \/>\n<script type=\"application\/ld+json\" class=\"yoast-schema-graph\">{\"@context\":\"https:\/\/schema.org\",\"@graph\":[{\"@type\":\"Article\",\"@id\":\"https:\/\/newsestlyonnais.fr\/site\/2018\/03\/22\/villeurbanne-13-aquathlon-ce-dimanche-on-peut-encore-sinscrire\/#article\",\"isPartOf\":{\"@id\":\"https:\/\/newsestlyonnais.fr\/site\/2018\/03\/22\/villeurbanne-13-aquathlon-ce-dimanche-on-peut-encore-sinscrire\/\"},\"author\":{\"name\":\"R\u00e9dac. NEWS\",\"@id\":\"https:\/\/newsestlyonnais.fr\/site\/#\/schema\/person\/3230d5615f390bb808365d673001e887\"},\"headline\":\"VILLEURBANNE | 13\u00b0 Aquathlon ce dimanche, on peut encore s&rsquo;inscrire !\",\"datePublished\":\"2018-03-22T15:00:34+00:00\",\"dateModified\":\"2020-10-23T18:59:10+00:00\",\"mainEntityOfPage\":{\"@id\":\"https:\/\/newsestlyonnais.fr\/site\/2018\/03\/22\/villeurbanne-13-aquathlon-ce-dimanche-on-peut-encore-sinscrire\/\"},\"wordCount\":319,\"commentCount\":0,\"publisher\":{\"@id\":\"https:\/\/newsestlyonnais.fr\/site\/#organization\"},\"image\":{\"@id\":\"https:\/\/newsestlyonnais.fr\/site\/2018\/03\/22\/villeurbanne-13-aquathlon-ce-dimanche-on-peut-encore-sinscrire\/#primaryimage\"},\"thumbnailUrl\":\"https:\/\/newsestlyonnais.fr\/site\/wp-content\/uploads\/2018\/01\/NEWSESTLYONNAIS-AQUATHLON-2018.jpg\",\"articleSection\":[\"Natation | Triathlon\",\"Triathlon\",\"Villeurbanne\"],\"inLanguage\":\"fr-FR\",\"potentialAction\":[{\"@type\":\"CommentAction\",\"name\":\"Comment\",\"target\":[\"https:\/\/newsestlyonnais.fr\/site\/2018\/03\/22\/villeurbanne-13-aquathlon-ce-dimanche-on-peut-encore-sinscrire\/#respond\"]}]},{\"@type\":\"WebPage\",\"@id\":\"https:\/\/newsestlyonnais.fr\/site\/2018\/03\/22\/villeurbanne-13-aquathlon-ce-dimanche-on-peut-encore-sinscrire\/\",\"url\":\"https:\/\/newsestlyonnais.fr\/site\/2018\/03\/22\/villeurbanne-13-aquathlon-ce-dimanche-on-peut-encore-sinscrire\/\",\"name\":\"VILLEURBANNE : 13\u00b0 Aquathlon ce dimanche, on peut encore s'inscrire !\",\"isPartOf\":{\"@id\":\"https:\/\/newsestlyonnais.fr\/site\/#website\"},\"primaryImageOfPage\":{\"@id\":\"https:\/\/newsestlyonnais.fr\/site\/2018\/03\/22\/villeurbanne-13-aquathlon-ce-dimanche-on-peut-encore-sinscrire\/#primaryimage\"},\"image\":{\"@id\":\"https:\/\/newsestlyonnais.fr\/site\/2018\/03\/22\/villeurbanne-13-aquathlon-ce-dimanche-on-peut-encore-sinscrire\/#primaryimage\"},\"thumbnailUrl\":\"https:\/\/newsestlyonnais.fr\/site\/wp-content\/uploads\/2018\/01\/NEWSESTLYONNAIS-AQUATHLON-2018.jpg\",\"datePublished\":\"2018-03-22T15:00:34+00:00\",\"dateModified\":\"2020-10-23T18:59:10+00:00\",\"description\":\"VILLEURBANNE : 13\u00b0 Aquathlon ce dimanche, on peut encore s'inscrire !\",\"breadcrumb\":{\"@id\":\"https:\/\/newsestlyonnais.fr\/site\/2018\/03\/22\/villeurbanne-13-aquathlon-ce-dimanche-on-peut-encore-sinscrire\/#breadcrumb\"},\"inLanguage\":\"fr-FR\",\"potentialAction\":[{\"@type\":\"ReadAction\",\"target\":[\"https:\/\/newsestlyonnais.fr\/site\/2018\/03\/22\/villeurbanne-13-aquathlon-ce-dimanche-on-peut-encore-sinscrire\/\"]}]},{\"@type\":\"ImageObject\",\"inLanguage\":\"fr-FR\",\"@id\":\"https:\/\/newsestlyonnais.fr\/site\/2018\/03\/22\/villeurbanne-13-aquathlon-ce-dimanche-on-peut-encore-sinscrire\/#primaryimage\",\"url\":\"https:\/\/newsestlyonnais.fr\/site\/wp-content\/uploads\/2018\/01\/NEWSESTLYONNAIS-AQUATHLON-2018.jpg\",\"contentUrl\":\"https:\/\/newsestlyonnais.fr\/site\/wp-content\/uploads\/2018\/01\/NEWSESTLYONNAIS-AQUATHLON-2018.jpg\",\"width\":678,\"height\":960,\"caption\":\"L'affiche de l'\u00e9preuve !\"},{\"@type\":\"BreadcrumbList\",\"@id\":\"https:\/\/newsestlyonnais.fr\/site\/2018\/03\/22\/villeurbanne-13-aquathlon-ce-dimanche-on-peut-encore-sinscrire\/#breadcrumb\",\"itemListElement\":[{\"@type\":\"ListItem\",\"position\":1,\"name\":\"Accueil\",\"item\":\"https:\/\/newsestlyonnais.fr\/site\/\"},{\"@type\":\"ListItem\",\"position\":2,\"name\":\"VILLEURBANNE | 13\u00b0 Aquathlon ce dimanche, on peut encore s&rsquo;inscrire !\"}]},{\"@type\":\"WebSite\",\"@id\":\"https:\/\/newsestlyonnais.fr\/site\/#website\",\"url\":\"https:\/\/newsestlyonnais.fr\/site\/\",\"name\":\"News Est Lyonnais\",\"description\":\"L&#039;actualit\u00e9 au plus pr\u00e8s\",\"publisher\":{\"@id\":\"https:\/\/newsestlyonnais.fr\/site\/#organization\"},\"potentialAction\":[{\"@type\":\"SearchAction\",\"target\":{\"@type\":\"EntryPoint\",\"urlTemplate\":\"https:\/\/newsestlyonnais.fr\/site\/?s={search_term_string}\"},\"query-input\":{\"@type\":\"PropertyValueSpecification\",\"valueRequired\":true,\"valueName\":\"search_term_string\"}}],\"inLanguage\":\"fr-FR\"},{\"@type\":\"Organization\",\"@id\":\"https:\/\/newsestlyonnais.fr\/site\/#organization\",\"name\":\"News EST LYONNAIS\",\"url\":\"https:\/\/newsestlyonnais.fr\/site\/\",\"logo\":{\"@type\":\"ImageObject\",\"inLanguage\":\"fr-FR\",\"@id\":\"https:\/\/newsestlyonnais.fr\/site\/#\/schema\/logo\/image\/\",\"url\":\"\",\"contentUrl\":\"\",\"caption\":\"News EST LYONNAIS\"},\"image\":{\"@id\":\"https:\/\/newsestlyonnais.fr\/site\/#\/schema\/logo\/image\/\"}},{\"@type\":\"Person\",\"@id\":\"https:\/\/newsestlyonnais.fr\/site\/#\/schema\/person\/3230d5615f390bb808365d673001e887\",\"name\":\"R\u00e9dac. NEWS\",\"sameAs\":[\"http:\/\/www.newsestlyonnais.fr\",\"https:\/\/www.facebook.com\/pascal.oberson.1?fref=ts\",\"https:\/\/fr.linkedin.com\/in\/pascal-oberson-b17045113\"],\"url\":\"https:\/\/newsestlyonnais.fr\/site\/author\/nel\/\"}]}<\/script>\n<!-- \/ Yoast SEO plugin. -->","yoast_head_json":{"title":"VILLEURBANNE : 13\u00b0 Aquathlon ce dimanche, on peut encore s'inscrire !","description":"VILLEURBANNE : 13\u00b0 Aquathlon ce dimanche, on peut encore s'inscrire !","robots":{"index":"index","follow":"follow","max-snippet":"max-snippet:-1","max-image-preview":"max-image-preview:large","max-video-preview":"max-video-preview:-1"},"canonical":"https:\/\/newsestlyonnais.fr\/site\/2018\/03\/22\/villeurbanne-13-aquathlon-ce-dimanche-on-peut-encore-sinscrire\/","og_locale":"fr_FR","og_type":"article","og_title":"VILLEURBANNE : 13\u00b0 Aquathlon ce dimanche, on peut encore s'inscrire !","og_description":"VILLEURBANNE : 13\u00b0 Aquathlon ce dimanche, on peut encore s'inscrire !","og_url":"https:\/\/newsestlyonnais.fr\/site\/2018\/03\/22\/villeurbanne-13-aquathlon-ce-dimanche-on-peut-encore-sinscrire\/","og_site_name":"News Est Lyonnais","article_author":"https:\/\/www.facebook.com\/pascal.oberson.1?fref=ts","article_published_time":"2018-03-22T15:00:34+00:00","article_modified_time":"2020-10-23T18:59:10+00:00","og_image":[{"width":678,"height":960,"url":"https:\/\/i1.wp.com\/newsestlyonnais.fr\/site\/wp-content\/uploads\/2018\/01\/NEWSESTLYONNAIS-AQUATHLON-2018.jpg?fit=678%2C960&ssl=1","type":"image\/jpeg"}],"author":"R\u00e9dac. NEWS","twitter_card":"summary_large_image","twitter_misc":{"\u00c9crit par":"R\u00e9dac. NEWS","Dur\u00e9e de lecture estim\u00e9e":"2 minutes"},"schema":{"@context":"https:\/\/schema.org","@graph":[{"@type":"Article","@id":"https:\/\/newsestlyonnais.fr\/site\/2018\/03\/22\/villeurbanne-13-aquathlon-ce-dimanche-on-peut-encore-sinscrire\/#article","isPartOf":{"@id":"https:\/\/newsestlyonnais.fr\/site\/2018\/03\/22\/villeurbanne-13-aquathlon-ce-dimanche-on-peut-encore-sinscrire\/"},"author":{"name":"R\u00e9dac. NEWS","@id":"https:\/\/newsestlyonnais.fr\/site\/#\/schema\/person\/3230d5615f390bb808365d673001e887"},"headline":"VILLEURBANNE | 13\u00b0 Aquathlon ce dimanche, on peut encore s&rsquo;inscrire !","datePublished":"2018-03-22T15:00:34+00:00","dateModified":"2020-10-23T18:59:10+00:00","mainEntityOfPage":{"@id":"https:\/\/newsestlyonnais.fr\/site\/2018\/03\/22\/villeurbanne-13-aquathlon-ce-dimanche-on-peut-encore-sinscrire\/"},"wordCount":319,"commentCount":0,"publisher":{"@id":"https:\/\/newsestlyonnais.fr\/site\/#organization"},"image":{"@id":"https:\/\/newsestlyonnais.fr\/site\/2018\/03\/22\/villeurbanne-13-aquathlon-ce-dimanche-on-peut-encore-sinscrire\/#primaryimage"},"thumbnailUrl":"https:\/\/newsestlyonnais.fr\/site\/wp-content\/uploads\/2018\/01\/NEWSESTLYONNAIS-AQUATHLON-2018.jpg","articleSection":["Natation | Triathlon","Triathlon","Villeurbanne"],"inLanguage":"fr-FR","potentialAction":[{"@type":"CommentAction","name":"Comment","target":["https:\/\/newsestlyonnais.fr\/site\/2018\/03\/22\/villeurbanne-13-aquathlon-ce-dimanche-on-peut-encore-sinscrire\/#respond"]}]},{"@type":"WebPage","@id":"https:\/\/newsestlyonnais.fr\/site\/2018\/03\/22\/villeurbanne-13-aquathlon-ce-dimanche-on-peut-encore-sinscrire\/","url":"https:\/\/newsestlyonnais.fr\/site\/2018\/03\/22\/villeurbanne-13-aquathlon-ce-dimanche-on-peut-encore-sinscrire\/","name":"VILLEURBANNE : 13\u00b0 Aquathlon ce dimanche, on peut encore s'inscrire !","isPartOf":{"@id":"https:\/\/newsestlyonnais.fr\/site\/#website"},"primaryImageOfPage":{"@id":"https:\/\/newsestlyonnais.fr\/site\/2018\/03\/22\/villeurbanne-13-aquathlon-ce-dimanche-on-peut-encore-sinscrire\/#primaryimage"},"image":{"@id":"https:\/\/newsestlyonnais.fr\/site\/2018\/03\/22\/villeurbanne-13-aquathlon-ce-dimanche-on-peut-encore-sinscrire\/#primaryimage"},"thumbnailUrl":"https:\/\/newsestlyonnais.fr\/site\/wp-content\/uploads\/2018\/01\/NEWSESTLYONNAIS-AQUATHLON-2018.jpg","datePublished":"2018-03-22T15:00:34+00:00","dateModified":"2020-10-23T18:59:10+00:00","description":"VILLEURBANNE : 13\u00b0 Aquathlon ce dimanche, on peut encore s'inscrire !","breadcrumb":{"@id":"https:\/\/newsestlyonnais.fr\/site\/2018\/03\/22\/villeurbanne-13-aquathlon-ce-dimanche-on-peut-encore-sinscrire\/#breadcrumb"},"inLanguage":"fr-FR","potentialAction":[{"@type":"ReadAction","target":["https:\/\/newsestlyonnais.fr\/site\/2018\/03\/22\/villeurbanne-13-aquathlon-ce-dimanche-on-peut-encore-sinscrire\/"]}]},{"@type":"ImageObject","inLanguage":"fr-FR","@id":"https:\/\/newsestlyonnais.fr\/site\/2018\/03\/22\/villeurbanne-13-aquathlon-ce-dimanche-on-peut-encore-sinscrire\/#primaryimage","url":"https:\/\/newsestlyonnais.fr\/site\/wp-content\/uploads\/2018\/01\/NEWSESTLYONNAIS-AQUATHLON-2018.jpg","contentUrl":"https:\/\/newsestlyonnais.fr\/site\/wp-content\/uploads\/2018\/01\/NEWSESTLYONNAIS-AQUATHLON-2018.jpg","width":678,"height":960,"caption":"L'affiche de l'\u00e9preuve !"},{"@type":"BreadcrumbList","@id":"https:\/\/newsestlyonnais.fr\/site\/2018\/03\/22\/villeurbanne-13-aquathlon-ce-dimanche-on-peut-encore-sinscrire\/#breadcrumb","itemListElement":[{"@type":"ListItem","position":1,"name":"Accueil","item":"https:\/\/newsestlyonnais.fr\/site\/"},{"@type":"ListItem","position":2,"name":"VILLEURBANNE | 13\u00b0 Aquathlon ce dimanche, on peut encore s&rsquo;inscrire !"}]},{"@type":"WebSite","@id":"https:\/\/newsestlyonnais.fr\/site\/#website","url":"https:\/\/newsestlyonnais.fr\/site\/","name":"News Est Lyonnais","description":"L&#039;actualit\u00e9 au plus pr\u00e8s","publisher":{"@id":"https:\/\/newsestlyonnais.fr\/site\/#organization"},"potentialAction":[{"@type":"SearchAction","target":{"@type":"EntryPoint","urlTemplate":"https:\/\/newsestlyonnais.fr\/site\/?s={search_term_string}"},"query-input":{"@type":"PropertyValueSpecification","valueRequired":true,"valueName":"search_term_string"}}],"inLanguage":"fr-FR"},{"@type":"Organization","@id":"https:\/\/newsestlyonnais.fr\/site\/#organization","name":"News EST LYONNAIS","url":"https:\/\/newsestlyonnais.fr\/site\/","logo":{"@type":"ImageObject","inLanguage":"fr-FR","@id":"https:\/\/newsestlyonnais.fr\/site\/#\/schema\/logo\/image\/","url":"","contentUrl":"","caption":"News EST LYONNAIS"},"image":{"@id":"https:\/\/newsestlyonnais.fr\/site\/#\/schema\/logo\/image\/"}},{"@type":"Person","@id":"https:\/\/newsestlyonnais.fr\/site\/#\/schema\/person\/3230d5615f390bb808365d673001e887","name":"R\u00e9dac. NEWS","sameAs":["http:\/\/www.newsestlyonnais.fr","https:\/\/www.facebook.com\/pascal.oberson.1?fref=ts","https:\/\/fr.linkedin.com\/in\/pascal-oberson-b17045113"],"url":"https:\/\/newsestlyonnais.fr\/site\/author\/nel\/"}]}},"_links":{"self":[{"href":"https:\/\/newsestlyonnais.fr\/site\/wp-json\/wp\/v2\/posts\/46170","targetHints":{"allow":["GET"]}}],"collection":[{"href":"https:\/\/newsestlyonnais.fr\/site\/wp-json\/wp\/v2\/posts"}],"about":[{"href":"https:\/\/newsestlyonnais.fr\/site\/wp-json\/wp\/v2\/types\/post"}],"author":[{"embeddable":true,"href":"https:\/\/newsestlyonnais.fr\/site\/wp-json\/wp\/v2\/users\/4"}],"replies":[{"embeddable":true,"href":"https:\/\/newsestlyonnais.fr\/site\/wp-json\/wp\/v2\/comments?post=46170"}],"version-history":[{"count":0,"href":"https:\/\/newsestlyonnais.fr\/site\/wp-json\/wp\/v2\/posts\/46170\/revisions"}],"wp:featuredmedia":[{"embeddable":true,"href":"https:\/\/newsestlyonnais.fr\/site\/wp-json\/wp\/v2\/media\/42620"}],"wp:attachment":[{"href":"https:\/\/newsestlyonnais.fr\/site\/wp-json\/wp\/v2\/media?parent=46170"}],"wp:term":[{"taxonomy":"category","embeddable":true,"href":"https:\/\/newsestlyonnais.fr\/site\/wp-json\/wp\/v2\/categories?post=46170"},{"taxonomy":"post_tag","embeddable":true,"href":"https:\/\/newsestlyonnais.fr\/site\/wp-json\/wp\/v2\/tags?post=46170"}],"curies":[{"name":"wp","href":"https:\/\/api.w.org\/{rel}","templated":true}]}}