{"id":46442,"date":"2018-03-26T17:27:51","date_gmt":"2018-03-26T16:27:51","guid":{"rendered":"http:\/\/newsestlyonnais.fr\/site\/?p=46442"},"modified":"2020-11-03T16:09:05","modified_gmt":"2020-11-03T15:09:05","slug":"lyon-villeurbanne-recrue-et-delocalisation-de-match-pour-lyon-asvel-feminin","status":"publish","type":"post","link":"https:\/\/newsestlyonnais.fr\/site\/2018\/03\/26\/lyon-villeurbanne-recrue-et-delocalisation-de-match-pour-lyon-asvel-feminin\/","title":{"rendered":"LYON &#8211; VILLEURBANNE | Basket > recrue et d\u00e9localisation de match pour Lyon ASVEL F\u00e9minin"},"content":{"rendered":"<h4>Double actualit\u00e9 en cette fin du mois de mars au sein du club de basket de Lyon ASVEL F\u00e9minin avec l&rsquo;annonce de l&rsquo;arriv\u00e9e d&rsquo;une nouvelle joueuse et la d\u00e9localisation \u00e0 l&rsquo;Astroballe de la rencontre de vendredi soir !<\/h4>\n<ul>\n<li>Le club annonce l\u2019<strong>arriv\u00e9e de Kendra Chery dans l\u2019effectif lyonnais \u00e0 partir de la saison 2018-2019<\/strong>.<br \/>\nLa jeune Kendra (16 ans, 1 m 88, poste 3\/4) rejoindra l\u2019<strong>effectif professionnel pour 2 saisons<\/strong>. Depuis 3 ans au Centre f\u00e9d\u00e9ral \u00e0 l\u2019Insep, elle a cumul\u00e9 cette saison 7,4 points et 5,5 rebonds en LF2. Co\u00e9quipi\u00e8re des joueuses lyonnaises du Centre de formation Marie Pardon &amp; Eve Wembanyama, Kendra Chery a d\u00e9croch\u00e9 le titre de Championne d\u2019Europe U16 l\u2019\u00e9t\u00e9 dernier en s\u2019illustrant (11,4 points, 6,1 rebonds et 2,9 interceptions) sur la comp\u00e9tition.<\/li>\n<li>Les Lionnes se d\u00e9localisent une nouvelle fois <strong>\u00e0 Villeurbanne<\/strong> pour la <strong>r\u00e9ception du Tango Bourges Basket le vendredi 30 mars \u00e0 20 h 30 ! <\/strong>Port\u00e9es par le public de l\u2019Astroballe, elles avaient d\u00e9croch\u00e9 une tr\u00e8s belle victoire le 17 d\u00e9cembre dernier face \u00e0 LattesMontpellier (67-64). L\u2019\u00e9quipe de Valery Demory s\u2019\u00e9tait aussi impos\u00e9e face \u00e0 Basket Landes le 18 f\u00e9vrier, au Palais des Sports de Gerland. Ce sera de nouveau dans une antre XXL que les Lionnes devront \u00e9lever leur niveau de jeu pour accrocher l\u2019historique club de Bourges, pour cette all\u00e9chante affiche de LFB.<\/li>\n<li><span style=\"text-decoration: underline\"><em><strong>PHOTOS<\/strong> <\/em><\/span>: Droits r\u00e9serv\u00e9s LYON ASVEL FEMININ<\/li>\n<\/ul>\n<p><strong>Retrouvez l&rsquo;ACTU du club sur : <a href=\"http:\/\/lyonasvelfeminin.com\" target=\"_blank\" rel=\"noopener noreferrer\">http:\/\/lyonasvelfeminin.com<\/a><\/strong><\/p>\n<div id='gallery-1' class='gallery galleryid-46442 gallery-columns-3 gallery-size-thumbnail'><figure class='gallery-item'>\n\t\t\t<div class='gallery-icon portrait'>\n\t\t\t\t<a href='https:\/\/newsestlyonnais.fr\/site\/2018\/03\/26\/lyon-villeurbanne-recrue-et-delocalisation-de-match-pour-lyon-asvel-feminin\/newsestlyonnais-asvel-bourges\/'><img loading=\"lazy\" decoding=\"async\" width=\"150\" height=\"150\" src=\"https:\/\/newsestlyonnais.fr\/site\/wp-content\/uploads\/2018\/03\/NEWSESTLYONNAIS-ASVEL-BOURGES-150x150.jpg\" class=\"attachment-thumbnail size-thumbnail\" alt=\"NEWSESTLYONNAIS - ASVEL BOURGES\" aria-describedby=\"gallery-1-46455\" \/><\/a>\n\t\t\t<\/div>\n\t\t\t\t<figcaption class='wp-caption-text gallery-caption' id='gallery-1-46455'>\n\t\t\t\tAffiche ASVEL\/BOURGES\n\t\t\t\t<\/figcaption><\/figure><figure class='gallery-item'>\n\t\t\t<div class='gallery-icon landscape'>\n\t\t\t\t<a href='https:\/\/newsestlyonnais.fr\/site\/2018\/03\/26\/lyon-villeurbanne-recrue-et-delocalisation-de-match-pour-lyon-asvel-feminin\/newsestlyonnais-kendra\/'><img loading=\"lazy\" decoding=\"async\" width=\"150\" height=\"150\" src=\"https:\/\/newsestlyonnais.fr\/site\/wp-content\/uploads\/2018\/03\/NEWSESTLYONNAIS-KENDRA--150x150.jpg\" class=\"attachment-thumbnail size-thumbnail\" alt=\"NEWSESTLYONNAIS - ASVEL BOURGES\" aria-describedby=\"gallery-1-46456\" \/><\/a>\n\t\t\t<\/div>\n\t\t\t\t<figcaption class='wp-caption-text gallery-caption' id='gallery-1-46456'>\n\t\t\t\tla jeune recrue Kendra Chery\n\t\t\t\t<\/figcaption><\/figure>\n\t\t<\/div>\n\n","protected":false},"excerpt":{"rendered":"<p>Double actualit\u00e9 en cette fin du mois de mars au sein du club de basket de Lyon ASVEL F\u00e9minin avec l&rsquo;annonce de l&rsquo;arriv\u00e9e d&rsquo;une nouvelle joueuse et la d\u00e9localisation \u00e0 l&rsquo;Astroballe de la rencontre de vendredi soir ! Le club annonce l\u2019arriv\u00e9e de Kendra Chery dans l\u2019effectif lyonnais \u00e0 partir de la saison 2018-2019. La [&hellip;]<\/p>\n","protected":false},"author":4,"featured_media":33208,"comment_status":"open","ping_status":"open","sticky":false,"template":"","format":"standard","meta":{"footnotes":""},"categories":[1357,2975,3421,1625,29],"tags":[],"class_list":["post-46442","post","type-post","status-publish","format-standard","has-post-thumbnail","hentry","category-basket","category-basket-hand-volley-sports","category-feminin-actu-au","category-lyon","category-villeurbanne"],"yoast_head":"<!-- This site is optimized with the Yoast SEO plugin v27.2 - https:\/\/yoast.com\/product\/yoast-seo-wordpress\/ -->\n<title>LYON\/VILLEURBANNE : Basket : Recrue et d\u00e9localisation de match pour Lyon ASVEL F\u00e9minin !<\/title>\n<meta name=\"description\" content=\"LYON\/VILLEURBANNE : Basket : Recrue et d\u00e9localisation de match pour Lyon ASVEL F\u00e9minin !\" \/>\n<meta name=\"robots\" content=\"index, follow, max-snippet:-1, max-image-preview:large, max-video-preview:-1\" \/>\n<link rel=\"canonical\" href=\"https:\/\/newsestlyonnais.fr\/site\/2018\/03\/26\/lyon-villeurbanne-recrue-et-delocalisation-de-match-pour-lyon-asvel-feminin\/\" \/>\n<meta property=\"og:locale\" content=\"fr_FR\" \/>\n<meta property=\"og:type\" content=\"article\" \/>\n<meta property=\"og:title\" content=\"LYON\/VILLEURBANNE : Basket : Recrue et d\u00e9localisation de match pour Lyon ASVEL F\u00e9minin !\" \/>\n<meta property=\"og:description\" content=\"LYON\/VILLEURBANNE : Basket : Recrue et d\u00e9localisation de match pour Lyon ASVEL F\u00e9minin !\" \/>\n<meta property=\"og:url\" content=\"https:\/\/newsestlyonnais.fr\/site\/2018\/03\/26\/lyon-villeurbanne-recrue-et-delocalisation-de-match-pour-lyon-asvel-feminin\/\" \/>\n<meta property=\"og:site_name\" content=\"News Est Lyonnais\" \/>\n<meta property=\"article:author\" content=\"https:\/\/www.facebook.com\/pascal.oberson.1?fref=ts\" \/>\n<meta property=\"article:published_time\" content=\"2018-03-26T16:27:51+00:00\" \/>\n<meta property=\"article:modified_time\" content=\"2020-11-03T15:09:05+00:00\" \/>\n<meta property=\"og:image\" content=\"https:\/\/i1.wp.com\/newsestlyonnais.fr\/site\/wp-content\/uploads\/2017\/07\/NEWSESTLYONNAIS-LOGO-ASVEL-FEMININ.png?fit=1000%2C750&ssl=1\" \/>\n\t<meta property=\"og:image:width\" content=\"1000\" \/>\n\t<meta property=\"og:image:height\" content=\"750\" \/>\n\t<meta property=\"og:image:type\" content=\"image\/png\" \/>\n<meta name=\"author\" content=\"R\u00e9dac. NEWS\" \/>\n<meta name=\"twitter:card\" content=\"summary_large_image\" \/>\n<meta name=\"twitter:label1\" content=\"\u00c9crit par\" \/>\n\t<meta name=\"twitter:data1\" content=\"R\u00e9dac. NEWS\" \/>\n\t<meta name=\"twitter:label2\" content=\"Dur\u00e9e de lecture estim\u00e9e\" \/>\n\t<meta name=\"twitter:data2\" content=\"1 minute\" \/>\n<script type=\"application\/ld+json\" class=\"yoast-schema-graph\">{\"@context\":\"https:\/\/schema.org\",\"@graph\":[{\"@type\":\"Article\",\"@id\":\"https:\/\/newsestlyonnais.fr\/site\/2018\/03\/26\/lyon-villeurbanne-recrue-et-delocalisation-de-match-pour-lyon-asvel-feminin\/#article\",\"isPartOf\":{\"@id\":\"https:\/\/newsestlyonnais.fr\/site\/2018\/03\/26\/lyon-villeurbanne-recrue-et-delocalisation-de-match-pour-lyon-asvel-feminin\/\"},\"author\":{\"name\":\"R\u00e9dac. NEWS\",\"@id\":\"https:\/\/newsestlyonnais.fr\/site\/#\/schema\/person\/3230d5615f390bb808365d673001e887\"},\"headline\":\"LYON &#8211; VILLEURBANNE | Basket > recrue et d\u00e9localisation de match pour Lyon ASVEL F\u00e9minin\",\"datePublished\":\"2018-03-26T16:27:51+00:00\",\"dateModified\":\"2020-11-03T15:09:05+00:00\",\"mainEntityOfPage\":{\"@id\":\"https:\/\/newsestlyonnais.fr\/site\/2018\/03\/26\/lyon-villeurbanne-recrue-et-delocalisation-de-match-pour-lyon-asvel-feminin\/\"},\"wordCount\":267,\"commentCount\":0,\"publisher\":{\"@id\":\"https:\/\/newsestlyonnais.fr\/site\/#organization\"},\"image\":{\"@id\":\"https:\/\/newsestlyonnais.fr\/site\/2018\/03\/26\/lyon-villeurbanne-recrue-et-delocalisation-de-match-pour-lyon-asvel-feminin\/#primaryimage\"},\"thumbnailUrl\":\"https:\/\/newsestlyonnais.fr\/site\/wp-content\/uploads\/2017\/07\/NEWSESTLYONNAIS-LOGO-ASVEL-FEMININ.png\",\"articleSection\":[\"Basket\",\"Basket | Hand | Volley\",\"F\u00e9minin (Actu au)\",\"Lyon\",\"Villeurbanne\"],\"inLanguage\":\"fr-FR\",\"potentialAction\":[{\"@type\":\"CommentAction\",\"name\":\"Comment\",\"target\":[\"https:\/\/newsestlyonnais.fr\/site\/2018\/03\/26\/lyon-villeurbanne-recrue-et-delocalisation-de-match-pour-lyon-asvel-feminin\/#respond\"]}]},{\"@type\":\"WebPage\",\"@id\":\"https:\/\/newsestlyonnais.fr\/site\/2018\/03\/26\/lyon-villeurbanne-recrue-et-delocalisation-de-match-pour-lyon-asvel-feminin\/\",\"url\":\"https:\/\/newsestlyonnais.fr\/site\/2018\/03\/26\/lyon-villeurbanne-recrue-et-delocalisation-de-match-pour-lyon-asvel-feminin\/\",\"name\":\"LYON\/VILLEURBANNE : Basket : Recrue et d\u00e9localisation de match pour Lyon ASVEL F\u00e9minin !\",\"isPartOf\":{\"@id\":\"https:\/\/newsestlyonnais.fr\/site\/#website\"},\"primaryImageOfPage\":{\"@id\":\"https:\/\/newsestlyonnais.fr\/site\/2018\/03\/26\/lyon-villeurbanne-recrue-et-delocalisation-de-match-pour-lyon-asvel-feminin\/#primaryimage\"},\"image\":{\"@id\":\"https:\/\/newsestlyonnais.fr\/site\/2018\/03\/26\/lyon-villeurbanne-recrue-et-delocalisation-de-match-pour-lyon-asvel-feminin\/#primaryimage\"},\"thumbnailUrl\":\"https:\/\/newsestlyonnais.fr\/site\/wp-content\/uploads\/2017\/07\/NEWSESTLYONNAIS-LOGO-ASVEL-FEMININ.png\",\"datePublished\":\"2018-03-26T16:27:51+00:00\",\"dateModified\":\"2020-11-03T15:09:05+00:00\",\"description\":\"LYON\/VILLEURBANNE : Basket : Recrue et d\u00e9localisation de match pour Lyon ASVEL F\u00e9minin !\",\"breadcrumb\":{\"@id\":\"https:\/\/newsestlyonnais.fr\/site\/2018\/03\/26\/lyon-villeurbanne-recrue-et-delocalisation-de-match-pour-lyon-asvel-feminin\/#breadcrumb\"},\"inLanguage\":\"fr-FR\",\"potentialAction\":[{\"@type\":\"ReadAction\",\"target\":[\"https:\/\/newsestlyonnais.fr\/site\/2018\/03\/26\/lyon-villeurbanne-recrue-et-delocalisation-de-match-pour-lyon-asvel-feminin\/\"]}]},{\"@type\":\"ImageObject\",\"inLanguage\":\"fr-FR\",\"@id\":\"https:\/\/newsestlyonnais.fr\/site\/2018\/03\/26\/lyon-villeurbanne-recrue-et-delocalisation-de-match-pour-lyon-asvel-feminin\/#primaryimage\",\"url\":\"https:\/\/newsestlyonnais.fr\/site\/wp-content\/uploads\/2017\/07\/NEWSESTLYONNAIS-LOGO-ASVEL-FEMININ.png\",\"contentUrl\":\"https:\/\/newsestlyonnais.fr\/site\/wp-content\/uploads\/2017\/07\/NEWSESTLYONNAIS-LOGO-ASVEL-FEMININ.png\",\"width\":1000,\"height\":750,\"caption\":\"NEWSESTLYONNAIS - LOGO ASVEL FEMININ\"},{\"@type\":\"BreadcrumbList\",\"@id\":\"https:\/\/newsestlyonnais.fr\/site\/2018\/03\/26\/lyon-villeurbanne-recrue-et-delocalisation-de-match-pour-lyon-asvel-feminin\/#breadcrumb\",\"itemListElement\":[{\"@type\":\"ListItem\",\"position\":1,\"name\":\"Accueil\",\"item\":\"https:\/\/newsestlyonnais.fr\/site\/\"},{\"@type\":\"ListItem\",\"position\":2,\"name\":\"LYON &#8211; VILLEURBANNE | Basket > recrue et d\u00e9localisation de match pour Lyon ASVEL F\u00e9minin\"}]},{\"@type\":\"WebSite\",\"@id\":\"https:\/\/newsestlyonnais.fr\/site\/#website\",\"url\":\"https:\/\/newsestlyonnais.fr\/site\/\",\"name\":\"News Est Lyonnais\",\"description\":\"L&#039;actualit\u00e9 au plus pr\u00e8s\",\"publisher\":{\"@id\":\"https:\/\/newsestlyonnais.fr\/site\/#organization\"},\"potentialAction\":[{\"@type\":\"SearchAction\",\"target\":{\"@type\":\"EntryPoint\",\"urlTemplate\":\"https:\/\/newsestlyonnais.fr\/site\/?s={search_term_string}\"},\"query-input\":{\"@type\":\"PropertyValueSpecification\",\"valueRequired\":true,\"valueName\":\"search_term_string\"}}],\"inLanguage\":\"fr-FR\"},{\"@type\":\"Organization\",\"@id\":\"https:\/\/newsestlyonnais.fr\/site\/#organization\",\"name\":\"News EST LYONNAIS\",\"url\":\"https:\/\/newsestlyonnais.fr\/site\/\",\"logo\":{\"@type\":\"ImageObject\",\"inLanguage\":\"fr-FR\",\"@id\":\"https:\/\/newsestlyonnais.fr\/site\/#\/schema\/logo\/image\/\",\"url\":\"\",\"contentUrl\":\"\",\"caption\":\"News EST LYONNAIS\"},\"image\":{\"@id\":\"https:\/\/newsestlyonnais.fr\/site\/#\/schema\/logo\/image\/\"}},{\"@type\":\"Person\",\"@id\":\"https:\/\/newsestlyonnais.fr\/site\/#\/schema\/person\/3230d5615f390bb808365d673001e887\",\"name\":\"R\u00e9dac. NEWS\",\"sameAs\":[\"http:\/\/www.newsestlyonnais.fr\",\"https:\/\/www.facebook.com\/pascal.oberson.1?fref=ts\",\"https:\/\/fr.linkedin.com\/in\/pascal-oberson-b17045113\"],\"url\":\"https:\/\/newsestlyonnais.fr\/site\/author\/nel\/\"}]}<\/script>\n<!-- \/ Yoast SEO plugin. -->","yoast_head_json":{"title":"LYON\/VILLEURBANNE : Basket : Recrue et d\u00e9localisation de match pour Lyon ASVEL F\u00e9minin !","description":"LYON\/VILLEURBANNE : Basket : Recrue et d\u00e9localisation de match pour Lyon ASVEL F\u00e9minin !","robots":{"index":"index","follow":"follow","max-snippet":"max-snippet:-1","max-image-preview":"max-image-preview:large","max-video-preview":"max-video-preview:-1"},"canonical":"https:\/\/newsestlyonnais.fr\/site\/2018\/03\/26\/lyon-villeurbanne-recrue-et-delocalisation-de-match-pour-lyon-asvel-feminin\/","og_locale":"fr_FR","og_type":"article","og_title":"LYON\/VILLEURBANNE : Basket : Recrue et d\u00e9localisation de match pour Lyon ASVEL F\u00e9minin !","og_description":"LYON\/VILLEURBANNE : Basket : Recrue et d\u00e9localisation de match pour Lyon ASVEL F\u00e9minin !","og_url":"https:\/\/newsestlyonnais.fr\/site\/2018\/03\/26\/lyon-villeurbanne-recrue-et-delocalisation-de-match-pour-lyon-asvel-feminin\/","og_site_name":"News Est Lyonnais","article_author":"https:\/\/www.facebook.com\/pascal.oberson.1?fref=ts","article_published_time":"2018-03-26T16:27:51+00:00","article_modified_time":"2020-11-03T15:09:05+00:00","og_image":[{"width":1000,"height":750,"url":"https:\/\/i1.wp.com\/newsestlyonnais.fr\/site\/wp-content\/uploads\/2017\/07\/NEWSESTLYONNAIS-LOGO-ASVEL-FEMININ.png?fit=1000%2C750&ssl=1","type":"image\/png"}],"author":"R\u00e9dac. NEWS","twitter_card":"summary_large_image","twitter_misc":{"\u00c9crit par":"R\u00e9dac. NEWS","Dur\u00e9e de lecture estim\u00e9e":"1 minute"},"schema":{"@context":"https:\/\/schema.org","@graph":[{"@type":"Article","@id":"https:\/\/newsestlyonnais.fr\/site\/2018\/03\/26\/lyon-villeurbanne-recrue-et-delocalisation-de-match-pour-lyon-asvel-feminin\/#article","isPartOf":{"@id":"https:\/\/newsestlyonnais.fr\/site\/2018\/03\/26\/lyon-villeurbanne-recrue-et-delocalisation-de-match-pour-lyon-asvel-feminin\/"},"author":{"name":"R\u00e9dac. NEWS","@id":"https:\/\/newsestlyonnais.fr\/site\/#\/schema\/person\/3230d5615f390bb808365d673001e887"},"headline":"LYON &#8211; VILLEURBANNE | Basket > recrue et d\u00e9localisation de match pour Lyon ASVEL F\u00e9minin","datePublished":"2018-03-26T16:27:51+00:00","dateModified":"2020-11-03T15:09:05+00:00","mainEntityOfPage":{"@id":"https:\/\/newsestlyonnais.fr\/site\/2018\/03\/26\/lyon-villeurbanne-recrue-et-delocalisation-de-match-pour-lyon-asvel-feminin\/"},"wordCount":267,"commentCount":0,"publisher":{"@id":"https:\/\/newsestlyonnais.fr\/site\/#organization"},"image":{"@id":"https:\/\/newsestlyonnais.fr\/site\/2018\/03\/26\/lyon-villeurbanne-recrue-et-delocalisation-de-match-pour-lyon-asvel-feminin\/#primaryimage"},"thumbnailUrl":"https:\/\/newsestlyonnais.fr\/site\/wp-content\/uploads\/2017\/07\/NEWSESTLYONNAIS-LOGO-ASVEL-FEMININ.png","articleSection":["Basket","Basket | Hand | Volley","F\u00e9minin (Actu au)","Lyon","Villeurbanne"],"inLanguage":"fr-FR","potentialAction":[{"@type":"CommentAction","name":"Comment","target":["https:\/\/newsestlyonnais.fr\/site\/2018\/03\/26\/lyon-villeurbanne-recrue-et-delocalisation-de-match-pour-lyon-asvel-feminin\/#respond"]}]},{"@type":"WebPage","@id":"https:\/\/newsestlyonnais.fr\/site\/2018\/03\/26\/lyon-villeurbanne-recrue-et-delocalisation-de-match-pour-lyon-asvel-feminin\/","url":"https:\/\/newsestlyonnais.fr\/site\/2018\/03\/26\/lyon-villeurbanne-recrue-et-delocalisation-de-match-pour-lyon-asvel-feminin\/","name":"LYON\/VILLEURBANNE : Basket : Recrue et d\u00e9localisation de match pour Lyon ASVEL F\u00e9minin !","isPartOf":{"@id":"https:\/\/newsestlyonnais.fr\/site\/#website"},"primaryImageOfPage":{"@id":"https:\/\/newsestlyonnais.fr\/site\/2018\/03\/26\/lyon-villeurbanne-recrue-et-delocalisation-de-match-pour-lyon-asvel-feminin\/#primaryimage"},"image":{"@id":"https:\/\/newsestlyonnais.fr\/site\/2018\/03\/26\/lyon-villeurbanne-recrue-et-delocalisation-de-match-pour-lyon-asvel-feminin\/#primaryimage"},"thumbnailUrl":"https:\/\/newsestlyonnais.fr\/site\/wp-content\/uploads\/2017\/07\/NEWSESTLYONNAIS-LOGO-ASVEL-FEMININ.png","datePublished":"2018-03-26T16:27:51+00:00","dateModified":"2020-11-03T15:09:05+00:00","description":"LYON\/VILLEURBANNE : Basket : Recrue et d\u00e9localisation de match pour Lyon ASVEL F\u00e9minin !","breadcrumb":{"@id":"https:\/\/newsestlyonnais.fr\/site\/2018\/03\/26\/lyon-villeurbanne-recrue-et-delocalisation-de-match-pour-lyon-asvel-feminin\/#breadcrumb"},"inLanguage":"fr-FR","potentialAction":[{"@type":"ReadAction","target":["https:\/\/newsestlyonnais.fr\/site\/2018\/03\/26\/lyon-villeurbanne-recrue-et-delocalisation-de-match-pour-lyon-asvel-feminin\/"]}]},{"@type":"ImageObject","inLanguage":"fr-FR","@id":"https:\/\/newsestlyonnais.fr\/site\/2018\/03\/26\/lyon-villeurbanne-recrue-et-delocalisation-de-match-pour-lyon-asvel-feminin\/#primaryimage","url":"https:\/\/newsestlyonnais.fr\/site\/wp-content\/uploads\/2017\/07\/NEWSESTLYONNAIS-LOGO-ASVEL-FEMININ.png","contentUrl":"https:\/\/newsestlyonnais.fr\/site\/wp-content\/uploads\/2017\/07\/NEWSESTLYONNAIS-LOGO-ASVEL-FEMININ.png","width":1000,"height":750,"caption":"NEWSESTLYONNAIS - LOGO ASVEL FEMININ"},{"@type":"BreadcrumbList","@id":"https:\/\/newsestlyonnais.fr\/site\/2018\/03\/26\/lyon-villeurbanne-recrue-et-delocalisation-de-match-pour-lyon-asvel-feminin\/#breadcrumb","itemListElement":[{"@type":"ListItem","position":1,"name":"Accueil","item":"https:\/\/newsestlyonnais.fr\/site\/"},{"@type":"ListItem","position":2,"name":"LYON &#8211; VILLEURBANNE | Basket > recrue et d\u00e9localisation de match pour Lyon ASVEL F\u00e9minin"}]},{"@type":"WebSite","@id":"https:\/\/newsestlyonnais.fr\/site\/#website","url":"https:\/\/newsestlyonnais.fr\/site\/","name":"News Est Lyonnais","description":"L&#039;actualit\u00e9 au plus pr\u00e8s","publisher":{"@id":"https:\/\/newsestlyonnais.fr\/site\/#organization"},"potentialAction":[{"@type":"SearchAction","target":{"@type":"EntryPoint","urlTemplate":"https:\/\/newsestlyonnais.fr\/site\/?s={search_term_string}"},"query-input":{"@type":"PropertyValueSpecification","valueRequired":true,"valueName":"search_term_string"}}],"inLanguage":"fr-FR"},{"@type":"Organization","@id":"https:\/\/newsestlyonnais.fr\/site\/#organization","name":"News EST LYONNAIS","url":"https:\/\/newsestlyonnais.fr\/site\/","logo":{"@type":"ImageObject","inLanguage":"fr-FR","@id":"https:\/\/newsestlyonnais.fr\/site\/#\/schema\/logo\/image\/","url":"","contentUrl":"","caption":"News EST LYONNAIS"},"image":{"@id":"https:\/\/newsestlyonnais.fr\/site\/#\/schema\/logo\/image\/"}},{"@type":"Person","@id":"https:\/\/newsestlyonnais.fr\/site\/#\/schema\/person\/3230d5615f390bb808365d673001e887","name":"R\u00e9dac. NEWS","sameAs":["http:\/\/www.newsestlyonnais.fr","https:\/\/www.facebook.com\/pascal.oberson.1?fref=ts","https:\/\/fr.linkedin.com\/in\/pascal-oberson-b17045113"],"url":"https:\/\/newsestlyonnais.fr\/site\/author\/nel\/"}]}},"_links":{"self":[{"href":"https:\/\/newsestlyonnais.fr\/site\/wp-json\/wp\/v2\/posts\/46442","targetHints":{"allow":["GET"]}}],"collection":[{"href":"https:\/\/newsestlyonnais.fr\/site\/wp-json\/wp\/v2\/posts"}],"about":[{"href":"https:\/\/newsestlyonnais.fr\/site\/wp-json\/wp\/v2\/types\/post"}],"author":[{"embeddable":true,"href":"https:\/\/newsestlyonnais.fr\/site\/wp-json\/wp\/v2\/users\/4"}],"replies":[{"embeddable":true,"href":"https:\/\/newsestlyonnais.fr\/site\/wp-json\/wp\/v2\/comments?post=46442"}],"version-history":[{"count":0,"href":"https:\/\/newsestlyonnais.fr\/site\/wp-json\/wp\/v2\/posts\/46442\/revisions"}],"wp:featuredmedia":[{"embeddable":true,"href":"https:\/\/newsestlyonnais.fr\/site\/wp-json\/wp\/v2\/media\/33208"}],"wp:attachment":[{"href":"https:\/\/newsestlyonnais.fr\/site\/wp-json\/wp\/v2\/media?parent=46442"}],"wp:term":[{"taxonomy":"category","embeddable":true,"href":"https:\/\/newsestlyonnais.fr\/site\/wp-json\/wp\/v2\/categories?post=46442"},{"taxonomy":"post_tag","embeddable":true,"href":"https:\/\/newsestlyonnais.fr\/site\/wp-json\/wp\/v2\/tags?post=46442"}],"curies":[{"name":"wp","href":"https:\/\/api.w.org\/{rel}","templated":true}]}}