{"id":46503,"date":"2018-03-26T06:59:27","date_gmt":"2018-03-26T05:59:27","guid":{"rendered":"http:\/\/newsestlyonnais.fr\/site\/?p=46503"},"modified":"2020-11-15T18:54:53","modified_gmt":"2020-11-15T17:54:53","slug":"villeurbanne-retour-printanier-du-marche-aux-plantes-des-gratte-ciel","status":"publish","type":"post","link":"https:\/\/newsestlyonnais.fr\/site\/2018\/03\/26\/villeurbanne-retour-printanier-du-marche-aux-plantes-des-gratte-ciel\/","title":{"rendered":"VILLEURBANNE | Retour printanier du March\u00e9 aux plantes des Gratte-Ciel"},"content":{"rendered":"<h4>Dimanche 22 avril, de 9 heures \u00e0 18 heures, on pourra fl\u00e2ner avenue Henri-Barbusse entre stands fleuris et animations pour tous et d\u00e9couvrir les plantes comestibles.<\/h4>\n<p><strong>40 exposants<\/strong> seront au rendez-vous de ce dimanche attendu par les habitants, pour le plaisir de fl\u00e2ner et de repartir avec une plante, petite ou grande, plant d\u2019herbe aromatique destin\u00e9 \u00e0 pousser sur un rebord de fen\u00eatre ou rosier \u00e0 planter dans un jardin.<\/p>\n<p>Le <strong>th\u00e8me de l\u2019\u00e9dition 2018, autour des plantes comestibles<\/strong>, permettra de d\u00e9couvrir de savoureuses surprises, de quoi agr\u00e9menter ses menus de mani\u00e8re saine et originale.<\/p>\n<p>Les enfants et les adultes pourront participer \u00e0 <strong>plusieurs ateliers<\/strong>, notamment un atelier de cuisine participative, anim\u00e9 par la L\u00e9gumerie, pour apprendre \u00e0 pr\u00e9parer les l\u00e9gumes de saison ou un atelier d\u2019art floral (adultes uniquement), anim\u00e9 par la MJC. 2 compagnies d\u2019arts de la rue, Verbecelte et Samamuse, proposeront des spectacles d\u00e9ambulatoires, avec plusieurs repr\u00e9sentations le matin et l\u2019apr\u00e8s-midi.<\/p>\n<p>Les jardiniers \u00e9clair\u00e9s pourront \u00e9changer leurs graines gr\u00e2ce \u00e0 la grainoth\u00e8que du Rize ou troquer leurs boutures par le biais de la Maison du citoyen. Les plus curieux pourront participer \u00e0 une balade d\u00e9couverte des plantes sauvages comestibles avec Cueille et croque. Pour se restaurer, rendez-vous \u00e0 la cantine de Cl\u00e9mentine, foodtruck roannais qui produit ses propres l\u00e9gumes.<\/p>\n<ul>\n<li class=\"ox-bc3781ccb4-MsoNormal\">Acc\u00e8s au march\u00e9 gratuit<\/li>\n<li class=\"ox-bc3781ccb4-MsoNormal\">Participation \u00e0 certains ateliers sur inscription, directement sur place.<\/li>\n<\/ul>\n<h4 class=\"ox-bc3781ccb4-MsoNormal\">Contacts\u00a0: <a class=\"mailto-link\" href=\"mailto:espace.info@mairie-villeurbanne.fr\" target=\"_blank\" rel=\"noopener noreferrer\">espace.info@mairie-villeurbanne.fr<\/a> ou t\u00e9l. 04.72.65.80.90<\/h4>\n","protected":false},"excerpt":{"rendered":"<p>Dimanche 22 avril, de 9 heures \u00e0 18 heures, on pourra fl\u00e2ner avenue Henri-Barbusse entre stands fleuris et animations pour tous et d\u00e9couvrir les plantes comestibles. 40 exposants seront au rendez-vous de ce dimanche attendu par les habitants, pour le plaisir de fl\u00e2ner et de repartir avec une plante, petite ou grande, plant d\u2019herbe aromatique [&hellip;]<\/p>\n","protected":false},"author":4,"featured_media":46225,"comment_status":"open","ping_status":"open","sticky":false,"template":"","format":"standard","meta":{"footnotes":""},"categories":[3010,787,29],"tags":[],"class_list":["post-46503","post","type-post","status-publish","format-standard","has-post-thumbnail","hentry","category-nature-environnement-culture-et-loisirs","category-ptites-news","category-villeurbanne"],"yoast_head":"<!-- This site is optimized with the Yoast SEO plugin v27.2 - https:\/\/yoast.com\/product\/yoast-seo-wordpress\/ -->\n<title>VILLEURBANNE \/\/ Retour printanier du March\u00e9 aux plantes des Gratte-Ciel<\/title>\n<meta name=\"description\" content=\"VILLEURBANNE \/\/ Retour printanier du March\u00e9 aux plantes des Gratte-Ciel\" \/>\n<meta name=\"robots\" content=\"index, follow, max-snippet:-1, max-image-preview:large, max-video-preview:-1\" \/>\n<link rel=\"canonical\" href=\"https:\/\/newsestlyonnais.fr\/site\/2018\/03\/26\/villeurbanne-retour-printanier-du-marche-aux-plantes-des-gratte-ciel\/\" \/>\n<meta property=\"og:locale\" content=\"fr_FR\" \/>\n<meta property=\"og:type\" content=\"article\" \/>\n<meta property=\"og:title\" content=\"VILLEURBANNE \/\/ Retour printanier du March\u00e9 aux plantes des Gratte-Ciel\" \/>\n<meta property=\"og:description\" content=\"VILLEURBANNE \/\/ Retour printanier du March\u00e9 aux plantes des Gratte-Ciel\" \/>\n<meta property=\"og:url\" content=\"https:\/\/newsestlyonnais.fr\/site\/2018\/03\/26\/villeurbanne-retour-printanier-du-marche-aux-plantes-des-gratte-ciel\/\" \/>\n<meta property=\"og:site_name\" content=\"News Est Lyonnais\" \/>\n<meta property=\"article:author\" content=\"https:\/\/www.facebook.com\/pascal.oberson.1?fref=ts\" \/>\n<meta property=\"article:published_time\" content=\"2018-03-26T05:59:27+00:00\" \/>\n<meta property=\"article:modified_time\" content=\"2020-11-15T17:54:53+00:00\" \/>\n<meta property=\"og:image\" content=\"https:\/\/i2.wp.com\/newsestlyonnais.fr\/site\/wp-content\/uploads\/2018\/03\/NEWSESTLYONNAIS-MARCHE-PLANTES-2018.jpg?fit=424%2C594&ssl=1\" \/>\n\t<meta property=\"og:image:width\" content=\"424\" \/>\n\t<meta property=\"og:image:height\" content=\"594\" \/>\n\t<meta property=\"og:image:type\" content=\"image\/jpeg\" \/>\n<meta name=\"author\" content=\"R\u00e9dac. NEWS\" \/>\n<meta name=\"twitter:card\" content=\"summary_large_image\" \/>\n<meta name=\"twitter:label1\" content=\"\u00c9crit par\" \/>\n\t<meta name=\"twitter:data1\" content=\"R\u00e9dac. NEWS\" \/>\n\t<meta name=\"twitter:label2\" content=\"Dur\u00e9e de lecture estim\u00e9e\" \/>\n\t<meta name=\"twitter:data2\" content=\"1 minute\" \/>\n<script type=\"application\/ld+json\" class=\"yoast-schema-graph\">{\"@context\":\"https:\/\/schema.org\",\"@graph\":[{\"@type\":\"Article\",\"@id\":\"https:\/\/newsestlyonnais.fr\/site\/2018\/03\/26\/villeurbanne-retour-printanier-du-marche-aux-plantes-des-gratte-ciel\/#article\",\"isPartOf\":{\"@id\":\"https:\/\/newsestlyonnais.fr\/site\/2018\/03\/26\/villeurbanne-retour-printanier-du-marche-aux-plantes-des-gratte-ciel\/\"},\"author\":{\"name\":\"R\u00e9dac. NEWS\",\"@id\":\"https:\/\/newsestlyonnais.fr\/site\/#\/schema\/person\/3230d5615f390bb808365d673001e887\"},\"headline\":\"VILLEURBANNE | Retour printanier du March\u00e9 aux plantes des Gratte-Ciel\",\"datePublished\":\"2018-03-26T05:59:27+00:00\",\"dateModified\":\"2020-11-15T17:54:53+00:00\",\"mainEntityOfPage\":{\"@id\":\"https:\/\/newsestlyonnais.fr\/site\/2018\/03\/26\/villeurbanne-retour-printanier-du-marche-aux-plantes-des-gratte-ciel\/\"},\"wordCount\":253,\"commentCount\":0,\"publisher\":{\"@id\":\"https:\/\/newsestlyonnais.fr\/site\/#organization\"},\"image\":{\"@id\":\"https:\/\/newsestlyonnais.fr\/site\/2018\/03\/26\/villeurbanne-retour-printanier-du-marche-aux-plantes-des-gratte-ciel\/#primaryimage\"},\"thumbnailUrl\":\"https:\/\/newsestlyonnais.fr\/site\/wp-content\/uploads\/2018\/03\/NEWSESTLYONNAIS-MARCHE-PLANTES-2018.jpg\",\"articleSection\":[\"Nature | Environnement | Chasse\",\"P'tites News\",\"Villeurbanne\"],\"inLanguage\":\"fr-FR\",\"potentialAction\":[{\"@type\":\"CommentAction\",\"name\":\"Comment\",\"target\":[\"https:\/\/newsestlyonnais.fr\/site\/2018\/03\/26\/villeurbanne-retour-printanier-du-marche-aux-plantes-des-gratte-ciel\/#respond\"]}]},{\"@type\":\"WebPage\",\"@id\":\"https:\/\/newsestlyonnais.fr\/site\/2018\/03\/26\/villeurbanne-retour-printanier-du-marche-aux-plantes-des-gratte-ciel\/\",\"url\":\"https:\/\/newsestlyonnais.fr\/site\/2018\/03\/26\/villeurbanne-retour-printanier-du-marche-aux-plantes-des-gratte-ciel\/\",\"name\":\"VILLEURBANNE \/\/ Retour printanier du March\u00e9 aux plantes des Gratte-Ciel\",\"isPartOf\":{\"@id\":\"https:\/\/newsestlyonnais.fr\/site\/#website\"},\"primaryImageOfPage\":{\"@id\":\"https:\/\/newsestlyonnais.fr\/site\/2018\/03\/26\/villeurbanne-retour-printanier-du-marche-aux-plantes-des-gratte-ciel\/#primaryimage\"},\"image\":{\"@id\":\"https:\/\/newsestlyonnais.fr\/site\/2018\/03\/26\/villeurbanne-retour-printanier-du-marche-aux-plantes-des-gratte-ciel\/#primaryimage\"},\"thumbnailUrl\":\"https:\/\/newsestlyonnais.fr\/site\/wp-content\/uploads\/2018\/03\/NEWSESTLYONNAIS-MARCHE-PLANTES-2018.jpg\",\"datePublished\":\"2018-03-26T05:59:27+00:00\",\"dateModified\":\"2020-11-15T17:54:53+00:00\",\"description\":\"VILLEURBANNE \/\/ Retour printanier du March\u00e9 aux plantes des Gratte-Ciel\",\"breadcrumb\":{\"@id\":\"https:\/\/newsestlyonnais.fr\/site\/2018\/03\/26\/villeurbanne-retour-printanier-du-marche-aux-plantes-des-gratte-ciel\/#breadcrumb\"},\"inLanguage\":\"fr-FR\",\"potentialAction\":[{\"@type\":\"ReadAction\",\"target\":[\"https:\/\/newsestlyonnais.fr\/site\/2018\/03\/26\/villeurbanne-retour-printanier-du-marche-aux-plantes-des-gratte-ciel\/\"]}]},{\"@type\":\"ImageObject\",\"inLanguage\":\"fr-FR\",\"@id\":\"https:\/\/newsestlyonnais.fr\/site\/2018\/03\/26\/villeurbanne-retour-printanier-du-marche-aux-plantes-des-gratte-ciel\/#primaryimage\",\"url\":\"https:\/\/newsestlyonnais.fr\/site\/wp-content\/uploads\/2018\/03\/NEWSESTLYONNAIS-MARCHE-PLANTES-2018.jpg\",\"contentUrl\":\"https:\/\/newsestlyonnais.fr\/site\/wp-content\/uploads\/2018\/03\/NEWSESTLYONNAIS-MARCHE-PLANTES-2018.jpg\",\"width\":424,\"height\":594,\"caption\":\"NEWSESTLYONNAIS - MARCHE PLANTES 2018\"},{\"@type\":\"BreadcrumbList\",\"@id\":\"https:\/\/newsestlyonnais.fr\/site\/2018\/03\/26\/villeurbanne-retour-printanier-du-marche-aux-plantes-des-gratte-ciel\/#breadcrumb\",\"itemListElement\":[{\"@type\":\"ListItem\",\"position\":1,\"name\":\"Accueil\",\"item\":\"https:\/\/newsestlyonnais.fr\/site\/\"},{\"@type\":\"ListItem\",\"position\":2,\"name\":\"VILLEURBANNE | Retour printanier du March\u00e9 aux plantes des Gratte-Ciel\"}]},{\"@type\":\"WebSite\",\"@id\":\"https:\/\/newsestlyonnais.fr\/site\/#website\",\"url\":\"https:\/\/newsestlyonnais.fr\/site\/\",\"name\":\"News Est Lyonnais\",\"description\":\"L&#039;actualit\u00e9 au plus pr\u00e8s\",\"publisher\":{\"@id\":\"https:\/\/newsestlyonnais.fr\/site\/#organization\"},\"potentialAction\":[{\"@type\":\"SearchAction\",\"target\":{\"@type\":\"EntryPoint\",\"urlTemplate\":\"https:\/\/newsestlyonnais.fr\/site\/?s={search_term_string}\"},\"query-input\":{\"@type\":\"PropertyValueSpecification\",\"valueRequired\":true,\"valueName\":\"search_term_string\"}}],\"inLanguage\":\"fr-FR\"},{\"@type\":\"Organization\",\"@id\":\"https:\/\/newsestlyonnais.fr\/site\/#organization\",\"name\":\"News EST LYONNAIS\",\"url\":\"https:\/\/newsestlyonnais.fr\/site\/\",\"logo\":{\"@type\":\"ImageObject\",\"inLanguage\":\"fr-FR\",\"@id\":\"https:\/\/newsestlyonnais.fr\/site\/#\/schema\/logo\/image\/\",\"url\":\"\",\"contentUrl\":\"\",\"caption\":\"News EST LYONNAIS\"},\"image\":{\"@id\":\"https:\/\/newsestlyonnais.fr\/site\/#\/schema\/logo\/image\/\"}},{\"@type\":\"Person\",\"@id\":\"https:\/\/newsestlyonnais.fr\/site\/#\/schema\/person\/3230d5615f390bb808365d673001e887\",\"name\":\"R\u00e9dac. NEWS\",\"sameAs\":[\"http:\/\/www.newsestlyonnais.fr\",\"https:\/\/www.facebook.com\/pascal.oberson.1?fref=ts\",\"https:\/\/fr.linkedin.com\/in\/pascal-oberson-b17045113\"],\"url\":\"https:\/\/newsestlyonnais.fr\/site\/author\/nel\/\"}]}<\/script>\n<!-- \/ Yoast SEO plugin. -->","yoast_head_json":{"title":"VILLEURBANNE \/\/ Retour printanier du March\u00e9 aux plantes des Gratte-Ciel","description":"VILLEURBANNE \/\/ Retour printanier du March\u00e9 aux plantes des Gratte-Ciel","robots":{"index":"index","follow":"follow","max-snippet":"max-snippet:-1","max-image-preview":"max-image-preview:large","max-video-preview":"max-video-preview:-1"},"canonical":"https:\/\/newsestlyonnais.fr\/site\/2018\/03\/26\/villeurbanne-retour-printanier-du-marche-aux-plantes-des-gratte-ciel\/","og_locale":"fr_FR","og_type":"article","og_title":"VILLEURBANNE \/\/ Retour printanier du March\u00e9 aux plantes des Gratte-Ciel","og_description":"VILLEURBANNE \/\/ Retour printanier du March\u00e9 aux plantes des Gratte-Ciel","og_url":"https:\/\/newsestlyonnais.fr\/site\/2018\/03\/26\/villeurbanne-retour-printanier-du-marche-aux-plantes-des-gratte-ciel\/","og_site_name":"News Est Lyonnais","article_author":"https:\/\/www.facebook.com\/pascal.oberson.1?fref=ts","article_published_time":"2018-03-26T05:59:27+00:00","article_modified_time":"2020-11-15T17:54:53+00:00","og_image":[{"width":424,"height":594,"url":"https:\/\/i2.wp.com\/newsestlyonnais.fr\/site\/wp-content\/uploads\/2018\/03\/NEWSESTLYONNAIS-MARCHE-PLANTES-2018.jpg?fit=424%2C594&ssl=1","type":"image\/jpeg"}],"author":"R\u00e9dac. NEWS","twitter_card":"summary_large_image","twitter_misc":{"\u00c9crit par":"R\u00e9dac. NEWS","Dur\u00e9e de lecture estim\u00e9e":"1 minute"},"schema":{"@context":"https:\/\/schema.org","@graph":[{"@type":"Article","@id":"https:\/\/newsestlyonnais.fr\/site\/2018\/03\/26\/villeurbanne-retour-printanier-du-marche-aux-plantes-des-gratte-ciel\/#article","isPartOf":{"@id":"https:\/\/newsestlyonnais.fr\/site\/2018\/03\/26\/villeurbanne-retour-printanier-du-marche-aux-plantes-des-gratte-ciel\/"},"author":{"name":"R\u00e9dac. NEWS","@id":"https:\/\/newsestlyonnais.fr\/site\/#\/schema\/person\/3230d5615f390bb808365d673001e887"},"headline":"VILLEURBANNE | Retour printanier du March\u00e9 aux plantes des Gratte-Ciel","datePublished":"2018-03-26T05:59:27+00:00","dateModified":"2020-11-15T17:54:53+00:00","mainEntityOfPage":{"@id":"https:\/\/newsestlyonnais.fr\/site\/2018\/03\/26\/villeurbanne-retour-printanier-du-marche-aux-plantes-des-gratte-ciel\/"},"wordCount":253,"commentCount":0,"publisher":{"@id":"https:\/\/newsestlyonnais.fr\/site\/#organization"},"image":{"@id":"https:\/\/newsestlyonnais.fr\/site\/2018\/03\/26\/villeurbanne-retour-printanier-du-marche-aux-plantes-des-gratte-ciel\/#primaryimage"},"thumbnailUrl":"https:\/\/newsestlyonnais.fr\/site\/wp-content\/uploads\/2018\/03\/NEWSESTLYONNAIS-MARCHE-PLANTES-2018.jpg","articleSection":["Nature | Environnement | Chasse","P'tites News","Villeurbanne"],"inLanguage":"fr-FR","potentialAction":[{"@type":"CommentAction","name":"Comment","target":["https:\/\/newsestlyonnais.fr\/site\/2018\/03\/26\/villeurbanne-retour-printanier-du-marche-aux-plantes-des-gratte-ciel\/#respond"]}]},{"@type":"WebPage","@id":"https:\/\/newsestlyonnais.fr\/site\/2018\/03\/26\/villeurbanne-retour-printanier-du-marche-aux-plantes-des-gratte-ciel\/","url":"https:\/\/newsestlyonnais.fr\/site\/2018\/03\/26\/villeurbanne-retour-printanier-du-marche-aux-plantes-des-gratte-ciel\/","name":"VILLEURBANNE \/\/ Retour printanier du March\u00e9 aux plantes des Gratte-Ciel","isPartOf":{"@id":"https:\/\/newsestlyonnais.fr\/site\/#website"},"primaryImageOfPage":{"@id":"https:\/\/newsestlyonnais.fr\/site\/2018\/03\/26\/villeurbanne-retour-printanier-du-marche-aux-plantes-des-gratte-ciel\/#primaryimage"},"image":{"@id":"https:\/\/newsestlyonnais.fr\/site\/2018\/03\/26\/villeurbanne-retour-printanier-du-marche-aux-plantes-des-gratte-ciel\/#primaryimage"},"thumbnailUrl":"https:\/\/newsestlyonnais.fr\/site\/wp-content\/uploads\/2018\/03\/NEWSESTLYONNAIS-MARCHE-PLANTES-2018.jpg","datePublished":"2018-03-26T05:59:27+00:00","dateModified":"2020-11-15T17:54:53+00:00","description":"VILLEURBANNE \/\/ Retour printanier du March\u00e9 aux plantes des Gratte-Ciel","breadcrumb":{"@id":"https:\/\/newsestlyonnais.fr\/site\/2018\/03\/26\/villeurbanne-retour-printanier-du-marche-aux-plantes-des-gratte-ciel\/#breadcrumb"},"inLanguage":"fr-FR","potentialAction":[{"@type":"ReadAction","target":["https:\/\/newsestlyonnais.fr\/site\/2018\/03\/26\/villeurbanne-retour-printanier-du-marche-aux-plantes-des-gratte-ciel\/"]}]},{"@type":"ImageObject","inLanguage":"fr-FR","@id":"https:\/\/newsestlyonnais.fr\/site\/2018\/03\/26\/villeurbanne-retour-printanier-du-marche-aux-plantes-des-gratte-ciel\/#primaryimage","url":"https:\/\/newsestlyonnais.fr\/site\/wp-content\/uploads\/2018\/03\/NEWSESTLYONNAIS-MARCHE-PLANTES-2018.jpg","contentUrl":"https:\/\/newsestlyonnais.fr\/site\/wp-content\/uploads\/2018\/03\/NEWSESTLYONNAIS-MARCHE-PLANTES-2018.jpg","width":424,"height":594,"caption":"NEWSESTLYONNAIS - MARCHE PLANTES 2018"},{"@type":"BreadcrumbList","@id":"https:\/\/newsestlyonnais.fr\/site\/2018\/03\/26\/villeurbanne-retour-printanier-du-marche-aux-plantes-des-gratte-ciel\/#breadcrumb","itemListElement":[{"@type":"ListItem","position":1,"name":"Accueil","item":"https:\/\/newsestlyonnais.fr\/site\/"},{"@type":"ListItem","position":2,"name":"VILLEURBANNE | Retour printanier du March\u00e9 aux plantes des Gratte-Ciel"}]},{"@type":"WebSite","@id":"https:\/\/newsestlyonnais.fr\/site\/#website","url":"https:\/\/newsestlyonnais.fr\/site\/","name":"News Est Lyonnais","description":"L&#039;actualit\u00e9 au plus pr\u00e8s","publisher":{"@id":"https:\/\/newsestlyonnais.fr\/site\/#organization"},"potentialAction":[{"@type":"SearchAction","target":{"@type":"EntryPoint","urlTemplate":"https:\/\/newsestlyonnais.fr\/site\/?s={search_term_string}"},"query-input":{"@type":"PropertyValueSpecification","valueRequired":true,"valueName":"search_term_string"}}],"inLanguage":"fr-FR"},{"@type":"Organization","@id":"https:\/\/newsestlyonnais.fr\/site\/#organization","name":"News EST LYONNAIS","url":"https:\/\/newsestlyonnais.fr\/site\/","logo":{"@type":"ImageObject","inLanguage":"fr-FR","@id":"https:\/\/newsestlyonnais.fr\/site\/#\/schema\/logo\/image\/","url":"","contentUrl":"","caption":"News EST LYONNAIS"},"image":{"@id":"https:\/\/newsestlyonnais.fr\/site\/#\/schema\/logo\/image\/"}},{"@type":"Person","@id":"https:\/\/newsestlyonnais.fr\/site\/#\/schema\/person\/3230d5615f390bb808365d673001e887","name":"R\u00e9dac. NEWS","sameAs":["http:\/\/www.newsestlyonnais.fr","https:\/\/www.facebook.com\/pascal.oberson.1?fref=ts","https:\/\/fr.linkedin.com\/in\/pascal-oberson-b17045113"],"url":"https:\/\/newsestlyonnais.fr\/site\/author\/nel\/"}]}},"_links":{"self":[{"href":"https:\/\/newsestlyonnais.fr\/site\/wp-json\/wp\/v2\/posts\/46503","targetHints":{"allow":["GET"]}}],"collection":[{"href":"https:\/\/newsestlyonnais.fr\/site\/wp-json\/wp\/v2\/posts"}],"about":[{"href":"https:\/\/newsestlyonnais.fr\/site\/wp-json\/wp\/v2\/types\/post"}],"author":[{"embeddable":true,"href":"https:\/\/newsestlyonnais.fr\/site\/wp-json\/wp\/v2\/users\/4"}],"replies":[{"embeddable":true,"href":"https:\/\/newsestlyonnais.fr\/site\/wp-json\/wp\/v2\/comments?post=46503"}],"version-history":[{"count":0,"href":"https:\/\/newsestlyonnais.fr\/site\/wp-json\/wp\/v2\/posts\/46503\/revisions"}],"wp:featuredmedia":[{"embeddable":true,"href":"https:\/\/newsestlyonnais.fr\/site\/wp-json\/wp\/v2\/media\/46225"}],"wp:attachment":[{"href":"https:\/\/newsestlyonnais.fr\/site\/wp-json\/wp\/v2\/media?parent=46503"}],"wp:term":[{"taxonomy":"category","embeddable":true,"href":"https:\/\/newsestlyonnais.fr\/site\/wp-json\/wp\/v2\/categories?post=46503"},{"taxonomy":"post_tag","embeddable":true,"href":"https:\/\/newsestlyonnais.fr\/site\/wp-json\/wp\/v2\/tags?post=46503"}],"curies":[{"name":"wp","href":"https:\/\/api.w.org\/{rel}","templated":true}]}}