{"id":46602,"date":"2018-03-29T10:45:45","date_gmt":"2018-03-29T09:45:45","guid":{"rendered":"http:\/\/newsestlyonnais.fr\/site\/?p=46602"},"modified":"2020-11-20T14:08:16","modified_gmt":"2020-11-20T13:08:16","slug":"vaulx-en-velin-plus-de-courant-que-de-vent-a-la-coupe-de-la-soie-de-voile","status":"publish","type":"post","link":"https:\/\/newsestlyonnais.fr\/site\/2018\/03\/29\/vaulx-en-velin-plus-de-courant-que-de-vent-a-la-coupe-de-la-soie-de-voile\/","title":{"rendered":"VAULX-EN-VELIN | Plus de courant que de vent \u00e0 la Coupe de la Soie de Voile !"},"content":{"rendered":"<h4>Le Club nautique de Vaulx en Velin (CNVV) organisait dimanche la 10\u00b0 Coupe de la Soie, une r\u00e9gate de voile radio command\u00e9e pour les classes MicroMagic et RG65.<\/h4>\n<p>Pierre Bertocchi, pr\u00e9sident du CNVV, revient sur cet \u00e9v\u00e8nement : \u00ab\u00a0Depuis quelques ann\u00e9es d\u00e9j\u00e0, les passionn\u00e9s de bateau MicroMagic se rencontraient sur la base du CNVV, section voile de la MJC \u00e0 l\u2019initiative de Roman Krause. Depuis son d\u00e9part pour son pays natal, c\u2019est Thomas Kappenmann qui a repris le flambeau de cette rencontre. La philosophie de cet \u00e9v\u00e9nement \u00e9tant de rassembler les propri\u00e9taires de ces petits bateaux et de r\u00e9gater amicalement, quelque soit le niveau de chacun.<\/p>\n<p>L\u2019esprit quasi \u00ab clanique \u00bb des autres classes, ax\u00e9es uniquement sur la comp\u00e9tition (classe M ou IOM par exemple) fait peur aux d\u00e9butants en VRC d\u2019o\u00f9 ce rassemblement en dehors des voies officielles de la FFV. Cette ann\u00e9e, la classe montante des RG 65 fait partie de la f\u00eate. C\u2019est un joli bateau, un peu plus grand que le MicroMagic, qui a profit\u00e9 de l\u2019arr\u00eat de commercialisation du MM par Graupner. C\u2019est un bateau que vous pouvez acqu\u00e9rir pour moins de 300 \u20ac en magasin sp\u00e9cialis\u00e9. Pour le comp\u00e9titeur en herbe, ce type de rencontre est une tr\u00e8s bonne pr\u00e9paration aux classes ax\u00e9es uniquement sur la comp\u00e9tition .Le gros avantage de ces petits bateaux est que vous pouvez les emmener partout lors de vos vacances au regard de leur encombrement minimal. La preuve, Roman est venu d\u2019Allemagne, en avion avec son MM dans la valise, pour cette occasion !<\/p>\n<p>La Coupe de la Soie est n\u00e9anmoins une r\u00e9gate, ouverte \u00e0 tous (exp\u00e9riment\u00e9s ou d\u00e9butants). La convivialit\u00e9 de cette r\u00e9union permet aux d\u00e9butants de se lancer sans crainte et d\u2019acqu\u00e9rir une bonne exp\u00e9rience de la r\u00e9gate pour se lancer avec une autre classe si le d\u00e9sir s\u2019en fait sentir.<\/p>\n<p>Pour cette rencontre, le vent \u00e9tait malheureusement aux abonn\u00e9s absents. P\u00e9tole de chez p\u00e9tole ! Le matin, nous avons pu lancer une manche de RG65 puis la manche consacr\u00e9e aux MM a du \u00eatre annul\u00e9e seuls 3 bateaux ont pu franchir la ligne de d\u00e9part, le courant \u00e9tant plus fort que le vent !\u00a0 Il a fallu attendre la fin de journ\u00e9e pour profiter d\u2019un peu de vent pour lancer quelques manches en MM et RG 65.<\/p>\n<p>Nous avons cependant r\u00e9compens\u00e9 les coureurs qui ont su tirer leur \u00e9pingle du jeu:<\/p>\n<ul>\n<li>1\u00b0 en RG 65 : Michel Roigt (N\u00b0 17)<\/li>\n<li>1\u00b0 en MicroMagic : Guillaume Gorecki (N\u00b0 582).\u00a0\u00bb<\/li>\n<\/ul>\n<h4>Retrouvez toute l&rsquo;ACTU du club sur : <a href=\"http:\/\/www.cnvv.fr\" target=\"_blank\" rel=\"noopener noreferrer\">http:\/\/www.cnvv.fr<\/a><\/h4>\n<div id='gallery-1' class='gallery galleryid-46602 gallery-columns-3 gallery-size-thumbnail'><figure class='gallery-item'>\n\t\t\t<div class='gallery-icon landscape'>\n\t\t\t\t<a href='https:\/\/newsestlyonnais.fr\/site\/2018\/03\/29\/vaulx-en-velin-plus-de-courant-que-de-vent-a-la-coupe-de-la-soie-de-voile\/mm-coupe-de-la-soie-2010-2\/'><img loading=\"lazy\" decoding=\"async\" width=\"150\" height=\"150\" src=\"https:\/\/newsestlyonnais.fr\/site\/wp-content\/uploads\/2018\/03\/NEWSESTLYONNAIS-COUPE-SOIE-1-150x150.jpg\" class=\"attachment-thumbnail size-thumbnail\" alt=\"MM-COUPE DE LA SOIE-2010\" aria-describedby=\"gallery-1-46608\" \/><\/a>\n\t\t\t<\/div>\n\t\t\t\t<figcaption class='wp-caption-text gallery-caption' id='gallery-1-46608'>\n\t\t\t\tL&rsquo;affiche de l&rsquo;\u00e9v\u00e8nement \n\t\t\t\t<\/figcaption><\/figure><figure class='gallery-item'>\n\t\t\t<div class='gallery-icon landscape'>\n\t\t\t\t<a href='https:\/\/newsestlyonnais.fr\/site\/2018\/03\/29\/vaulx-en-velin-plus-de-courant-que-de-vent-a-la-coupe-de-la-soie-de-voile\/newsestlyonnais-10-coupe-soie\/'><img loading=\"lazy\" decoding=\"async\" width=\"150\" height=\"150\" src=\"https:\/\/newsestlyonnais.fr\/site\/wp-content\/uploads\/2018\/03\/NEWSESTLYONNAIS-10\u00b0-COUPE-SOIE--150x150.jpg\" class=\"attachment-thumbnail size-thumbnail\" alt=\"NEWSESTLYONNAIS - 10\u00b0 COUPE SOIE\" \/><\/a>\n\t\t\t<\/div><\/figure><figure class='gallery-item'>\n\t\t\t<div class='gallery-icon landscape'>\n\t\t\t\t<a href='https:\/\/newsestlyonnais.fr\/site\/2018\/03\/29\/vaulx-en-velin-plus-de-courant-que-de-vent-a-la-coupe-de-la-soie-de-voile\/newsestlyonnais-gagnants-coupe-soie\/'><img loading=\"lazy\" decoding=\"async\" width=\"150\" height=\"150\" src=\"https:\/\/newsestlyonnais.fr\/site\/wp-content\/uploads\/2018\/03\/NEWSESTLYONNAIS-GAGNANTS-COUPE-SOIE-150x150.jpg\" class=\"attachment-thumbnail size-thumbnail\" alt=\"NEWSESTLYONNAIS - GAGNANTS COUPE SOIE\" aria-describedby=\"gallery-1-46606\" \/><\/a>\n\t\t\t<\/div>\n\t\t\t\t<figcaption class='wp-caption-text gallery-caption' id='gallery-1-46606'>\n\t\t\t\tLes vainqueurs dans chaque cat\u00e9gorie \n\t\t\t\t<\/figcaption><\/figure>\n\t\t<\/div>\n\n","protected":false},"excerpt":{"rendered":"<p>Le Club nautique de Vaulx en Velin (CNVV) organisait dimanche la 10\u00b0 Coupe de la Soie, une r\u00e9gate de voile radio command\u00e9e pour les classes MicroMagic et RG65. Pierre Bertocchi, pr\u00e9sident du CNVV, revient sur cet \u00e9v\u00e8nement : \u00ab\u00a0Depuis quelques ann\u00e9es d\u00e9j\u00e0, les passionn\u00e9s de bateau MicroMagic se rencontraient sur la base du CNVV, section [&hellip;]<\/p>\n","protected":false},"author":4,"featured_media":46605,"comment_status":"open","ping_status":"open","sticky":false,"template":"","format":"standard","meta":{"footnotes":""},"categories":[3443,2973,3003,28,1349],"tags":[],"class_list":["post-46602","post","type-post","status-publish","format-standard","has-post-thumbnail","hentry","category-aviation-nautisme","category-aviron-kayak-voile-sports","category-bibliotheque-mediatheque-mjc","category-vaulx-en-velin","category-voile"],"yoast_head":"<!-- This site is optimized with the Yoast SEO plugin v27.2 - https:\/\/yoast.com\/product\/yoast-seo-wordpress\/ -->\n<title>VAULX EN VELIN : Plus de courant que de vent pour la 10\u00b0 Coupe de la Soie de Voile !<\/title>\n<meta name=\"description\" content=\"VAULX EN VELIN : Plus de courant que de vent pour la 10\u00b0 Coupe de la Soie de Voile !\" \/>\n<meta name=\"robots\" content=\"index, follow, max-snippet:-1, max-image-preview:large, max-video-preview:-1\" \/>\n<link rel=\"canonical\" href=\"https:\/\/newsestlyonnais.fr\/site\/2018\/03\/29\/vaulx-en-velin-plus-de-courant-que-de-vent-a-la-coupe-de-la-soie-de-voile\/\" \/>\n<meta property=\"og:locale\" content=\"fr_FR\" \/>\n<meta property=\"og:type\" content=\"article\" \/>\n<meta property=\"og:title\" content=\"VAULX EN VELIN : Plus de courant que de vent pour la 10\u00b0 Coupe de la Soie de Voile !\" \/>\n<meta property=\"og:description\" content=\"VAULX EN VELIN : Plus de courant que de vent pour la 10\u00b0 Coupe de la Soie de Voile !\" \/>\n<meta property=\"og:url\" content=\"https:\/\/newsestlyonnais.fr\/site\/2018\/03\/29\/vaulx-en-velin-plus-de-courant-que-de-vent-a-la-coupe-de-la-soie-de-voile\/\" \/>\n<meta property=\"og:site_name\" content=\"News Est Lyonnais\" \/>\n<meta property=\"article:author\" content=\"https:\/\/www.facebook.com\/pascal.oberson.1?fref=ts\" \/>\n<meta property=\"article:published_time\" content=\"2018-03-29T09:45:45+00:00\" \/>\n<meta property=\"article:modified_time\" content=\"2020-11-20T13:08:16+00:00\" \/>\n<meta property=\"og:image\" content=\"https:\/\/i2.wp.com\/newsestlyonnais.fr\/site\/wp-content\/uploads\/2018\/03\/NEWSESTLYONNAIS-COUPE-SOIE-VOILE.jpg?fit=1024%2C768&ssl=1\" \/>\n\t<meta property=\"og:image:width\" content=\"1024\" \/>\n\t<meta property=\"og:image:height\" content=\"768\" \/>\n\t<meta property=\"og:image:type\" content=\"image\/jpeg\" \/>\n<meta name=\"author\" content=\"R\u00e9dac. NEWS\" \/>\n<meta name=\"twitter:card\" content=\"summary_large_image\" \/>\n<meta name=\"twitter:label1\" content=\"\u00c9crit par\" \/>\n\t<meta name=\"twitter:data1\" content=\"R\u00e9dac. NEWS\" \/>\n\t<meta name=\"twitter:label2\" content=\"Dur\u00e9e de lecture estim\u00e9e\" \/>\n\t<meta name=\"twitter:data2\" content=\"2 minutes\" \/>\n<script type=\"application\/ld+json\" class=\"yoast-schema-graph\">{\"@context\":\"https:\/\/schema.org\",\"@graph\":[{\"@type\":\"Article\",\"@id\":\"https:\/\/newsestlyonnais.fr\/site\/2018\/03\/29\/vaulx-en-velin-plus-de-courant-que-de-vent-a-la-coupe-de-la-soie-de-voile\/#article\",\"isPartOf\":{\"@id\":\"https:\/\/newsestlyonnais.fr\/site\/2018\/03\/29\/vaulx-en-velin-plus-de-courant-que-de-vent-a-la-coupe-de-la-soie-de-voile\/\"},\"author\":{\"name\":\"R\u00e9dac. NEWS\",\"@id\":\"https:\/\/newsestlyonnais.fr\/site\/#\/schema\/person\/3230d5615f390bb808365d673001e887\"},\"headline\":\"VAULX-EN-VELIN | Plus de courant que de vent \u00e0 la Coupe de la Soie de Voile !\",\"datePublished\":\"2018-03-29T09:45:45+00:00\",\"dateModified\":\"2020-11-20T13:08:16+00:00\",\"mainEntityOfPage\":{\"@id\":\"https:\/\/newsestlyonnais.fr\/site\/2018\/03\/29\/vaulx-en-velin-plus-de-courant-que-de-vent-a-la-coupe-de-la-soie-de-voile\/\"},\"wordCount\":474,\"commentCount\":1,\"publisher\":{\"@id\":\"https:\/\/newsestlyonnais.fr\/site\/#organization\"},\"image\":{\"@id\":\"https:\/\/newsestlyonnais.fr\/site\/2018\/03\/29\/vaulx-en-velin-plus-de-courant-que-de-vent-a-la-coupe-de-la-soie-de-voile\/#primaryimage\"},\"thumbnailUrl\":\"https:\/\/newsestlyonnais.fr\/site\/wp-content\/uploads\/2018\/03\/NEWSESTLYONNAIS-COUPE-SOIE-VOILE.jpg\",\"articleSection\":[\"Aviation | Nautisme\",\"Aviron | Kayak | Voile\",\"Biblioth\u00e8que | M\u00e9diath\u00e8que | MJC\",\"Vaulx-en-Velin\",\"Voile\"],\"inLanguage\":\"fr-FR\",\"potentialAction\":[{\"@type\":\"CommentAction\",\"name\":\"Comment\",\"target\":[\"https:\/\/newsestlyonnais.fr\/site\/2018\/03\/29\/vaulx-en-velin-plus-de-courant-que-de-vent-a-la-coupe-de-la-soie-de-voile\/#respond\"]}]},{\"@type\":\"WebPage\",\"@id\":\"https:\/\/newsestlyonnais.fr\/site\/2018\/03\/29\/vaulx-en-velin-plus-de-courant-que-de-vent-a-la-coupe-de-la-soie-de-voile\/\",\"url\":\"https:\/\/newsestlyonnais.fr\/site\/2018\/03\/29\/vaulx-en-velin-plus-de-courant-que-de-vent-a-la-coupe-de-la-soie-de-voile\/\",\"name\":\"VAULX EN VELIN : Plus de courant que de vent pour la 10\u00b0 Coupe de la Soie de Voile !\",\"isPartOf\":{\"@id\":\"https:\/\/newsestlyonnais.fr\/site\/#website\"},\"primaryImageOfPage\":{\"@id\":\"https:\/\/newsestlyonnais.fr\/site\/2018\/03\/29\/vaulx-en-velin-plus-de-courant-que-de-vent-a-la-coupe-de-la-soie-de-voile\/#primaryimage\"},\"image\":{\"@id\":\"https:\/\/newsestlyonnais.fr\/site\/2018\/03\/29\/vaulx-en-velin-plus-de-courant-que-de-vent-a-la-coupe-de-la-soie-de-voile\/#primaryimage\"},\"thumbnailUrl\":\"https:\/\/newsestlyonnais.fr\/site\/wp-content\/uploads\/2018\/03\/NEWSESTLYONNAIS-COUPE-SOIE-VOILE.jpg\",\"datePublished\":\"2018-03-29T09:45:45+00:00\",\"dateModified\":\"2020-11-20T13:08:16+00:00\",\"description\":\"VAULX EN VELIN : Plus de courant que de vent pour la 10\u00b0 Coupe de la Soie de Voile !\",\"breadcrumb\":{\"@id\":\"https:\/\/newsestlyonnais.fr\/site\/2018\/03\/29\/vaulx-en-velin-plus-de-courant-que-de-vent-a-la-coupe-de-la-soie-de-voile\/#breadcrumb\"},\"inLanguage\":\"fr-FR\",\"potentialAction\":[{\"@type\":\"ReadAction\",\"target\":[\"https:\/\/newsestlyonnais.fr\/site\/2018\/03\/29\/vaulx-en-velin-plus-de-courant-que-de-vent-a-la-coupe-de-la-soie-de-voile\/\"]}]},{\"@type\":\"ImageObject\",\"inLanguage\":\"fr-FR\",\"@id\":\"https:\/\/newsestlyonnais.fr\/site\/2018\/03\/29\/vaulx-en-velin-plus-de-courant-que-de-vent-a-la-coupe-de-la-soie-de-voile\/#primaryimage\",\"url\":\"https:\/\/newsestlyonnais.fr\/site\/wp-content\/uploads\/2018\/03\/NEWSESTLYONNAIS-COUPE-SOIE-VOILE.jpg\",\"contentUrl\":\"https:\/\/newsestlyonnais.fr\/site\/wp-content\/uploads\/2018\/03\/NEWSESTLYONNAIS-COUPE-SOIE-VOILE.jpg\",\"width\":1024,\"height\":768,\"caption\":\"NEWSESTLYONNAIS - COUPE SOIE VOILE\"},{\"@type\":\"BreadcrumbList\",\"@id\":\"https:\/\/newsestlyonnais.fr\/site\/2018\/03\/29\/vaulx-en-velin-plus-de-courant-que-de-vent-a-la-coupe-de-la-soie-de-voile\/#breadcrumb\",\"itemListElement\":[{\"@type\":\"ListItem\",\"position\":1,\"name\":\"Accueil\",\"item\":\"https:\/\/newsestlyonnais.fr\/site\/\"},{\"@type\":\"ListItem\",\"position\":2,\"name\":\"VAULX-EN-VELIN | Plus de courant que de vent \u00e0 la Coupe de la Soie de Voile !\"}]},{\"@type\":\"WebSite\",\"@id\":\"https:\/\/newsestlyonnais.fr\/site\/#website\",\"url\":\"https:\/\/newsestlyonnais.fr\/site\/\",\"name\":\"News Est Lyonnais\",\"description\":\"L&#039;actualit\u00e9 au plus pr\u00e8s\",\"publisher\":{\"@id\":\"https:\/\/newsestlyonnais.fr\/site\/#organization\"},\"potentialAction\":[{\"@type\":\"SearchAction\",\"target\":{\"@type\":\"EntryPoint\",\"urlTemplate\":\"https:\/\/newsestlyonnais.fr\/site\/?s={search_term_string}\"},\"query-input\":{\"@type\":\"PropertyValueSpecification\",\"valueRequired\":true,\"valueName\":\"search_term_string\"}}],\"inLanguage\":\"fr-FR\"},{\"@type\":\"Organization\",\"@id\":\"https:\/\/newsestlyonnais.fr\/site\/#organization\",\"name\":\"News EST LYONNAIS\",\"url\":\"https:\/\/newsestlyonnais.fr\/site\/\",\"logo\":{\"@type\":\"ImageObject\",\"inLanguage\":\"fr-FR\",\"@id\":\"https:\/\/newsestlyonnais.fr\/site\/#\/schema\/logo\/image\/\",\"url\":\"\",\"contentUrl\":\"\",\"caption\":\"News EST LYONNAIS\"},\"image\":{\"@id\":\"https:\/\/newsestlyonnais.fr\/site\/#\/schema\/logo\/image\/\"}},{\"@type\":\"Person\",\"@id\":\"https:\/\/newsestlyonnais.fr\/site\/#\/schema\/person\/3230d5615f390bb808365d673001e887\",\"name\":\"R\u00e9dac. NEWS\",\"sameAs\":[\"http:\/\/www.newsestlyonnais.fr\",\"https:\/\/www.facebook.com\/pascal.oberson.1?fref=ts\",\"https:\/\/fr.linkedin.com\/in\/pascal-oberson-b17045113\"],\"url\":\"https:\/\/newsestlyonnais.fr\/site\/author\/nel\/\"}]}<\/script>\n<!-- \/ Yoast SEO plugin. -->","yoast_head_json":{"title":"VAULX EN VELIN : Plus de courant que de vent pour la 10\u00b0 Coupe de la Soie de Voile !","description":"VAULX EN VELIN : Plus de courant que de vent pour la 10\u00b0 Coupe de la Soie de Voile !","robots":{"index":"index","follow":"follow","max-snippet":"max-snippet:-1","max-image-preview":"max-image-preview:large","max-video-preview":"max-video-preview:-1"},"canonical":"https:\/\/newsestlyonnais.fr\/site\/2018\/03\/29\/vaulx-en-velin-plus-de-courant-que-de-vent-a-la-coupe-de-la-soie-de-voile\/","og_locale":"fr_FR","og_type":"article","og_title":"VAULX EN VELIN : Plus de courant que de vent pour la 10\u00b0 Coupe de la Soie de Voile !","og_description":"VAULX EN VELIN : Plus de courant que de vent pour la 10\u00b0 Coupe de la Soie de Voile !","og_url":"https:\/\/newsestlyonnais.fr\/site\/2018\/03\/29\/vaulx-en-velin-plus-de-courant-que-de-vent-a-la-coupe-de-la-soie-de-voile\/","og_site_name":"News Est Lyonnais","article_author":"https:\/\/www.facebook.com\/pascal.oberson.1?fref=ts","article_published_time":"2018-03-29T09:45:45+00:00","article_modified_time":"2020-11-20T13:08:16+00:00","og_image":[{"width":1024,"height":768,"url":"https:\/\/i2.wp.com\/newsestlyonnais.fr\/site\/wp-content\/uploads\/2018\/03\/NEWSESTLYONNAIS-COUPE-SOIE-VOILE.jpg?fit=1024%2C768&ssl=1","type":"image\/jpeg"}],"author":"R\u00e9dac. NEWS","twitter_card":"summary_large_image","twitter_misc":{"\u00c9crit par":"R\u00e9dac. NEWS","Dur\u00e9e de lecture estim\u00e9e":"2 minutes"},"schema":{"@context":"https:\/\/schema.org","@graph":[{"@type":"Article","@id":"https:\/\/newsestlyonnais.fr\/site\/2018\/03\/29\/vaulx-en-velin-plus-de-courant-que-de-vent-a-la-coupe-de-la-soie-de-voile\/#article","isPartOf":{"@id":"https:\/\/newsestlyonnais.fr\/site\/2018\/03\/29\/vaulx-en-velin-plus-de-courant-que-de-vent-a-la-coupe-de-la-soie-de-voile\/"},"author":{"name":"R\u00e9dac. NEWS","@id":"https:\/\/newsestlyonnais.fr\/site\/#\/schema\/person\/3230d5615f390bb808365d673001e887"},"headline":"VAULX-EN-VELIN | Plus de courant que de vent \u00e0 la Coupe de la Soie de Voile !","datePublished":"2018-03-29T09:45:45+00:00","dateModified":"2020-11-20T13:08:16+00:00","mainEntityOfPage":{"@id":"https:\/\/newsestlyonnais.fr\/site\/2018\/03\/29\/vaulx-en-velin-plus-de-courant-que-de-vent-a-la-coupe-de-la-soie-de-voile\/"},"wordCount":474,"commentCount":1,"publisher":{"@id":"https:\/\/newsestlyonnais.fr\/site\/#organization"},"image":{"@id":"https:\/\/newsestlyonnais.fr\/site\/2018\/03\/29\/vaulx-en-velin-plus-de-courant-que-de-vent-a-la-coupe-de-la-soie-de-voile\/#primaryimage"},"thumbnailUrl":"https:\/\/newsestlyonnais.fr\/site\/wp-content\/uploads\/2018\/03\/NEWSESTLYONNAIS-COUPE-SOIE-VOILE.jpg","articleSection":["Aviation | Nautisme","Aviron | Kayak | Voile","Biblioth\u00e8que | M\u00e9diath\u00e8que | MJC","Vaulx-en-Velin","Voile"],"inLanguage":"fr-FR","potentialAction":[{"@type":"CommentAction","name":"Comment","target":["https:\/\/newsestlyonnais.fr\/site\/2018\/03\/29\/vaulx-en-velin-plus-de-courant-que-de-vent-a-la-coupe-de-la-soie-de-voile\/#respond"]}]},{"@type":"WebPage","@id":"https:\/\/newsestlyonnais.fr\/site\/2018\/03\/29\/vaulx-en-velin-plus-de-courant-que-de-vent-a-la-coupe-de-la-soie-de-voile\/","url":"https:\/\/newsestlyonnais.fr\/site\/2018\/03\/29\/vaulx-en-velin-plus-de-courant-que-de-vent-a-la-coupe-de-la-soie-de-voile\/","name":"VAULX EN VELIN : Plus de courant que de vent pour la 10\u00b0 Coupe de la Soie de Voile !","isPartOf":{"@id":"https:\/\/newsestlyonnais.fr\/site\/#website"},"primaryImageOfPage":{"@id":"https:\/\/newsestlyonnais.fr\/site\/2018\/03\/29\/vaulx-en-velin-plus-de-courant-que-de-vent-a-la-coupe-de-la-soie-de-voile\/#primaryimage"},"image":{"@id":"https:\/\/newsestlyonnais.fr\/site\/2018\/03\/29\/vaulx-en-velin-plus-de-courant-que-de-vent-a-la-coupe-de-la-soie-de-voile\/#primaryimage"},"thumbnailUrl":"https:\/\/newsestlyonnais.fr\/site\/wp-content\/uploads\/2018\/03\/NEWSESTLYONNAIS-COUPE-SOIE-VOILE.jpg","datePublished":"2018-03-29T09:45:45+00:00","dateModified":"2020-11-20T13:08:16+00:00","description":"VAULX EN VELIN : Plus de courant que de vent pour la 10\u00b0 Coupe de la Soie de Voile !","breadcrumb":{"@id":"https:\/\/newsestlyonnais.fr\/site\/2018\/03\/29\/vaulx-en-velin-plus-de-courant-que-de-vent-a-la-coupe-de-la-soie-de-voile\/#breadcrumb"},"inLanguage":"fr-FR","potentialAction":[{"@type":"ReadAction","target":["https:\/\/newsestlyonnais.fr\/site\/2018\/03\/29\/vaulx-en-velin-plus-de-courant-que-de-vent-a-la-coupe-de-la-soie-de-voile\/"]}]},{"@type":"ImageObject","inLanguage":"fr-FR","@id":"https:\/\/newsestlyonnais.fr\/site\/2018\/03\/29\/vaulx-en-velin-plus-de-courant-que-de-vent-a-la-coupe-de-la-soie-de-voile\/#primaryimage","url":"https:\/\/newsestlyonnais.fr\/site\/wp-content\/uploads\/2018\/03\/NEWSESTLYONNAIS-COUPE-SOIE-VOILE.jpg","contentUrl":"https:\/\/newsestlyonnais.fr\/site\/wp-content\/uploads\/2018\/03\/NEWSESTLYONNAIS-COUPE-SOIE-VOILE.jpg","width":1024,"height":768,"caption":"NEWSESTLYONNAIS - COUPE SOIE VOILE"},{"@type":"BreadcrumbList","@id":"https:\/\/newsestlyonnais.fr\/site\/2018\/03\/29\/vaulx-en-velin-plus-de-courant-que-de-vent-a-la-coupe-de-la-soie-de-voile\/#breadcrumb","itemListElement":[{"@type":"ListItem","position":1,"name":"Accueil","item":"https:\/\/newsestlyonnais.fr\/site\/"},{"@type":"ListItem","position":2,"name":"VAULX-EN-VELIN | Plus de courant que de vent \u00e0 la Coupe de la Soie de Voile !"}]},{"@type":"WebSite","@id":"https:\/\/newsestlyonnais.fr\/site\/#website","url":"https:\/\/newsestlyonnais.fr\/site\/","name":"News Est Lyonnais","description":"L&#039;actualit\u00e9 au plus pr\u00e8s","publisher":{"@id":"https:\/\/newsestlyonnais.fr\/site\/#organization"},"potentialAction":[{"@type":"SearchAction","target":{"@type":"EntryPoint","urlTemplate":"https:\/\/newsestlyonnais.fr\/site\/?s={search_term_string}"},"query-input":{"@type":"PropertyValueSpecification","valueRequired":true,"valueName":"search_term_string"}}],"inLanguage":"fr-FR"},{"@type":"Organization","@id":"https:\/\/newsestlyonnais.fr\/site\/#organization","name":"News EST LYONNAIS","url":"https:\/\/newsestlyonnais.fr\/site\/","logo":{"@type":"ImageObject","inLanguage":"fr-FR","@id":"https:\/\/newsestlyonnais.fr\/site\/#\/schema\/logo\/image\/","url":"","contentUrl":"","caption":"News EST LYONNAIS"},"image":{"@id":"https:\/\/newsestlyonnais.fr\/site\/#\/schema\/logo\/image\/"}},{"@type":"Person","@id":"https:\/\/newsestlyonnais.fr\/site\/#\/schema\/person\/3230d5615f390bb808365d673001e887","name":"R\u00e9dac. NEWS","sameAs":["http:\/\/www.newsestlyonnais.fr","https:\/\/www.facebook.com\/pascal.oberson.1?fref=ts","https:\/\/fr.linkedin.com\/in\/pascal-oberson-b17045113"],"url":"https:\/\/newsestlyonnais.fr\/site\/author\/nel\/"}]}},"_links":{"self":[{"href":"https:\/\/newsestlyonnais.fr\/site\/wp-json\/wp\/v2\/posts\/46602","targetHints":{"allow":["GET"]}}],"collection":[{"href":"https:\/\/newsestlyonnais.fr\/site\/wp-json\/wp\/v2\/posts"}],"about":[{"href":"https:\/\/newsestlyonnais.fr\/site\/wp-json\/wp\/v2\/types\/post"}],"author":[{"embeddable":true,"href":"https:\/\/newsestlyonnais.fr\/site\/wp-json\/wp\/v2\/users\/4"}],"replies":[{"embeddable":true,"href":"https:\/\/newsestlyonnais.fr\/site\/wp-json\/wp\/v2\/comments?post=46602"}],"version-history":[{"count":0,"href":"https:\/\/newsestlyonnais.fr\/site\/wp-json\/wp\/v2\/posts\/46602\/revisions"}],"wp:featuredmedia":[{"embeddable":true,"href":"https:\/\/newsestlyonnais.fr\/site\/wp-json\/wp\/v2\/media\/46605"}],"wp:attachment":[{"href":"https:\/\/newsestlyonnais.fr\/site\/wp-json\/wp\/v2\/media?parent=46602"}],"wp:term":[{"taxonomy":"category","embeddable":true,"href":"https:\/\/newsestlyonnais.fr\/site\/wp-json\/wp\/v2\/categories?post=46602"},{"taxonomy":"post_tag","embeddable":true,"href":"https:\/\/newsestlyonnais.fr\/site\/wp-json\/wp\/v2\/tags?post=46602"}],"curies":[{"name":"wp","href":"https:\/\/api.w.org\/{rel}","templated":true}]}}