{"id":46779,"date":"2018-04-02T11:36:04","date_gmt":"2018-04-02T10:36:04","guid":{"rendered":"http:\/\/newsestlyonnais.fr\/site\/?p=46779"},"modified":"2020-11-09T06:57:26","modified_gmt":"2020-11-09T05:57:26","slug":"genas-les-manifestations-mois-davril-2018","status":"publish","type":"post","link":"https:\/\/newsestlyonnais.fr\/site\/2018\/04\/02\/genas-les-manifestations-mois-davril-2018\/","title":{"rendered":"GENAS | Les manifestations du mois d&rsquo;avril 2018"},"content":{"rendered":"<h4>Nombreux sont les \u00e9v\u00e8nements pr\u00e9vus sur la commune genassienne durant ce mois d&rsquo;avril, soit :<\/h4>\n<ul>\n<li><strong>Mardi 3 avril \u00e0 14 h<\/strong> : journ\u00e9e portes ouvertes \u00e0 l\u2019IME Les Marguerites &amp; <strong>de 18 h \u00e0 21 h<\/strong> : bourse aux v\u00eatements d\u2019\u00e9t\u00e9 (d\u00e9p\u00f4t) organis\u00e9e par l\u2019association APEL Jeanne d\u2019Arc (Salle Saint-Andr\u00e9).<\/li>\n<li><strong>Mercredi 4 avril de 8 h \u00e0 18 h<\/strong> : bourse aux v\u00eatements d\u2019\u00e9t\u00e9 (vente) organis\u00e9e par l\u2019association APEL Jeanne d\u2019Arc (Salle Saint-Andr\u00e9).<\/li>\n<li><strong>Vendredi 6 avril \u00e0 20 h 30<\/strong> : spectacle tout public \u00ab M\u00e8re indigne \u00bb (Atrium de l\u2019h\u00f4tel de ville) (Complet).<\/li>\n<li><strong>Samedi 7 avril \u00e0 11 h<\/strong> : portes ouvertes de la salle Le Gen\u00eat, suite \u00e0 sa r\u00e9novation &#8211; Ouvert \u00e0 tous &amp; <strong>\u00e0 8 h 30<\/strong> : Tournoi amical interclubs organis\u00e9 par le Club Pyramide Genisis (Salle Marius Berliet).<\/li>\n<li><strong>Dimanche 8 avril \u00e0 partir de 8 h<\/strong> : f\u00eate du printemps organis\u00e9e par le comit\u00e9 des f\u00eates de Genas (Place de la R\u00e9publique).<\/li>\n<li><strong>Samedi 21 avril<\/strong> <strong>de 6 h 30 h \u00e0 18 h<\/strong> : \u00ab les Randonn\u00e9es de Genas \u00bb organis\u00e9 par l\u2019association ESGA Cyclo (Salles 1 et 2, complexe sportif M. Gonzales).<\/li>\n<li><strong>Dimanche 22 avril \u00e0 11 h<\/strong> : spectacle hors les murs \u00ab G\u00e9n\u00e9ration [pomm]\u00e9e \u00bb (Place de la R\u00e9publique).<\/li>\n<li><strong>Lundi 23 avril \u00e0 18 h 30<\/strong> : Conseil municipal (Salle du Conseil municipal, h\u00f4tel de ville).<\/li>\n<li><strong>Mardi 24 avril \u00e0 9 h 30<\/strong> : atelier nutrition au CCAS &#8211; Sur inscription &#8211; (Espace Gandil, salle Chemin\u00e9e) &amp; <strong>\u00e0\u00a0 19 h<\/strong> : r\u00e9union de proximit\u00e9 pour tous les Genassiens sur les travaux de la rue de la R\u00e9publique (Salle des mariages, h\u00f4tel de ville).<\/li>\n<li><strong>Mercredi 25 avril \u00e0 15 h<\/strong> : spectacle jeune public \u00ab Le P\u2019tit Cirk \u00bb (Neutrino-Th\u00e9\u00e2tre).<\/li>\n<li><strong>Jeudi 26 avril \u00e0 17 h:<\/strong> F\u00eate du printemps organis\u00e9e par le relais d\u2019assistantes maternelles Les mini-pouces (Salle le Gen\u00eat)<\/li>\n<li><strong>Samedi 28 avril <\/strong><strong>\u00e0 14 h 30<\/strong> : concert de musique assist\u00e9e par ordinateur propos\u00e9 par l\u2019 \u00c9cole de Musique de Genas (Neutrino-Th\u00e9\u00e2tre).<\/li>\n<li><strong>Dimanche 29 avril \u00e0 partir 7 h 30<\/strong> : vide-grenier organis\u00e9 par l\u2019AGAF (Salle Marius Berliet) <strong>&amp; de 8 h \u00e0 13 h<\/strong> : vente de g\u00e2teaux par l\u2019Amicale La\u00efque (Place de la R\u00e9publique) <strong>&amp; \u00e0 14 h<\/strong> : Th\u00e9 dansant organis\u00e9 par le CCAS (Salle J. Anquetil).<\/li>\n<\/ul>\n<h4>Retrouvez l&rsquo;ACTU de la commune sur : <a href=\"http:\/\/genas.fr\" target=\"_blank\" rel=\"noopener noreferrer\">http:\/\/genas.fr<\/a><\/h4>\n<div id='gallery-1' class='gallery galleryid-46779 gallery-columns-3 gallery-size-thumbnail'><figure class='gallery-item'>\n\t\t\t<div class='gallery-icon portrait'>\n\t\t\t\t<a href='https:\/\/newsestlyonnais.fr\/site\/newsestlyonnais-rallye-cyclo-genas-2018a4-reduit-2018-page-001\/'><img loading=\"lazy\" decoding=\"async\" width=\"150\" height=\"150\" src=\"https:\/\/newsestlyonnais.fr\/site\/wp-content\/uploads\/2018\/02\/NEWSESTLYONNAIS-RALLYE-CYCLO-GENAS-2018A4-r\u00e9duit-2018-page-001-150x150.jpg\" class=\"attachment-thumbnail size-thumbnail\" alt=\"NEWSESTLYONNAIS RALLYE CYCLO GENAS 2018A4 r\u00e9duit 2018-page-001\" aria-describedby=\"gallery-1-43774\" \/><\/a>\n\t\t\t<\/div>\n\t\t\t\t<figcaption class='wp-caption-text gallery-caption' id='gallery-1-43774'>\n\t\t\t\tL&rsquo;affiche de ce rallye \n\t\t\t\t<\/figcaption><\/figure>\n\t\t<\/div>\n\n","protected":false},"excerpt":{"rendered":"<p>Nombreux sont les \u00e9v\u00e8nements pr\u00e9vus sur la commune genassienne durant ce mois d&rsquo;avril, soit : Mardi 3 avril \u00e0 14 h : journ\u00e9e portes ouvertes \u00e0 l\u2019IME Les Marguerites &amp; de 18 h \u00e0 21 h : bourse aux v\u00eatements d\u2019\u00e9t\u00e9 (d\u00e9p\u00f4t) organis\u00e9e par l\u2019association APEL Jeanne d\u2019Arc (Salle Saint-Andr\u00e9). Mercredi 4 avril de 8 [&hellip;]<\/p>\n","protected":false},"author":4,"featured_media":7336,"comment_status":"open","ping_status":"open","sticky":false,"template":"","format":"standard","meta":{"footnotes":""},"categories":[270,4,1598],"tags":[],"class_list":["post-46779","post","type-post","status-publish","format-standard","has-post-thumbnail","hentry","category-cte-de-communes-c-c-e-l","category-evenements-divers","category-genas"],"yoast_head":"<!-- This site is optimized with the Yoast SEO plugin v27.2 - https:\/\/yoast.com\/product\/yoast-seo-wordpress\/ -->\n<title>GENAS : L&#039;agenda des manifestations du mois d&#039;avril 2018<\/title>\n<meta name=\"description\" content=\"GENAS : L&#039;agenda des manifestations du mois d&#039;avril 2018\" \/>\n<meta name=\"robots\" content=\"index, follow, max-snippet:-1, max-image-preview:large, max-video-preview:-1\" \/>\n<link rel=\"canonical\" href=\"https:\/\/newsestlyonnais.fr\/site\/2018\/04\/02\/genas-les-manifestations-mois-davril-2018\/\" \/>\n<meta property=\"og:locale\" content=\"fr_FR\" \/>\n<meta property=\"og:type\" content=\"article\" \/>\n<meta property=\"og:title\" content=\"GENAS : L&#039;agenda des manifestations du mois d&#039;avril 2018\" \/>\n<meta property=\"og:description\" content=\"GENAS : L&#039;agenda des manifestations du mois d&#039;avril 2018\" \/>\n<meta property=\"og:url\" content=\"https:\/\/newsestlyonnais.fr\/site\/2018\/04\/02\/genas-les-manifestations-mois-davril-2018\/\" \/>\n<meta property=\"og:site_name\" content=\"News Est Lyonnais\" \/>\n<meta property=\"article:author\" content=\"https:\/\/www.facebook.com\/pascal.oberson.1?fref=ts\" \/>\n<meta property=\"article:published_time\" content=\"2018-04-02T10:36:04+00:00\" \/>\n<meta property=\"article:modified_time\" content=\"2020-11-09T05:57:26+00:00\" \/>\n<meta property=\"og:image\" content=\"https:\/\/i1.wp.com\/newsestlyonnais.fr\/site\/wp-content\/uploads\/2016\/05\/NEWSESTLYONNAISPANNEAUGENAS.jpg?fit=1000%2C750&ssl=1\" \/>\n\t<meta property=\"og:image:width\" content=\"1000\" \/>\n\t<meta property=\"og:image:height\" content=\"750\" \/>\n\t<meta property=\"og:image:type\" content=\"image\/jpeg\" \/>\n<meta name=\"author\" content=\"R\u00e9dac. NEWS\" \/>\n<meta name=\"twitter:card\" content=\"summary_large_image\" \/>\n<meta name=\"twitter:label1\" content=\"\u00c9crit par\" \/>\n\t<meta name=\"twitter:data1\" content=\"R\u00e9dac. NEWS\" \/>\n\t<meta name=\"twitter:label2\" content=\"Dur\u00e9e de lecture estim\u00e9e\" \/>\n\t<meta name=\"twitter:data2\" content=\"2 minutes\" \/>\n<script type=\"application\/ld+json\" class=\"yoast-schema-graph\">{\"@context\":\"https:\/\/schema.org\",\"@graph\":[{\"@type\":\"Article\",\"@id\":\"https:\/\/newsestlyonnais.fr\/site\/2018\/04\/02\/genas-les-manifestations-mois-davril-2018\/#article\",\"isPartOf\":{\"@id\":\"https:\/\/newsestlyonnais.fr\/site\/2018\/04\/02\/genas-les-manifestations-mois-davril-2018\/\"},\"author\":{\"name\":\"R\u00e9dac. NEWS\",\"@id\":\"https:\/\/newsestlyonnais.fr\/site\/#\/schema\/person\/3230d5615f390bb808365d673001e887\"},\"headline\":\"GENAS | Les manifestations du mois d&rsquo;avril 2018\",\"datePublished\":\"2018-04-02T10:36:04+00:00\",\"dateModified\":\"2020-11-09T05:57:26+00:00\",\"mainEntityOfPage\":{\"@id\":\"https:\/\/newsestlyonnais.fr\/site\/2018\/04\/02\/genas-les-manifestations-mois-davril-2018\/\"},\"wordCount\":359,\"commentCount\":0,\"publisher\":{\"@id\":\"https:\/\/newsestlyonnais.fr\/site\/#organization\"},\"image\":{\"@id\":\"https:\/\/newsestlyonnais.fr\/site\/2018\/04\/02\/genas-les-manifestations-mois-davril-2018\/#primaryimage\"},\"thumbnailUrl\":\"https:\/\/newsestlyonnais.fr\/site\/wp-content\/uploads\/2016\/05\/NEWSESTLYONNAISPANNEAUGENAS.jpg\",\"articleSection\":[\"CCEL | Communes\",\"Ev\u00e8nements divers\",\"Genas\"],\"inLanguage\":\"fr-FR\",\"potentialAction\":[{\"@type\":\"CommentAction\",\"name\":\"Comment\",\"target\":[\"https:\/\/newsestlyonnais.fr\/site\/2018\/04\/02\/genas-les-manifestations-mois-davril-2018\/#respond\"]}]},{\"@type\":\"WebPage\",\"@id\":\"https:\/\/newsestlyonnais.fr\/site\/2018\/04\/02\/genas-les-manifestations-mois-davril-2018\/\",\"url\":\"https:\/\/newsestlyonnais.fr\/site\/2018\/04\/02\/genas-les-manifestations-mois-davril-2018\/\",\"name\":\"GENAS : L'agenda des manifestations du mois d'avril 2018\",\"isPartOf\":{\"@id\":\"https:\/\/newsestlyonnais.fr\/site\/#website\"},\"primaryImageOfPage\":{\"@id\":\"https:\/\/newsestlyonnais.fr\/site\/2018\/04\/02\/genas-les-manifestations-mois-davril-2018\/#primaryimage\"},\"image\":{\"@id\":\"https:\/\/newsestlyonnais.fr\/site\/2018\/04\/02\/genas-les-manifestations-mois-davril-2018\/#primaryimage\"},\"thumbnailUrl\":\"https:\/\/newsestlyonnais.fr\/site\/wp-content\/uploads\/2016\/05\/NEWSESTLYONNAISPANNEAUGENAS.jpg\",\"datePublished\":\"2018-04-02T10:36:04+00:00\",\"dateModified\":\"2020-11-09T05:57:26+00:00\",\"description\":\"GENAS : L'agenda des manifestations du mois d'avril 2018\",\"breadcrumb\":{\"@id\":\"https:\/\/newsestlyonnais.fr\/site\/2018\/04\/02\/genas-les-manifestations-mois-davril-2018\/#breadcrumb\"},\"inLanguage\":\"fr-FR\",\"potentialAction\":[{\"@type\":\"ReadAction\",\"target\":[\"https:\/\/newsestlyonnais.fr\/site\/2018\/04\/02\/genas-les-manifestations-mois-davril-2018\/\"]}]},{\"@type\":\"ImageObject\",\"inLanguage\":\"fr-FR\",\"@id\":\"https:\/\/newsestlyonnais.fr\/site\/2018\/04\/02\/genas-les-manifestations-mois-davril-2018\/#primaryimage\",\"url\":\"https:\/\/newsestlyonnais.fr\/site\/wp-content\/uploads\/2016\/05\/NEWSESTLYONNAISPANNEAUGENAS.jpg\",\"contentUrl\":\"https:\/\/newsestlyonnais.fr\/site\/wp-content\/uploads\/2016\/05\/NEWSESTLYONNAISPANNEAUGENAS.jpg\",\"width\":1000,\"height\":750,\"caption\":\"NEWSESTLYONNAISPANNEAUGENAS\"},{\"@type\":\"BreadcrumbList\",\"@id\":\"https:\/\/newsestlyonnais.fr\/site\/2018\/04\/02\/genas-les-manifestations-mois-davril-2018\/#breadcrumb\",\"itemListElement\":[{\"@type\":\"ListItem\",\"position\":1,\"name\":\"Accueil\",\"item\":\"https:\/\/newsestlyonnais.fr\/site\/\"},{\"@type\":\"ListItem\",\"position\":2,\"name\":\"GENAS | Les manifestations du mois d&rsquo;avril 2018\"}]},{\"@type\":\"WebSite\",\"@id\":\"https:\/\/newsestlyonnais.fr\/site\/#website\",\"url\":\"https:\/\/newsestlyonnais.fr\/site\/\",\"name\":\"News Est Lyonnais\",\"description\":\"L&#039;actualit\u00e9 au plus pr\u00e8s\",\"publisher\":{\"@id\":\"https:\/\/newsestlyonnais.fr\/site\/#organization\"},\"potentialAction\":[{\"@type\":\"SearchAction\",\"target\":{\"@type\":\"EntryPoint\",\"urlTemplate\":\"https:\/\/newsestlyonnais.fr\/site\/?s={search_term_string}\"},\"query-input\":{\"@type\":\"PropertyValueSpecification\",\"valueRequired\":true,\"valueName\":\"search_term_string\"}}],\"inLanguage\":\"fr-FR\"},{\"@type\":\"Organization\",\"@id\":\"https:\/\/newsestlyonnais.fr\/site\/#organization\",\"name\":\"News EST LYONNAIS\",\"url\":\"https:\/\/newsestlyonnais.fr\/site\/\",\"logo\":{\"@type\":\"ImageObject\",\"inLanguage\":\"fr-FR\",\"@id\":\"https:\/\/newsestlyonnais.fr\/site\/#\/schema\/logo\/image\/\",\"url\":\"\",\"contentUrl\":\"\",\"caption\":\"News EST LYONNAIS\"},\"image\":{\"@id\":\"https:\/\/newsestlyonnais.fr\/site\/#\/schema\/logo\/image\/\"}},{\"@type\":\"Person\",\"@id\":\"https:\/\/newsestlyonnais.fr\/site\/#\/schema\/person\/3230d5615f390bb808365d673001e887\",\"name\":\"R\u00e9dac. NEWS\",\"sameAs\":[\"http:\/\/www.newsestlyonnais.fr\",\"https:\/\/www.facebook.com\/pascal.oberson.1?fref=ts\",\"https:\/\/fr.linkedin.com\/in\/pascal-oberson-b17045113\"],\"url\":\"https:\/\/newsestlyonnais.fr\/site\/author\/nel\/\"}]}<\/script>\n<!-- \/ Yoast SEO plugin. -->","yoast_head_json":{"title":"GENAS : L'agenda des manifestations du mois d'avril 2018","description":"GENAS : L'agenda des manifestations du mois d'avril 2018","robots":{"index":"index","follow":"follow","max-snippet":"max-snippet:-1","max-image-preview":"max-image-preview:large","max-video-preview":"max-video-preview:-1"},"canonical":"https:\/\/newsestlyonnais.fr\/site\/2018\/04\/02\/genas-les-manifestations-mois-davril-2018\/","og_locale":"fr_FR","og_type":"article","og_title":"GENAS : L'agenda des manifestations du mois d'avril 2018","og_description":"GENAS : L'agenda des manifestations du mois d'avril 2018","og_url":"https:\/\/newsestlyonnais.fr\/site\/2018\/04\/02\/genas-les-manifestations-mois-davril-2018\/","og_site_name":"News Est Lyonnais","article_author":"https:\/\/www.facebook.com\/pascal.oberson.1?fref=ts","article_published_time":"2018-04-02T10:36:04+00:00","article_modified_time":"2020-11-09T05:57:26+00:00","og_image":[{"width":1000,"height":750,"url":"https:\/\/i1.wp.com\/newsestlyonnais.fr\/site\/wp-content\/uploads\/2016\/05\/NEWSESTLYONNAISPANNEAUGENAS.jpg?fit=1000%2C750&ssl=1","type":"image\/jpeg"}],"author":"R\u00e9dac. NEWS","twitter_card":"summary_large_image","twitter_misc":{"\u00c9crit par":"R\u00e9dac. NEWS","Dur\u00e9e de lecture estim\u00e9e":"2 minutes"},"schema":{"@context":"https:\/\/schema.org","@graph":[{"@type":"Article","@id":"https:\/\/newsestlyonnais.fr\/site\/2018\/04\/02\/genas-les-manifestations-mois-davril-2018\/#article","isPartOf":{"@id":"https:\/\/newsestlyonnais.fr\/site\/2018\/04\/02\/genas-les-manifestations-mois-davril-2018\/"},"author":{"name":"R\u00e9dac. NEWS","@id":"https:\/\/newsestlyonnais.fr\/site\/#\/schema\/person\/3230d5615f390bb808365d673001e887"},"headline":"GENAS | Les manifestations du mois d&rsquo;avril 2018","datePublished":"2018-04-02T10:36:04+00:00","dateModified":"2020-11-09T05:57:26+00:00","mainEntityOfPage":{"@id":"https:\/\/newsestlyonnais.fr\/site\/2018\/04\/02\/genas-les-manifestations-mois-davril-2018\/"},"wordCount":359,"commentCount":0,"publisher":{"@id":"https:\/\/newsestlyonnais.fr\/site\/#organization"},"image":{"@id":"https:\/\/newsestlyonnais.fr\/site\/2018\/04\/02\/genas-les-manifestations-mois-davril-2018\/#primaryimage"},"thumbnailUrl":"https:\/\/newsestlyonnais.fr\/site\/wp-content\/uploads\/2016\/05\/NEWSESTLYONNAISPANNEAUGENAS.jpg","articleSection":["CCEL | Communes","Ev\u00e8nements divers","Genas"],"inLanguage":"fr-FR","potentialAction":[{"@type":"CommentAction","name":"Comment","target":["https:\/\/newsestlyonnais.fr\/site\/2018\/04\/02\/genas-les-manifestations-mois-davril-2018\/#respond"]}]},{"@type":"WebPage","@id":"https:\/\/newsestlyonnais.fr\/site\/2018\/04\/02\/genas-les-manifestations-mois-davril-2018\/","url":"https:\/\/newsestlyonnais.fr\/site\/2018\/04\/02\/genas-les-manifestations-mois-davril-2018\/","name":"GENAS : L'agenda des manifestations du mois d'avril 2018","isPartOf":{"@id":"https:\/\/newsestlyonnais.fr\/site\/#website"},"primaryImageOfPage":{"@id":"https:\/\/newsestlyonnais.fr\/site\/2018\/04\/02\/genas-les-manifestations-mois-davril-2018\/#primaryimage"},"image":{"@id":"https:\/\/newsestlyonnais.fr\/site\/2018\/04\/02\/genas-les-manifestations-mois-davril-2018\/#primaryimage"},"thumbnailUrl":"https:\/\/newsestlyonnais.fr\/site\/wp-content\/uploads\/2016\/05\/NEWSESTLYONNAISPANNEAUGENAS.jpg","datePublished":"2018-04-02T10:36:04+00:00","dateModified":"2020-11-09T05:57:26+00:00","description":"GENAS : L'agenda des manifestations du mois d'avril 2018","breadcrumb":{"@id":"https:\/\/newsestlyonnais.fr\/site\/2018\/04\/02\/genas-les-manifestations-mois-davril-2018\/#breadcrumb"},"inLanguage":"fr-FR","potentialAction":[{"@type":"ReadAction","target":["https:\/\/newsestlyonnais.fr\/site\/2018\/04\/02\/genas-les-manifestations-mois-davril-2018\/"]}]},{"@type":"ImageObject","inLanguage":"fr-FR","@id":"https:\/\/newsestlyonnais.fr\/site\/2018\/04\/02\/genas-les-manifestations-mois-davril-2018\/#primaryimage","url":"https:\/\/newsestlyonnais.fr\/site\/wp-content\/uploads\/2016\/05\/NEWSESTLYONNAISPANNEAUGENAS.jpg","contentUrl":"https:\/\/newsestlyonnais.fr\/site\/wp-content\/uploads\/2016\/05\/NEWSESTLYONNAISPANNEAUGENAS.jpg","width":1000,"height":750,"caption":"NEWSESTLYONNAISPANNEAUGENAS"},{"@type":"BreadcrumbList","@id":"https:\/\/newsestlyonnais.fr\/site\/2018\/04\/02\/genas-les-manifestations-mois-davril-2018\/#breadcrumb","itemListElement":[{"@type":"ListItem","position":1,"name":"Accueil","item":"https:\/\/newsestlyonnais.fr\/site\/"},{"@type":"ListItem","position":2,"name":"GENAS | Les manifestations du mois d&rsquo;avril 2018"}]},{"@type":"WebSite","@id":"https:\/\/newsestlyonnais.fr\/site\/#website","url":"https:\/\/newsestlyonnais.fr\/site\/","name":"News Est Lyonnais","description":"L&#039;actualit\u00e9 au plus pr\u00e8s","publisher":{"@id":"https:\/\/newsestlyonnais.fr\/site\/#organization"},"potentialAction":[{"@type":"SearchAction","target":{"@type":"EntryPoint","urlTemplate":"https:\/\/newsestlyonnais.fr\/site\/?s={search_term_string}"},"query-input":{"@type":"PropertyValueSpecification","valueRequired":true,"valueName":"search_term_string"}}],"inLanguage":"fr-FR"},{"@type":"Organization","@id":"https:\/\/newsestlyonnais.fr\/site\/#organization","name":"News EST LYONNAIS","url":"https:\/\/newsestlyonnais.fr\/site\/","logo":{"@type":"ImageObject","inLanguage":"fr-FR","@id":"https:\/\/newsestlyonnais.fr\/site\/#\/schema\/logo\/image\/","url":"","contentUrl":"","caption":"News EST LYONNAIS"},"image":{"@id":"https:\/\/newsestlyonnais.fr\/site\/#\/schema\/logo\/image\/"}},{"@type":"Person","@id":"https:\/\/newsestlyonnais.fr\/site\/#\/schema\/person\/3230d5615f390bb808365d673001e887","name":"R\u00e9dac. NEWS","sameAs":["http:\/\/www.newsestlyonnais.fr","https:\/\/www.facebook.com\/pascal.oberson.1?fref=ts","https:\/\/fr.linkedin.com\/in\/pascal-oberson-b17045113"],"url":"https:\/\/newsestlyonnais.fr\/site\/author\/nel\/"}]}},"_links":{"self":[{"href":"https:\/\/newsestlyonnais.fr\/site\/wp-json\/wp\/v2\/posts\/46779","targetHints":{"allow":["GET"]}}],"collection":[{"href":"https:\/\/newsestlyonnais.fr\/site\/wp-json\/wp\/v2\/posts"}],"about":[{"href":"https:\/\/newsestlyonnais.fr\/site\/wp-json\/wp\/v2\/types\/post"}],"author":[{"embeddable":true,"href":"https:\/\/newsestlyonnais.fr\/site\/wp-json\/wp\/v2\/users\/4"}],"replies":[{"embeddable":true,"href":"https:\/\/newsestlyonnais.fr\/site\/wp-json\/wp\/v2\/comments?post=46779"}],"version-history":[{"count":0,"href":"https:\/\/newsestlyonnais.fr\/site\/wp-json\/wp\/v2\/posts\/46779\/revisions"}],"wp:featuredmedia":[{"embeddable":true,"href":"https:\/\/newsestlyonnais.fr\/site\/wp-json\/wp\/v2\/media\/7336"}],"wp:attachment":[{"href":"https:\/\/newsestlyonnais.fr\/site\/wp-json\/wp\/v2\/media?parent=46779"}],"wp:term":[{"taxonomy":"category","embeddable":true,"href":"https:\/\/newsestlyonnais.fr\/site\/wp-json\/wp\/v2\/categories?post=46779"},{"taxonomy":"post_tag","embeddable":true,"href":"https:\/\/newsestlyonnais.fr\/site\/wp-json\/wp\/v2\/tags?post=46779"}],"curies":[{"name":"wp","href":"https:\/\/api.w.org\/{rel}","templated":true}]}}