{"id":46799,"date":"2018-04-02T14:34:30","date_gmt":"2018-04-02T13:34:30","guid":{"rendered":"http:\/\/newsestlyonnais.fr\/site\/?p=46799"},"modified":"2020-11-11T20:34:06","modified_gmt":"2020-11-11T19:34:06","slug":"lyon-7-manifestations-prevues-du-3-au-5-avril-2018","status":"publish","type":"post","link":"https:\/\/newsestlyonnais.fr\/site\/2018\/04\/02\/lyon-7-manifestations-prevues-du-3-au-5-avril-2018\/","title":{"rendered":"LYON 7 | Manifestations pr\u00e9vues du 3 au 5 avril 2018"},"content":{"rendered":"<h4>Plusieurs \u00e9v\u00e8nements et manifestations se d\u00e9rouleront durant ces 3 jours, sur le 7\u00b0 arrondissement, \u00e0 savoir :<\/h4>\n<ul>\n<li><strong>Mardi 3 avril \u00e0 <\/strong><strong>18 h : <\/strong><span style=\"text-decoration: underline\">Inauguration de la Commune<\/span>, lieu de vies et de cuisines. (3 rue Pr\u00e9 Gaudry).<\/li>\n<li><strong>Jeudi 5 avril de\u00a0 <\/strong><strong>8 h 30 \u00e0 14 h 30 : <\/strong><span style=\"text-decoration: underline\">Assembl\u00e9e g\u00e9n\u00e9rale de \u00ab\u00a0Entre2toits, la location solidaire\u00bb<\/span>. (Salle des Mariages et du Conseil, Mairie du 7\u00b0). &amp; <strong>Journ\u00e9e : <\/strong><span style=\"text-decoration: underline\">50 ans de l\u2019ISARA Lyon<\/span> \u00ab\u00a0Voyage au c\u0153ur de l\u2019ISARA de demain\u00a0\u00bb (23 rue Jean Baldassini). &amp; \u00e0 <strong>14 h 30 : <\/strong><span style=\"text-decoration: underline\">C\u00e9r\u00e9monie comm\u00e9morative de la rafle des Enfants juifs d\u2019Izieu et de leurs \u00e9ducateurs le 6 avril 1944.<\/span> (Jardin des 44 enfants d\u2019Izieu, entre les rues Raoul Servant et Etienne Rognon, pr\u00e8s du Centre Berthelot). &amp; \u00e0 <strong>17 h 30 : <\/strong><span style=\"text-decoration: underline\">Assembl\u00e9e g\u00e9n\u00e9rale de l\u2019EGPE<\/span> (Ecole des Grands Parents Europ\u00e9ens). (Salle des Mariages et du Conseil, Mairie du 7\u00b0). &amp; \u00e0 <strong>18 h 30 : <\/strong><span style=\"text-decoration: underline\">Soir\u00e9e cocktail organis\u00e9e par la section japonaise de la Cit\u00e9 Scolaire Internationale<\/span>. (Restaurant du lyc\u00e9e de la Cit\u00e9 Scolaire Internationale, 2 place de Montr\u00e9al).<\/li>\n<\/ul>\n<h4>Toute l\u2019ACTU de l\u2019arrondissement est sur : <a href=\"https:\/\/mairie7.lyon.fr\" target=\"_blank\" rel=\"noopener noreferrer\">https:\/\/mairie7.lyon.fr<\/a><\/h4>\n","protected":false},"excerpt":{"rendered":"<p>Plusieurs \u00e9v\u00e8nements et manifestations se d\u00e9rouleront durant ces 3 jours, sur le 7\u00b0 arrondissement, \u00e0 savoir : Mardi 3 avril \u00e0 18 h : Inauguration de la Commune, lieu de vies et de cuisines. (3 rue Pr\u00e9 Gaudry). Jeudi 5 avril de\u00a0 8 h 30 \u00e0 14 h 30 : Assembl\u00e9e g\u00e9n\u00e9rale de \u00ab\u00a0Entre2toits, la [&hellip;]<\/p>\n","protected":false},"author":4,"featured_media":8840,"comment_status":"open","ping_status":"open","sticky":false,"template":"","format":"standard","meta":{"footnotes":""},"categories":[4,1625],"tags":[],"class_list":["post-46799","post","type-post","status-publish","format-standard","has-post-thumbnail","hentry","category-evenements-divers","category-lyon"],"yoast_head":"<!-- This site is optimized with the Yoast SEO plugin v27.2 - https:\/\/yoast.com\/product\/yoast-seo-wordpress\/ -->\n<title>LYON 7\u00b0 : Les manifestations pr\u00e9vues du 3 au 5 avril 2018<\/title>\n<meta name=\"description\" content=\"LYON 7\u00b0 : Les manifestations pr\u00e9vues du 3 au 5 avril 2018\" \/>\n<meta name=\"robots\" content=\"index, follow, max-snippet:-1, max-image-preview:large, max-video-preview:-1\" \/>\n<link rel=\"canonical\" href=\"https:\/\/newsestlyonnais.fr\/site\/2018\/04\/02\/lyon-7-manifestations-prevues-du-3-au-5-avril-2018\/\" \/>\n<meta property=\"og:locale\" content=\"fr_FR\" \/>\n<meta property=\"og:type\" content=\"article\" \/>\n<meta property=\"og:title\" content=\"LYON 7\u00b0 : Les manifestations pr\u00e9vues du 3 au 5 avril 2018\" \/>\n<meta property=\"og:description\" content=\"LYON 7\u00b0 : Les manifestations pr\u00e9vues du 3 au 5 avril 2018\" \/>\n<meta property=\"og:url\" content=\"https:\/\/newsestlyonnais.fr\/site\/2018\/04\/02\/lyon-7-manifestations-prevues-du-3-au-5-avril-2018\/\" \/>\n<meta property=\"og:site_name\" content=\"News Est Lyonnais\" \/>\n<meta property=\"article:author\" content=\"https:\/\/www.facebook.com\/pascal.oberson.1?fref=ts\" \/>\n<meta property=\"article:published_time\" content=\"2018-04-02T13:34:30+00:00\" \/>\n<meta property=\"article:modified_time\" content=\"2020-11-11T19:34:06+00:00\" \/>\n<meta property=\"og:image\" content=\"https:\/\/i1.wp.com\/newsestlyonnais.fr\/site\/wp-content\/uploads\/2016\/06\/NEWSESTLYONNAIS-LYON-PANNEAUP1100180.jpg?fit=1000%2C750&ssl=1\" \/>\n\t<meta property=\"og:image:width\" content=\"1000\" \/>\n\t<meta property=\"og:image:height\" content=\"750\" \/>\n\t<meta property=\"og:image:type\" content=\"image\/jpeg\" \/>\n<meta name=\"author\" content=\"R\u00e9dac. NEWS\" \/>\n<meta name=\"twitter:card\" content=\"summary_large_image\" \/>\n<meta name=\"twitter:label1\" content=\"\u00c9crit par\" \/>\n\t<meta name=\"twitter:data1\" content=\"R\u00e9dac. NEWS\" \/>\n\t<meta name=\"twitter:label2\" content=\"Dur\u00e9e de lecture estim\u00e9e\" \/>\n\t<meta name=\"twitter:data2\" content=\"1 minute\" \/>\n<script type=\"application\/ld+json\" class=\"yoast-schema-graph\">{\"@context\":\"https:\/\/schema.org\",\"@graph\":[{\"@type\":\"Article\",\"@id\":\"https:\/\/newsestlyonnais.fr\/site\/2018\/04\/02\/lyon-7-manifestations-prevues-du-3-au-5-avril-2018\/#article\",\"isPartOf\":{\"@id\":\"https:\/\/newsestlyonnais.fr\/site\/2018\/04\/02\/lyon-7-manifestations-prevues-du-3-au-5-avril-2018\/\"},\"author\":{\"name\":\"R\u00e9dac. NEWS\",\"@id\":\"https:\/\/newsestlyonnais.fr\/site\/#\/schema\/person\/3230d5615f390bb808365d673001e887\"},\"headline\":\"LYON 7 | Manifestations pr\u00e9vues du 3 au 5 avril 2018\",\"datePublished\":\"2018-04-02T13:34:30+00:00\",\"dateModified\":\"2020-11-11T19:34:06+00:00\",\"mainEntityOfPage\":{\"@id\":\"https:\/\/newsestlyonnais.fr\/site\/2018\/04\/02\/lyon-7-manifestations-prevues-du-3-au-5-avril-2018\/\"},\"wordCount\":186,\"commentCount\":0,\"publisher\":{\"@id\":\"https:\/\/newsestlyonnais.fr\/site\/#organization\"},\"image\":{\"@id\":\"https:\/\/newsestlyonnais.fr\/site\/2018\/04\/02\/lyon-7-manifestations-prevues-du-3-au-5-avril-2018\/#primaryimage\"},\"thumbnailUrl\":\"https:\/\/newsestlyonnais.fr\/site\/wp-content\/uploads\/2016\/06\/NEWSESTLYONNAIS-LYON-PANNEAUP1100180.jpg\",\"articleSection\":[\"Ev\u00e8nements divers\",\"Lyon\"],\"inLanguage\":\"fr-FR\",\"potentialAction\":[{\"@type\":\"CommentAction\",\"name\":\"Comment\",\"target\":[\"https:\/\/newsestlyonnais.fr\/site\/2018\/04\/02\/lyon-7-manifestations-prevues-du-3-au-5-avril-2018\/#respond\"]}]},{\"@type\":\"WebPage\",\"@id\":\"https:\/\/newsestlyonnais.fr\/site\/2018\/04\/02\/lyon-7-manifestations-prevues-du-3-au-5-avril-2018\/\",\"url\":\"https:\/\/newsestlyonnais.fr\/site\/2018\/04\/02\/lyon-7-manifestations-prevues-du-3-au-5-avril-2018\/\",\"name\":\"LYON 7\u00b0 : Les manifestations pr\u00e9vues du 3 au 5 avril 2018\",\"isPartOf\":{\"@id\":\"https:\/\/newsestlyonnais.fr\/site\/#website\"},\"primaryImageOfPage\":{\"@id\":\"https:\/\/newsestlyonnais.fr\/site\/2018\/04\/02\/lyon-7-manifestations-prevues-du-3-au-5-avril-2018\/#primaryimage\"},\"image\":{\"@id\":\"https:\/\/newsestlyonnais.fr\/site\/2018\/04\/02\/lyon-7-manifestations-prevues-du-3-au-5-avril-2018\/#primaryimage\"},\"thumbnailUrl\":\"https:\/\/newsestlyonnais.fr\/site\/wp-content\/uploads\/2016\/06\/NEWSESTLYONNAIS-LYON-PANNEAUP1100180.jpg\",\"datePublished\":\"2018-04-02T13:34:30+00:00\",\"dateModified\":\"2020-11-11T19:34:06+00:00\",\"description\":\"LYON 7\u00b0 : Les manifestations pr\u00e9vues du 3 au 5 avril 2018\",\"breadcrumb\":{\"@id\":\"https:\/\/newsestlyonnais.fr\/site\/2018\/04\/02\/lyon-7-manifestations-prevues-du-3-au-5-avril-2018\/#breadcrumb\"},\"inLanguage\":\"fr-FR\",\"potentialAction\":[{\"@type\":\"ReadAction\",\"target\":[\"https:\/\/newsestlyonnais.fr\/site\/2018\/04\/02\/lyon-7-manifestations-prevues-du-3-au-5-avril-2018\/\"]}]},{\"@type\":\"ImageObject\",\"inLanguage\":\"fr-FR\",\"@id\":\"https:\/\/newsestlyonnais.fr\/site\/2018\/04\/02\/lyon-7-manifestations-prevues-du-3-au-5-avril-2018\/#primaryimage\",\"url\":\"https:\/\/newsestlyonnais.fr\/site\/wp-content\/uploads\/2016\/06\/NEWSESTLYONNAIS-LYON-PANNEAUP1100180.jpg\",\"contentUrl\":\"https:\/\/newsestlyonnais.fr\/site\/wp-content\/uploads\/2016\/06\/NEWSESTLYONNAIS-LYON-PANNEAUP1100180.jpg\",\"width\":1000,\"height\":750,\"caption\":\"NEWSESTLYONNAIS - LYON PANNEAU\"},{\"@type\":\"BreadcrumbList\",\"@id\":\"https:\/\/newsestlyonnais.fr\/site\/2018\/04\/02\/lyon-7-manifestations-prevues-du-3-au-5-avril-2018\/#breadcrumb\",\"itemListElement\":[{\"@type\":\"ListItem\",\"position\":1,\"name\":\"Accueil\",\"item\":\"https:\/\/newsestlyonnais.fr\/site\/\"},{\"@type\":\"ListItem\",\"position\":2,\"name\":\"LYON 7 | Manifestations pr\u00e9vues du 3 au 5 avril 2018\"}]},{\"@type\":\"WebSite\",\"@id\":\"https:\/\/newsestlyonnais.fr\/site\/#website\",\"url\":\"https:\/\/newsestlyonnais.fr\/site\/\",\"name\":\"News Est Lyonnais\",\"description\":\"L&#039;actualit\u00e9 au plus pr\u00e8s\",\"publisher\":{\"@id\":\"https:\/\/newsestlyonnais.fr\/site\/#organization\"},\"potentialAction\":[{\"@type\":\"SearchAction\",\"target\":{\"@type\":\"EntryPoint\",\"urlTemplate\":\"https:\/\/newsestlyonnais.fr\/site\/?s={search_term_string}\"},\"query-input\":{\"@type\":\"PropertyValueSpecification\",\"valueRequired\":true,\"valueName\":\"search_term_string\"}}],\"inLanguage\":\"fr-FR\"},{\"@type\":\"Organization\",\"@id\":\"https:\/\/newsestlyonnais.fr\/site\/#organization\",\"name\":\"News EST LYONNAIS\",\"url\":\"https:\/\/newsestlyonnais.fr\/site\/\",\"logo\":{\"@type\":\"ImageObject\",\"inLanguage\":\"fr-FR\",\"@id\":\"https:\/\/newsestlyonnais.fr\/site\/#\/schema\/logo\/image\/\",\"url\":\"\",\"contentUrl\":\"\",\"caption\":\"News EST LYONNAIS\"},\"image\":{\"@id\":\"https:\/\/newsestlyonnais.fr\/site\/#\/schema\/logo\/image\/\"}},{\"@type\":\"Person\",\"@id\":\"https:\/\/newsestlyonnais.fr\/site\/#\/schema\/person\/3230d5615f390bb808365d673001e887\",\"name\":\"R\u00e9dac. NEWS\",\"sameAs\":[\"http:\/\/www.newsestlyonnais.fr\",\"https:\/\/www.facebook.com\/pascal.oberson.1?fref=ts\",\"https:\/\/fr.linkedin.com\/in\/pascal-oberson-b17045113\"],\"url\":\"https:\/\/newsestlyonnais.fr\/site\/author\/nel\/\"}]}<\/script>\n<!-- \/ Yoast SEO plugin. -->","yoast_head_json":{"title":"LYON 7\u00b0 : Les manifestations pr\u00e9vues du 3 au 5 avril 2018","description":"LYON 7\u00b0 : Les manifestations pr\u00e9vues du 3 au 5 avril 2018","robots":{"index":"index","follow":"follow","max-snippet":"max-snippet:-1","max-image-preview":"max-image-preview:large","max-video-preview":"max-video-preview:-1"},"canonical":"https:\/\/newsestlyonnais.fr\/site\/2018\/04\/02\/lyon-7-manifestations-prevues-du-3-au-5-avril-2018\/","og_locale":"fr_FR","og_type":"article","og_title":"LYON 7\u00b0 : Les manifestations pr\u00e9vues du 3 au 5 avril 2018","og_description":"LYON 7\u00b0 : Les manifestations pr\u00e9vues du 3 au 5 avril 2018","og_url":"https:\/\/newsestlyonnais.fr\/site\/2018\/04\/02\/lyon-7-manifestations-prevues-du-3-au-5-avril-2018\/","og_site_name":"News Est Lyonnais","article_author":"https:\/\/www.facebook.com\/pascal.oberson.1?fref=ts","article_published_time":"2018-04-02T13:34:30+00:00","article_modified_time":"2020-11-11T19:34:06+00:00","og_image":[{"width":1000,"height":750,"url":"https:\/\/i1.wp.com\/newsestlyonnais.fr\/site\/wp-content\/uploads\/2016\/06\/NEWSESTLYONNAIS-LYON-PANNEAUP1100180.jpg?fit=1000%2C750&ssl=1","type":"image\/jpeg"}],"author":"R\u00e9dac. NEWS","twitter_card":"summary_large_image","twitter_misc":{"\u00c9crit par":"R\u00e9dac. NEWS","Dur\u00e9e de lecture estim\u00e9e":"1 minute"},"schema":{"@context":"https:\/\/schema.org","@graph":[{"@type":"Article","@id":"https:\/\/newsestlyonnais.fr\/site\/2018\/04\/02\/lyon-7-manifestations-prevues-du-3-au-5-avril-2018\/#article","isPartOf":{"@id":"https:\/\/newsestlyonnais.fr\/site\/2018\/04\/02\/lyon-7-manifestations-prevues-du-3-au-5-avril-2018\/"},"author":{"name":"R\u00e9dac. NEWS","@id":"https:\/\/newsestlyonnais.fr\/site\/#\/schema\/person\/3230d5615f390bb808365d673001e887"},"headline":"LYON 7 | Manifestations pr\u00e9vues du 3 au 5 avril 2018","datePublished":"2018-04-02T13:34:30+00:00","dateModified":"2020-11-11T19:34:06+00:00","mainEntityOfPage":{"@id":"https:\/\/newsestlyonnais.fr\/site\/2018\/04\/02\/lyon-7-manifestations-prevues-du-3-au-5-avril-2018\/"},"wordCount":186,"commentCount":0,"publisher":{"@id":"https:\/\/newsestlyonnais.fr\/site\/#organization"},"image":{"@id":"https:\/\/newsestlyonnais.fr\/site\/2018\/04\/02\/lyon-7-manifestations-prevues-du-3-au-5-avril-2018\/#primaryimage"},"thumbnailUrl":"https:\/\/newsestlyonnais.fr\/site\/wp-content\/uploads\/2016\/06\/NEWSESTLYONNAIS-LYON-PANNEAUP1100180.jpg","articleSection":["Ev\u00e8nements divers","Lyon"],"inLanguage":"fr-FR","potentialAction":[{"@type":"CommentAction","name":"Comment","target":["https:\/\/newsestlyonnais.fr\/site\/2018\/04\/02\/lyon-7-manifestations-prevues-du-3-au-5-avril-2018\/#respond"]}]},{"@type":"WebPage","@id":"https:\/\/newsestlyonnais.fr\/site\/2018\/04\/02\/lyon-7-manifestations-prevues-du-3-au-5-avril-2018\/","url":"https:\/\/newsestlyonnais.fr\/site\/2018\/04\/02\/lyon-7-manifestations-prevues-du-3-au-5-avril-2018\/","name":"LYON 7\u00b0 : Les manifestations pr\u00e9vues du 3 au 5 avril 2018","isPartOf":{"@id":"https:\/\/newsestlyonnais.fr\/site\/#website"},"primaryImageOfPage":{"@id":"https:\/\/newsestlyonnais.fr\/site\/2018\/04\/02\/lyon-7-manifestations-prevues-du-3-au-5-avril-2018\/#primaryimage"},"image":{"@id":"https:\/\/newsestlyonnais.fr\/site\/2018\/04\/02\/lyon-7-manifestations-prevues-du-3-au-5-avril-2018\/#primaryimage"},"thumbnailUrl":"https:\/\/newsestlyonnais.fr\/site\/wp-content\/uploads\/2016\/06\/NEWSESTLYONNAIS-LYON-PANNEAUP1100180.jpg","datePublished":"2018-04-02T13:34:30+00:00","dateModified":"2020-11-11T19:34:06+00:00","description":"LYON 7\u00b0 : Les manifestations pr\u00e9vues du 3 au 5 avril 2018","breadcrumb":{"@id":"https:\/\/newsestlyonnais.fr\/site\/2018\/04\/02\/lyon-7-manifestations-prevues-du-3-au-5-avril-2018\/#breadcrumb"},"inLanguage":"fr-FR","potentialAction":[{"@type":"ReadAction","target":["https:\/\/newsestlyonnais.fr\/site\/2018\/04\/02\/lyon-7-manifestations-prevues-du-3-au-5-avril-2018\/"]}]},{"@type":"ImageObject","inLanguage":"fr-FR","@id":"https:\/\/newsestlyonnais.fr\/site\/2018\/04\/02\/lyon-7-manifestations-prevues-du-3-au-5-avril-2018\/#primaryimage","url":"https:\/\/newsestlyonnais.fr\/site\/wp-content\/uploads\/2016\/06\/NEWSESTLYONNAIS-LYON-PANNEAUP1100180.jpg","contentUrl":"https:\/\/newsestlyonnais.fr\/site\/wp-content\/uploads\/2016\/06\/NEWSESTLYONNAIS-LYON-PANNEAUP1100180.jpg","width":1000,"height":750,"caption":"NEWSESTLYONNAIS - LYON PANNEAU"},{"@type":"BreadcrumbList","@id":"https:\/\/newsestlyonnais.fr\/site\/2018\/04\/02\/lyon-7-manifestations-prevues-du-3-au-5-avril-2018\/#breadcrumb","itemListElement":[{"@type":"ListItem","position":1,"name":"Accueil","item":"https:\/\/newsestlyonnais.fr\/site\/"},{"@type":"ListItem","position":2,"name":"LYON 7 | Manifestations pr\u00e9vues du 3 au 5 avril 2018"}]},{"@type":"WebSite","@id":"https:\/\/newsestlyonnais.fr\/site\/#website","url":"https:\/\/newsestlyonnais.fr\/site\/","name":"News Est Lyonnais","description":"L&#039;actualit\u00e9 au plus pr\u00e8s","publisher":{"@id":"https:\/\/newsestlyonnais.fr\/site\/#organization"},"potentialAction":[{"@type":"SearchAction","target":{"@type":"EntryPoint","urlTemplate":"https:\/\/newsestlyonnais.fr\/site\/?s={search_term_string}"},"query-input":{"@type":"PropertyValueSpecification","valueRequired":true,"valueName":"search_term_string"}}],"inLanguage":"fr-FR"},{"@type":"Organization","@id":"https:\/\/newsestlyonnais.fr\/site\/#organization","name":"News EST LYONNAIS","url":"https:\/\/newsestlyonnais.fr\/site\/","logo":{"@type":"ImageObject","inLanguage":"fr-FR","@id":"https:\/\/newsestlyonnais.fr\/site\/#\/schema\/logo\/image\/","url":"","contentUrl":"","caption":"News EST LYONNAIS"},"image":{"@id":"https:\/\/newsestlyonnais.fr\/site\/#\/schema\/logo\/image\/"}},{"@type":"Person","@id":"https:\/\/newsestlyonnais.fr\/site\/#\/schema\/person\/3230d5615f390bb808365d673001e887","name":"R\u00e9dac. NEWS","sameAs":["http:\/\/www.newsestlyonnais.fr","https:\/\/www.facebook.com\/pascal.oberson.1?fref=ts","https:\/\/fr.linkedin.com\/in\/pascal-oberson-b17045113"],"url":"https:\/\/newsestlyonnais.fr\/site\/author\/nel\/"}]}},"_links":{"self":[{"href":"https:\/\/newsestlyonnais.fr\/site\/wp-json\/wp\/v2\/posts\/46799","targetHints":{"allow":["GET"]}}],"collection":[{"href":"https:\/\/newsestlyonnais.fr\/site\/wp-json\/wp\/v2\/posts"}],"about":[{"href":"https:\/\/newsestlyonnais.fr\/site\/wp-json\/wp\/v2\/types\/post"}],"author":[{"embeddable":true,"href":"https:\/\/newsestlyonnais.fr\/site\/wp-json\/wp\/v2\/users\/4"}],"replies":[{"embeddable":true,"href":"https:\/\/newsestlyonnais.fr\/site\/wp-json\/wp\/v2\/comments?post=46799"}],"version-history":[{"count":0,"href":"https:\/\/newsestlyonnais.fr\/site\/wp-json\/wp\/v2\/posts\/46799\/revisions"}],"wp:featuredmedia":[{"embeddable":true,"href":"https:\/\/newsestlyonnais.fr\/site\/wp-json\/wp\/v2\/media\/8840"}],"wp:attachment":[{"href":"https:\/\/newsestlyonnais.fr\/site\/wp-json\/wp\/v2\/media?parent=46799"}],"wp:term":[{"taxonomy":"category","embeddable":true,"href":"https:\/\/newsestlyonnais.fr\/site\/wp-json\/wp\/v2\/categories?post=46799"},{"taxonomy":"post_tag","embeddable":true,"href":"https:\/\/newsestlyonnais.fr\/site\/wp-json\/wp\/v2\/tags?post=46799"}],"curies":[{"name":"wp","href":"https:\/\/api.w.org\/{rel}","templated":true}]}}