{"id":46807,"date":"2018-04-02T20:04:39","date_gmt":"2018-04-02T19:04:39","guid":{"rendered":"http:\/\/newsestlyonnais.fr\/site\/?p=46807"},"modified":"2020-11-15T18:54:07","modified_gmt":"2020-11-15T17:54:07","slug":"genas-petanque-genassienne-sortie-de-coupe-de-france","status":"publish","type":"post","link":"https:\/\/newsestlyonnais.fr\/site\/2018\/04\/02\/genas-petanque-genassienne-sortie-de-coupe-de-france\/","title":{"rendered":"GENAS | La P\u00e9tanque Genassienne sortie de la Coupe de France"},"content":{"rendered":"<h4>La P\u00e9tanque Genassienne accueillait en ce lundi de P\u00e2ques, \u00e0 l&rsquo;Espace Marius Berliet, la formation beaujolaise de Clochemerle pour le compte du 1\u00b0 tour de la Coupe de France.<\/h4>\n<p>Une premi\u00e8re rencontre dans cette comp\u00e9tition malheureusement conclue par une d\u00e9faite (21\/10) apr\u00e8s avoir cependant remport\u00e9 2 parties en t\u00eate \u00e0 t\u00eate (sur 6), 2 sur 3 en doublettes mais perdu les 2 derni\u00e8res en triplettes. La formation genassienne \u00e9tait compos\u00e9e de Laure &amp; Eric Lecussan, Alexandre &amp; Jean-Philippe Glaudios, Philippe Boyer, S\u00e9bastien Perrier-David, Allan Cerdan, Loic Servage et Serge Giroud. <em><strong>Prochains concours<\/strong> <\/em>:<\/p>\n<ul>\n<li>Vendredi 13 avril : d\u00e9but des concours du vendredi<\/li>\n<li>Lundi 16 avril : d\u00e9but du But d&rsquo;Honneur<\/li>\n<li>Samedi 7 &amp; dimanche 8 avril : rencontres de championnat des clubs<\/li>\n<li>Samedi 2 juin : concours en t\u00eate \u00e0 t\u00eate et en doublettes<\/li>\n<li>samedi 30 juin : concours en doublettes promotion<\/li>\n<li>Samedi 25 Ao\u00fbt : concours en doublettes<\/li>\n<li>Samedi 1\u00b0 septembre: concours en triplettes<\/li>\n<\/ul>\n<div id='gallery-1' class='gallery galleryid-46807 gallery-columns-3 gallery-size-thumbnail'><figure class='gallery-item'>\n\t\t\t<div class='gallery-icon landscape'>\n\t\t\t\t<a href='https:\/\/newsestlyonnais.fr\/site\/2018\/04\/02\/genas-petanque-genassienne-sortie-de-coupe-de-france\/newsestlyonnais-np1260787\/'><img loading=\"lazy\" decoding=\"async\" width=\"150\" height=\"150\" src=\"https:\/\/newsestlyonnais.fr\/site\/wp-content\/uploads\/2018\/04\/NEWSESTLYONNAIS-nP1260787-150x150.jpg\" class=\"attachment-thumbnail size-thumbnail\" alt=\"\" aria-describedby=\"gallery-1-46823\" \/><\/a>\n\t\t\t<\/div>\n\t\t\t\t<figcaption class='wp-caption-text gallery-caption' id='gallery-1-46823'>\n\t\t\t\tLa formation de Clochemerle s&rsquo;est impos\u00e9e ce lundi \n\t\t\t\t<\/figcaption><\/figure><figure class='gallery-item'>\n\t\t\t<div class='gallery-icon landscape'>\n\t\t\t\t<a href='https:\/\/newsestlyonnais.fr\/site\/2018\/04\/02\/genas-petanque-genassienne-sortie-de-coupe-de-france\/newsestlyonnais-petanque-genas\/'><img loading=\"lazy\" decoding=\"async\" width=\"150\" height=\"150\" src=\"https:\/\/newsestlyonnais.fr\/site\/wp-content\/uploads\/2018\/04\/NEWSESTLYONNAIS-petanque-genas-150x150.jpg\" class=\"attachment-thumbnail size-thumbnail\" alt=\"NEWSESTLYONNAIS - petanque genas\" aria-describedby=\"gallery-1-46821\" \/><\/a>\n\t\t\t<\/div>\n\t\t\t\t<figcaption class='wp-caption-text gallery-caption' id='gallery-1-46821'>\n\t\t\t\tLa formation genassienne \n\t\t\t\t<\/figcaption><\/figure><figure class='gallery-item'>\n\t\t\t<div class='gallery-icon landscape'>\n\t\t\t\t<a href='https:\/\/newsestlyonnais.fr\/site\/2018\/04\/02\/genas-petanque-genassienne-sortie-de-coupe-de-france\/newsestly-pet-gen-cloche\/'><img loading=\"lazy\" decoding=\"async\" width=\"150\" height=\"150\" src=\"https:\/\/newsestlyonnais.fr\/site\/wp-content\/uploads\/2018\/04\/NEWSESTLY-PET-GEN-CLOCHE-150x150.jpg\" class=\"attachment-thumbnail size-thumbnail\" alt=\"NEWSESTLY PET GEN CLOCHE\" \/><\/a>\n\t\t\t<\/div><\/figure>\n\t\t<\/div>\n\n<p> \u00a0 \u00a0 \u00a0<\/p>\n","protected":false},"excerpt":{"rendered":"<p>La P\u00e9tanque Genassienne accueillait en ce lundi de P\u00e2ques, \u00e0 l&rsquo;Espace Marius Berliet, la formation beaujolaise de Clochemerle pour le compte du 1\u00b0 tour de la Coupe de France. Une premi\u00e8re rencontre dans cette comp\u00e9tition malheureusement conclue par une d\u00e9faite (21\/10) apr\u00e8s avoir cependant remport\u00e9 2 parties en t\u00eate \u00e0 t\u00eate (sur 6), 2 sur [&hellip;]<\/p>\n","protected":false},"author":4,"featured_media":46809,"comment_status":"open","ping_status":"open","sticky":false,"template":"","format":"standard","meta":{"footnotes":""},"categories":[2977,270,1598,2978],"tags":[],"class_list":["post-46807","post","type-post","status-publish","format-standard","has-post-thumbnail","hentry","category-boules-petanque-sports","category-cte-de-communes-c-c-e-l","category-genas","category-petanque-sports"],"yoast_head":"<!-- This site is optimized with the Yoast SEO plugin v27.2 - https:\/\/yoast.com\/product\/yoast-seo-wordpress\/ -->\n<title>GENAS : La P\u00e9tanque Genassienne sortie de la Coupe de France<\/title>\n<meta name=\"description\" content=\"GENAS : La P\u00e9tanque Genassienne sortie de la Coupe de France\" \/>\n<meta name=\"robots\" content=\"index, follow, max-snippet:-1, max-image-preview:large, max-video-preview:-1\" \/>\n<link rel=\"canonical\" href=\"https:\/\/newsestlyonnais.fr\/site\/2018\/04\/02\/genas-petanque-genassienne-sortie-de-coupe-de-france\/\" \/>\n<meta property=\"og:locale\" content=\"fr_FR\" \/>\n<meta property=\"og:type\" content=\"article\" \/>\n<meta property=\"og:title\" content=\"GENAS : La P\u00e9tanque Genassienne sortie de la Coupe de France\" \/>\n<meta property=\"og:description\" content=\"GENAS : La P\u00e9tanque Genassienne sortie de la Coupe de France\" \/>\n<meta property=\"og:url\" content=\"https:\/\/newsestlyonnais.fr\/site\/2018\/04\/02\/genas-petanque-genassienne-sortie-de-coupe-de-france\/\" \/>\n<meta property=\"og:site_name\" content=\"News Est Lyonnais\" \/>\n<meta property=\"article:author\" content=\"https:\/\/www.facebook.com\/pascal.oberson.1?fref=ts\" \/>\n<meta property=\"article:published_time\" content=\"2018-04-02T19:04:39+00:00\" \/>\n<meta property=\"article:modified_time\" content=\"2020-11-15T17:54:07+00:00\" \/>\n<meta property=\"og:image\" content=\"https:\/\/i0.wp.com\/newsestlyonnais.fr\/site\/wp-content\/uploads\/2018\/04\/NEWSESTLYONANIS-PETANQUE-GEN-CLOC.jpg?fit=2048%2C1536&ssl=1\" \/>\n\t<meta property=\"og:image:width\" content=\"2048\" \/>\n\t<meta property=\"og:image:height\" content=\"1536\" \/>\n\t<meta property=\"og:image:type\" content=\"image\/jpeg\" \/>\n<meta name=\"author\" content=\"R\u00e9dac. NEWS\" \/>\n<meta name=\"twitter:card\" content=\"summary_large_image\" \/>\n<meta name=\"twitter:label1\" content=\"\u00c9crit par\" \/>\n\t<meta name=\"twitter:data1\" content=\"R\u00e9dac. NEWS\" \/>\n\t<meta name=\"twitter:label2\" content=\"Dur\u00e9e de lecture estim\u00e9e\" \/>\n\t<meta name=\"twitter:data2\" content=\"1 minute\" \/>\n<script type=\"application\/ld+json\" class=\"yoast-schema-graph\">{\"@context\":\"https:\/\/schema.org\",\"@graph\":[{\"@type\":\"Article\",\"@id\":\"https:\/\/newsestlyonnais.fr\/site\/2018\/04\/02\/genas-petanque-genassienne-sortie-de-coupe-de-france\/#article\",\"isPartOf\":{\"@id\":\"https:\/\/newsestlyonnais.fr\/site\/2018\/04\/02\/genas-petanque-genassienne-sortie-de-coupe-de-france\/\"},\"author\":{\"name\":\"R\u00e9dac. NEWS\",\"@id\":\"https:\/\/newsestlyonnais.fr\/site\/#\/schema\/person\/3230d5615f390bb808365d673001e887\"},\"headline\":\"GENAS | La P\u00e9tanque Genassienne sortie de la Coupe de France\",\"datePublished\":\"2018-04-02T19:04:39+00:00\",\"dateModified\":\"2020-11-15T17:54:07+00:00\",\"mainEntityOfPage\":{\"@id\":\"https:\/\/newsestlyonnais.fr\/site\/2018\/04\/02\/genas-petanque-genassienne-sortie-de-coupe-de-france\/\"},\"wordCount\":163,\"commentCount\":1,\"publisher\":{\"@id\":\"https:\/\/newsestlyonnais.fr\/site\/#organization\"},\"image\":{\"@id\":\"https:\/\/newsestlyonnais.fr\/site\/2018\/04\/02\/genas-petanque-genassienne-sortie-de-coupe-de-france\/#primaryimage\"},\"thumbnailUrl\":\"https:\/\/newsestlyonnais.fr\/site\/wp-content\/uploads\/2018\/04\/NEWSESTLYONANIS-PETANQUE-GEN-CLOC.jpg\",\"articleSection\":[\"Boules | P\u00e9tanque\",\"CCEL | Communes\",\"Genas\",\"P\u00e9tanque\"],\"inLanguage\":\"fr-FR\",\"potentialAction\":[{\"@type\":\"CommentAction\",\"name\":\"Comment\",\"target\":[\"https:\/\/newsestlyonnais.fr\/site\/2018\/04\/02\/genas-petanque-genassienne-sortie-de-coupe-de-france\/#respond\"]}]},{\"@type\":\"WebPage\",\"@id\":\"https:\/\/newsestlyonnais.fr\/site\/2018\/04\/02\/genas-petanque-genassienne-sortie-de-coupe-de-france\/\",\"url\":\"https:\/\/newsestlyonnais.fr\/site\/2018\/04\/02\/genas-petanque-genassienne-sortie-de-coupe-de-france\/\",\"name\":\"GENAS : La P\u00e9tanque Genassienne sortie de la Coupe de France\",\"isPartOf\":{\"@id\":\"https:\/\/newsestlyonnais.fr\/site\/#website\"},\"primaryImageOfPage\":{\"@id\":\"https:\/\/newsestlyonnais.fr\/site\/2018\/04\/02\/genas-petanque-genassienne-sortie-de-coupe-de-france\/#primaryimage\"},\"image\":{\"@id\":\"https:\/\/newsestlyonnais.fr\/site\/2018\/04\/02\/genas-petanque-genassienne-sortie-de-coupe-de-france\/#primaryimage\"},\"thumbnailUrl\":\"https:\/\/newsestlyonnais.fr\/site\/wp-content\/uploads\/2018\/04\/NEWSESTLYONANIS-PETANQUE-GEN-CLOC.jpg\",\"datePublished\":\"2018-04-02T19:04:39+00:00\",\"dateModified\":\"2020-11-15T17:54:07+00:00\",\"description\":\"GENAS : La P\u00e9tanque Genassienne sortie de la Coupe de France\",\"breadcrumb\":{\"@id\":\"https:\/\/newsestlyonnais.fr\/site\/2018\/04\/02\/genas-petanque-genassienne-sortie-de-coupe-de-france\/#breadcrumb\"},\"inLanguage\":\"fr-FR\",\"potentialAction\":[{\"@type\":\"ReadAction\",\"target\":[\"https:\/\/newsestlyonnais.fr\/site\/2018\/04\/02\/genas-petanque-genassienne-sortie-de-coupe-de-france\/\"]}]},{\"@type\":\"ImageObject\",\"inLanguage\":\"fr-FR\",\"@id\":\"https:\/\/newsestlyonnais.fr\/site\/2018\/04\/02\/genas-petanque-genassienne-sortie-de-coupe-de-france\/#primaryimage\",\"url\":\"https:\/\/newsestlyonnais.fr\/site\/wp-content\/uploads\/2018\/04\/NEWSESTLYONANIS-PETANQUE-GEN-CLOC.jpg\",\"contentUrl\":\"https:\/\/newsestlyonnais.fr\/site\/wp-content\/uploads\/2018\/04\/NEWSESTLYONANIS-PETANQUE-GEN-CLOC.jpg\",\"width\":2048,\"height\":1536},{\"@type\":\"BreadcrumbList\",\"@id\":\"https:\/\/newsestlyonnais.fr\/site\/2018\/04\/02\/genas-petanque-genassienne-sortie-de-coupe-de-france\/#breadcrumb\",\"itemListElement\":[{\"@type\":\"ListItem\",\"position\":1,\"name\":\"Accueil\",\"item\":\"https:\/\/newsestlyonnais.fr\/site\/\"},{\"@type\":\"ListItem\",\"position\":2,\"name\":\"GENAS | La P\u00e9tanque Genassienne sortie de la Coupe de France\"}]},{\"@type\":\"WebSite\",\"@id\":\"https:\/\/newsestlyonnais.fr\/site\/#website\",\"url\":\"https:\/\/newsestlyonnais.fr\/site\/\",\"name\":\"News Est Lyonnais\",\"description\":\"L&#039;actualit\u00e9 au plus pr\u00e8s\",\"publisher\":{\"@id\":\"https:\/\/newsestlyonnais.fr\/site\/#organization\"},\"potentialAction\":[{\"@type\":\"SearchAction\",\"target\":{\"@type\":\"EntryPoint\",\"urlTemplate\":\"https:\/\/newsestlyonnais.fr\/site\/?s={search_term_string}\"},\"query-input\":{\"@type\":\"PropertyValueSpecification\",\"valueRequired\":true,\"valueName\":\"search_term_string\"}}],\"inLanguage\":\"fr-FR\"},{\"@type\":\"Organization\",\"@id\":\"https:\/\/newsestlyonnais.fr\/site\/#organization\",\"name\":\"News EST LYONNAIS\",\"url\":\"https:\/\/newsestlyonnais.fr\/site\/\",\"logo\":{\"@type\":\"ImageObject\",\"inLanguage\":\"fr-FR\",\"@id\":\"https:\/\/newsestlyonnais.fr\/site\/#\/schema\/logo\/image\/\",\"url\":\"\",\"contentUrl\":\"\",\"caption\":\"News EST LYONNAIS\"},\"image\":{\"@id\":\"https:\/\/newsestlyonnais.fr\/site\/#\/schema\/logo\/image\/\"}},{\"@type\":\"Person\",\"@id\":\"https:\/\/newsestlyonnais.fr\/site\/#\/schema\/person\/3230d5615f390bb808365d673001e887\",\"name\":\"R\u00e9dac. NEWS\",\"sameAs\":[\"http:\/\/www.newsestlyonnais.fr\",\"https:\/\/www.facebook.com\/pascal.oberson.1?fref=ts\",\"https:\/\/fr.linkedin.com\/in\/pascal-oberson-b17045113\"],\"url\":\"https:\/\/newsestlyonnais.fr\/site\/author\/nel\/\"}]}<\/script>\n<!-- \/ Yoast SEO plugin. -->","yoast_head_json":{"title":"GENAS : La P\u00e9tanque Genassienne sortie de la Coupe de France","description":"GENAS : La P\u00e9tanque Genassienne sortie de la Coupe de France","robots":{"index":"index","follow":"follow","max-snippet":"max-snippet:-1","max-image-preview":"max-image-preview:large","max-video-preview":"max-video-preview:-1"},"canonical":"https:\/\/newsestlyonnais.fr\/site\/2018\/04\/02\/genas-petanque-genassienne-sortie-de-coupe-de-france\/","og_locale":"fr_FR","og_type":"article","og_title":"GENAS : La P\u00e9tanque Genassienne sortie de la Coupe de France","og_description":"GENAS : La P\u00e9tanque Genassienne sortie de la Coupe de France","og_url":"https:\/\/newsestlyonnais.fr\/site\/2018\/04\/02\/genas-petanque-genassienne-sortie-de-coupe-de-france\/","og_site_name":"News Est Lyonnais","article_author":"https:\/\/www.facebook.com\/pascal.oberson.1?fref=ts","article_published_time":"2018-04-02T19:04:39+00:00","article_modified_time":"2020-11-15T17:54:07+00:00","og_image":[{"width":2048,"height":1536,"url":"https:\/\/i0.wp.com\/newsestlyonnais.fr\/site\/wp-content\/uploads\/2018\/04\/NEWSESTLYONANIS-PETANQUE-GEN-CLOC.jpg?fit=2048%2C1536&ssl=1","type":"image\/jpeg"}],"author":"R\u00e9dac. NEWS","twitter_card":"summary_large_image","twitter_misc":{"\u00c9crit par":"R\u00e9dac. NEWS","Dur\u00e9e de lecture estim\u00e9e":"1 minute"},"schema":{"@context":"https:\/\/schema.org","@graph":[{"@type":"Article","@id":"https:\/\/newsestlyonnais.fr\/site\/2018\/04\/02\/genas-petanque-genassienne-sortie-de-coupe-de-france\/#article","isPartOf":{"@id":"https:\/\/newsestlyonnais.fr\/site\/2018\/04\/02\/genas-petanque-genassienne-sortie-de-coupe-de-france\/"},"author":{"name":"R\u00e9dac. NEWS","@id":"https:\/\/newsestlyonnais.fr\/site\/#\/schema\/person\/3230d5615f390bb808365d673001e887"},"headline":"GENAS | La P\u00e9tanque Genassienne sortie de la Coupe de France","datePublished":"2018-04-02T19:04:39+00:00","dateModified":"2020-11-15T17:54:07+00:00","mainEntityOfPage":{"@id":"https:\/\/newsestlyonnais.fr\/site\/2018\/04\/02\/genas-petanque-genassienne-sortie-de-coupe-de-france\/"},"wordCount":163,"commentCount":1,"publisher":{"@id":"https:\/\/newsestlyonnais.fr\/site\/#organization"},"image":{"@id":"https:\/\/newsestlyonnais.fr\/site\/2018\/04\/02\/genas-petanque-genassienne-sortie-de-coupe-de-france\/#primaryimage"},"thumbnailUrl":"https:\/\/newsestlyonnais.fr\/site\/wp-content\/uploads\/2018\/04\/NEWSESTLYONANIS-PETANQUE-GEN-CLOC.jpg","articleSection":["Boules | P\u00e9tanque","CCEL | Communes","Genas","P\u00e9tanque"],"inLanguage":"fr-FR","potentialAction":[{"@type":"CommentAction","name":"Comment","target":["https:\/\/newsestlyonnais.fr\/site\/2018\/04\/02\/genas-petanque-genassienne-sortie-de-coupe-de-france\/#respond"]}]},{"@type":"WebPage","@id":"https:\/\/newsestlyonnais.fr\/site\/2018\/04\/02\/genas-petanque-genassienne-sortie-de-coupe-de-france\/","url":"https:\/\/newsestlyonnais.fr\/site\/2018\/04\/02\/genas-petanque-genassienne-sortie-de-coupe-de-france\/","name":"GENAS : La P\u00e9tanque Genassienne sortie de la Coupe de France","isPartOf":{"@id":"https:\/\/newsestlyonnais.fr\/site\/#website"},"primaryImageOfPage":{"@id":"https:\/\/newsestlyonnais.fr\/site\/2018\/04\/02\/genas-petanque-genassienne-sortie-de-coupe-de-france\/#primaryimage"},"image":{"@id":"https:\/\/newsestlyonnais.fr\/site\/2018\/04\/02\/genas-petanque-genassienne-sortie-de-coupe-de-france\/#primaryimage"},"thumbnailUrl":"https:\/\/newsestlyonnais.fr\/site\/wp-content\/uploads\/2018\/04\/NEWSESTLYONANIS-PETANQUE-GEN-CLOC.jpg","datePublished":"2018-04-02T19:04:39+00:00","dateModified":"2020-11-15T17:54:07+00:00","description":"GENAS : La P\u00e9tanque Genassienne sortie de la Coupe de France","breadcrumb":{"@id":"https:\/\/newsestlyonnais.fr\/site\/2018\/04\/02\/genas-petanque-genassienne-sortie-de-coupe-de-france\/#breadcrumb"},"inLanguage":"fr-FR","potentialAction":[{"@type":"ReadAction","target":["https:\/\/newsestlyonnais.fr\/site\/2018\/04\/02\/genas-petanque-genassienne-sortie-de-coupe-de-france\/"]}]},{"@type":"ImageObject","inLanguage":"fr-FR","@id":"https:\/\/newsestlyonnais.fr\/site\/2018\/04\/02\/genas-petanque-genassienne-sortie-de-coupe-de-france\/#primaryimage","url":"https:\/\/newsestlyonnais.fr\/site\/wp-content\/uploads\/2018\/04\/NEWSESTLYONANIS-PETANQUE-GEN-CLOC.jpg","contentUrl":"https:\/\/newsestlyonnais.fr\/site\/wp-content\/uploads\/2018\/04\/NEWSESTLYONANIS-PETANQUE-GEN-CLOC.jpg","width":2048,"height":1536},{"@type":"BreadcrumbList","@id":"https:\/\/newsestlyonnais.fr\/site\/2018\/04\/02\/genas-petanque-genassienne-sortie-de-coupe-de-france\/#breadcrumb","itemListElement":[{"@type":"ListItem","position":1,"name":"Accueil","item":"https:\/\/newsestlyonnais.fr\/site\/"},{"@type":"ListItem","position":2,"name":"GENAS | La P\u00e9tanque Genassienne sortie de la Coupe de France"}]},{"@type":"WebSite","@id":"https:\/\/newsestlyonnais.fr\/site\/#website","url":"https:\/\/newsestlyonnais.fr\/site\/","name":"News Est Lyonnais","description":"L&#039;actualit\u00e9 au plus pr\u00e8s","publisher":{"@id":"https:\/\/newsestlyonnais.fr\/site\/#organization"},"potentialAction":[{"@type":"SearchAction","target":{"@type":"EntryPoint","urlTemplate":"https:\/\/newsestlyonnais.fr\/site\/?s={search_term_string}"},"query-input":{"@type":"PropertyValueSpecification","valueRequired":true,"valueName":"search_term_string"}}],"inLanguage":"fr-FR"},{"@type":"Organization","@id":"https:\/\/newsestlyonnais.fr\/site\/#organization","name":"News EST LYONNAIS","url":"https:\/\/newsestlyonnais.fr\/site\/","logo":{"@type":"ImageObject","inLanguage":"fr-FR","@id":"https:\/\/newsestlyonnais.fr\/site\/#\/schema\/logo\/image\/","url":"","contentUrl":"","caption":"News EST LYONNAIS"},"image":{"@id":"https:\/\/newsestlyonnais.fr\/site\/#\/schema\/logo\/image\/"}},{"@type":"Person","@id":"https:\/\/newsestlyonnais.fr\/site\/#\/schema\/person\/3230d5615f390bb808365d673001e887","name":"R\u00e9dac. NEWS","sameAs":["http:\/\/www.newsestlyonnais.fr","https:\/\/www.facebook.com\/pascal.oberson.1?fref=ts","https:\/\/fr.linkedin.com\/in\/pascal-oberson-b17045113"],"url":"https:\/\/newsestlyonnais.fr\/site\/author\/nel\/"}]}},"_links":{"self":[{"href":"https:\/\/newsestlyonnais.fr\/site\/wp-json\/wp\/v2\/posts\/46807","targetHints":{"allow":["GET"]}}],"collection":[{"href":"https:\/\/newsestlyonnais.fr\/site\/wp-json\/wp\/v2\/posts"}],"about":[{"href":"https:\/\/newsestlyonnais.fr\/site\/wp-json\/wp\/v2\/types\/post"}],"author":[{"embeddable":true,"href":"https:\/\/newsestlyonnais.fr\/site\/wp-json\/wp\/v2\/users\/4"}],"replies":[{"embeddable":true,"href":"https:\/\/newsestlyonnais.fr\/site\/wp-json\/wp\/v2\/comments?post=46807"}],"version-history":[{"count":0,"href":"https:\/\/newsestlyonnais.fr\/site\/wp-json\/wp\/v2\/posts\/46807\/revisions"}],"wp:featuredmedia":[{"embeddable":true,"href":"https:\/\/newsestlyonnais.fr\/site\/wp-json\/wp\/v2\/media\/46809"}],"wp:attachment":[{"href":"https:\/\/newsestlyonnais.fr\/site\/wp-json\/wp\/v2\/media?parent=46807"}],"wp:term":[{"taxonomy":"category","embeddable":true,"href":"https:\/\/newsestlyonnais.fr\/site\/wp-json\/wp\/v2\/categories?post=46807"},{"taxonomy":"post_tag","embeddable":true,"href":"https:\/\/newsestlyonnais.fr\/site\/wp-json\/wp\/v2\/tags?post=46807"}],"curies":[{"name":"wp","href":"https:\/\/api.w.org\/{rel}","templated":true}]}}