{"id":46922,"date":"2018-04-05T07:50:10","date_gmt":"2018-04-05T06:50:10","guid":{"rendered":"http:\/\/newsestlyonnais.fr\/site\/?p=46922"},"modified":"2018-04-05T07:50:10","modified_gmt":"2018-04-05T06:50:10","slug":"decines-les-prochains-evenements-sur-la-commune","status":"publish","type":"post","link":"https:\/\/newsestlyonnais.fr\/site\/2018\/04\/05\/decines-les-prochains-evenements-sur-la-commune\/","title":{"rendered":"DECINES : Les prochains \u00e9v\u00e8nements sur la commune"},"content":{"rendered":"<h4>Plusieurs \u00e9v\u00e8nements et manifestations sont pr\u00e9vus sur la commune d\u00e9cinoise dans les prochains jours, \u00e0 savoir :<\/h4>\n<ul>\n<li><strong>Samedi 7 &amp; dimanche 8 Avril<\/strong> : <span style=\"text-decoration: underline\">Festival BD<\/span> , plus d&rsquo;infos sur : <a href=\"http:\/\/www.bdecines.org\/festival\/pratique\" target=\"_blank\" rel=\"noopener\">http:\/\/www.bdecines.org\/festival\/pratique<\/a><\/li>\n<li><strong>Dimanche 8 avril<\/strong> : <span style=\"text-decoration: underline\">19\u00b0 DECI Jogg<\/span> . Inscriptions encore possibles sur : <a href=\"http:\/\/www.decijogg.com\" target=\"_blank\" rel=\"noopener\">http:\/\/www.decijogg.com<\/a><\/li>\n<li><strong>Mercredi 11 avril :<\/strong> <span style=\"text-decoration: underline\">Journ\u00e9e des Jobs d&rsquo;Et\u00e9<\/span><\/li>\n<li><strong>Samedi 28 avril<\/strong> : <span style=\"text-decoration: underline\">Faites de la Propret\u00e9<\/span><\/li>\n<\/ul>\n<p><em><strong>Plus d&rsquo;infos sur : <a href=\"http:\/\/www.decines.fr\" target=\"_blank\" rel=\"noopener\">http:\/\/www.decines.fr<\/a><\/strong><\/em><\/p>\n<ul>\n<li>\u00a0Retrouvez ci-dessous, les affiches correspondant \u00e0 ces \u00e9v\u00e8nements.<\/li>\n<\/ul>\n<div id='gallery-1' class='gallery galleryid-46922 gallery-columns-3 gallery-size-thumbnail'><figure class='gallery-item'>\n\t\t\t<div class='gallery-icon landscape'>\n\t\t\t\t<a href='https:\/\/newsestlyonnais.fr\/site\/newsestlyonnais-bd-decines\/'><img loading=\"lazy\" decoding=\"async\" width=\"150\" height=\"150\" src=\"https:\/\/newsestlyonnais.fr\/site\/wp-content\/uploads\/2017\/12\/NEWSESTLYONNAIS-BD-DECINES-150x150.jpg\" class=\"attachment-thumbnail size-thumbnail\" alt=\"NEWSESTLYONNAIS - BD DECINES\" aria-describedby=\"gallery-1-40179\" \/><\/a>\n\t\t\t<\/div>\n\t\t\t\t<figcaption class='wp-caption-text gallery-caption' id='gallery-1-40179'>\n\t\t\t\t       FESTIVAL BD \n\t\t\t\t<\/figcaption><\/figure><figure class='gallery-item'>\n\t\t\t<div class='gallery-icon portrait'>\n\t\t\t\t<a href='https:\/\/newsestlyonnais.fr\/site\/newsestlyonnais-deci-jogg-2018\/'><img loading=\"lazy\" decoding=\"async\" width=\"150\" height=\"150\" src=\"https:\/\/newsestlyonnais.fr\/site\/wp-content\/uploads\/2017\/11\/NEWSESTLYONNAIS-DECI-JOGG-2018-150x150.png\" class=\"attachment-thumbnail size-thumbnail\" alt=\"NEWSESTLYONNAIS - DECI JOGG 2018\" aria-describedby=\"gallery-1-38775\" \/><\/a>\n\t\t\t<\/div>\n\t\t\t\t<figcaption class='wp-caption-text gallery-caption' id='gallery-1-38775'>\n\t\t\t\t          Le DECI JOGG\n\t\t\t\t<\/figcaption><\/figure><figure class='gallery-item'>\n\t\t\t<div class='gallery-icon landscape'>\n\t\t\t\t<a href='https:\/\/newsestlyonnais.fr\/site\/newsestlyonnais-decines-faites-proprete\/'><img loading=\"lazy\" decoding=\"async\" width=\"150\" height=\"150\" src=\"https:\/\/newsestlyonnais.fr\/site\/wp-content\/uploads\/2018\/03\/NEWSESTLYONNAIS-DECINES-FAITES-PROPRETE-150x150.jpg\" class=\"attachment-thumbnail size-thumbnail\" alt=\"NEWSESTLYONNAIS DECINES FAITES PROPRETE\" aria-describedby=\"gallery-1-46474\" \/><\/a>\n\t\t\t<\/div>\n\t\t\t\t<figcaption class='wp-caption-text gallery-caption' id='gallery-1-46474'>\n\t\t\t\tFAITES DE LA PROPRETE\n\t\t\t\t<\/figcaption><\/figure><figure class='gallery-item'>\n\t\t\t<div class='gallery-icon portrait'>\n\t\t\t\t<a href='https:\/\/newsestlyonnais.fr\/site\/2018\/04\/05\/decines-les-prochains-evenements-sur-la-commune\/newsestlyonnais-jour-jobs-ete\/'><img loading=\"lazy\" decoding=\"async\" width=\"150\" height=\"150\" src=\"https:\/\/newsestlyonnais.fr\/site\/wp-content\/uploads\/2018\/04\/NEWSESTLYONNAIS-JOUR-JOBS-ETE-150x150.jpg\" class=\"attachment-thumbnail size-thumbnail\" alt=\"NEWSESTLYONNAIS JOUR JOBS ETE\" aria-describedby=\"gallery-1-46927\" \/><\/a>\n\t\t\t<\/div>\n\t\t\t\t<figcaption class='wp-caption-text gallery-caption' id='gallery-1-46927'>\n\t\t\t\t JOURNEE JOBS D&rsquo;ETE\n\t\t\t\t<\/figcaption><\/figure>\n\t\t<\/div>\n\n","protected":false},"excerpt":{"rendered":"<p>Plusieurs \u00e9v\u00e8nements et manifestations sont pr\u00e9vus sur la commune d\u00e9cinoise dans les prochains jours, \u00e0 savoir : Samedi 7 &amp; dimanche 8 Avril : Festival BD , plus d&rsquo;infos sur : http:\/\/www.bdecines.org\/festival\/pratique Dimanche 8 avril : 19\u00b0 DECI Jogg . Inscriptions encore possibles sur : http:\/\/www.decijogg.com Mercredi 11 avril : Journ\u00e9e des Jobs d&rsquo;Et\u00e9 Samedi [&hellip;]<\/p>\n","protected":false},"author":4,"featured_media":19299,"comment_status":"open","ping_status":"open","sticky":false,"template":"","format":"standard","meta":{"footnotes":""},"categories":[30],"tags":[],"class_list":["post-46922","post","type-post","status-publish","format-standard","has-post-thumbnail","hentry","category-a-la-une"],"yoast_head":"<!-- This site is optimized with the Yoast SEO plugin v27.2 - https:\/\/yoast.com\/product\/yoast-seo-wordpress\/ -->\n<title>DECINES : Les prochains \u00e9v\u00e8nements sur la commune<\/title>\n<meta name=\"description\" content=\"DECINES : Les prochains \u00e9v\u00e8nements sur la commune\" \/>\n<meta name=\"robots\" content=\"index, follow, max-snippet:-1, max-image-preview:large, max-video-preview:-1\" \/>\n<link rel=\"canonical\" href=\"https:\/\/newsestlyonnais.fr\/site\/2018\/04\/05\/decines-les-prochains-evenements-sur-la-commune\/\" \/>\n<meta property=\"og:locale\" content=\"fr_FR\" \/>\n<meta property=\"og:type\" content=\"article\" \/>\n<meta property=\"og:title\" content=\"DECINES : Les prochains \u00e9v\u00e8nements sur la commune\" \/>\n<meta property=\"og:description\" content=\"DECINES : Les prochains \u00e9v\u00e8nements sur la commune\" \/>\n<meta property=\"og:url\" content=\"https:\/\/newsestlyonnais.fr\/site\/2018\/04\/05\/decines-les-prochains-evenements-sur-la-commune\/\" \/>\n<meta property=\"og:site_name\" content=\"News Est Lyonnais\" \/>\n<meta property=\"article:author\" content=\"https:\/\/www.facebook.com\/pascal.oberson.1?fref=ts\" \/>\n<meta property=\"article:published_time\" content=\"2018-04-05T06:50:10+00:00\" \/>\n<meta property=\"og:image\" content=\"https:\/\/i2.wp.com\/newsestlyonnais.fr\/site\/wp-content\/uploads\/2017\/01\/NEWSESTLYONNAIS-GD-PANNEAU-DECINES.jpg?fit=1000%2C750&ssl=1\" \/>\n\t<meta property=\"og:image:width\" content=\"1000\" \/>\n\t<meta property=\"og:image:height\" content=\"750\" \/>\n\t<meta property=\"og:image:type\" content=\"image\/jpeg\" \/>\n<meta name=\"author\" content=\"R\u00e9dac. NEWS\" \/>\n<meta name=\"twitter:card\" content=\"summary_large_image\" \/>\n<meta name=\"twitter:label1\" content=\"\u00c9crit par\" \/>\n\t<meta name=\"twitter:data1\" content=\"R\u00e9dac. NEWS\" \/>\n<script type=\"application\/ld+json\" class=\"yoast-schema-graph\">{\"@context\":\"https:\/\/schema.org\",\"@graph\":[{\"@type\":\"Article\",\"@id\":\"https:\/\/newsestlyonnais.fr\/site\/2018\/04\/05\/decines-les-prochains-evenements-sur-la-commune\/#article\",\"isPartOf\":{\"@id\":\"https:\/\/newsestlyonnais.fr\/site\/2018\/04\/05\/decines-les-prochains-evenements-sur-la-commune\/\"},\"author\":{\"name\":\"R\u00e9dac. NEWS\",\"@id\":\"https:\/\/newsestlyonnais.fr\/site\/#\/schema\/person\/3230d5615f390bb808365d673001e887\"},\"headline\":\"DECINES : Les prochains \u00e9v\u00e8nements sur la commune\",\"datePublished\":\"2018-04-05T06:50:10+00:00\",\"mainEntityOfPage\":{\"@id\":\"https:\/\/newsestlyonnais.fr\/site\/2018\/04\/05\/decines-les-prochains-evenements-sur-la-commune\/\"},\"wordCount\":88,\"commentCount\":0,\"publisher\":{\"@id\":\"https:\/\/newsestlyonnais.fr\/site\/#organization\"},\"image\":{\"@id\":\"https:\/\/newsestlyonnais.fr\/site\/2018\/04\/05\/decines-les-prochains-evenements-sur-la-commune\/#primaryimage\"},\"thumbnailUrl\":\"https:\/\/newsestlyonnais.fr\/site\/wp-content\/uploads\/2017\/01\/NEWSESTLYONNAIS-GD-PANNEAU-DECINES.jpg\",\"articleSection\":[\"\u00e0 la une\"],\"inLanguage\":\"fr-FR\",\"potentialAction\":[{\"@type\":\"CommentAction\",\"name\":\"Comment\",\"target\":[\"https:\/\/newsestlyonnais.fr\/site\/2018\/04\/05\/decines-les-prochains-evenements-sur-la-commune\/#respond\"]}]},{\"@type\":\"WebPage\",\"@id\":\"https:\/\/newsestlyonnais.fr\/site\/2018\/04\/05\/decines-les-prochains-evenements-sur-la-commune\/\",\"url\":\"https:\/\/newsestlyonnais.fr\/site\/2018\/04\/05\/decines-les-prochains-evenements-sur-la-commune\/\",\"name\":\"DECINES : Les prochains \u00e9v\u00e8nements sur la commune\",\"isPartOf\":{\"@id\":\"https:\/\/newsestlyonnais.fr\/site\/#website\"},\"primaryImageOfPage\":{\"@id\":\"https:\/\/newsestlyonnais.fr\/site\/2018\/04\/05\/decines-les-prochains-evenements-sur-la-commune\/#primaryimage\"},\"image\":{\"@id\":\"https:\/\/newsestlyonnais.fr\/site\/2018\/04\/05\/decines-les-prochains-evenements-sur-la-commune\/#primaryimage\"},\"thumbnailUrl\":\"https:\/\/newsestlyonnais.fr\/site\/wp-content\/uploads\/2017\/01\/NEWSESTLYONNAIS-GD-PANNEAU-DECINES.jpg\",\"datePublished\":\"2018-04-05T06:50:10+00:00\",\"description\":\"DECINES : Les prochains \u00e9v\u00e8nements sur la commune\",\"breadcrumb\":{\"@id\":\"https:\/\/newsestlyonnais.fr\/site\/2018\/04\/05\/decines-les-prochains-evenements-sur-la-commune\/#breadcrumb\"},\"inLanguage\":\"fr-FR\",\"potentialAction\":[{\"@type\":\"ReadAction\",\"target\":[\"https:\/\/newsestlyonnais.fr\/site\/2018\/04\/05\/decines-les-prochains-evenements-sur-la-commune\/\"]}]},{\"@type\":\"ImageObject\",\"inLanguage\":\"fr-FR\",\"@id\":\"https:\/\/newsestlyonnais.fr\/site\/2018\/04\/05\/decines-les-prochains-evenements-sur-la-commune\/#primaryimage\",\"url\":\"https:\/\/newsestlyonnais.fr\/site\/wp-content\/uploads\/2017\/01\/NEWSESTLYONNAIS-GD-PANNEAU-DECINES.jpg\",\"contentUrl\":\"https:\/\/newsestlyonnais.fr\/site\/wp-content\/uploads\/2017\/01\/NEWSESTLYONNAIS-GD-PANNEAU-DECINES.jpg\",\"width\":1000,\"height\":750,\"caption\":\"NEWSESTLYONNAIS GD PANNEAU DECINES\"},{\"@type\":\"BreadcrumbList\",\"@id\":\"https:\/\/newsestlyonnais.fr\/site\/2018\/04\/05\/decines-les-prochains-evenements-sur-la-commune\/#breadcrumb\",\"itemListElement\":[{\"@type\":\"ListItem\",\"position\":1,\"name\":\"Accueil\",\"item\":\"https:\/\/newsestlyonnais.fr\/site\/\"},{\"@type\":\"ListItem\",\"position\":2,\"name\":\"DECINES : Les prochains \u00e9v\u00e8nements sur la commune\"}]},{\"@type\":\"WebSite\",\"@id\":\"https:\/\/newsestlyonnais.fr\/site\/#website\",\"url\":\"https:\/\/newsestlyonnais.fr\/site\/\",\"name\":\"News Est Lyonnais\",\"description\":\"L&#039;actualit\u00e9 au plus pr\u00e8s\",\"publisher\":{\"@id\":\"https:\/\/newsestlyonnais.fr\/site\/#organization\"},\"potentialAction\":[{\"@type\":\"SearchAction\",\"target\":{\"@type\":\"EntryPoint\",\"urlTemplate\":\"https:\/\/newsestlyonnais.fr\/site\/?s={search_term_string}\"},\"query-input\":{\"@type\":\"PropertyValueSpecification\",\"valueRequired\":true,\"valueName\":\"search_term_string\"}}],\"inLanguage\":\"fr-FR\"},{\"@type\":\"Organization\",\"@id\":\"https:\/\/newsestlyonnais.fr\/site\/#organization\",\"name\":\"News EST LYONNAIS\",\"url\":\"https:\/\/newsestlyonnais.fr\/site\/\",\"logo\":{\"@type\":\"ImageObject\",\"inLanguage\":\"fr-FR\",\"@id\":\"https:\/\/newsestlyonnais.fr\/site\/#\/schema\/logo\/image\/\",\"url\":\"\",\"contentUrl\":\"\",\"caption\":\"News EST LYONNAIS\"},\"image\":{\"@id\":\"https:\/\/newsestlyonnais.fr\/site\/#\/schema\/logo\/image\/\"}},{\"@type\":\"Person\",\"@id\":\"https:\/\/newsestlyonnais.fr\/site\/#\/schema\/person\/3230d5615f390bb808365d673001e887\",\"name\":\"R\u00e9dac. NEWS\",\"sameAs\":[\"http:\/\/www.newsestlyonnais.fr\",\"https:\/\/www.facebook.com\/pascal.oberson.1?fref=ts\",\"https:\/\/fr.linkedin.com\/in\/pascal-oberson-b17045113\"],\"url\":\"https:\/\/newsestlyonnais.fr\/site\/author\/nel\/\"}]}<\/script>\n<!-- \/ Yoast SEO plugin. -->","yoast_head_json":{"title":"DECINES : Les prochains \u00e9v\u00e8nements sur la commune","description":"DECINES : Les prochains \u00e9v\u00e8nements sur la commune","robots":{"index":"index","follow":"follow","max-snippet":"max-snippet:-1","max-image-preview":"max-image-preview:large","max-video-preview":"max-video-preview:-1"},"canonical":"https:\/\/newsestlyonnais.fr\/site\/2018\/04\/05\/decines-les-prochains-evenements-sur-la-commune\/","og_locale":"fr_FR","og_type":"article","og_title":"DECINES : Les prochains \u00e9v\u00e8nements sur la commune","og_description":"DECINES : Les prochains \u00e9v\u00e8nements sur la commune","og_url":"https:\/\/newsestlyonnais.fr\/site\/2018\/04\/05\/decines-les-prochains-evenements-sur-la-commune\/","og_site_name":"News Est Lyonnais","article_author":"https:\/\/www.facebook.com\/pascal.oberson.1?fref=ts","article_published_time":"2018-04-05T06:50:10+00:00","og_image":[{"width":1000,"height":750,"url":"https:\/\/i2.wp.com\/newsestlyonnais.fr\/site\/wp-content\/uploads\/2017\/01\/NEWSESTLYONNAIS-GD-PANNEAU-DECINES.jpg?fit=1000%2C750&ssl=1","type":"image\/jpeg"}],"author":"R\u00e9dac. NEWS","twitter_card":"summary_large_image","twitter_misc":{"\u00c9crit par":"R\u00e9dac. NEWS"},"schema":{"@context":"https:\/\/schema.org","@graph":[{"@type":"Article","@id":"https:\/\/newsestlyonnais.fr\/site\/2018\/04\/05\/decines-les-prochains-evenements-sur-la-commune\/#article","isPartOf":{"@id":"https:\/\/newsestlyonnais.fr\/site\/2018\/04\/05\/decines-les-prochains-evenements-sur-la-commune\/"},"author":{"name":"R\u00e9dac. NEWS","@id":"https:\/\/newsestlyonnais.fr\/site\/#\/schema\/person\/3230d5615f390bb808365d673001e887"},"headline":"DECINES : Les prochains \u00e9v\u00e8nements sur la commune","datePublished":"2018-04-05T06:50:10+00:00","mainEntityOfPage":{"@id":"https:\/\/newsestlyonnais.fr\/site\/2018\/04\/05\/decines-les-prochains-evenements-sur-la-commune\/"},"wordCount":88,"commentCount":0,"publisher":{"@id":"https:\/\/newsestlyonnais.fr\/site\/#organization"},"image":{"@id":"https:\/\/newsestlyonnais.fr\/site\/2018\/04\/05\/decines-les-prochains-evenements-sur-la-commune\/#primaryimage"},"thumbnailUrl":"https:\/\/newsestlyonnais.fr\/site\/wp-content\/uploads\/2017\/01\/NEWSESTLYONNAIS-GD-PANNEAU-DECINES.jpg","articleSection":["\u00e0 la une"],"inLanguage":"fr-FR","potentialAction":[{"@type":"CommentAction","name":"Comment","target":["https:\/\/newsestlyonnais.fr\/site\/2018\/04\/05\/decines-les-prochains-evenements-sur-la-commune\/#respond"]}]},{"@type":"WebPage","@id":"https:\/\/newsestlyonnais.fr\/site\/2018\/04\/05\/decines-les-prochains-evenements-sur-la-commune\/","url":"https:\/\/newsestlyonnais.fr\/site\/2018\/04\/05\/decines-les-prochains-evenements-sur-la-commune\/","name":"DECINES : Les prochains \u00e9v\u00e8nements sur la commune","isPartOf":{"@id":"https:\/\/newsestlyonnais.fr\/site\/#website"},"primaryImageOfPage":{"@id":"https:\/\/newsestlyonnais.fr\/site\/2018\/04\/05\/decines-les-prochains-evenements-sur-la-commune\/#primaryimage"},"image":{"@id":"https:\/\/newsestlyonnais.fr\/site\/2018\/04\/05\/decines-les-prochains-evenements-sur-la-commune\/#primaryimage"},"thumbnailUrl":"https:\/\/newsestlyonnais.fr\/site\/wp-content\/uploads\/2017\/01\/NEWSESTLYONNAIS-GD-PANNEAU-DECINES.jpg","datePublished":"2018-04-05T06:50:10+00:00","description":"DECINES : Les prochains \u00e9v\u00e8nements sur la commune","breadcrumb":{"@id":"https:\/\/newsestlyonnais.fr\/site\/2018\/04\/05\/decines-les-prochains-evenements-sur-la-commune\/#breadcrumb"},"inLanguage":"fr-FR","potentialAction":[{"@type":"ReadAction","target":["https:\/\/newsestlyonnais.fr\/site\/2018\/04\/05\/decines-les-prochains-evenements-sur-la-commune\/"]}]},{"@type":"ImageObject","inLanguage":"fr-FR","@id":"https:\/\/newsestlyonnais.fr\/site\/2018\/04\/05\/decines-les-prochains-evenements-sur-la-commune\/#primaryimage","url":"https:\/\/newsestlyonnais.fr\/site\/wp-content\/uploads\/2017\/01\/NEWSESTLYONNAIS-GD-PANNEAU-DECINES.jpg","contentUrl":"https:\/\/newsestlyonnais.fr\/site\/wp-content\/uploads\/2017\/01\/NEWSESTLYONNAIS-GD-PANNEAU-DECINES.jpg","width":1000,"height":750,"caption":"NEWSESTLYONNAIS GD PANNEAU DECINES"},{"@type":"BreadcrumbList","@id":"https:\/\/newsestlyonnais.fr\/site\/2018\/04\/05\/decines-les-prochains-evenements-sur-la-commune\/#breadcrumb","itemListElement":[{"@type":"ListItem","position":1,"name":"Accueil","item":"https:\/\/newsestlyonnais.fr\/site\/"},{"@type":"ListItem","position":2,"name":"DECINES : Les prochains \u00e9v\u00e8nements sur la commune"}]},{"@type":"WebSite","@id":"https:\/\/newsestlyonnais.fr\/site\/#website","url":"https:\/\/newsestlyonnais.fr\/site\/","name":"News Est Lyonnais","description":"L&#039;actualit\u00e9 au plus pr\u00e8s","publisher":{"@id":"https:\/\/newsestlyonnais.fr\/site\/#organization"},"potentialAction":[{"@type":"SearchAction","target":{"@type":"EntryPoint","urlTemplate":"https:\/\/newsestlyonnais.fr\/site\/?s={search_term_string}"},"query-input":{"@type":"PropertyValueSpecification","valueRequired":true,"valueName":"search_term_string"}}],"inLanguage":"fr-FR"},{"@type":"Organization","@id":"https:\/\/newsestlyonnais.fr\/site\/#organization","name":"News EST LYONNAIS","url":"https:\/\/newsestlyonnais.fr\/site\/","logo":{"@type":"ImageObject","inLanguage":"fr-FR","@id":"https:\/\/newsestlyonnais.fr\/site\/#\/schema\/logo\/image\/","url":"","contentUrl":"","caption":"News EST LYONNAIS"},"image":{"@id":"https:\/\/newsestlyonnais.fr\/site\/#\/schema\/logo\/image\/"}},{"@type":"Person","@id":"https:\/\/newsestlyonnais.fr\/site\/#\/schema\/person\/3230d5615f390bb808365d673001e887","name":"R\u00e9dac. NEWS","sameAs":["http:\/\/www.newsestlyonnais.fr","https:\/\/www.facebook.com\/pascal.oberson.1?fref=ts","https:\/\/fr.linkedin.com\/in\/pascal-oberson-b17045113"],"url":"https:\/\/newsestlyonnais.fr\/site\/author\/nel\/"}]}},"_links":{"self":[{"href":"https:\/\/newsestlyonnais.fr\/site\/wp-json\/wp\/v2\/posts\/46922","targetHints":{"allow":["GET"]}}],"collection":[{"href":"https:\/\/newsestlyonnais.fr\/site\/wp-json\/wp\/v2\/posts"}],"about":[{"href":"https:\/\/newsestlyonnais.fr\/site\/wp-json\/wp\/v2\/types\/post"}],"author":[{"embeddable":true,"href":"https:\/\/newsestlyonnais.fr\/site\/wp-json\/wp\/v2\/users\/4"}],"replies":[{"embeddable":true,"href":"https:\/\/newsestlyonnais.fr\/site\/wp-json\/wp\/v2\/comments?post=46922"}],"version-history":[{"count":0,"href":"https:\/\/newsestlyonnais.fr\/site\/wp-json\/wp\/v2\/posts\/46922\/revisions"}],"wp:featuredmedia":[{"embeddable":true,"href":"https:\/\/newsestlyonnais.fr\/site\/wp-json\/wp\/v2\/media\/19299"}],"wp:attachment":[{"href":"https:\/\/newsestlyonnais.fr\/site\/wp-json\/wp\/v2\/media?parent=46922"}],"wp:term":[{"taxonomy":"category","embeddable":true,"href":"https:\/\/newsestlyonnais.fr\/site\/wp-json\/wp\/v2\/categories?post=46922"},{"taxonomy":"post_tag","embeddable":true,"href":"https:\/\/newsestlyonnais.fr\/site\/wp-json\/wp\/v2\/tags?post=46922"}],"curies":[{"name":"wp","href":"https:\/\/api.w.org\/{rel}","templated":true}]}}