{"id":46944,"date":"2018-04-05T15:17:56","date_gmt":"2018-04-05T14:17:56","guid":{"rendered":"http:\/\/newsestlyonnais.fr\/site\/?p=46944"},"modified":"2020-11-20T15:51:38","modified_gmt":"2020-11-20T14:51:38","slug":"miribel-jonage-des-velos-a-assistance-electrique-au-grand-parc","status":"publish","type":"post","link":"https:\/\/newsestlyonnais.fr\/site\/2018\/04\/05\/miribel-jonage-des-velos-a-assistance-electrique-au-grand-parc\/","title":{"rendered":"MIRIBEL-JONAGE | Des v\u00e9los \u00e0 assistance \u00e9lectrique au Grand Parc !"},"content":{"rendered":"<h4>En ce d\u00e9but de saison, le Grand Parc Miribel Jonage propose, en partenariat avec les magasins V\u00e9lonaute, de tester les tout nouveaux V\u00e9los \u00e0 Assistance \u00c9lectrique (VAE) !<\/h4>\n<p>En location \u00e0 L\u2019atol\u2019, base de loisirs du Grand Parc, pour une d\u00e9couverte du site et de ses nombreux circuits sans fatigue et au rythme de chacun. Avec ce type de transport de plus en plus populaire, fini les mont\u00e9es difficiles ou les excuses pour ne pas se mettre au sport ! En effet, comme son nom l\u2019indique, une batterie \u00e9lectrique va venir assister le cycliste en stimulant le p\u00e9dalier, qui ira plus vite en faisant moins d\u2019effort. Un tr\u00e8s bon moyen de profiter des beaux jours et du confort optimal de ces nouveaux v\u00e9los pour explorer et admirer en toute autonomie tous les recoins que le Grand Parc a \u00e0 offrir. <strong>Les joies des grandes escapades sont enfin accessibles \u00e0 tous !<\/strong> Ces v\u00e9los, plus commun\u00e9ment appel\u00e9s v\u00e9los \u00e9lectriques, seront disponible pour une dur\u00e9e de 2 heures, \u00e0 la demi-journ\u00e9e, jusqu\u2019\u00e0 la journ\u00e9e compl\u00e8te. <strong>Les circuits cyclables du Grand Parc :<\/strong> Mis \u00e0 part les activit\u00e9s terrestres et nautiques propos\u00e9es toute au long de l\u2019ann\u00e9e pour petits et grands, le Grand Parc propose de nombreux itin\u00e9raires cyclables, que ce soit au bord des lacs ou en milieu sauvage. <strong>5 itin\u00e9raires pour les v\u00e9los, allant de 4 \u00e0 29 km<\/strong>, sont mis \u00e0 la disposition des usagers afin que chacun puisse choisir celui qui l\u2019attire le plus. Nous avons par ailleurs la chance d\u2019\u00eatre sur un fragment de la ViaRh\u00f4na, itin\u00e9raire cyclable de 815 km qui m\u00e8ne les cyclotouristes d\u2019un panorama alpin autour du Lac L\u00e9man, jusqu\u2019aux plages de la M\u00e9diterran\u00e9e. Et pour les plus connect\u00e9s, le parcours Mhikes \u00ab Entre nature et culture \u00bb t\u00e9l\u00e9chargeable sur le site Internet du Grand Parc offrira une exp\u00e9rience nouvelle et originale.<\/p>\n<ul>\n<li>\n<h4>Plus d&rsquo; infos : \u00e0 l\u2019accueil du Grand Parc, au 04 78 80 56 20 ou sur <a href=\"http:\/\/www.grand-parc.fr\" target=\"_blank\" rel=\"noopener noreferrer\">http:\/\/www.grand-parc.fr<\/a><\/h4>\n<\/li>\n<\/ul>\n","protected":false},"excerpt":{"rendered":"<p>En ce d\u00e9but de saison, le Grand Parc Miribel Jonage propose, en partenariat avec les magasins V\u00e9lonaute, de tester les tout nouveaux V\u00e9los \u00e0 Assistance \u00c9lectrique (VAE) ! En location \u00e0 L\u2019atol\u2019, base de loisirs du Grand Parc, pour une d\u00e9couverte du site et de ses nombreux circuits sans fatigue et au rythme de chacun. [&hellip;]<\/p>\n","protected":false},"author":4,"featured_media":46950,"comment_status":"open","ping_status":"open","sticky":false,"template":"","format":"standard","meta":{"footnotes":""},"categories":[2969,3010,28],"tags":[],"class_list":["post-46944","post","type-post","status-publish","format-standard","has-post-thumbnail","hentry","category-cyclisme-cyclo-vtt","category-nature-environnement-culture-et-loisirs","category-vaulx-en-velin"],"yoast_head":"<!-- This site is optimized with the Yoast SEO plugin v27.2 - https:\/\/yoast.com\/product\/yoast-seo-wordpress\/ -->\n<title>MIRIBEL-JONAGE : Des v\u00e9los \u00e0 assistance \u00e9lectrique au Grand Parc !<\/title>\n<meta name=\"description\" content=\"MIRIBEL-JONAGE : Des v\u00e9los \u00e0 assistance \u00e9lectrique au Grand Parc !\" \/>\n<meta name=\"robots\" content=\"index, follow, max-snippet:-1, max-image-preview:large, max-video-preview:-1\" \/>\n<link rel=\"canonical\" href=\"https:\/\/newsestlyonnais.fr\/site\/2018\/04\/05\/miribel-jonage-des-velos-a-assistance-electrique-au-grand-parc\/\" \/>\n<meta property=\"og:locale\" content=\"fr_FR\" \/>\n<meta property=\"og:type\" content=\"article\" \/>\n<meta property=\"og:title\" content=\"MIRIBEL-JONAGE : Des v\u00e9los \u00e0 assistance \u00e9lectrique au Grand Parc !\" \/>\n<meta property=\"og:description\" content=\"MIRIBEL-JONAGE : Des v\u00e9los \u00e0 assistance \u00e9lectrique au Grand Parc !\" \/>\n<meta property=\"og:url\" content=\"https:\/\/newsestlyonnais.fr\/site\/2018\/04\/05\/miribel-jonage-des-velos-a-assistance-electrique-au-grand-parc\/\" \/>\n<meta property=\"og:site_name\" content=\"News Est Lyonnais\" \/>\n<meta property=\"article:author\" content=\"https:\/\/www.facebook.com\/pascal.oberson.1?fref=ts\" \/>\n<meta property=\"article:published_time\" content=\"2018-04-05T14:17:56+00:00\" \/>\n<meta property=\"article:modified_time\" content=\"2020-11-20T14:51:38+00:00\" \/>\n<meta property=\"og:image\" content=\"https:\/\/i0.wp.com\/newsestlyonnais.fr\/site\/wp-content\/uploads\/2018\/04\/P1120148-e1591338790306.jpg?fit=1200%2C900&ssl=1\" \/>\n\t<meta property=\"og:image:width\" content=\"1200\" \/>\n\t<meta property=\"og:image:height\" content=\"900\" \/>\n\t<meta property=\"og:image:type\" content=\"image\/jpeg\" \/>\n<meta name=\"author\" content=\"R\u00e9dac. NEWS\" \/>\n<meta name=\"twitter:card\" content=\"summary_large_image\" \/>\n<meta name=\"twitter:label1\" content=\"\u00c9crit par\" \/>\n\t<meta name=\"twitter:data1\" content=\"R\u00e9dac. NEWS\" \/>\n\t<meta name=\"twitter:label2\" content=\"Dur\u00e9e de lecture estim\u00e9e\" \/>\n\t<meta name=\"twitter:data2\" content=\"2 minutes\" \/>\n<script type=\"application\/ld+json\" class=\"yoast-schema-graph\">{\"@context\":\"https:\/\/schema.org\",\"@graph\":[{\"@type\":\"Article\",\"@id\":\"https:\/\/newsestlyonnais.fr\/site\/2018\/04\/05\/miribel-jonage-des-velos-a-assistance-electrique-au-grand-parc\/#article\",\"isPartOf\":{\"@id\":\"https:\/\/newsestlyonnais.fr\/site\/2018\/04\/05\/miribel-jonage-des-velos-a-assistance-electrique-au-grand-parc\/\"},\"author\":{\"name\":\"R\u00e9dac. NEWS\",\"@id\":\"https:\/\/newsestlyonnais.fr\/site\/#\/schema\/person\/3230d5615f390bb808365d673001e887\"},\"headline\":\"MIRIBEL-JONAGE | Des v\u00e9los \u00e0 assistance \u00e9lectrique au Grand Parc !\",\"datePublished\":\"2018-04-05T14:17:56+00:00\",\"dateModified\":\"2020-11-20T14:51:38+00:00\",\"mainEntityOfPage\":{\"@id\":\"https:\/\/newsestlyonnais.fr\/site\/2018\/04\/05\/miribel-jonage-des-velos-a-assistance-electrique-au-grand-parc\/\"},\"wordCount\":352,\"commentCount\":0,\"publisher\":{\"@id\":\"https:\/\/newsestlyonnais.fr\/site\/#organization\"},\"image\":{\"@id\":\"https:\/\/newsestlyonnais.fr\/site\/2018\/04\/05\/miribel-jonage-des-velos-a-assistance-electrique-au-grand-parc\/#primaryimage\"},\"thumbnailUrl\":\"https:\/\/newsestlyonnais.fr\/site\/wp-content\/uploads\/2018\/04\/P1120148-e1591338790306.jpg\",\"articleSection\":[\"Cyclisme | Cyclo | Vtt\",\"Nature | Environnement | Chasse\",\"Vaulx-en-Velin\"],\"inLanguage\":\"fr-FR\",\"potentialAction\":[{\"@type\":\"CommentAction\",\"name\":\"Comment\",\"target\":[\"https:\/\/newsestlyonnais.fr\/site\/2018\/04\/05\/miribel-jonage-des-velos-a-assistance-electrique-au-grand-parc\/#respond\"]}]},{\"@type\":\"WebPage\",\"@id\":\"https:\/\/newsestlyonnais.fr\/site\/2018\/04\/05\/miribel-jonage-des-velos-a-assistance-electrique-au-grand-parc\/\",\"url\":\"https:\/\/newsestlyonnais.fr\/site\/2018\/04\/05\/miribel-jonage-des-velos-a-assistance-electrique-au-grand-parc\/\",\"name\":\"MIRIBEL-JONAGE : Des v\u00e9los \u00e0 assistance \u00e9lectrique au Grand Parc !\",\"isPartOf\":{\"@id\":\"https:\/\/newsestlyonnais.fr\/site\/#website\"},\"primaryImageOfPage\":{\"@id\":\"https:\/\/newsestlyonnais.fr\/site\/2018\/04\/05\/miribel-jonage-des-velos-a-assistance-electrique-au-grand-parc\/#primaryimage\"},\"image\":{\"@id\":\"https:\/\/newsestlyonnais.fr\/site\/2018\/04\/05\/miribel-jonage-des-velos-a-assistance-electrique-au-grand-parc\/#primaryimage\"},\"thumbnailUrl\":\"https:\/\/newsestlyonnais.fr\/site\/wp-content\/uploads\/2018\/04\/P1120148-e1591338790306.jpg\",\"datePublished\":\"2018-04-05T14:17:56+00:00\",\"dateModified\":\"2020-11-20T14:51:38+00:00\",\"description\":\"MIRIBEL-JONAGE : Des v\u00e9los \u00e0 assistance \u00e9lectrique au Grand Parc !\",\"breadcrumb\":{\"@id\":\"https:\/\/newsestlyonnais.fr\/site\/2018\/04\/05\/miribel-jonage-des-velos-a-assistance-electrique-au-grand-parc\/#breadcrumb\"},\"inLanguage\":\"fr-FR\",\"potentialAction\":[{\"@type\":\"ReadAction\",\"target\":[\"https:\/\/newsestlyonnais.fr\/site\/2018\/04\/05\/miribel-jonage-des-velos-a-assistance-electrique-au-grand-parc\/\"]}]},{\"@type\":\"ImageObject\",\"inLanguage\":\"fr-FR\",\"@id\":\"https:\/\/newsestlyonnais.fr\/site\/2018\/04\/05\/miribel-jonage-des-velos-a-assistance-electrique-au-grand-parc\/#primaryimage\",\"url\":\"https:\/\/newsestlyonnais.fr\/site\/wp-content\/uploads\/2018\/04\/P1120148-e1591338790306.jpg\",\"contentUrl\":\"https:\/\/newsestlyonnais.fr\/site\/wp-content\/uploads\/2018\/04\/P1120148-e1591338790306.jpg\",\"width\":1200,\"height\":900,\"caption\":\"NEWSESTLYONNAIS GD PARC MIRIBEL\"},{\"@type\":\"BreadcrumbList\",\"@id\":\"https:\/\/newsestlyonnais.fr\/site\/2018\/04\/05\/miribel-jonage-des-velos-a-assistance-electrique-au-grand-parc\/#breadcrumb\",\"itemListElement\":[{\"@type\":\"ListItem\",\"position\":1,\"name\":\"Accueil\",\"item\":\"https:\/\/newsestlyonnais.fr\/site\/\"},{\"@type\":\"ListItem\",\"position\":2,\"name\":\"MIRIBEL-JONAGE | Des v\u00e9los \u00e0 assistance \u00e9lectrique au Grand Parc !\"}]},{\"@type\":\"WebSite\",\"@id\":\"https:\/\/newsestlyonnais.fr\/site\/#website\",\"url\":\"https:\/\/newsestlyonnais.fr\/site\/\",\"name\":\"News Est Lyonnais\",\"description\":\"L&#039;actualit\u00e9 au plus pr\u00e8s\",\"publisher\":{\"@id\":\"https:\/\/newsestlyonnais.fr\/site\/#organization\"},\"potentialAction\":[{\"@type\":\"SearchAction\",\"target\":{\"@type\":\"EntryPoint\",\"urlTemplate\":\"https:\/\/newsestlyonnais.fr\/site\/?s={search_term_string}\"},\"query-input\":{\"@type\":\"PropertyValueSpecification\",\"valueRequired\":true,\"valueName\":\"search_term_string\"}}],\"inLanguage\":\"fr-FR\"},{\"@type\":\"Organization\",\"@id\":\"https:\/\/newsestlyonnais.fr\/site\/#organization\",\"name\":\"News EST LYONNAIS\",\"url\":\"https:\/\/newsestlyonnais.fr\/site\/\",\"logo\":{\"@type\":\"ImageObject\",\"inLanguage\":\"fr-FR\",\"@id\":\"https:\/\/newsestlyonnais.fr\/site\/#\/schema\/logo\/image\/\",\"url\":\"\",\"contentUrl\":\"\",\"caption\":\"News EST LYONNAIS\"},\"image\":{\"@id\":\"https:\/\/newsestlyonnais.fr\/site\/#\/schema\/logo\/image\/\"}},{\"@type\":\"Person\",\"@id\":\"https:\/\/newsestlyonnais.fr\/site\/#\/schema\/person\/3230d5615f390bb808365d673001e887\",\"name\":\"R\u00e9dac. NEWS\",\"sameAs\":[\"http:\/\/www.newsestlyonnais.fr\",\"https:\/\/www.facebook.com\/pascal.oberson.1?fref=ts\",\"https:\/\/fr.linkedin.com\/in\/pascal-oberson-b17045113\"],\"url\":\"https:\/\/newsestlyonnais.fr\/site\/author\/nel\/\"}]}<\/script>\n<!-- \/ Yoast SEO plugin. -->","yoast_head_json":{"title":"MIRIBEL-JONAGE : Des v\u00e9los \u00e0 assistance \u00e9lectrique au Grand Parc !","description":"MIRIBEL-JONAGE : Des v\u00e9los \u00e0 assistance \u00e9lectrique au Grand Parc !","robots":{"index":"index","follow":"follow","max-snippet":"max-snippet:-1","max-image-preview":"max-image-preview:large","max-video-preview":"max-video-preview:-1"},"canonical":"https:\/\/newsestlyonnais.fr\/site\/2018\/04\/05\/miribel-jonage-des-velos-a-assistance-electrique-au-grand-parc\/","og_locale":"fr_FR","og_type":"article","og_title":"MIRIBEL-JONAGE : Des v\u00e9los \u00e0 assistance \u00e9lectrique au Grand Parc !","og_description":"MIRIBEL-JONAGE : Des v\u00e9los \u00e0 assistance \u00e9lectrique au Grand Parc !","og_url":"https:\/\/newsestlyonnais.fr\/site\/2018\/04\/05\/miribel-jonage-des-velos-a-assistance-electrique-au-grand-parc\/","og_site_name":"News Est Lyonnais","article_author":"https:\/\/www.facebook.com\/pascal.oberson.1?fref=ts","article_published_time":"2018-04-05T14:17:56+00:00","article_modified_time":"2020-11-20T14:51:38+00:00","og_image":[{"width":1200,"height":900,"url":"https:\/\/i0.wp.com\/newsestlyonnais.fr\/site\/wp-content\/uploads\/2018\/04\/P1120148-e1591338790306.jpg?fit=1200%2C900&ssl=1","type":"image\/jpeg"}],"author":"R\u00e9dac. NEWS","twitter_card":"summary_large_image","twitter_misc":{"\u00c9crit par":"R\u00e9dac. NEWS","Dur\u00e9e de lecture estim\u00e9e":"2 minutes"},"schema":{"@context":"https:\/\/schema.org","@graph":[{"@type":"Article","@id":"https:\/\/newsestlyonnais.fr\/site\/2018\/04\/05\/miribel-jonage-des-velos-a-assistance-electrique-au-grand-parc\/#article","isPartOf":{"@id":"https:\/\/newsestlyonnais.fr\/site\/2018\/04\/05\/miribel-jonage-des-velos-a-assistance-electrique-au-grand-parc\/"},"author":{"name":"R\u00e9dac. NEWS","@id":"https:\/\/newsestlyonnais.fr\/site\/#\/schema\/person\/3230d5615f390bb808365d673001e887"},"headline":"MIRIBEL-JONAGE | Des v\u00e9los \u00e0 assistance \u00e9lectrique au Grand Parc !","datePublished":"2018-04-05T14:17:56+00:00","dateModified":"2020-11-20T14:51:38+00:00","mainEntityOfPage":{"@id":"https:\/\/newsestlyonnais.fr\/site\/2018\/04\/05\/miribel-jonage-des-velos-a-assistance-electrique-au-grand-parc\/"},"wordCount":352,"commentCount":0,"publisher":{"@id":"https:\/\/newsestlyonnais.fr\/site\/#organization"},"image":{"@id":"https:\/\/newsestlyonnais.fr\/site\/2018\/04\/05\/miribel-jonage-des-velos-a-assistance-electrique-au-grand-parc\/#primaryimage"},"thumbnailUrl":"https:\/\/newsestlyonnais.fr\/site\/wp-content\/uploads\/2018\/04\/P1120148-e1591338790306.jpg","articleSection":["Cyclisme | Cyclo | Vtt","Nature | Environnement | Chasse","Vaulx-en-Velin"],"inLanguage":"fr-FR","potentialAction":[{"@type":"CommentAction","name":"Comment","target":["https:\/\/newsestlyonnais.fr\/site\/2018\/04\/05\/miribel-jonage-des-velos-a-assistance-electrique-au-grand-parc\/#respond"]}]},{"@type":"WebPage","@id":"https:\/\/newsestlyonnais.fr\/site\/2018\/04\/05\/miribel-jonage-des-velos-a-assistance-electrique-au-grand-parc\/","url":"https:\/\/newsestlyonnais.fr\/site\/2018\/04\/05\/miribel-jonage-des-velos-a-assistance-electrique-au-grand-parc\/","name":"MIRIBEL-JONAGE : Des v\u00e9los \u00e0 assistance \u00e9lectrique au Grand Parc !","isPartOf":{"@id":"https:\/\/newsestlyonnais.fr\/site\/#website"},"primaryImageOfPage":{"@id":"https:\/\/newsestlyonnais.fr\/site\/2018\/04\/05\/miribel-jonage-des-velos-a-assistance-electrique-au-grand-parc\/#primaryimage"},"image":{"@id":"https:\/\/newsestlyonnais.fr\/site\/2018\/04\/05\/miribel-jonage-des-velos-a-assistance-electrique-au-grand-parc\/#primaryimage"},"thumbnailUrl":"https:\/\/newsestlyonnais.fr\/site\/wp-content\/uploads\/2018\/04\/P1120148-e1591338790306.jpg","datePublished":"2018-04-05T14:17:56+00:00","dateModified":"2020-11-20T14:51:38+00:00","description":"MIRIBEL-JONAGE : Des v\u00e9los \u00e0 assistance \u00e9lectrique au Grand Parc !","breadcrumb":{"@id":"https:\/\/newsestlyonnais.fr\/site\/2018\/04\/05\/miribel-jonage-des-velos-a-assistance-electrique-au-grand-parc\/#breadcrumb"},"inLanguage":"fr-FR","potentialAction":[{"@type":"ReadAction","target":["https:\/\/newsestlyonnais.fr\/site\/2018\/04\/05\/miribel-jonage-des-velos-a-assistance-electrique-au-grand-parc\/"]}]},{"@type":"ImageObject","inLanguage":"fr-FR","@id":"https:\/\/newsestlyonnais.fr\/site\/2018\/04\/05\/miribel-jonage-des-velos-a-assistance-electrique-au-grand-parc\/#primaryimage","url":"https:\/\/newsestlyonnais.fr\/site\/wp-content\/uploads\/2018\/04\/P1120148-e1591338790306.jpg","contentUrl":"https:\/\/newsestlyonnais.fr\/site\/wp-content\/uploads\/2018\/04\/P1120148-e1591338790306.jpg","width":1200,"height":900,"caption":"NEWSESTLYONNAIS GD PARC MIRIBEL"},{"@type":"BreadcrumbList","@id":"https:\/\/newsestlyonnais.fr\/site\/2018\/04\/05\/miribel-jonage-des-velos-a-assistance-electrique-au-grand-parc\/#breadcrumb","itemListElement":[{"@type":"ListItem","position":1,"name":"Accueil","item":"https:\/\/newsestlyonnais.fr\/site\/"},{"@type":"ListItem","position":2,"name":"MIRIBEL-JONAGE | Des v\u00e9los \u00e0 assistance \u00e9lectrique au Grand Parc !"}]},{"@type":"WebSite","@id":"https:\/\/newsestlyonnais.fr\/site\/#website","url":"https:\/\/newsestlyonnais.fr\/site\/","name":"News Est Lyonnais","description":"L&#039;actualit\u00e9 au plus pr\u00e8s","publisher":{"@id":"https:\/\/newsestlyonnais.fr\/site\/#organization"},"potentialAction":[{"@type":"SearchAction","target":{"@type":"EntryPoint","urlTemplate":"https:\/\/newsestlyonnais.fr\/site\/?s={search_term_string}"},"query-input":{"@type":"PropertyValueSpecification","valueRequired":true,"valueName":"search_term_string"}}],"inLanguage":"fr-FR"},{"@type":"Organization","@id":"https:\/\/newsestlyonnais.fr\/site\/#organization","name":"News EST LYONNAIS","url":"https:\/\/newsestlyonnais.fr\/site\/","logo":{"@type":"ImageObject","inLanguage":"fr-FR","@id":"https:\/\/newsestlyonnais.fr\/site\/#\/schema\/logo\/image\/","url":"","contentUrl":"","caption":"News EST LYONNAIS"},"image":{"@id":"https:\/\/newsestlyonnais.fr\/site\/#\/schema\/logo\/image\/"}},{"@type":"Person","@id":"https:\/\/newsestlyonnais.fr\/site\/#\/schema\/person\/3230d5615f390bb808365d673001e887","name":"R\u00e9dac. NEWS","sameAs":["http:\/\/www.newsestlyonnais.fr","https:\/\/www.facebook.com\/pascal.oberson.1?fref=ts","https:\/\/fr.linkedin.com\/in\/pascal-oberson-b17045113"],"url":"https:\/\/newsestlyonnais.fr\/site\/author\/nel\/"}]}},"_links":{"self":[{"href":"https:\/\/newsestlyonnais.fr\/site\/wp-json\/wp\/v2\/posts\/46944","targetHints":{"allow":["GET"]}}],"collection":[{"href":"https:\/\/newsestlyonnais.fr\/site\/wp-json\/wp\/v2\/posts"}],"about":[{"href":"https:\/\/newsestlyonnais.fr\/site\/wp-json\/wp\/v2\/types\/post"}],"author":[{"embeddable":true,"href":"https:\/\/newsestlyonnais.fr\/site\/wp-json\/wp\/v2\/users\/4"}],"replies":[{"embeddable":true,"href":"https:\/\/newsestlyonnais.fr\/site\/wp-json\/wp\/v2\/comments?post=46944"}],"version-history":[{"count":0,"href":"https:\/\/newsestlyonnais.fr\/site\/wp-json\/wp\/v2\/posts\/46944\/revisions"}],"wp:featuredmedia":[{"embeddable":true,"href":"https:\/\/newsestlyonnais.fr\/site\/wp-json\/wp\/v2\/media\/46950"}],"wp:attachment":[{"href":"https:\/\/newsestlyonnais.fr\/site\/wp-json\/wp\/v2\/media?parent=46944"}],"wp:term":[{"taxonomy":"category","embeddable":true,"href":"https:\/\/newsestlyonnais.fr\/site\/wp-json\/wp\/v2\/categories?post=46944"},{"taxonomy":"post_tag","embeddable":true,"href":"https:\/\/newsestlyonnais.fr\/site\/wp-json\/wp\/v2\/tags?post=46944"}],"curies":[{"name":"wp","href":"https:\/\/api.w.org\/{rel}","templated":true}]}}