{"id":47168,"date":"2018-04-10T13:26:29","date_gmt":"2018-04-10T12:26:29","guid":{"rendered":"http:\/\/newsestlyonnais.fr\/site\/?p=47168"},"modified":"2020-11-11T14:26:42","modified_gmt":"2020-11-11T13:26:42","slug":"decines-retour-sur-la-19-edition-du-deci-jogg","status":"publish","type":"post","link":"https:\/\/newsestlyonnais.fr\/site\/2018\/04\/10\/decines-retour-sur-la-19-edition-du-deci-jogg\/","title":{"rendered":"DECINES | Retour sur la 19\u00b0 \u00e9dition du D\u00e9ci Jogg"},"content":{"rendered":"<h4>Flashback en images sur la cuv\u00e9e 2018 de la course p\u00e9destre DECI JOGG organis\u00e9e conjointement dimanche dernier par la ville de D\u00e9cines &amp; le club du D\u00e9cines Meyzieu Athl\u00e9tisme (D.M.A.).<\/h4>\n<p>Une \u00e9preuve qui a mobilis\u00e9 plus d&rsquo;une centaine de b\u00e9n\u00e9voles et remport\u00e9e par :<\/p>\n<ul>\n<li><strong>sur le 10 kilom\u00e8tres<\/strong> : <strong>Cl\u00e9ment Lentillon<\/strong> 33&prime; 49 &amp; <strong>Florence Reignier<\/strong> 38&rsquo;42 (tous deux TERRE RUNNING D\u00e9cines).<\/li>\n<\/ul>\n<ul>\n<li><strong>sur le 20 kilom\u00e8tres<\/strong> : <strong>Eliud Kimutai Sugut<\/strong> (Non licenci\u00e9, 1 h 7&prime; 4&Prime;) &amp; <strong>G\u00e9raldine Milioti<\/strong> 1 h 28&prime; 45.<\/li>\n<\/ul>\n<p><span style=\"text-decoration: underline\"><em><strong>PHOTO A LA UNE<\/strong><\/em><\/span> : la d\u00e9l\u00e9gation de TERRE DE RUNNING D\u00e9cines, qui a trust\u00e9 podiums &amp; places d&rsquo;honneur.<\/p>\n<h4>R\u00e9sultats complets sur : <a href=\"https:\/\/www.terrederunners.com\/resultats-decijogg-2018\/\" target=\"_blank\" rel=\"noopener noreferrer\">https:\/\/www.terrederunners.com\/resultats-decijogg-2018\/<\/a><\/h4>\n<div id='gallery-1' class='gallery galleryid-47168 gallery-columns-3 gallery-size-thumbnail'><figure class='gallery-item'>\n\t\t\t<div class='gallery-icon portrait'>\n\t\t\t\t<a href='https:\/\/newsestlyonnais.fr\/site\/newsestlyonnais-deci-jogg-2018\/'><img loading=\"lazy\" decoding=\"async\" width=\"150\" height=\"150\" src=\"https:\/\/newsestlyonnais.fr\/site\/wp-content\/uploads\/2017\/11\/NEWSESTLYONNAIS-DECI-JOGG-2018-150x150.png\" class=\"attachment-thumbnail size-thumbnail\" alt=\"NEWSESTLYONNAIS - DECI JOGG 2018\" aria-describedby=\"gallery-1-38775\" \/><\/a>\n\t\t\t<\/div>\n\t\t\t\t<figcaption class='wp-caption-text gallery-caption' id='gallery-1-38775'>\n\t\t\t\t          Le DECI JOGG\n\t\t\t\t<\/figcaption><\/figure><figure class='gallery-item'>\n\t\t\t<div class='gallery-icon landscape'>\n\t\t\t\t<a href='https:\/\/newsestlyonnais.fr\/site\/2018\/04\/10\/decines-retour-sur-la-19-edition-du-deci-jogg\/newswestlyonnais-deci-jogg-07\/'><img loading=\"lazy\" decoding=\"async\" width=\"150\" height=\"150\" src=\"https:\/\/newsestlyonnais.fr\/site\/wp-content\/uploads\/2018\/04\/NEWSWESTLYONNAIS-deci-jogg-07-150x150.jpg\" class=\"attachment-thumbnail size-thumbnail\" alt=\"NEWSWESTLYONNAIS - deci jogg 06\" \/><\/a>\n\t\t\t<\/div><\/figure><figure class='gallery-item'>\n\t\t\t<div class='gallery-icon landscape'>\n\t\t\t\t<a href='https:\/\/newsestlyonnais.fr\/site\/2018\/04\/10\/decines-retour-sur-la-19-edition-du-deci-jogg\/newswestlyonnais-deci-jogg-06\/'><img loading=\"lazy\" decoding=\"async\" width=\"150\" height=\"150\" src=\"https:\/\/newsestlyonnais.fr\/site\/wp-content\/uploads\/2018\/04\/NEWSWESTLYONNAIS-deci-jogg-06-150x150.jpg\" class=\"attachment-thumbnail size-thumbnail\" alt=\"NEWSWESTLYONNAIS - deci jogg 06\" aria-describedby=\"gallery-1-47182\" \/><\/a>\n\t\t\t<\/div>\n\t\t\t\t<figcaption class='wp-caption-text gallery-caption' id='gallery-1-47182'>\n\t\t\t\tLe podium masculin des 10 kilom\u00e8tres \n\t\t\t\t<\/figcaption><\/figure><figure class='gallery-item'>\n\t\t\t<div class='gallery-icon landscape'>\n\t\t\t\t<a href='https:\/\/newsestlyonnais.fr\/site\/2018\/04\/10\/decines-retour-sur-la-19-edition-du-deci-jogg\/newswestlyonnais-deci-jogg-02\/'><img loading=\"lazy\" decoding=\"async\" width=\"150\" height=\"150\" src=\"https:\/\/newsestlyonnais.fr\/site\/wp-content\/uploads\/2018\/04\/NEWSWESTLYONNAIS-deci-jogg-02-150x150.jpg\" class=\"attachment-thumbnail size-thumbnail\" alt=\"NEWSWESTLYONNAIS - deci jogg 02\" aria-describedby=\"gallery-1-47176\" \/><\/a>\n\t\t\t<\/div>\n\t\t\t\t<figcaption class='wp-caption-text gallery-caption' id='gallery-1-47176'>\n\t\t\t\tLe podium f\u00e9minin des 20 kilom\u00e8tres \n\t\t\t\t<\/figcaption><\/figure><figure class='gallery-item'>\n\t\t\t<div class='gallery-icon landscape'>\n\t\t\t\t<a href='https:\/\/newsestlyonnais.fr\/site\/2018\/04\/10\/decines-retour-sur-la-19-edition-du-deci-jogg\/newswestlyonnais-deci-jogg-01\/'><img loading=\"lazy\" decoding=\"async\" width=\"150\" height=\"150\" src=\"https:\/\/newsestlyonnais.fr\/site\/wp-content\/uploads\/2018\/04\/NEWSWESTLYONNAIS-deci-jogg-01-150x150.jpg\" class=\"attachment-thumbnail size-thumbnail\" alt=\"NEWSWESTLYONNAIS - deci jogg 01\" \/><\/a>\n\t\t\t<\/div><\/figure><figure class='gallery-item'>\n\t\t\t<div class='gallery-icon landscape'>\n\t\t\t\t<a href='https:\/\/newsestlyonnais.fr\/site\/2018\/04\/10\/decines-retour-sur-la-19-edition-du-deci-jogg\/newswestlyonnais-deci-jogg-03\/'><img loading=\"lazy\" decoding=\"async\" width=\"150\" height=\"150\" src=\"https:\/\/newsestlyonnais.fr\/site\/wp-content\/uploads\/2018\/04\/NEWSWESTLYONNAIS-deci-jogg-03-150x150.jpg\" class=\"attachment-thumbnail size-thumbnail\" alt=\"NEWSWESTLYONNAIS - deci jogg 03\" \/><\/a>\n\t\t\t<\/div><\/figure><figure class='gallery-item'>\n\t\t\t<div class='gallery-icon landscape'>\n\t\t\t\t<a href='https:\/\/newsestlyonnais.fr\/site\/2018\/04\/10\/decines-retour-sur-la-19-edition-du-deci-jogg\/newswestlyonnais-deci-jogg-04\/'><img loading=\"lazy\" decoding=\"async\" width=\"150\" height=\"150\" src=\"https:\/\/newsestlyonnais.fr\/site\/wp-content\/uploads\/2018\/04\/NEWSWESTLYONNAIS-deci-jogg-04-150x150.jpg\" class=\"attachment-thumbnail size-thumbnail\" alt=\"NEWSWESTLYONNAIS - deci jogg 04\" \/><\/a>\n\t\t\t<\/div><\/figure><figure class='gallery-item'>\n\t\t\t<div class='gallery-icon landscape'>\n\t\t\t\t<a href='https:\/\/newsestlyonnais.fr\/site\/2018\/04\/10\/decines-retour-sur-la-19-edition-du-deci-jogg\/newswestlyonnais-deci-jogg-05\/'><img loading=\"lazy\" decoding=\"async\" width=\"150\" height=\"150\" src=\"https:\/\/newsestlyonnais.fr\/site\/wp-content\/uploads\/2018\/04\/NEWSWESTLYONNAIS-deci-jogg-05-150x150.jpg\" class=\"attachment-thumbnail size-thumbnail\" alt=\"NEWSWESTLYONNAIS - deci jogg 05\" \/><\/a>\n\t\t\t<\/div><\/figure><figure class='gallery-item'>\n\t\t\t<div class='gallery-icon landscape'>\n\t\t\t\t<a href='https:\/\/newsestlyonnais.fr\/site\/2018\/04\/10\/decines-retour-sur-la-19-edition-du-deci-jogg\/newswestlyonnais-deci-jogg-08\/'><img loading=\"lazy\" decoding=\"async\" width=\"150\" height=\"150\" src=\"https:\/\/newsestlyonnais.fr\/site\/wp-content\/uploads\/2018\/04\/NEWSWESTLYONNAIS-deci-jogg-08-150x150.jpg\" class=\"attachment-thumbnail size-thumbnail\" alt=\"NEWSWESTLYONNAIS - deci jogg 08\" \/><\/a>\n\t\t\t<\/div><\/figure><figure class='gallery-item'>\n\t\t\t<div class='gallery-icon landscape'>\n\t\t\t\t<a href='https:\/\/newsestlyonnais.fr\/site\/2018\/04\/10\/decines-retour-sur-la-19-edition-du-deci-jogg\/newswestlyonnais-deci-jogg-09\/'><img loading=\"lazy\" decoding=\"async\" width=\"150\" height=\"150\" src=\"https:\/\/newsestlyonnais.fr\/site\/wp-content\/uploads\/2018\/04\/NEWSWESTLYONNAIS-deci-jogg-09-150x150.jpg\" class=\"attachment-thumbnail size-thumbnail\" alt=\"NEWSWESTLYONNAIS - deci jogg 08\" aria-describedby=\"gallery-1-47187\" \/><\/a>\n\t\t\t<\/div>\n\t\t\t\t<figcaption class='wp-caption-text gallery-caption' id='gallery-1-47187'>\n\t\t\t\t2 \u00e9quipes avec joelettes ont particip\u00e9 \u00e0 la course\n\t\t\t\t<\/figcaption><\/figure><figure class='gallery-item'>\n\t\t\t<div class='gallery-icon landscape'>\n\t\t\t\t<a href='https:\/\/newsestlyonnais.fr\/site\/2018\/04\/10\/decines-retour-sur-la-19-edition-du-deci-jogg\/newsestlyonnais-deci-jogg-09\/'><img loading=\"lazy\" decoding=\"async\" width=\"150\" height=\"150\" src=\"https:\/\/newsestlyonnais.fr\/site\/wp-content\/uploads\/2018\/04\/NEWSESTLYONNAIS-DECI-JOGG-09-150x150.jpg\" class=\"attachment-thumbnail size-thumbnail\" alt=\"NEWSESTLYONNAIS - DECI JOGG 09\" aria-describedby=\"gallery-1-47189\" \/><\/a>\n\t\t\t<\/div>\n\t\t\t\t<figcaption class='wp-caption-text gallery-caption' id='gallery-1-47189'>\n\t\t\t\tLa GV de D\u00e9cines proposait une s\u00e9ance \u00e9tirements d&rsquo;apr\u00e8s course\n\t\t\t\t<\/figcaption><\/figure><figure class='gallery-item'>\n\t\t\t<div class='gallery-icon landscape'>\n\t\t\t\t<a href='https:\/\/newsestlyonnais.fr\/site\/2018\/04\/10\/decines-retour-sur-la-19-edition-du-deci-jogg\/newsestlyonnais-deci-jogg-010\/'><img loading=\"lazy\" decoding=\"async\" width=\"150\" height=\"150\" src=\"https:\/\/newsestlyonnais.fr\/site\/wp-content\/uploads\/2018\/04\/NEWSESTLYONNAIS-DECI-JOGG-010-150x150.jpg\" class=\"attachment-thumbnail size-thumbnail\" alt=\"NEWSESTLYONNAIS - DECI JOGG 10\" aria-describedby=\"gallery-1-47191\" \/><\/a>\n\t\t\t<\/div>\n\t\t\t\t<figcaption class='wp-caption-text gallery-caption' id='gallery-1-47191'>\n\t\t\t\tL&rsquo;\u00e9cole Charpieu la plus repr\u00e9sent\u00e9e dans les courses USEP\n\t\t\t\t<\/figcaption><\/figure><figure class='gallery-item'>\n\t\t\t<div class='gallery-icon landscape'>\n\t\t\t\t<a href='https:\/\/newsestlyonnais.fr\/site\/2018\/04\/10\/decines-retour-sur-la-19-edition-du-deci-jogg\/newsestlyonnais-deci-jogg-11\/'><img loading=\"lazy\" decoding=\"async\" width=\"150\" height=\"150\" src=\"https:\/\/newsestlyonnais.fr\/site\/wp-content\/uploads\/2018\/04\/NEWSESTLYONNAIS-DECI-JOGG-11-150x150.jpg\" class=\"attachment-thumbnail size-thumbnail\" alt=\"NEWSESTLYONNAIS DECI JOGG 11\" aria-describedby=\"gallery-1-47193\" \/><\/a>\n\t\t\t<\/div>\n\t\t\t\t<figcaption class='wp-caption-text gallery-caption' id='gallery-1-47193'>\n\t\t\t\tL&rsquo;\u00e9cole Jean Jaur\u00e8s 2\u00b0 en nombre d&rsquo;enfants pr\u00e9sents\n\t\t\t\t<\/figcaption><\/figure>\n\t\t<\/div>\n\n","protected":false},"excerpt":{"rendered":"<p>Flashback en images sur la cuv\u00e9e 2018 de la course p\u00e9destre DECI JOGG organis\u00e9e conjointement dimanche dernier par la ville de D\u00e9cines &amp; le club du D\u00e9cines Meyzieu Athl\u00e9tisme (D.M.A.). Une \u00e9preuve qui a mobilis\u00e9 plus d&rsquo;une centaine de b\u00e9n\u00e9voles et remport\u00e9e par : sur le 10 kilom\u00e8tres : Cl\u00e9ment Lentillon 33&prime; 49 &amp; Florence [&hellip;]<\/p>\n","protected":false},"author":4,"featured_media":47194,"comment_status":"open","ping_status":"open","sticky":false,"template":"","format":"standard","meta":{"footnotes":""},"categories":[2968,21,4],"tags":[],"class_list":["post-47168","post","type-post","status-publish","format-standard","has-post-thumbnail","hentry","category-athle-course-pied-marche","category-decines-charpieu","category-evenements-divers"],"yoast_head":"<!-- This site is optimized with the Yoast SEO plugin v27.2 - https:\/\/yoast.com\/product\/yoast-seo-wordpress\/ -->\n<title>DECINES : Retour sur la 19 \u00b0 \u00e9dition du D\u00e9ci Jogg<\/title>\n<meta name=\"description\" content=\"DECINES : Retour sur la 19 \u00b0 \u00e9dition du D\u00e9ci Jogg\" \/>\n<meta name=\"robots\" content=\"index, follow, max-snippet:-1, max-image-preview:large, max-video-preview:-1\" \/>\n<link rel=\"canonical\" href=\"https:\/\/newsestlyonnais.fr\/site\/2018\/04\/10\/decines-retour-sur-la-19-edition-du-deci-jogg\/\" \/>\n<meta property=\"og:locale\" content=\"fr_FR\" \/>\n<meta property=\"og:type\" content=\"article\" \/>\n<meta property=\"og:title\" content=\"DECINES : Retour sur la 19 \u00b0 \u00e9dition du D\u00e9ci Jogg\" \/>\n<meta property=\"og:description\" content=\"DECINES : Retour sur la 19 \u00b0 \u00e9dition du D\u00e9ci Jogg\" \/>\n<meta property=\"og:url\" content=\"https:\/\/newsestlyonnais.fr\/site\/2018\/04\/10\/decines-retour-sur-la-19-edition-du-deci-jogg\/\" \/>\n<meta property=\"og:site_name\" content=\"News Est Lyonnais\" \/>\n<meta property=\"article:author\" content=\"https:\/\/www.facebook.com\/pascal.oberson.1?fref=ts\" \/>\n<meta property=\"article:published_time\" content=\"2018-04-10T12:26:29+00:00\" \/>\n<meta property=\"article:modified_time\" content=\"2020-11-11T13:26:42+00:00\" \/>\n<meta property=\"og:image\" content=\"https:\/\/i0.wp.com\/newsestlyonnais.fr\/site\/wp-content\/uploads\/2018\/04\/NEWSESTLYONNAIS-DECI-JOGG-12.jpg?fit=2048%2C1536&ssl=1\" \/>\n\t<meta property=\"og:image:width\" content=\"2048\" \/>\n\t<meta property=\"og:image:height\" content=\"1536\" \/>\n\t<meta property=\"og:image:type\" content=\"image\/jpeg\" \/>\n<meta name=\"author\" content=\"R\u00e9dac. NEWS\" \/>\n<meta name=\"twitter:card\" content=\"summary_large_image\" \/>\n<meta name=\"twitter:label1\" content=\"\u00c9crit par\" \/>\n\t<meta name=\"twitter:data1\" content=\"R\u00e9dac. NEWS\" \/>\n\t<meta name=\"twitter:label2\" content=\"Dur\u00e9e de lecture estim\u00e9e\" \/>\n\t<meta name=\"twitter:data2\" content=\"1 minute\" \/>\n<script type=\"application\/ld+json\" class=\"yoast-schema-graph\">{\"@context\":\"https:\/\/schema.org\",\"@graph\":[{\"@type\":\"Article\",\"@id\":\"https:\/\/newsestlyonnais.fr\/site\/2018\/04\/10\/decines-retour-sur-la-19-edition-du-deci-jogg\/#article\",\"isPartOf\":{\"@id\":\"https:\/\/newsestlyonnais.fr\/site\/2018\/04\/10\/decines-retour-sur-la-19-edition-du-deci-jogg\/\"},\"author\":{\"name\":\"R\u00e9dac. NEWS\",\"@id\":\"https:\/\/newsestlyonnais.fr\/site\/#\/schema\/person\/3230d5615f390bb808365d673001e887\"},\"headline\":\"DECINES | Retour sur la 19\u00b0 \u00e9dition du D\u00e9ci Jogg\",\"datePublished\":\"2018-04-10T12:26:29+00:00\",\"dateModified\":\"2020-11-11T13:26:42+00:00\",\"mainEntityOfPage\":{\"@id\":\"https:\/\/newsestlyonnais.fr\/site\/2018\/04\/10\/decines-retour-sur-la-19-edition-du-deci-jogg\/\"},\"wordCount\":129,\"commentCount\":0,\"publisher\":{\"@id\":\"https:\/\/newsestlyonnais.fr\/site\/#organization\"},\"image\":{\"@id\":\"https:\/\/newsestlyonnais.fr\/site\/2018\/04\/10\/decines-retour-sur-la-19-edition-du-deci-jogg\/#primaryimage\"},\"thumbnailUrl\":\"https:\/\/newsestlyonnais.fr\/site\/wp-content\/uploads\/2018\/04\/NEWSESTLYONNAIS-DECI-JOGG-12.jpg\",\"articleSection\":[\"Athl\u00e9 | Course pied | Marche\",\"D\u00e9cines-Charpieu\",\"Ev\u00e8nements divers\"],\"inLanguage\":\"fr-FR\",\"potentialAction\":[{\"@type\":\"CommentAction\",\"name\":\"Comment\",\"target\":[\"https:\/\/newsestlyonnais.fr\/site\/2018\/04\/10\/decines-retour-sur-la-19-edition-du-deci-jogg\/#respond\"]}]},{\"@type\":\"WebPage\",\"@id\":\"https:\/\/newsestlyonnais.fr\/site\/2018\/04\/10\/decines-retour-sur-la-19-edition-du-deci-jogg\/\",\"url\":\"https:\/\/newsestlyonnais.fr\/site\/2018\/04\/10\/decines-retour-sur-la-19-edition-du-deci-jogg\/\",\"name\":\"DECINES : Retour sur la 19 \u00b0 \u00e9dition du D\u00e9ci Jogg\",\"isPartOf\":{\"@id\":\"https:\/\/newsestlyonnais.fr\/site\/#website\"},\"primaryImageOfPage\":{\"@id\":\"https:\/\/newsestlyonnais.fr\/site\/2018\/04\/10\/decines-retour-sur-la-19-edition-du-deci-jogg\/#primaryimage\"},\"image\":{\"@id\":\"https:\/\/newsestlyonnais.fr\/site\/2018\/04\/10\/decines-retour-sur-la-19-edition-du-deci-jogg\/#primaryimage\"},\"thumbnailUrl\":\"https:\/\/newsestlyonnais.fr\/site\/wp-content\/uploads\/2018\/04\/NEWSESTLYONNAIS-DECI-JOGG-12.jpg\",\"datePublished\":\"2018-04-10T12:26:29+00:00\",\"dateModified\":\"2020-11-11T13:26:42+00:00\",\"description\":\"DECINES : Retour sur la 19 \u00b0 \u00e9dition du D\u00e9ci Jogg\",\"breadcrumb\":{\"@id\":\"https:\/\/newsestlyonnais.fr\/site\/2018\/04\/10\/decines-retour-sur-la-19-edition-du-deci-jogg\/#breadcrumb\"},\"inLanguage\":\"fr-FR\",\"potentialAction\":[{\"@type\":\"ReadAction\",\"target\":[\"https:\/\/newsestlyonnais.fr\/site\/2018\/04\/10\/decines-retour-sur-la-19-edition-du-deci-jogg\/\"]}]},{\"@type\":\"ImageObject\",\"inLanguage\":\"fr-FR\",\"@id\":\"https:\/\/newsestlyonnais.fr\/site\/2018\/04\/10\/decines-retour-sur-la-19-edition-du-deci-jogg\/#primaryimage\",\"url\":\"https:\/\/newsestlyonnais.fr\/site\/wp-content\/uploads\/2018\/04\/NEWSESTLYONNAIS-DECI-JOGG-12.jpg\",\"contentUrl\":\"https:\/\/newsestlyonnais.fr\/site\/wp-content\/uploads\/2018\/04\/NEWSESTLYONNAIS-DECI-JOGG-12.jpg\",\"width\":2048,\"height\":1536,\"caption\":\"Forte d\u00e9l\u00e9gation de TERRE DE RUNNING DECINES\"},{\"@type\":\"BreadcrumbList\",\"@id\":\"https:\/\/newsestlyonnais.fr\/site\/2018\/04\/10\/decines-retour-sur-la-19-edition-du-deci-jogg\/#breadcrumb\",\"itemListElement\":[{\"@type\":\"ListItem\",\"position\":1,\"name\":\"Accueil\",\"item\":\"https:\/\/newsestlyonnais.fr\/site\/\"},{\"@type\":\"ListItem\",\"position\":2,\"name\":\"DECINES | Retour sur la 19\u00b0 \u00e9dition du D\u00e9ci Jogg\"}]},{\"@type\":\"WebSite\",\"@id\":\"https:\/\/newsestlyonnais.fr\/site\/#website\",\"url\":\"https:\/\/newsestlyonnais.fr\/site\/\",\"name\":\"News Est Lyonnais\",\"description\":\"L&#039;actualit\u00e9 au plus pr\u00e8s\",\"publisher\":{\"@id\":\"https:\/\/newsestlyonnais.fr\/site\/#organization\"},\"potentialAction\":[{\"@type\":\"SearchAction\",\"target\":{\"@type\":\"EntryPoint\",\"urlTemplate\":\"https:\/\/newsestlyonnais.fr\/site\/?s={search_term_string}\"},\"query-input\":{\"@type\":\"PropertyValueSpecification\",\"valueRequired\":true,\"valueName\":\"search_term_string\"}}],\"inLanguage\":\"fr-FR\"},{\"@type\":\"Organization\",\"@id\":\"https:\/\/newsestlyonnais.fr\/site\/#organization\",\"name\":\"News EST LYONNAIS\",\"url\":\"https:\/\/newsestlyonnais.fr\/site\/\",\"logo\":{\"@type\":\"ImageObject\",\"inLanguage\":\"fr-FR\",\"@id\":\"https:\/\/newsestlyonnais.fr\/site\/#\/schema\/logo\/image\/\",\"url\":\"\",\"contentUrl\":\"\",\"caption\":\"News EST LYONNAIS\"},\"image\":{\"@id\":\"https:\/\/newsestlyonnais.fr\/site\/#\/schema\/logo\/image\/\"}},{\"@type\":\"Person\",\"@id\":\"https:\/\/newsestlyonnais.fr\/site\/#\/schema\/person\/3230d5615f390bb808365d673001e887\",\"name\":\"R\u00e9dac. NEWS\",\"sameAs\":[\"http:\/\/www.newsestlyonnais.fr\",\"https:\/\/www.facebook.com\/pascal.oberson.1?fref=ts\",\"https:\/\/fr.linkedin.com\/in\/pascal-oberson-b17045113\"],\"url\":\"https:\/\/newsestlyonnais.fr\/site\/author\/nel\/\"}]}<\/script>\n<!-- \/ Yoast SEO plugin. -->","yoast_head_json":{"title":"DECINES : Retour sur la 19 \u00b0 \u00e9dition du D\u00e9ci Jogg","description":"DECINES : Retour sur la 19 \u00b0 \u00e9dition du D\u00e9ci Jogg","robots":{"index":"index","follow":"follow","max-snippet":"max-snippet:-1","max-image-preview":"max-image-preview:large","max-video-preview":"max-video-preview:-1"},"canonical":"https:\/\/newsestlyonnais.fr\/site\/2018\/04\/10\/decines-retour-sur-la-19-edition-du-deci-jogg\/","og_locale":"fr_FR","og_type":"article","og_title":"DECINES : Retour sur la 19 \u00b0 \u00e9dition du D\u00e9ci Jogg","og_description":"DECINES : Retour sur la 19 \u00b0 \u00e9dition du D\u00e9ci Jogg","og_url":"https:\/\/newsestlyonnais.fr\/site\/2018\/04\/10\/decines-retour-sur-la-19-edition-du-deci-jogg\/","og_site_name":"News Est Lyonnais","article_author":"https:\/\/www.facebook.com\/pascal.oberson.1?fref=ts","article_published_time":"2018-04-10T12:26:29+00:00","article_modified_time":"2020-11-11T13:26:42+00:00","og_image":[{"width":2048,"height":1536,"url":"https:\/\/i0.wp.com\/newsestlyonnais.fr\/site\/wp-content\/uploads\/2018\/04\/NEWSESTLYONNAIS-DECI-JOGG-12.jpg?fit=2048%2C1536&ssl=1","type":"image\/jpeg"}],"author":"R\u00e9dac. NEWS","twitter_card":"summary_large_image","twitter_misc":{"\u00c9crit par":"R\u00e9dac. NEWS","Dur\u00e9e de lecture estim\u00e9e":"1 minute"},"schema":{"@context":"https:\/\/schema.org","@graph":[{"@type":"Article","@id":"https:\/\/newsestlyonnais.fr\/site\/2018\/04\/10\/decines-retour-sur-la-19-edition-du-deci-jogg\/#article","isPartOf":{"@id":"https:\/\/newsestlyonnais.fr\/site\/2018\/04\/10\/decines-retour-sur-la-19-edition-du-deci-jogg\/"},"author":{"name":"R\u00e9dac. NEWS","@id":"https:\/\/newsestlyonnais.fr\/site\/#\/schema\/person\/3230d5615f390bb808365d673001e887"},"headline":"DECINES | Retour sur la 19\u00b0 \u00e9dition du D\u00e9ci Jogg","datePublished":"2018-04-10T12:26:29+00:00","dateModified":"2020-11-11T13:26:42+00:00","mainEntityOfPage":{"@id":"https:\/\/newsestlyonnais.fr\/site\/2018\/04\/10\/decines-retour-sur-la-19-edition-du-deci-jogg\/"},"wordCount":129,"commentCount":0,"publisher":{"@id":"https:\/\/newsestlyonnais.fr\/site\/#organization"},"image":{"@id":"https:\/\/newsestlyonnais.fr\/site\/2018\/04\/10\/decines-retour-sur-la-19-edition-du-deci-jogg\/#primaryimage"},"thumbnailUrl":"https:\/\/newsestlyonnais.fr\/site\/wp-content\/uploads\/2018\/04\/NEWSESTLYONNAIS-DECI-JOGG-12.jpg","articleSection":["Athl\u00e9 | Course pied | Marche","D\u00e9cines-Charpieu","Ev\u00e8nements divers"],"inLanguage":"fr-FR","potentialAction":[{"@type":"CommentAction","name":"Comment","target":["https:\/\/newsestlyonnais.fr\/site\/2018\/04\/10\/decines-retour-sur-la-19-edition-du-deci-jogg\/#respond"]}]},{"@type":"WebPage","@id":"https:\/\/newsestlyonnais.fr\/site\/2018\/04\/10\/decines-retour-sur-la-19-edition-du-deci-jogg\/","url":"https:\/\/newsestlyonnais.fr\/site\/2018\/04\/10\/decines-retour-sur-la-19-edition-du-deci-jogg\/","name":"DECINES : Retour sur la 19 \u00b0 \u00e9dition du D\u00e9ci Jogg","isPartOf":{"@id":"https:\/\/newsestlyonnais.fr\/site\/#website"},"primaryImageOfPage":{"@id":"https:\/\/newsestlyonnais.fr\/site\/2018\/04\/10\/decines-retour-sur-la-19-edition-du-deci-jogg\/#primaryimage"},"image":{"@id":"https:\/\/newsestlyonnais.fr\/site\/2018\/04\/10\/decines-retour-sur-la-19-edition-du-deci-jogg\/#primaryimage"},"thumbnailUrl":"https:\/\/newsestlyonnais.fr\/site\/wp-content\/uploads\/2018\/04\/NEWSESTLYONNAIS-DECI-JOGG-12.jpg","datePublished":"2018-04-10T12:26:29+00:00","dateModified":"2020-11-11T13:26:42+00:00","description":"DECINES : Retour sur la 19 \u00b0 \u00e9dition du D\u00e9ci Jogg","breadcrumb":{"@id":"https:\/\/newsestlyonnais.fr\/site\/2018\/04\/10\/decines-retour-sur-la-19-edition-du-deci-jogg\/#breadcrumb"},"inLanguage":"fr-FR","potentialAction":[{"@type":"ReadAction","target":["https:\/\/newsestlyonnais.fr\/site\/2018\/04\/10\/decines-retour-sur-la-19-edition-du-deci-jogg\/"]}]},{"@type":"ImageObject","inLanguage":"fr-FR","@id":"https:\/\/newsestlyonnais.fr\/site\/2018\/04\/10\/decines-retour-sur-la-19-edition-du-deci-jogg\/#primaryimage","url":"https:\/\/newsestlyonnais.fr\/site\/wp-content\/uploads\/2018\/04\/NEWSESTLYONNAIS-DECI-JOGG-12.jpg","contentUrl":"https:\/\/newsestlyonnais.fr\/site\/wp-content\/uploads\/2018\/04\/NEWSESTLYONNAIS-DECI-JOGG-12.jpg","width":2048,"height":1536,"caption":"Forte d\u00e9l\u00e9gation de TERRE DE RUNNING DECINES"},{"@type":"BreadcrumbList","@id":"https:\/\/newsestlyonnais.fr\/site\/2018\/04\/10\/decines-retour-sur-la-19-edition-du-deci-jogg\/#breadcrumb","itemListElement":[{"@type":"ListItem","position":1,"name":"Accueil","item":"https:\/\/newsestlyonnais.fr\/site\/"},{"@type":"ListItem","position":2,"name":"DECINES | Retour sur la 19\u00b0 \u00e9dition du D\u00e9ci Jogg"}]},{"@type":"WebSite","@id":"https:\/\/newsestlyonnais.fr\/site\/#website","url":"https:\/\/newsestlyonnais.fr\/site\/","name":"News Est Lyonnais","description":"L&#039;actualit\u00e9 au plus pr\u00e8s","publisher":{"@id":"https:\/\/newsestlyonnais.fr\/site\/#organization"},"potentialAction":[{"@type":"SearchAction","target":{"@type":"EntryPoint","urlTemplate":"https:\/\/newsestlyonnais.fr\/site\/?s={search_term_string}"},"query-input":{"@type":"PropertyValueSpecification","valueRequired":true,"valueName":"search_term_string"}}],"inLanguage":"fr-FR"},{"@type":"Organization","@id":"https:\/\/newsestlyonnais.fr\/site\/#organization","name":"News EST LYONNAIS","url":"https:\/\/newsestlyonnais.fr\/site\/","logo":{"@type":"ImageObject","inLanguage":"fr-FR","@id":"https:\/\/newsestlyonnais.fr\/site\/#\/schema\/logo\/image\/","url":"","contentUrl":"","caption":"News EST LYONNAIS"},"image":{"@id":"https:\/\/newsestlyonnais.fr\/site\/#\/schema\/logo\/image\/"}},{"@type":"Person","@id":"https:\/\/newsestlyonnais.fr\/site\/#\/schema\/person\/3230d5615f390bb808365d673001e887","name":"R\u00e9dac. NEWS","sameAs":["http:\/\/www.newsestlyonnais.fr","https:\/\/www.facebook.com\/pascal.oberson.1?fref=ts","https:\/\/fr.linkedin.com\/in\/pascal-oberson-b17045113"],"url":"https:\/\/newsestlyonnais.fr\/site\/author\/nel\/"}]}},"_links":{"self":[{"href":"https:\/\/newsestlyonnais.fr\/site\/wp-json\/wp\/v2\/posts\/47168","targetHints":{"allow":["GET"]}}],"collection":[{"href":"https:\/\/newsestlyonnais.fr\/site\/wp-json\/wp\/v2\/posts"}],"about":[{"href":"https:\/\/newsestlyonnais.fr\/site\/wp-json\/wp\/v2\/types\/post"}],"author":[{"embeddable":true,"href":"https:\/\/newsestlyonnais.fr\/site\/wp-json\/wp\/v2\/users\/4"}],"replies":[{"embeddable":true,"href":"https:\/\/newsestlyonnais.fr\/site\/wp-json\/wp\/v2\/comments?post=47168"}],"version-history":[{"count":0,"href":"https:\/\/newsestlyonnais.fr\/site\/wp-json\/wp\/v2\/posts\/47168\/revisions"}],"wp:featuredmedia":[{"embeddable":true,"href":"https:\/\/newsestlyonnais.fr\/site\/wp-json\/wp\/v2\/media\/47194"}],"wp:attachment":[{"href":"https:\/\/newsestlyonnais.fr\/site\/wp-json\/wp\/v2\/media?parent=47168"}],"wp:term":[{"taxonomy":"category","embeddable":true,"href":"https:\/\/newsestlyonnais.fr\/site\/wp-json\/wp\/v2\/categories?post=47168"},{"taxonomy":"post_tag","embeddable":true,"href":"https:\/\/newsestlyonnais.fr\/site\/wp-json\/wp\/v2\/tags?post=47168"}],"curies":[{"name":"wp","href":"https:\/\/api.w.org\/{rel}","templated":true}]}}