{"id":47248,"date":"2018-04-10T16:15:25","date_gmt":"2018-04-10T15:15:25","guid":{"rendered":"http:\/\/newsestlyonnais.fr\/site\/?p=47248"},"modified":"2020-11-02T13:55:49","modified_gmt":"2020-11-02T12:55:49","slug":"vaulx-en-velin-lolympique-de-vaulx-organise-un-gala-au-feminin","status":"publish","type":"post","link":"https:\/\/newsestlyonnais.fr\/site\/2018\/04\/10\/vaulx-en-velin-lolympique-de-vaulx-organise-un-gala-au-feminin\/","title":{"rendered":"VAULX-EN-VELIN | L\u2019Olympique de Vaulx organise un gala au f\u00e9minin"},"content":{"rendered":"<h4>Plus de 700 personnes sont attendues le vendredi 20 avril au Centre Culturel Communal Charlie Chaplin pour la 2\u00b0 version du gala \u00ab\u00a0Olympique Vaulx en Velin au f\u00e9minin\u00a0\u00bb.<\/h4>\n<p>Une soir\u00e9e qui avait rassembl\u00e9 450 personnes en 2017 et organis\u00e9e par le club pr\u00e9sid\u00e9 par Tazghat Fartas, dans la continuit\u00e9 de la journ\u00e9e de la Femme. Une bien belle fa\u00e7on d\u2019honorer la femme dans tous ses attraits et son implication dans le cadre sportif, associatif et socio-culturel.<\/p>\n<p>Elhem Mekhaled (membre du Boxing club Vaudais et championne de France) et Sonia Bompastor (footballeuse internationale de l\u2019OL) seront les marraines de ce gala exceptionnel pour lequel sont programm\u00e9s : des exhibitions, d\u00e9monstrations\u00a0 (Arts martiaux, GRS, halt\u00e9rophilie), des productions de groupes musicaux et d\u2019humour sont \u00e9galement pr\u00e9vues.<\/p>\n<ul>\n<li>\u00a0Tarif : 14 \u20ac<\/li>\n<li>R\u00e9servations: Taz Fartas au 06.62.43.09.52<\/li>\n<\/ul>\n<p><img loading=\"lazy\" decoding=\"async\" class=\"alignleft size-full wp-image-46941\" src=\"https:\/\/newsestlyonnais.fr\/site\/medias\/2018\/03\/olv-v2-page-001.jpg\" alt=\"NEWSESTLYONNAIS - GALA OLYM VAULX\" width=\"1240\" height=\"1754\" srcset=\"https:\/\/newsestlyonnais.fr\/site\/wp-content\/uploads\/2018\/03\/olv-v2-page-001.jpg 1240w, https:\/\/newsestlyonnais.fr\/site\/wp-content\/uploads\/2018\/03\/olv-v2-page-001-212x300.jpg 212w, https:\/\/newsestlyonnais.fr\/site\/wp-content\/uploads\/2018\/03\/olv-v2-page-001-768x1086.jpg 768w, https:\/\/newsestlyonnais.fr\/site\/wp-content\/uploads\/2018\/03\/olv-v2-page-001-530x750.jpg 530w, https:\/\/newsestlyonnais.fr\/site\/wp-content\/uploads\/2018\/03\/olv-v2-page-001-600x849.jpg 600w\" sizes=\"auto, (max-width: 1240px) 100vw, 1240px\" \/><\/p>\n","protected":false},"excerpt":{"rendered":"<p>Plus de 700 personnes sont attendues le vendredi 20 avril au Centre Culturel Communal Charlie Chaplin pour la 2\u00b0 version du gala \u00ab\u00a0Olympique Vaulx en Velin au f\u00e9minin\u00a0\u00bb. Une soir\u00e9e qui avait rassembl\u00e9 450 personnes en 2017 et organis\u00e9e par le club pr\u00e9sid\u00e9 par Tazghat Fartas, dans la continuit\u00e9 de la journ\u00e9e de la Femme. [&hellip;]<\/p>\n","protected":false},"author":4,"featured_media":46941,"comment_status":"open","ping_status":"open","sticky":false,"template":"","format":"standard","meta":{"footnotes":""},"categories":[4,3421,1329,2996,28],"tags":[],"class_list":["post-47248","post","type-post","status-publish","format-standard","has-post-thumbnail","hentry","category-evenements-divers","category-feminin-actu-au","category-foot","category-football-rugby","category-vaulx-en-velin"],"yoast_head":"<!-- This site is optimized with the Yoast SEO plugin v27.2 - https:\/\/yoast.com\/product\/yoast-seo-wordpress\/ -->\n<title>VAULX EN VELIN : L\u2019Olympique de Vaulx organise un gala au f\u00e9minin le vendredi 20 avril<\/title>\n<meta name=\"description\" content=\"VAULX EN VELIN : L\u2019Olympique de Vaulx organise un gala au f\u00e9minin le vendredi 20 avril\" \/>\n<meta name=\"robots\" content=\"index, follow, max-snippet:-1, max-image-preview:large, max-video-preview:-1\" \/>\n<link rel=\"canonical\" href=\"https:\/\/newsestlyonnais.fr\/site\/2018\/04\/10\/vaulx-en-velin-lolympique-de-vaulx-organise-un-gala-au-feminin\/\" \/>\n<meta property=\"og:locale\" content=\"fr_FR\" \/>\n<meta property=\"og:type\" content=\"article\" \/>\n<meta property=\"og:title\" content=\"VAULX EN VELIN : L\u2019Olympique de Vaulx organise un gala au f\u00e9minin le vendredi 20 avril\" \/>\n<meta property=\"og:description\" content=\"VAULX EN VELIN : L\u2019Olympique de Vaulx organise un gala au f\u00e9minin le vendredi 20 avril\" \/>\n<meta property=\"og:url\" content=\"https:\/\/newsestlyonnais.fr\/site\/2018\/04\/10\/vaulx-en-velin-lolympique-de-vaulx-organise-un-gala-au-feminin\/\" \/>\n<meta property=\"og:site_name\" content=\"News Est Lyonnais\" \/>\n<meta property=\"article:author\" content=\"https:\/\/www.facebook.com\/pascal.oberson.1?fref=ts\" \/>\n<meta property=\"article:published_time\" content=\"2018-04-10T15:15:25+00:00\" \/>\n<meta property=\"article:modified_time\" content=\"2020-11-02T12:55:49+00:00\" \/>\n<meta property=\"og:image\" content=\"https:\/\/i2.wp.com\/newsestlyonnais.fr\/site\/wp-content\/uploads\/2018\/03\/olv-v2-page-001.jpg?fit=1240%2C1754&ssl=1\" \/>\n\t<meta property=\"og:image:width\" content=\"1240\" \/>\n\t<meta property=\"og:image:height\" content=\"1754\" \/>\n\t<meta property=\"og:image:type\" content=\"image\/jpeg\" \/>\n<meta name=\"author\" content=\"R\u00e9dac. NEWS\" \/>\n<meta name=\"twitter:card\" content=\"summary_large_image\" \/>\n<meta name=\"twitter:label1\" content=\"\u00c9crit par\" \/>\n\t<meta name=\"twitter:data1\" content=\"R\u00e9dac. NEWS\" \/>\n\t<meta name=\"twitter:label2\" content=\"Dur\u00e9e de lecture estim\u00e9e\" \/>\n\t<meta name=\"twitter:data2\" content=\"1 minute\" \/>\n<script type=\"application\/ld+json\" class=\"yoast-schema-graph\">{\"@context\":\"https:\/\/schema.org\",\"@graph\":[{\"@type\":\"Article\",\"@id\":\"https:\/\/newsestlyonnais.fr\/site\/2018\/04\/10\/vaulx-en-velin-lolympique-de-vaulx-organise-un-gala-au-feminin\/#article\",\"isPartOf\":{\"@id\":\"https:\/\/newsestlyonnais.fr\/site\/2018\/04\/10\/vaulx-en-velin-lolympique-de-vaulx-organise-un-gala-au-feminin\/\"},\"author\":{\"name\":\"R\u00e9dac. NEWS\",\"@id\":\"https:\/\/newsestlyonnais.fr\/site\/#\/schema\/person\/3230d5615f390bb808365d673001e887\"},\"headline\":\"VAULX-EN-VELIN | L\u2019Olympique de Vaulx organise un gala au f\u00e9minin\",\"datePublished\":\"2018-04-10T15:15:25+00:00\",\"dateModified\":\"2020-11-02T12:55:49+00:00\",\"mainEntityOfPage\":{\"@id\":\"https:\/\/newsestlyonnais.fr\/site\/2018\/04\/10\/vaulx-en-velin-lolympique-de-vaulx-organise-un-gala-au-feminin\/\"},\"wordCount\":147,\"commentCount\":0,\"publisher\":{\"@id\":\"https:\/\/newsestlyonnais.fr\/site\/#organization\"},\"image\":{\"@id\":\"https:\/\/newsestlyonnais.fr\/site\/2018\/04\/10\/vaulx-en-velin-lolympique-de-vaulx-organise-un-gala-au-feminin\/#primaryimage\"},\"thumbnailUrl\":\"https:\/\/newsestlyonnais.fr\/site\/wp-content\/uploads\/2018\/03\/olv-v2-page-001.jpg\",\"articleSection\":[\"Ev\u00e8nements divers\",\"F\u00e9minin (Actu au)\",\"Foot | Futsal\",\"Foot | Rugby\",\"Vaulx-en-Velin\"],\"inLanguage\":\"fr-FR\",\"potentialAction\":[{\"@type\":\"CommentAction\",\"name\":\"Comment\",\"target\":[\"https:\/\/newsestlyonnais.fr\/site\/2018\/04\/10\/vaulx-en-velin-lolympique-de-vaulx-organise-un-gala-au-feminin\/#respond\"]}]},{\"@type\":\"WebPage\",\"@id\":\"https:\/\/newsestlyonnais.fr\/site\/2018\/04\/10\/vaulx-en-velin-lolympique-de-vaulx-organise-un-gala-au-feminin\/\",\"url\":\"https:\/\/newsestlyonnais.fr\/site\/2018\/04\/10\/vaulx-en-velin-lolympique-de-vaulx-organise-un-gala-au-feminin\/\",\"name\":\"VAULX EN VELIN : L\u2019Olympique de Vaulx organise un gala au f\u00e9minin le vendredi 20 avril\",\"isPartOf\":{\"@id\":\"https:\/\/newsestlyonnais.fr\/site\/#website\"},\"primaryImageOfPage\":{\"@id\":\"https:\/\/newsestlyonnais.fr\/site\/2018\/04\/10\/vaulx-en-velin-lolympique-de-vaulx-organise-un-gala-au-feminin\/#primaryimage\"},\"image\":{\"@id\":\"https:\/\/newsestlyonnais.fr\/site\/2018\/04\/10\/vaulx-en-velin-lolympique-de-vaulx-organise-un-gala-au-feminin\/#primaryimage\"},\"thumbnailUrl\":\"https:\/\/newsestlyonnais.fr\/site\/wp-content\/uploads\/2018\/03\/olv-v2-page-001.jpg\",\"datePublished\":\"2018-04-10T15:15:25+00:00\",\"dateModified\":\"2020-11-02T12:55:49+00:00\",\"description\":\"VAULX EN VELIN : L\u2019Olympique de Vaulx organise un gala au f\u00e9minin le vendredi 20 avril\",\"breadcrumb\":{\"@id\":\"https:\/\/newsestlyonnais.fr\/site\/2018\/04\/10\/vaulx-en-velin-lolympique-de-vaulx-organise-un-gala-au-feminin\/#breadcrumb\"},\"inLanguage\":\"fr-FR\",\"potentialAction\":[{\"@type\":\"ReadAction\",\"target\":[\"https:\/\/newsestlyonnais.fr\/site\/2018\/04\/10\/vaulx-en-velin-lolympique-de-vaulx-organise-un-gala-au-feminin\/\"]}]},{\"@type\":\"ImageObject\",\"inLanguage\":\"fr-FR\",\"@id\":\"https:\/\/newsestlyonnais.fr\/site\/2018\/04\/10\/vaulx-en-velin-lolympique-de-vaulx-organise-un-gala-au-feminin\/#primaryimage\",\"url\":\"https:\/\/newsestlyonnais.fr\/site\/wp-content\/uploads\/2018\/03\/olv-v2-page-001.jpg\",\"contentUrl\":\"https:\/\/newsestlyonnais.fr\/site\/wp-content\/uploads\/2018\/03\/olv-v2-page-001.jpg\",\"width\":1240,\"height\":1754,\"caption\":\"l'affiche de ce gala\"},{\"@type\":\"BreadcrumbList\",\"@id\":\"https:\/\/newsestlyonnais.fr\/site\/2018\/04\/10\/vaulx-en-velin-lolympique-de-vaulx-organise-un-gala-au-feminin\/#breadcrumb\",\"itemListElement\":[{\"@type\":\"ListItem\",\"position\":1,\"name\":\"Accueil\",\"item\":\"https:\/\/newsestlyonnais.fr\/site\/\"},{\"@type\":\"ListItem\",\"position\":2,\"name\":\"VAULX-EN-VELIN | L\u2019Olympique de Vaulx organise un gala au f\u00e9minin\"}]},{\"@type\":\"WebSite\",\"@id\":\"https:\/\/newsestlyonnais.fr\/site\/#website\",\"url\":\"https:\/\/newsestlyonnais.fr\/site\/\",\"name\":\"News Est Lyonnais\",\"description\":\"L&#039;actualit\u00e9 au plus pr\u00e8s\",\"publisher\":{\"@id\":\"https:\/\/newsestlyonnais.fr\/site\/#organization\"},\"potentialAction\":[{\"@type\":\"SearchAction\",\"target\":{\"@type\":\"EntryPoint\",\"urlTemplate\":\"https:\/\/newsestlyonnais.fr\/site\/?s={search_term_string}\"},\"query-input\":{\"@type\":\"PropertyValueSpecification\",\"valueRequired\":true,\"valueName\":\"search_term_string\"}}],\"inLanguage\":\"fr-FR\"},{\"@type\":\"Organization\",\"@id\":\"https:\/\/newsestlyonnais.fr\/site\/#organization\",\"name\":\"News EST LYONNAIS\",\"url\":\"https:\/\/newsestlyonnais.fr\/site\/\",\"logo\":{\"@type\":\"ImageObject\",\"inLanguage\":\"fr-FR\",\"@id\":\"https:\/\/newsestlyonnais.fr\/site\/#\/schema\/logo\/image\/\",\"url\":\"\",\"contentUrl\":\"\",\"caption\":\"News EST LYONNAIS\"},\"image\":{\"@id\":\"https:\/\/newsestlyonnais.fr\/site\/#\/schema\/logo\/image\/\"}},{\"@type\":\"Person\",\"@id\":\"https:\/\/newsestlyonnais.fr\/site\/#\/schema\/person\/3230d5615f390bb808365d673001e887\",\"name\":\"R\u00e9dac. NEWS\",\"sameAs\":[\"http:\/\/www.newsestlyonnais.fr\",\"https:\/\/www.facebook.com\/pascal.oberson.1?fref=ts\",\"https:\/\/fr.linkedin.com\/in\/pascal-oberson-b17045113\"],\"url\":\"https:\/\/newsestlyonnais.fr\/site\/author\/nel\/\"}]}<\/script>\n<!-- \/ Yoast SEO plugin. -->","yoast_head_json":{"title":"VAULX EN VELIN : L\u2019Olympique de Vaulx organise un gala au f\u00e9minin le vendredi 20 avril","description":"VAULX EN VELIN : L\u2019Olympique de Vaulx organise un gala au f\u00e9minin le vendredi 20 avril","robots":{"index":"index","follow":"follow","max-snippet":"max-snippet:-1","max-image-preview":"max-image-preview:large","max-video-preview":"max-video-preview:-1"},"canonical":"https:\/\/newsestlyonnais.fr\/site\/2018\/04\/10\/vaulx-en-velin-lolympique-de-vaulx-organise-un-gala-au-feminin\/","og_locale":"fr_FR","og_type":"article","og_title":"VAULX EN VELIN : L\u2019Olympique de Vaulx organise un gala au f\u00e9minin le vendredi 20 avril","og_description":"VAULX EN VELIN : L\u2019Olympique de Vaulx organise un gala au f\u00e9minin le vendredi 20 avril","og_url":"https:\/\/newsestlyonnais.fr\/site\/2018\/04\/10\/vaulx-en-velin-lolympique-de-vaulx-organise-un-gala-au-feminin\/","og_site_name":"News Est Lyonnais","article_author":"https:\/\/www.facebook.com\/pascal.oberson.1?fref=ts","article_published_time":"2018-04-10T15:15:25+00:00","article_modified_time":"2020-11-02T12:55:49+00:00","og_image":[{"width":1240,"height":1754,"url":"https:\/\/i2.wp.com\/newsestlyonnais.fr\/site\/wp-content\/uploads\/2018\/03\/olv-v2-page-001.jpg?fit=1240%2C1754&ssl=1","type":"image\/jpeg"}],"author":"R\u00e9dac. NEWS","twitter_card":"summary_large_image","twitter_misc":{"\u00c9crit par":"R\u00e9dac. NEWS","Dur\u00e9e de lecture estim\u00e9e":"1 minute"},"schema":{"@context":"https:\/\/schema.org","@graph":[{"@type":"Article","@id":"https:\/\/newsestlyonnais.fr\/site\/2018\/04\/10\/vaulx-en-velin-lolympique-de-vaulx-organise-un-gala-au-feminin\/#article","isPartOf":{"@id":"https:\/\/newsestlyonnais.fr\/site\/2018\/04\/10\/vaulx-en-velin-lolympique-de-vaulx-organise-un-gala-au-feminin\/"},"author":{"name":"R\u00e9dac. NEWS","@id":"https:\/\/newsestlyonnais.fr\/site\/#\/schema\/person\/3230d5615f390bb808365d673001e887"},"headline":"VAULX-EN-VELIN | L\u2019Olympique de Vaulx organise un gala au f\u00e9minin","datePublished":"2018-04-10T15:15:25+00:00","dateModified":"2020-11-02T12:55:49+00:00","mainEntityOfPage":{"@id":"https:\/\/newsestlyonnais.fr\/site\/2018\/04\/10\/vaulx-en-velin-lolympique-de-vaulx-organise-un-gala-au-feminin\/"},"wordCount":147,"commentCount":0,"publisher":{"@id":"https:\/\/newsestlyonnais.fr\/site\/#organization"},"image":{"@id":"https:\/\/newsestlyonnais.fr\/site\/2018\/04\/10\/vaulx-en-velin-lolympique-de-vaulx-organise-un-gala-au-feminin\/#primaryimage"},"thumbnailUrl":"https:\/\/newsestlyonnais.fr\/site\/wp-content\/uploads\/2018\/03\/olv-v2-page-001.jpg","articleSection":["Ev\u00e8nements divers","F\u00e9minin (Actu au)","Foot | Futsal","Foot | Rugby","Vaulx-en-Velin"],"inLanguage":"fr-FR","potentialAction":[{"@type":"CommentAction","name":"Comment","target":["https:\/\/newsestlyonnais.fr\/site\/2018\/04\/10\/vaulx-en-velin-lolympique-de-vaulx-organise-un-gala-au-feminin\/#respond"]}]},{"@type":"WebPage","@id":"https:\/\/newsestlyonnais.fr\/site\/2018\/04\/10\/vaulx-en-velin-lolympique-de-vaulx-organise-un-gala-au-feminin\/","url":"https:\/\/newsestlyonnais.fr\/site\/2018\/04\/10\/vaulx-en-velin-lolympique-de-vaulx-organise-un-gala-au-feminin\/","name":"VAULX EN VELIN : L\u2019Olympique de Vaulx organise un gala au f\u00e9minin le vendredi 20 avril","isPartOf":{"@id":"https:\/\/newsestlyonnais.fr\/site\/#website"},"primaryImageOfPage":{"@id":"https:\/\/newsestlyonnais.fr\/site\/2018\/04\/10\/vaulx-en-velin-lolympique-de-vaulx-organise-un-gala-au-feminin\/#primaryimage"},"image":{"@id":"https:\/\/newsestlyonnais.fr\/site\/2018\/04\/10\/vaulx-en-velin-lolympique-de-vaulx-organise-un-gala-au-feminin\/#primaryimage"},"thumbnailUrl":"https:\/\/newsestlyonnais.fr\/site\/wp-content\/uploads\/2018\/03\/olv-v2-page-001.jpg","datePublished":"2018-04-10T15:15:25+00:00","dateModified":"2020-11-02T12:55:49+00:00","description":"VAULX EN VELIN : L\u2019Olympique de Vaulx organise un gala au f\u00e9minin le vendredi 20 avril","breadcrumb":{"@id":"https:\/\/newsestlyonnais.fr\/site\/2018\/04\/10\/vaulx-en-velin-lolympique-de-vaulx-organise-un-gala-au-feminin\/#breadcrumb"},"inLanguage":"fr-FR","potentialAction":[{"@type":"ReadAction","target":["https:\/\/newsestlyonnais.fr\/site\/2018\/04\/10\/vaulx-en-velin-lolympique-de-vaulx-organise-un-gala-au-feminin\/"]}]},{"@type":"ImageObject","inLanguage":"fr-FR","@id":"https:\/\/newsestlyonnais.fr\/site\/2018\/04\/10\/vaulx-en-velin-lolympique-de-vaulx-organise-un-gala-au-feminin\/#primaryimage","url":"https:\/\/newsestlyonnais.fr\/site\/wp-content\/uploads\/2018\/03\/olv-v2-page-001.jpg","contentUrl":"https:\/\/newsestlyonnais.fr\/site\/wp-content\/uploads\/2018\/03\/olv-v2-page-001.jpg","width":1240,"height":1754,"caption":"l'affiche de ce gala"},{"@type":"BreadcrumbList","@id":"https:\/\/newsestlyonnais.fr\/site\/2018\/04\/10\/vaulx-en-velin-lolympique-de-vaulx-organise-un-gala-au-feminin\/#breadcrumb","itemListElement":[{"@type":"ListItem","position":1,"name":"Accueil","item":"https:\/\/newsestlyonnais.fr\/site\/"},{"@type":"ListItem","position":2,"name":"VAULX-EN-VELIN | L\u2019Olympique de Vaulx organise un gala au f\u00e9minin"}]},{"@type":"WebSite","@id":"https:\/\/newsestlyonnais.fr\/site\/#website","url":"https:\/\/newsestlyonnais.fr\/site\/","name":"News Est Lyonnais","description":"L&#039;actualit\u00e9 au plus pr\u00e8s","publisher":{"@id":"https:\/\/newsestlyonnais.fr\/site\/#organization"},"potentialAction":[{"@type":"SearchAction","target":{"@type":"EntryPoint","urlTemplate":"https:\/\/newsestlyonnais.fr\/site\/?s={search_term_string}"},"query-input":{"@type":"PropertyValueSpecification","valueRequired":true,"valueName":"search_term_string"}}],"inLanguage":"fr-FR"},{"@type":"Organization","@id":"https:\/\/newsestlyonnais.fr\/site\/#organization","name":"News EST LYONNAIS","url":"https:\/\/newsestlyonnais.fr\/site\/","logo":{"@type":"ImageObject","inLanguage":"fr-FR","@id":"https:\/\/newsestlyonnais.fr\/site\/#\/schema\/logo\/image\/","url":"","contentUrl":"","caption":"News EST LYONNAIS"},"image":{"@id":"https:\/\/newsestlyonnais.fr\/site\/#\/schema\/logo\/image\/"}},{"@type":"Person","@id":"https:\/\/newsestlyonnais.fr\/site\/#\/schema\/person\/3230d5615f390bb808365d673001e887","name":"R\u00e9dac. NEWS","sameAs":["http:\/\/www.newsestlyonnais.fr","https:\/\/www.facebook.com\/pascal.oberson.1?fref=ts","https:\/\/fr.linkedin.com\/in\/pascal-oberson-b17045113"],"url":"https:\/\/newsestlyonnais.fr\/site\/author\/nel\/"}]}},"_links":{"self":[{"href":"https:\/\/newsestlyonnais.fr\/site\/wp-json\/wp\/v2\/posts\/47248","targetHints":{"allow":["GET"]}}],"collection":[{"href":"https:\/\/newsestlyonnais.fr\/site\/wp-json\/wp\/v2\/posts"}],"about":[{"href":"https:\/\/newsestlyonnais.fr\/site\/wp-json\/wp\/v2\/types\/post"}],"author":[{"embeddable":true,"href":"https:\/\/newsestlyonnais.fr\/site\/wp-json\/wp\/v2\/users\/4"}],"replies":[{"embeddable":true,"href":"https:\/\/newsestlyonnais.fr\/site\/wp-json\/wp\/v2\/comments?post=47248"}],"version-history":[{"count":0,"href":"https:\/\/newsestlyonnais.fr\/site\/wp-json\/wp\/v2\/posts\/47248\/revisions"}],"wp:featuredmedia":[{"embeddable":true,"href":"https:\/\/newsestlyonnais.fr\/site\/wp-json\/wp\/v2\/media\/46941"}],"wp:attachment":[{"href":"https:\/\/newsestlyonnais.fr\/site\/wp-json\/wp\/v2\/media?parent=47248"}],"wp:term":[{"taxonomy":"category","embeddable":true,"href":"https:\/\/newsestlyonnais.fr\/site\/wp-json\/wp\/v2\/categories?post=47248"},{"taxonomy":"post_tag","embeddable":true,"href":"https:\/\/newsestlyonnais.fr\/site\/wp-json\/wp\/v2\/tags?post=47248"}],"curies":[{"name":"wp","href":"https:\/\/api.w.org\/{rel}","templated":true}]}}