{"id":47259,"date":"2018-04-12T12:56:35","date_gmt":"2018-04-12T11:56:35","guid":{"rendered":"http:\/\/newsestlyonnais.fr\/site\/?p=47259"},"modified":"2020-11-03T16:37:40","modified_gmt":"2020-11-03T15:37:40","slug":"vaulx-velin-seniors-vaulx-basket-leaders-derniere-journee-de-n3","status":"publish","type":"post","link":"https:\/\/newsestlyonnais.fr\/site\/2018\/04\/12\/vaulx-velin-seniors-vaulx-basket-leaders-derniere-journee-de-n3\/","title":{"rendered":"VAULX-EN-VELIN | Les seniors du Vaulx Basket leaders avant la derni\u00e8re journ\u00e9e de N3"},"content":{"rendered":"<h4>Clap de fin \u00e0 domicile samedi soir pour les seniors 1 du Vaulx Basket Club qui recevaient les auvergnats du Clermont Basket.<\/h4>\n<p>Un match au sommet entre deux formations figurant dans le quatuor de t\u00eate de la poule L de Nationale 3. Les hommes de Yohann Valla (PHOTO A LA UNE) voulant confirmer leur succ\u00e8s du match aller (78\/62) et rester dans la course \u00e0 l\u2019accession en N2.<\/p>\n<p>Des vaudais qui ont parfaitement r\u00e9ussi leur mission en s\u2019imposant 81\/68 face aux clermontois et se retrouvent leaders de leur poule suite aux r\u00e9sultats de leurs adversaires directs.<\/p>\n<p><em><strong>A la salle Aubert : Vaulx Basket Club bat Clermont Basket 81\/68.(21\/21, 26\/17, 18\/12, 16\/18).<\/strong> <\/em><\/p>\n<p>Marqueurs :<\/p>\n<p>Pour Vaulx : Pasque 19, Kandom 16, Gelanor 14, Courtial 8, Marconnet 6, Ferjiule 5, Coston 5, F\u00e9lix-Yendt 4, Mukeku 3, Ruiz 1.<\/p>\n<p>Pour Clermont : Lopez 19, Salvis 12, Chatard 11, Fran\u00e7ois 9, Aubry 8, Eyraud 5, Tourgon 2, Pitaud 2.<\/p>\n<ul>\n<li><strong>Dernier match le samedi 14 avril \u00e0 Roche La Moli\u00e8re contre Roche Basket AL (\u00e0 20 h \u00e0 la Halle des Sports).<\/strong><\/li>\n<\/ul>\n<div id='gallery-1' class='gallery galleryid-47259 gallery-columns-3 gallery-size-thumbnail'><figure class='gallery-item'>\n\t\t\t<div class='gallery-icon landscape'>\n\t\t\t\t<a href='https:\/\/newsestlyonnais.fr\/site\/2018\/04\/12\/vaulx-velin-seniors-vaulx-basket-leaders-derniere-journee-de-n3\/newsestlyonnais-vbc-clermont-01\/'><img loading=\"lazy\" decoding=\"async\" width=\"150\" height=\"150\" src=\"https:\/\/newsestlyonnais.fr\/site\/wp-content\/uploads\/2018\/04\/NEWSESTLYONNAIS-VBC-CLERMONT-01-150x150.jpg\" class=\"attachment-thumbnail size-thumbnail\" alt=\"NEWSESTLYONNAIS VBC CLERMONT 01\" aria-describedby=\"gallery-1-47261\" \/><\/a>\n\t\t\t<\/div>\n\t\t\t\t<figcaption class='wp-caption-text gallery-caption' id='gallery-1-47261'>\n\t\t\t\tLes vaudais (en blanc) ont pris le dessus sur les clermontois (en noir) \n\t\t\t\t<\/figcaption><\/figure><figure class='gallery-item'>\n\t\t\t<div class='gallery-icon landscape'>\n\t\t\t\t<a href='https:\/\/newsestlyonnais.fr\/site\/2018\/04\/12\/vaulx-velin-seniors-vaulx-basket-leaders-derniere-journee-de-n3\/newsestlyonnais-clermont\/'><img loading=\"lazy\" decoding=\"async\" width=\"150\" height=\"150\" src=\"https:\/\/newsestlyonnais.fr\/site\/wp-content\/uploads\/2018\/04\/NEWSESTLYONNAIS-CLERMONT--150x150.jpg\" class=\"attachment-thumbnail size-thumbnail\" alt=\"NEWSESTLYONNAIS - CLERMONT\" aria-describedby=\"gallery-1-47263\" \/><\/a>\n\t\t\t<\/div>\n\t\t\t\t<figcaption class='wp-caption-text gallery-caption' id='gallery-1-47263'>\n\t\t\t\tClermont Basket, adversaire du jour \n\t\t\t\t<\/figcaption><\/figure>\n\t\t<\/div>\n\n","protected":false},"excerpt":{"rendered":"<p>Clap de fin \u00e0 domicile samedi soir pour les seniors 1 du Vaulx Basket Club qui recevaient les auvergnats du Clermont Basket. Un match au sommet entre deux formations figurant dans le quatuor de t\u00eate de la poule L de Nationale 3. Les hommes de Yohann Valla (PHOTO A LA UNE) voulant confirmer leur succ\u00e8s [&hellip;]<\/p>\n","protected":false},"author":4,"featured_media":47262,"comment_status":"open","ping_status":"open","sticky":false,"template":"","format":"standard","meta":{"footnotes":""},"categories":[1357,2975,28],"tags":[],"class_list":["post-47259","post","type-post","status-publish","format-standard","has-post-thumbnail","hentry","category-basket","category-basket-hand-volley-sports","category-vaulx-en-velin"],"yoast_head":"<!-- This site is optimized with the Yoast SEO plugin v27.2 - https:\/\/yoast.com\/product\/yoast-seo-wordpress\/ -->\n<title>VAULX EN VELIN : Les seniors du Vaulx Basket leaders avant la derni\u00e8re journ\u00e9e de Nationale 3<\/title>\n<meta name=\"description\" content=\"VAULX EN VELIN : Les seniors du Vaulx Basket leaders avant la derni\u00e8re journ\u00e9e de Nationale 3\" \/>\n<meta name=\"robots\" content=\"index, follow, max-snippet:-1, max-image-preview:large, max-video-preview:-1\" \/>\n<link rel=\"canonical\" href=\"https:\/\/newsestlyonnais.fr\/site\/2018\/04\/12\/vaulx-velin-seniors-vaulx-basket-leaders-derniere-journee-de-n3\/\" \/>\n<meta property=\"og:locale\" content=\"fr_FR\" \/>\n<meta property=\"og:type\" content=\"article\" \/>\n<meta property=\"og:title\" content=\"VAULX EN VELIN : Les seniors du Vaulx Basket leaders avant la derni\u00e8re journ\u00e9e de Nationale 3\" \/>\n<meta property=\"og:description\" content=\"VAULX EN VELIN : Les seniors du Vaulx Basket leaders avant la derni\u00e8re journ\u00e9e de Nationale 3\" \/>\n<meta property=\"og:url\" content=\"https:\/\/newsestlyonnais.fr\/site\/2018\/04\/12\/vaulx-velin-seniors-vaulx-basket-leaders-derniere-journee-de-n3\/\" \/>\n<meta property=\"og:site_name\" content=\"News Est Lyonnais\" \/>\n<meta property=\"article:author\" content=\"https:\/\/www.facebook.com\/pascal.oberson.1?fref=ts\" \/>\n<meta property=\"article:published_time\" content=\"2018-04-12T11:56:35+00:00\" \/>\n<meta property=\"article:modified_time\" content=\"2020-11-03T15:37:40+00:00\" \/>\n<meta property=\"og:image\" content=\"https:\/\/i1.wp.com\/newsestlyonnais.fr\/site\/wp-content\/uploads\/2018\/04\/NEWSESTLYONNAIS-VBC-SENIORS-N3.jpg?fit=2048%2C1536&ssl=1\" \/>\n\t<meta property=\"og:image:width\" content=\"2048\" \/>\n\t<meta property=\"og:image:height\" content=\"1536\" \/>\n\t<meta property=\"og:image:type\" content=\"image\/jpeg\" \/>\n<meta name=\"author\" content=\"R\u00e9dac. NEWS\" \/>\n<meta name=\"twitter:card\" content=\"summary_large_image\" \/>\n<meta name=\"twitter:label1\" content=\"\u00c9crit par\" \/>\n\t<meta name=\"twitter:data1\" content=\"R\u00e9dac. NEWS\" \/>\n\t<meta name=\"twitter:label2\" content=\"Dur\u00e9e de lecture estim\u00e9e\" \/>\n\t<meta name=\"twitter:data2\" content=\"1 minute\" \/>\n<script type=\"application\/ld+json\" class=\"yoast-schema-graph\">{\"@context\":\"https:\/\/schema.org\",\"@graph\":[{\"@type\":\"Article\",\"@id\":\"https:\/\/newsestlyonnais.fr\/site\/2018\/04\/12\/vaulx-velin-seniors-vaulx-basket-leaders-derniere-journee-de-n3\/#article\",\"isPartOf\":{\"@id\":\"https:\/\/newsestlyonnais.fr\/site\/2018\/04\/12\/vaulx-velin-seniors-vaulx-basket-leaders-derniere-journee-de-n3\/\"},\"author\":{\"name\":\"R\u00e9dac. NEWS\",\"@id\":\"https:\/\/newsestlyonnais.fr\/site\/#\/schema\/person\/3230d5615f390bb808365d673001e887\"},\"headline\":\"VAULX-EN-VELIN | Les seniors du Vaulx Basket leaders avant la derni\u00e8re journ\u00e9e de N3\",\"datePublished\":\"2018-04-12T11:56:35+00:00\",\"dateModified\":\"2020-11-03T15:37:40+00:00\",\"mainEntityOfPage\":{\"@id\":\"https:\/\/newsestlyonnais.fr\/site\/2018\/04\/12\/vaulx-velin-seniors-vaulx-basket-leaders-derniere-journee-de-n3\/\"},\"wordCount\":168,\"commentCount\":0,\"publisher\":{\"@id\":\"https:\/\/newsestlyonnais.fr\/site\/#organization\"},\"image\":{\"@id\":\"https:\/\/newsestlyonnais.fr\/site\/2018\/04\/12\/vaulx-velin-seniors-vaulx-basket-leaders-derniere-journee-de-n3\/#primaryimage\"},\"thumbnailUrl\":\"https:\/\/newsestlyonnais.fr\/site\/wp-content\/uploads\/2018\/04\/NEWSESTLYONNAIS-VBC-SENIORS-N3.jpg\",\"articleSection\":[\"Basket\",\"Basket | Hand | Volley\",\"Vaulx-en-Velin\"],\"inLanguage\":\"fr-FR\",\"potentialAction\":[{\"@type\":\"CommentAction\",\"name\":\"Comment\",\"target\":[\"https:\/\/newsestlyonnais.fr\/site\/2018\/04\/12\/vaulx-velin-seniors-vaulx-basket-leaders-derniere-journee-de-n3\/#respond\"]}]},{\"@type\":\"WebPage\",\"@id\":\"https:\/\/newsestlyonnais.fr\/site\/2018\/04\/12\/vaulx-velin-seniors-vaulx-basket-leaders-derniere-journee-de-n3\/\",\"url\":\"https:\/\/newsestlyonnais.fr\/site\/2018\/04\/12\/vaulx-velin-seniors-vaulx-basket-leaders-derniere-journee-de-n3\/\",\"name\":\"VAULX EN VELIN : Les seniors du Vaulx Basket leaders avant la derni\u00e8re journ\u00e9e de Nationale 3\",\"isPartOf\":{\"@id\":\"https:\/\/newsestlyonnais.fr\/site\/#website\"},\"primaryImageOfPage\":{\"@id\":\"https:\/\/newsestlyonnais.fr\/site\/2018\/04\/12\/vaulx-velin-seniors-vaulx-basket-leaders-derniere-journee-de-n3\/#primaryimage\"},\"image\":{\"@id\":\"https:\/\/newsestlyonnais.fr\/site\/2018\/04\/12\/vaulx-velin-seniors-vaulx-basket-leaders-derniere-journee-de-n3\/#primaryimage\"},\"thumbnailUrl\":\"https:\/\/newsestlyonnais.fr\/site\/wp-content\/uploads\/2018\/04\/NEWSESTLYONNAIS-VBC-SENIORS-N3.jpg\",\"datePublished\":\"2018-04-12T11:56:35+00:00\",\"dateModified\":\"2020-11-03T15:37:40+00:00\",\"description\":\"VAULX EN VELIN : Les seniors du Vaulx Basket leaders avant la derni\u00e8re journ\u00e9e de Nationale 3\",\"breadcrumb\":{\"@id\":\"https:\/\/newsestlyonnais.fr\/site\/2018\/04\/12\/vaulx-velin-seniors-vaulx-basket-leaders-derniere-journee-de-n3\/#breadcrumb\"},\"inLanguage\":\"fr-FR\",\"potentialAction\":[{\"@type\":\"ReadAction\",\"target\":[\"https:\/\/newsestlyonnais.fr\/site\/2018\/04\/12\/vaulx-velin-seniors-vaulx-basket-leaders-derniere-journee-de-n3\/\"]}]},{\"@type\":\"ImageObject\",\"inLanguage\":\"fr-FR\",\"@id\":\"https:\/\/newsestlyonnais.fr\/site\/2018\/04\/12\/vaulx-velin-seniors-vaulx-basket-leaders-derniere-journee-de-n3\/#primaryimage\",\"url\":\"https:\/\/newsestlyonnais.fr\/site\/wp-content\/uploads\/2018\/04\/NEWSESTLYONNAIS-VBC-SENIORS-N3.jpg\",\"contentUrl\":\"https:\/\/newsestlyonnais.fr\/site\/wp-content\/uploads\/2018\/04\/NEWSESTLYONNAIS-VBC-SENIORS-N3.jpg\",\"width\":2048,\"height\":1536,\"caption\":\"NEWSESTLYONNAIS - VBC SENIORS N3\"},{\"@type\":\"BreadcrumbList\",\"@id\":\"https:\/\/newsestlyonnais.fr\/site\/2018\/04\/12\/vaulx-velin-seniors-vaulx-basket-leaders-derniere-journee-de-n3\/#breadcrumb\",\"itemListElement\":[{\"@type\":\"ListItem\",\"position\":1,\"name\":\"Accueil\",\"item\":\"https:\/\/newsestlyonnais.fr\/site\/\"},{\"@type\":\"ListItem\",\"position\":2,\"name\":\"VAULX-EN-VELIN | Les seniors du Vaulx Basket leaders avant la derni\u00e8re journ\u00e9e de N3\"}]},{\"@type\":\"WebSite\",\"@id\":\"https:\/\/newsestlyonnais.fr\/site\/#website\",\"url\":\"https:\/\/newsestlyonnais.fr\/site\/\",\"name\":\"News Est Lyonnais\",\"description\":\"L&#039;actualit\u00e9 au plus pr\u00e8s\",\"publisher\":{\"@id\":\"https:\/\/newsestlyonnais.fr\/site\/#organization\"},\"potentialAction\":[{\"@type\":\"SearchAction\",\"target\":{\"@type\":\"EntryPoint\",\"urlTemplate\":\"https:\/\/newsestlyonnais.fr\/site\/?s={search_term_string}\"},\"query-input\":{\"@type\":\"PropertyValueSpecification\",\"valueRequired\":true,\"valueName\":\"search_term_string\"}}],\"inLanguage\":\"fr-FR\"},{\"@type\":\"Organization\",\"@id\":\"https:\/\/newsestlyonnais.fr\/site\/#organization\",\"name\":\"News EST LYONNAIS\",\"url\":\"https:\/\/newsestlyonnais.fr\/site\/\",\"logo\":{\"@type\":\"ImageObject\",\"inLanguage\":\"fr-FR\",\"@id\":\"https:\/\/newsestlyonnais.fr\/site\/#\/schema\/logo\/image\/\",\"url\":\"\",\"contentUrl\":\"\",\"caption\":\"News EST LYONNAIS\"},\"image\":{\"@id\":\"https:\/\/newsestlyonnais.fr\/site\/#\/schema\/logo\/image\/\"}},{\"@type\":\"Person\",\"@id\":\"https:\/\/newsestlyonnais.fr\/site\/#\/schema\/person\/3230d5615f390bb808365d673001e887\",\"name\":\"R\u00e9dac. NEWS\",\"sameAs\":[\"http:\/\/www.newsestlyonnais.fr\",\"https:\/\/www.facebook.com\/pascal.oberson.1?fref=ts\",\"https:\/\/fr.linkedin.com\/in\/pascal-oberson-b17045113\"],\"url\":\"https:\/\/newsestlyonnais.fr\/site\/author\/nel\/\"}]}<\/script>\n<!-- \/ Yoast SEO plugin. -->","yoast_head_json":{"title":"VAULX EN VELIN : Les seniors du Vaulx Basket leaders avant la derni\u00e8re journ\u00e9e de Nationale 3","description":"VAULX EN VELIN : Les seniors du Vaulx Basket leaders avant la derni\u00e8re journ\u00e9e de Nationale 3","robots":{"index":"index","follow":"follow","max-snippet":"max-snippet:-1","max-image-preview":"max-image-preview:large","max-video-preview":"max-video-preview:-1"},"canonical":"https:\/\/newsestlyonnais.fr\/site\/2018\/04\/12\/vaulx-velin-seniors-vaulx-basket-leaders-derniere-journee-de-n3\/","og_locale":"fr_FR","og_type":"article","og_title":"VAULX EN VELIN : Les seniors du Vaulx Basket leaders avant la derni\u00e8re journ\u00e9e de Nationale 3","og_description":"VAULX EN VELIN : Les seniors du Vaulx Basket leaders avant la derni\u00e8re journ\u00e9e de Nationale 3","og_url":"https:\/\/newsestlyonnais.fr\/site\/2018\/04\/12\/vaulx-velin-seniors-vaulx-basket-leaders-derniere-journee-de-n3\/","og_site_name":"News Est Lyonnais","article_author":"https:\/\/www.facebook.com\/pascal.oberson.1?fref=ts","article_published_time":"2018-04-12T11:56:35+00:00","article_modified_time":"2020-11-03T15:37:40+00:00","og_image":[{"width":2048,"height":1536,"url":"https:\/\/i1.wp.com\/newsestlyonnais.fr\/site\/wp-content\/uploads\/2018\/04\/NEWSESTLYONNAIS-VBC-SENIORS-N3.jpg?fit=2048%2C1536&ssl=1","type":"image\/jpeg"}],"author":"R\u00e9dac. NEWS","twitter_card":"summary_large_image","twitter_misc":{"\u00c9crit par":"R\u00e9dac. NEWS","Dur\u00e9e de lecture estim\u00e9e":"1 minute"},"schema":{"@context":"https:\/\/schema.org","@graph":[{"@type":"Article","@id":"https:\/\/newsestlyonnais.fr\/site\/2018\/04\/12\/vaulx-velin-seniors-vaulx-basket-leaders-derniere-journee-de-n3\/#article","isPartOf":{"@id":"https:\/\/newsestlyonnais.fr\/site\/2018\/04\/12\/vaulx-velin-seniors-vaulx-basket-leaders-derniere-journee-de-n3\/"},"author":{"name":"R\u00e9dac. NEWS","@id":"https:\/\/newsestlyonnais.fr\/site\/#\/schema\/person\/3230d5615f390bb808365d673001e887"},"headline":"VAULX-EN-VELIN | Les seniors du Vaulx Basket leaders avant la derni\u00e8re journ\u00e9e de N3","datePublished":"2018-04-12T11:56:35+00:00","dateModified":"2020-11-03T15:37:40+00:00","mainEntityOfPage":{"@id":"https:\/\/newsestlyonnais.fr\/site\/2018\/04\/12\/vaulx-velin-seniors-vaulx-basket-leaders-derniere-journee-de-n3\/"},"wordCount":168,"commentCount":0,"publisher":{"@id":"https:\/\/newsestlyonnais.fr\/site\/#organization"},"image":{"@id":"https:\/\/newsestlyonnais.fr\/site\/2018\/04\/12\/vaulx-velin-seniors-vaulx-basket-leaders-derniere-journee-de-n3\/#primaryimage"},"thumbnailUrl":"https:\/\/newsestlyonnais.fr\/site\/wp-content\/uploads\/2018\/04\/NEWSESTLYONNAIS-VBC-SENIORS-N3.jpg","articleSection":["Basket","Basket | Hand | Volley","Vaulx-en-Velin"],"inLanguage":"fr-FR","potentialAction":[{"@type":"CommentAction","name":"Comment","target":["https:\/\/newsestlyonnais.fr\/site\/2018\/04\/12\/vaulx-velin-seniors-vaulx-basket-leaders-derniere-journee-de-n3\/#respond"]}]},{"@type":"WebPage","@id":"https:\/\/newsestlyonnais.fr\/site\/2018\/04\/12\/vaulx-velin-seniors-vaulx-basket-leaders-derniere-journee-de-n3\/","url":"https:\/\/newsestlyonnais.fr\/site\/2018\/04\/12\/vaulx-velin-seniors-vaulx-basket-leaders-derniere-journee-de-n3\/","name":"VAULX EN VELIN : Les seniors du Vaulx Basket leaders avant la derni\u00e8re journ\u00e9e de Nationale 3","isPartOf":{"@id":"https:\/\/newsestlyonnais.fr\/site\/#website"},"primaryImageOfPage":{"@id":"https:\/\/newsestlyonnais.fr\/site\/2018\/04\/12\/vaulx-velin-seniors-vaulx-basket-leaders-derniere-journee-de-n3\/#primaryimage"},"image":{"@id":"https:\/\/newsestlyonnais.fr\/site\/2018\/04\/12\/vaulx-velin-seniors-vaulx-basket-leaders-derniere-journee-de-n3\/#primaryimage"},"thumbnailUrl":"https:\/\/newsestlyonnais.fr\/site\/wp-content\/uploads\/2018\/04\/NEWSESTLYONNAIS-VBC-SENIORS-N3.jpg","datePublished":"2018-04-12T11:56:35+00:00","dateModified":"2020-11-03T15:37:40+00:00","description":"VAULX EN VELIN : Les seniors du Vaulx Basket leaders avant la derni\u00e8re journ\u00e9e de Nationale 3","breadcrumb":{"@id":"https:\/\/newsestlyonnais.fr\/site\/2018\/04\/12\/vaulx-velin-seniors-vaulx-basket-leaders-derniere-journee-de-n3\/#breadcrumb"},"inLanguage":"fr-FR","potentialAction":[{"@type":"ReadAction","target":["https:\/\/newsestlyonnais.fr\/site\/2018\/04\/12\/vaulx-velin-seniors-vaulx-basket-leaders-derniere-journee-de-n3\/"]}]},{"@type":"ImageObject","inLanguage":"fr-FR","@id":"https:\/\/newsestlyonnais.fr\/site\/2018\/04\/12\/vaulx-velin-seniors-vaulx-basket-leaders-derniere-journee-de-n3\/#primaryimage","url":"https:\/\/newsestlyonnais.fr\/site\/wp-content\/uploads\/2018\/04\/NEWSESTLYONNAIS-VBC-SENIORS-N3.jpg","contentUrl":"https:\/\/newsestlyonnais.fr\/site\/wp-content\/uploads\/2018\/04\/NEWSESTLYONNAIS-VBC-SENIORS-N3.jpg","width":2048,"height":1536,"caption":"NEWSESTLYONNAIS - VBC SENIORS N3"},{"@type":"BreadcrumbList","@id":"https:\/\/newsestlyonnais.fr\/site\/2018\/04\/12\/vaulx-velin-seniors-vaulx-basket-leaders-derniere-journee-de-n3\/#breadcrumb","itemListElement":[{"@type":"ListItem","position":1,"name":"Accueil","item":"https:\/\/newsestlyonnais.fr\/site\/"},{"@type":"ListItem","position":2,"name":"VAULX-EN-VELIN | Les seniors du Vaulx Basket leaders avant la derni\u00e8re journ\u00e9e de N3"}]},{"@type":"WebSite","@id":"https:\/\/newsestlyonnais.fr\/site\/#website","url":"https:\/\/newsestlyonnais.fr\/site\/","name":"News Est Lyonnais","description":"L&#039;actualit\u00e9 au plus pr\u00e8s","publisher":{"@id":"https:\/\/newsestlyonnais.fr\/site\/#organization"},"potentialAction":[{"@type":"SearchAction","target":{"@type":"EntryPoint","urlTemplate":"https:\/\/newsestlyonnais.fr\/site\/?s={search_term_string}"},"query-input":{"@type":"PropertyValueSpecification","valueRequired":true,"valueName":"search_term_string"}}],"inLanguage":"fr-FR"},{"@type":"Organization","@id":"https:\/\/newsestlyonnais.fr\/site\/#organization","name":"News EST LYONNAIS","url":"https:\/\/newsestlyonnais.fr\/site\/","logo":{"@type":"ImageObject","inLanguage":"fr-FR","@id":"https:\/\/newsestlyonnais.fr\/site\/#\/schema\/logo\/image\/","url":"","contentUrl":"","caption":"News EST LYONNAIS"},"image":{"@id":"https:\/\/newsestlyonnais.fr\/site\/#\/schema\/logo\/image\/"}},{"@type":"Person","@id":"https:\/\/newsestlyonnais.fr\/site\/#\/schema\/person\/3230d5615f390bb808365d673001e887","name":"R\u00e9dac. NEWS","sameAs":["http:\/\/www.newsestlyonnais.fr","https:\/\/www.facebook.com\/pascal.oberson.1?fref=ts","https:\/\/fr.linkedin.com\/in\/pascal-oberson-b17045113"],"url":"https:\/\/newsestlyonnais.fr\/site\/author\/nel\/"}]}},"_links":{"self":[{"href":"https:\/\/newsestlyonnais.fr\/site\/wp-json\/wp\/v2\/posts\/47259","targetHints":{"allow":["GET"]}}],"collection":[{"href":"https:\/\/newsestlyonnais.fr\/site\/wp-json\/wp\/v2\/posts"}],"about":[{"href":"https:\/\/newsestlyonnais.fr\/site\/wp-json\/wp\/v2\/types\/post"}],"author":[{"embeddable":true,"href":"https:\/\/newsestlyonnais.fr\/site\/wp-json\/wp\/v2\/users\/4"}],"replies":[{"embeddable":true,"href":"https:\/\/newsestlyonnais.fr\/site\/wp-json\/wp\/v2\/comments?post=47259"}],"version-history":[{"count":0,"href":"https:\/\/newsestlyonnais.fr\/site\/wp-json\/wp\/v2\/posts\/47259\/revisions"}],"wp:featuredmedia":[{"embeddable":true,"href":"https:\/\/newsestlyonnais.fr\/site\/wp-json\/wp\/v2\/media\/47262"}],"wp:attachment":[{"href":"https:\/\/newsestlyonnais.fr\/site\/wp-json\/wp\/v2\/media?parent=47259"}],"wp:term":[{"taxonomy":"category","embeddable":true,"href":"https:\/\/newsestlyonnais.fr\/site\/wp-json\/wp\/v2\/categories?post=47259"},{"taxonomy":"post_tag","embeddable":true,"href":"https:\/\/newsestlyonnais.fr\/site\/wp-json\/wp\/v2\/tags?post=47259"}],"curies":[{"name":"wp","href":"https:\/\/api.w.org\/{rel}","templated":true}]}}