{"id":47535,"date":"2018-04-16T18:14:48","date_gmt":"2018-04-16T17:14:48","guid":{"rendered":"http:\/\/newsestlyonnais.fr\/site\/?p=47535"},"modified":"2020-11-02T13:54:45","modified_gmt":"2020-11-02T12:54:45","slug":"jonage-lactualite-de-lusel-foot","status":"publish","type":"post","link":"https:\/\/newsestlyonnais.fr\/site\/2018\/04\/16\/jonage-lactualite-de-lusel-foot\/","title":{"rendered":"JONAGE | L&rsquo;actualit\u00e9 de l&rsquo;USEL Foot"},"content":{"rendered":"<h5>En parall\u00e8le de sa participation aux divers championnats, le club de l&rsquo;USEL Foot d\u00e9sormais pr\u00e9sid\u00e9 par Eric Francols organise r\u00e9guli\u00e8rement diverses animations symbolisant le dynamisme du club, voici les derni\u00e8res :<\/h5>\n<ul>\n<li><strong>Remise d\u2019un jeu de maillots pour les seniors f\u00e9minines,<\/strong> le jeudi 22 mars 2018 : Salim\u00a0Benhennou, gentil bienfaiteur des joueuses du football f\u00e9minin, remettait un jeu de maillots en pr\u00e9sence du pr\u00e9sident, Eric Francols, de S\u00e9bastien Mellet (repr\u00e9sentant la municipalit\u00e9) et quelques fid\u00e8les supporters comme Ghyslaine et Thierry Ojeda, Sophie Di Nota, Lionel Francols et Cyril Genevrier (les 2 hommes forts de la buvette), Wil Smith (responsable de la cat\u00e9gorie f\u00e9minine), Jean-Michel Belin (de l\u2019encadrement filles) et la totalit\u00e9 de l\u2019effectif seniors des f\u00e9minines ravies de ce cadeau. A l\u2019issue de cette remise de maillots et apr\u00e8s l\u2019ap\u00e9ritif, Salim a pr\u00e9par\u00e9 une \u00ab\u00a0Chorba \u00bb qui a r\u00e9gal\u00e9 l\u2019assistance.<\/li>\n<li><b>Le stage de P\u00e2ques 2018 <\/b>qui s&rsquo;est d\u00e9roul\u00e9 du 9 au 13 avril dernier, a r\u00e9uni 44 enfants (de 6 \u00e0 13 ans) encadr\u00e9s par 10 \u00e9ducateurs pour une semaine de sport. (<strong>PHOTO A LA UNE<\/strong>)<\/li>\n<\/ul>\n<p><strong>Retrouvez l&rsquo;ACTU du club sur : <a href=\"http:\/\/uselfoot.footeo.com\" target=\"_blank\" rel=\"noopener noreferrer\">http:\/\/uselfoot.footeo.com<\/a><\/strong><\/p>\n<div id='gallery-1' class='gallery galleryid-47535 gallery-columns-3 gallery-size-thumbnail'><figure class='gallery-item'>\n\t\t\t<div class='gallery-icon landscape'>\n\t\t\t\t<a href='https:\/\/newsestlyonnais.fr\/site\/2018\/04\/16\/jonage-lactualite-de-lusel-foot\/newsestlyonnais-usel-foot-stage-bis\/'><img loading=\"lazy\" decoding=\"async\" width=\"150\" height=\"150\" src=\"https:\/\/newsestlyonnais.fr\/site\/wp-content\/uploads\/2018\/04\/NEWSESTLYONNAIS-USEL-FOOT-STAGE-BIS-150x150.jpg\" class=\"attachment-thumbnail size-thumbnail\" alt=\"NEWSESTLYONNAIS USEL FOOT STAGE BIS\" aria-describedby=\"gallery-1-47548\" \/><\/a>\n\t\t\t<\/div>\n\t\t\t\t<figcaption class='wp-caption-text gallery-caption' id='gallery-1-47548'>\n\t\t\t\tTous les stagiaires attendent dans la bonne humeur la remise des r\u00e9compenses\n\t\t\t\t<\/figcaption><\/figure><figure class='gallery-item'>\n\t\t\t<div class='gallery-icon landscape'>\n\t\t\t\t<a href='https:\/\/newsestlyonnais.fr\/site\/2018\/04\/16\/jonage-lactualite-de-lusel-foot\/usel-foot-remise-recomp\/'><img loading=\"lazy\" decoding=\"async\" width=\"150\" height=\"150\" src=\"https:\/\/newsestlyonnais.fr\/site\/wp-content\/uploads\/2018\/04\/usel-foot-remise-recomp-150x150.jpg\" class=\"attachment-thumbnail size-thumbnail\" alt=\"NEWSESTLYONNAIS - usel foot remise recomp\" aria-describedby=\"gallery-1-47550\" \/><\/a>\n\t\t\t<\/div>\n\t\t\t\t<figcaption class='wp-caption-text gallery-caption' id='gallery-1-47550'>\n\t\t\t\tS. Mellet, N. Ojeda, O. Polsinelli, M.  Mellet, P. Corcuff, le Maire et le Pr\u00e9sident de l\u2019USEL vont remettre les r\u00e9compenses \n\t\t\t\t<\/figcaption><\/figure><figure class='gallery-item'>\n\t\t\t<div class='gallery-icon landscape'>\n\t\t\t\t<a href='https:\/\/newsestlyonnais.fr\/site\/2018\/04\/16\/jonage-lactualite-de-lusel-foot\/newsestlyonnais-usel-foot-maillots\/'><img loading=\"lazy\" decoding=\"async\" width=\"150\" height=\"150\" src=\"https:\/\/newsestlyonnais.fr\/site\/wp-content\/uploads\/2018\/04\/NEWSESTLYONNAIS-USEL-FOOT-MAILLOTS-150x150.jpg\" class=\"attachment-thumbnail size-thumbnail\" alt=\"NEWSESTLYONNAIS - USEL FOOT MAILLOTS\" aria-describedby=\"gallery-1-47551\" \/><\/a>\n\t\t\t<\/div>\n\t\t\t\t<figcaption class='wp-caption-text gallery-caption' id='gallery-1-47551'>\n\t\t\t\tRemise d\u2019un jeu de maillots \n\t\t\t\t<\/figcaption><\/figure><figure class='gallery-item'>\n\t\t\t<div class='gallery-icon landscape'>\n\t\t\t\t<a href='https:\/\/newsestlyonnais.fr\/site\/2018\/04\/16\/jonage-lactualite-de-lusel-foot\/newsestlyonnais-usel-foot-filles\/'><img loading=\"lazy\" decoding=\"async\" width=\"150\" height=\"150\" src=\"https:\/\/newsestlyonnais.fr\/site\/wp-content\/uploads\/2018\/04\/NEWSESTLYONNAIS-USEL-FOOT-FILLES-150x150.jpg\" class=\"attachment-thumbnail size-thumbnail\" alt=\"NEWSESTLYONNAIS - USEL FOOT FILLES\" aria-describedby=\"gallery-1-47553\" \/><\/a>\n\t\t\t<\/div>\n\t\t\t\t<figcaption class='wp-caption-text gallery-caption' id='gallery-1-47553'>\n\t\t\t\tL&rsquo;\u00e9quipe f\u00e9minine avec sa nouvelle tenue \n\t\t\t\t<\/figcaption><\/figure>\n\t\t<\/div>\n\n","protected":false},"excerpt":{"rendered":"<p>En parall\u00e8le de sa participation aux divers championnats, le club de l&rsquo;USEL Foot d\u00e9sormais pr\u00e9sid\u00e9 par Eric Francols organise r\u00e9guli\u00e8rement diverses animations symbolisant le dynamisme du club, voici les derni\u00e8res : Remise d\u2019un jeu de maillots pour les seniors f\u00e9minines, le jeudi 22 mars 2018 : Salim\u00a0Benhennou, gentil bienfaiteur des joueuses du football f\u00e9minin, remettait [&hellip;]<\/p>\n","protected":false},"author":4,"featured_media":47546,"comment_status":"closed","ping_status":"closed","sticky":false,"template":"","format":"standard","meta":{"footnotes":""},"categories":[1329,2996,1303],"tags":[],"class_list":["post-47535","post","type-post","status-publish","format-standard","has-post-thumbnail","hentry","category-foot","category-football-rugby","category-jonage"],"yoast_head":"<!-- This site is optimized with the Yoast SEO plugin v27.2 - https:\/\/yoast.com\/product\/yoast-seo-wordpress\/ -->\n<title>JONAGE : L&#039;actualit\u00e9 de l&#039;USEL Foot<\/title>\n<meta name=\"description\" content=\"JONAGE : L&#039;actualit\u00e9 de l&#039;USEL Foot\" \/>\n<meta name=\"robots\" content=\"index, follow, max-snippet:-1, max-image-preview:large, max-video-preview:-1\" \/>\n<link rel=\"canonical\" href=\"https:\/\/newsestlyonnais.fr\/site\/2018\/04\/16\/jonage-lactualite-de-lusel-foot\/\" \/>\n<meta property=\"og:locale\" content=\"fr_FR\" \/>\n<meta property=\"og:type\" content=\"article\" \/>\n<meta property=\"og:title\" content=\"JONAGE : L&#039;actualit\u00e9 de l&#039;USEL Foot\" \/>\n<meta property=\"og:description\" content=\"JONAGE : L&#039;actualit\u00e9 de l&#039;USEL Foot\" \/>\n<meta property=\"og:url\" content=\"https:\/\/newsestlyonnais.fr\/site\/2018\/04\/16\/jonage-lactualite-de-lusel-foot\/\" \/>\n<meta property=\"og:site_name\" content=\"News Est Lyonnais\" \/>\n<meta property=\"article:author\" content=\"https:\/\/www.facebook.com\/pascal.oberson.1?fref=ts\" \/>\n<meta property=\"article:published_time\" content=\"2018-04-16T17:14:48+00:00\" \/>\n<meta property=\"article:modified_time\" content=\"2020-11-02T12:54:45+00:00\" \/>\n<meta property=\"og:image\" content=\"https:\/\/i1.wp.com\/newsestlyonnais.fr\/site\/wp-content\/uploads\/2018\/04\/NEWSESTLYONNAIS-USEL-STAGE-PAQUES.jpg?fit=1644%2C1233&ssl=1\" \/>\n\t<meta property=\"og:image:width\" content=\"1644\" \/>\n\t<meta property=\"og:image:height\" content=\"1233\" \/>\n\t<meta property=\"og:image:type\" content=\"image\/jpeg\" \/>\n<meta name=\"author\" content=\"R\u00e9dac. NEWS\" \/>\n<meta name=\"twitter:card\" content=\"summary_large_image\" \/>\n<meta name=\"twitter:label1\" content=\"\u00c9crit par\" \/>\n\t<meta name=\"twitter:data1\" content=\"R\u00e9dac. NEWS\" \/>\n\t<meta name=\"twitter:label2\" content=\"Dur\u00e9e de lecture estim\u00e9e\" \/>\n\t<meta name=\"twitter:data2\" content=\"1 minute\" \/>\n<script type=\"application\/ld+json\" class=\"yoast-schema-graph\">{\"@context\":\"https:\/\/schema.org\",\"@graph\":[{\"@type\":\"Article\",\"@id\":\"https:\/\/newsestlyonnais.fr\/site\/2018\/04\/16\/jonage-lactualite-de-lusel-foot\/#article\",\"isPartOf\":{\"@id\":\"https:\/\/newsestlyonnais.fr\/site\/2018\/04\/16\/jonage-lactualite-de-lusel-foot\/\"},\"author\":{\"name\":\"R\u00e9dac. NEWS\",\"@id\":\"https:\/\/newsestlyonnais.fr\/site\/#\/schema\/person\/3230d5615f390bb808365d673001e887\"},\"headline\":\"JONAGE | L&rsquo;actualit\u00e9 de l&rsquo;USEL Foot\",\"datePublished\":\"2018-04-16T17:14:48+00:00\",\"dateModified\":\"2020-11-02T12:54:45+00:00\",\"mainEntityOfPage\":{\"@id\":\"https:\/\/newsestlyonnais.fr\/site\/2018\/04\/16\/jonage-lactualite-de-lusel-foot\/\"},\"wordCount\":215,\"publisher\":{\"@id\":\"https:\/\/newsestlyonnais.fr\/site\/#organization\"},\"image\":{\"@id\":\"https:\/\/newsestlyonnais.fr\/site\/2018\/04\/16\/jonage-lactualite-de-lusel-foot\/#primaryimage\"},\"thumbnailUrl\":\"https:\/\/newsestlyonnais.fr\/site\/wp-content\/uploads\/2018\/04\/NEWSESTLYONNAIS-USEL-STAGE-PAQUES.jpg\",\"articleSection\":[\"Foot | Futsal\",\"Foot | Rugby\",\"Jonage\"],\"inLanguage\":\"fr-FR\"},{\"@type\":\"WebPage\",\"@id\":\"https:\/\/newsestlyonnais.fr\/site\/2018\/04\/16\/jonage-lactualite-de-lusel-foot\/\",\"url\":\"https:\/\/newsestlyonnais.fr\/site\/2018\/04\/16\/jonage-lactualite-de-lusel-foot\/\",\"name\":\"JONAGE : L'actualit\u00e9 de l'USEL Foot\",\"isPartOf\":{\"@id\":\"https:\/\/newsestlyonnais.fr\/site\/#website\"},\"primaryImageOfPage\":{\"@id\":\"https:\/\/newsestlyonnais.fr\/site\/2018\/04\/16\/jonage-lactualite-de-lusel-foot\/#primaryimage\"},\"image\":{\"@id\":\"https:\/\/newsestlyonnais.fr\/site\/2018\/04\/16\/jonage-lactualite-de-lusel-foot\/#primaryimage\"},\"thumbnailUrl\":\"https:\/\/newsestlyonnais.fr\/site\/wp-content\/uploads\/2018\/04\/NEWSESTLYONNAIS-USEL-STAGE-PAQUES.jpg\",\"datePublished\":\"2018-04-16T17:14:48+00:00\",\"dateModified\":\"2020-11-02T12:54:45+00:00\",\"description\":\"JONAGE : L'actualit\u00e9 de l'USEL Foot\",\"breadcrumb\":{\"@id\":\"https:\/\/newsestlyonnais.fr\/site\/2018\/04\/16\/jonage-lactualite-de-lusel-foot\/#breadcrumb\"},\"inLanguage\":\"fr-FR\",\"potentialAction\":[{\"@type\":\"ReadAction\",\"target\":[\"https:\/\/newsestlyonnais.fr\/site\/2018\/04\/16\/jonage-lactualite-de-lusel-foot\/\"]}]},{\"@type\":\"ImageObject\",\"inLanguage\":\"fr-FR\",\"@id\":\"https:\/\/newsestlyonnais.fr\/site\/2018\/04\/16\/jonage-lactualite-de-lusel-foot\/#primaryimage\",\"url\":\"https:\/\/newsestlyonnais.fr\/site\/wp-content\/uploads\/2018\/04\/NEWSESTLYONNAIS-USEL-STAGE-PAQUES.jpg\",\"contentUrl\":\"https:\/\/newsestlyonnais.fr\/site\/wp-content\/uploads\/2018\/04\/NEWSESTLYONNAIS-USEL-STAGE-PAQUES.jpg\",\"width\":1644,\"height\":1233,\"caption\":\"NEWSESTLYONNAIS USEL STAGE PAQUES\"},{\"@type\":\"BreadcrumbList\",\"@id\":\"https:\/\/newsestlyonnais.fr\/site\/2018\/04\/16\/jonage-lactualite-de-lusel-foot\/#breadcrumb\",\"itemListElement\":[{\"@type\":\"ListItem\",\"position\":1,\"name\":\"Accueil\",\"item\":\"https:\/\/newsestlyonnais.fr\/site\/\"},{\"@type\":\"ListItem\",\"position\":2,\"name\":\"JONAGE | L&rsquo;actualit\u00e9 de l&rsquo;USEL Foot\"}]},{\"@type\":\"WebSite\",\"@id\":\"https:\/\/newsestlyonnais.fr\/site\/#website\",\"url\":\"https:\/\/newsestlyonnais.fr\/site\/\",\"name\":\"News Est Lyonnais\",\"description\":\"L&#039;actualit\u00e9 au plus pr\u00e8s\",\"publisher\":{\"@id\":\"https:\/\/newsestlyonnais.fr\/site\/#organization\"},\"potentialAction\":[{\"@type\":\"SearchAction\",\"target\":{\"@type\":\"EntryPoint\",\"urlTemplate\":\"https:\/\/newsestlyonnais.fr\/site\/?s={search_term_string}\"},\"query-input\":{\"@type\":\"PropertyValueSpecification\",\"valueRequired\":true,\"valueName\":\"search_term_string\"}}],\"inLanguage\":\"fr-FR\"},{\"@type\":\"Organization\",\"@id\":\"https:\/\/newsestlyonnais.fr\/site\/#organization\",\"name\":\"News EST LYONNAIS\",\"url\":\"https:\/\/newsestlyonnais.fr\/site\/\",\"logo\":{\"@type\":\"ImageObject\",\"inLanguage\":\"fr-FR\",\"@id\":\"https:\/\/newsestlyonnais.fr\/site\/#\/schema\/logo\/image\/\",\"url\":\"\",\"contentUrl\":\"\",\"caption\":\"News EST LYONNAIS\"},\"image\":{\"@id\":\"https:\/\/newsestlyonnais.fr\/site\/#\/schema\/logo\/image\/\"}},{\"@type\":\"Person\",\"@id\":\"https:\/\/newsestlyonnais.fr\/site\/#\/schema\/person\/3230d5615f390bb808365d673001e887\",\"name\":\"R\u00e9dac. NEWS\",\"sameAs\":[\"http:\/\/www.newsestlyonnais.fr\",\"https:\/\/www.facebook.com\/pascal.oberson.1?fref=ts\",\"https:\/\/fr.linkedin.com\/in\/pascal-oberson-b17045113\"],\"url\":\"https:\/\/newsestlyonnais.fr\/site\/author\/nel\/\"}]}<\/script>\n<!-- \/ Yoast SEO plugin. -->","yoast_head_json":{"title":"JONAGE : L'actualit\u00e9 de l'USEL Foot","description":"JONAGE : L'actualit\u00e9 de l'USEL Foot","robots":{"index":"index","follow":"follow","max-snippet":"max-snippet:-1","max-image-preview":"max-image-preview:large","max-video-preview":"max-video-preview:-1"},"canonical":"https:\/\/newsestlyonnais.fr\/site\/2018\/04\/16\/jonage-lactualite-de-lusel-foot\/","og_locale":"fr_FR","og_type":"article","og_title":"JONAGE : L'actualit\u00e9 de l'USEL Foot","og_description":"JONAGE : L'actualit\u00e9 de l'USEL Foot","og_url":"https:\/\/newsestlyonnais.fr\/site\/2018\/04\/16\/jonage-lactualite-de-lusel-foot\/","og_site_name":"News Est Lyonnais","article_author":"https:\/\/www.facebook.com\/pascal.oberson.1?fref=ts","article_published_time":"2018-04-16T17:14:48+00:00","article_modified_time":"2020-11-02T12:54:45+00:00","og_image":[{"width":1644,"height":1233,"url":"https:\/\/i1.wp.com\/newsestlyonnais.fr\/site\/wp-content\/uploads\/2018\/04\/NEWSESTLYONNAIS-USEL-STAGE-PAQUES.jpg?fit=1644%2C1233&ssl=1","type":"image\/jpeg"}],"author":"R\u00e9dac. NEWS","twitter_card":"summary_large_image","twitter_misc":{"\u00c9crit par":"R\u00e9dac. NEWS","Dur\u00e9e de lecture estim\u00e9e":"1 minute"},"schema":{"@context":"https:\/\/schema.org","@graph":[{"@type":"Article","@id":"https:\/\/newsestlyonnais.fr\/site\/2018\/04\/16\/jonage-lactualite-de-lusel-foot\/#article","isPartOf":{"@id":"https:\/\/newsestlyonnais.fr\/site\/2018\/04\/16\/jonage-lactualite-de-lusel-foot\/"},"author":{"name":"R\u00e9dac. NEWS","@id":"https:\/\/newsestlyonnais.fr\/site\/#\/schema\/person\/3230d5615f390bb808365d673001e887"},"headline":"JONAGE | L&rsquo;actualit\u00e9 de l&rsquo;USEL Foot","datePublished":"2018-04-16T17:14:48+00:00","dateModified":"2020-11-02T12:54:45+00:00","mainEntityOfPage":{"@id":"https:\/\/newsestlyonnais.fr\/site\/2018\/04\/16\/jonage-lactualite-de-lusel-foot\/"},"wordCount":215,"publisher":{"@id":"https:\/\/newsestlyonnais.fr\/site\/#organization"},"image":{"@id":"https:\/\/newsestlyonnais.fr\/site\/2018\/04\/16\/jonage-lactualite-de-lusel-foot\/#primaryimage"},"thumbnailUrl":"https:\/\/newsestlyonnais.fr\/site\/wp-content\/uploads\/2018\/04\/NEWSESTLYONNAIS-USEL-STAGE-PAQUES.jpg","articleSection":["Foot | Futsal","Foot | Rugby","Jonage"],"inLanguage":"fr-FR"},{"@type":"WebPage","@id":"https:\/\/newsestlyonnais.fr\/site\/2018\/04\/16\/jonage-lactualite-de-lusel-foot\/","url":"https:\/\/newsestlyonnais.fr\/site\/2018\/04\/16\/jonage-lactualite-de-lusel-foot\/","name":"JONAGE : L'actualit\u00e9 de l'USEL Foot","isPartOf":{"@id":"https:\/\/newsestlyonnais.fr\/site\/#website"},"primaryImageOfPage":{"@id":"https:\/\/newsestlyonnais.fr\/site\/2018\/04\/16\/jonage-lactualite-de-lusel-foot\/#primaryimage"},"image":{"@id":"https:\/\/newsestlyonnais.fr\/site\/2018\/04\/16\/jonage-lactualite-de-lusel-foot\/#primaryimage"},"thumbnailUrl":"https:\/\/newsestlyonnais.fr\/site\/wp-content\/uploads\/2018\/04\/NEWSESTLYONNAIS-USEL-STAGE-PAQUES.jpg","datePublished":"2018-04-16T17:14:48+00:00","dateModified":"2020-11-02T12:54:45+00:00","description":"JONAGE : L'actualit\u00e9 de l'USEL Foot","breadcrumb":{"@id":"https:\/\/newsestlyonnais.fr\/site\/2018\/04\/16\/jonage-lactualite-de-lusel-foot\/#breadcrumb"},"inLanguage":"fr-FR","potentialAction":[{"@type":"ReadAction","target":["https:\/\/newsestlyonnais.fr\/site\/2018\/04\/16\/jonage-lactualite-de-lusel-foot\/"]}]},{"@type":"ImageObject","inLanguage":"fr-FR","@id":"https:\/\/newsestlyonnais.fr\/site\/2018\/04\/16\/jonage-lactualite-de-lusel-foot\/#primaryimage","url":"https:\/\/newsestlyonnais.fr\/site\/wp-content\/uploads\/2018\/04\/NEWSESTLYONNAIS-USEL-STAGE-PAQUES.jpg","contentUrl":"https:\/\/newsestlyonnais.fr\/site\/wp-content\/uploads\/2018\/04\/NEWSESTLYONNAIS-USEL-STAGE-PAQUES.jpg","width":1644,"height":1233,"caption":"NEWSESTLYONNAIS USEL STAGE PAQUES"},{"@type":"BreadcrumbList","@id":"https:\/\/newsestlyonnais.fr\/site\/2018\/04\/16\/jonage-lactualite-de-lusel-foot\/#breadcrumb","itemListElement":[{"@type":"ListItem","position":1,"name":"Accueil","item":"https:\/\/newsestlyonnais.fr\/site\/"},{"@type":"ListItem","position":2,"name":"JONAGE | L&rsquo;actualit\u00e9 de l&rsquo;USEL Foot"}]},{"@type":"WebSite","@id":"https:\/\/newsestlyonnais.fr\/site\/#website","url":"https:\/\/newsestlyonnais.fr\/site\/","name":"News Est Lyonnais","description":"L&#039;actualit\u00e9 au plus pr\u00e8s","publisher":{"@id":"https:\/\/newsestlyonnais.fr\/site\/#organization"},"potentialAction":[{"@type":"SearchAction","target":{"@type":"EntryPoint","urlTemplate":"https:\/\/newsestlyonnais.fr\/site\/?s={search_term_string}"},"query-input":{"@type":"PropertyValueSpecification","valueRequired":true,"valueName":"search_term_string"}}],"inLanguage":"fr-FR"},{"@type":"Organization","@id":"https:\/\/newsestlyonnais.fr\/site\/#organization","name":"News EST LYONNAIS","url":"https:\/\/newsestlyonnais.fr\/site\/","logo":{"@type":"ImageObject","inLanguage":"fr-FR","@id":"https:\/\/newsestlyonnais.fr\/site\/#\/schema\/logo\/image\/","url":"","contentUrl":"","caption":"News EST LYONNAIS"},"image":{"@id":"https:\/\/newsestlyonnais.fr\/site\/#\/schema\/logo\/image\/"}},{"@type":"Person","@id":"https:\/\/newsestlyonnais.fr\/site\/#\/schema\/person\/3230d5615f390bb808365d673001e887","name":"R\u00e9dac. NEWS","sameAs":["http:\/\/www.newsestlyonnais.fr","https:\/\/www.facebook.com\/pascal.oberson.1?fref=ts","https:\/\/fr.linkedin.com\/in\/pascal-oberson-b17045113"],"url":"https:\/\/newsestlyonnais.fr\/site\/author\/nel\/"}]}},"_links":{"self":[{"href":"https:\/\/newsestlyonnais.fr\/site\/wp-json\/wp\/v2\/posts\/47535","targetHints":{"allow":["GET"]}}],"collection":[{"href":"https:\/\/newsestlyonnais.fr\/site\/wp-json\/wp\/v2\/posts"}],"about":[{"href":"https:\/\/newsestlyonnais.fr\/site\/wp-json\/wp\/v2\/types\/post"}],"author":[{"embeddable":true,"href":"https:\/\/newsestlyonnais.fr\/site\/wp-json\/wp\/v2\/users\/4"}],"replies":[{"embeddable":true,"href":"https:\/\/newsestlyonnais.fr\/site\/wp-json\/wp\/v2\/comments?post=47535"}],"version-history":[{"count":0,"href":"https:\/\/newsestlyonnais.fr\/site\/wp-json\/wp\/v2\/posts\/47535\/revisions"}],"wp:featuredmedia":[{"embeddable":true,"href":"https:\/\/newsestlyonnais.fr\/site\/wp-json\/wp\/v2\/media\/47546"}],"wp:attachment":[{"href":"https:\/\/newsestlyonnais.fr\/site\/wp-json\/wp\/v2\/media?parent=47535"}],"wp:term":[{"taxonomy":"category","embeddable":true,"href":"https:\/\/newsestlyonnais.fr\/site\/wp-json\/wp\/v2\/categories?post=47535"},{"taxonomy":"post_tag","embeddable":true,"href":"https:\/\/newsestlyonnais.fr\/site\/wp-json\/wp\/v2\/tags?post=47535"}],"curies":[{"name":"wp","href":"https:\/\/api.w.org\/{rel}","templated":true}]}}