{"id":47575,"date":"2018-04-17T08:51:04","date_gmt":"2018-04-17T07:51:04","guid":{"rendered":"http:\/\/newsestlyonnais.fr\/site\/?p=47575"},"modified":"2020-11-02T09:19:20","modified_gmt":"2020-11-02T08:19:20","slug":"lyon-venissieux-3-edition-de-lheure-sur-piste-en-nocturne","status":"publish","type":"post","link":"https:\/\/newsestlyonnais.fr\/site\/2018\/04\/17\/lyon-venissieux-3-edition-de-lheure-sur-piste-en-nocturne\/","title":{"rendered":"LYON\/VENISSIEUX | 3\u00b0 \u00e9dition de l&rsquo; \u00ab\u00a0Heure sur Piste en nocturne\u00a0\u00bb"},"content":{"rendered":"<h4>18,72 km courus en une heure, tel est le record enregistr\u00e9 \u00e0 \u00ab\u00a0l&rsquo; Heure sur Piste\u00a0\u00bb 2017 par le clermontois J\u00e9r\u00e9my Peixoto.<\/h4>\n<p>Cette ann\u00e9e, un coureur envisage d&rsquo;atteindre les 19 kilom\u00e8tres, y arrivera- t -il ? r\u00e9ponse le 27 avril prochain !<\/p>\n<p>Une course nocturne et atypique organis\u00e9e par l\u2019AaA Lyon, seul club \u00e0 organiser cette discipline en nocturne !<br \/>\nL\u2019Heure sur Piste 2017 avait remport\u00e9 un franc succ\u00e8s avec des records f\u00e9minins (14,76 km) et masculins (18,72 km)\u00a0 battus ainsi que le nombre de participants !<\/p>\n<p>&#8211;\u00a0 <span style=\"text-decoration: underline\"><strong>Le principe de<\/strong> <strong>l\u2019Heure sur Piste ?<\/strong> <\/span>Courir sur une piste de 400 m\u00e8tres avec pour objectif d\u2019effectuer le plus de kilom\u00e8tres possible en une heure. \u00ab\u00a0Un exercice tr\u00e8s int\u00e9ressant et tr\u00e8s bon pour apprendre \u00e0 g\u00e9rer sa vitesse, je le conseille aux coureurs souhaitant progresser sur leur gestion de course ! \u00bb selon Dominique Blanc, entra\u00eeneur de l\u2019AaA Lyon, qui pilote la course au niveau technique.<\/p>\n<p><span style=\"text-decoration: underline\">C\u00f4t\u00e9 sportif<\/span>, l\u2019Heure sur Piste est une discipline officielle et classante de la F\u00e9d\u00e9ration Fran\u00e7aise d\u2019Athl\u00e9tisme<br \/>\net r\u00e9serv\u00e9e aux licenci\u00e9s FFA. Elle attire des athl\u00e8tes de toute la r\u00e9gion : Rh\u00f4ne-Alpes, Auvergne, Bourgogne et<br \/>\nm\u00eame PACA. Gr\u00e9gory Davalley (vainqueur de l\u2019Heure sur Piste de Lyon 2016) pr\u00e9cise : \u00ab L\u2019exercice n\u2019est pas<br \/>\nfacile, c\u2019est par contre un super entrainement . \u00bb<br \/>\n<span style=\"text-decoration: underline\">C\u00f4t\u00e9 convivialit\u00e9<\/span>, \u00ab\u00a0les bouch\u00e9es doubles sont encore mises pour ouvrir cette course \u00e0 d\u2019autres types de coureurs que ceux branch\u00e9s \u00abPiste\u00bb\u00a0\u00bb\u00a0 comme le souligne Anne Paillet de l\u2019AaA Lyon, organisatrice-pilote de la course:\u00a0 \u00abCette ann\u00e9e encore, noussouhaitonsam\u00e9liorerl\u2019attractivit\u00e9de l\u2019Heure sur Piste dans lebut de faire conna\u00eetre cette discipline atypique \u00e0 un plus grand nombre de personnes. Nous sommes impatients,\u00e0 l\u2019AaA Lyon, d\u2019accueillir lesathl\u00e8tes<br \/>\nde tous niveauxle27avril prochain\u00bb<\/p>\n<p><em><strong>NOTA<\/strong><\/em> : Les inscriptions seront cl\u00f4tur\u00e9es le vendredi pr\u00e9c\u00e9dant la course, \u00e0 minuit ou avant si plus de places disponibles.<\/p>\n<p><strong>3 s\u00e9ries seront programm\u00e9es<\/strong> permettant aux coureurs de ne pas \u00eatre trop nombreux au m\u00eame moment sur la piste.<\/p>\n<ul>\n<li><strong>Vendredi 27 avril 2018 \u00e0 partir de 19 heures au Stade du Rh\u00f4ne (Parc de Parilly \u00e0 Lyon).<\/strong><\/li>\n<\/ul>\n<ul>\n<li><em><strong>Plus d&rsquo;infos sur : <a href=\"http:\/\/www.heuresurpiste.fr\" target=\"_blank\" rel=\"noopener noreferrer\">http:\/\/www.heuresurpiste.fr<\/a><\/strong><\/em><\/li>\n<\/ul>\n<p>Une <span style=\"text-decoration: underline\">\u00e9preuve sportive mais aussi solidaire<\/span> puisqu&rsquo;u<span id=\"fbPhotoSnowliftCaption\" class=\"fbPhotosPhotoCaption\"><span class=\"hasCaption\">n stand sera install\u00e9 et r\u00e9coltera des dons lors de cette manifestation. Un container de 140 kg est ainsi pr\u00e9vu et doit partir fin juin au Burkina pour \u00eatre distribu\u00e9 \u00e0 plus de 28 \u00e9tablissements scolaires. <span id=\"fbPhotoSnowliftCaption\" class=\"fbPhotosPhotoCaption\">T-shirts, shorts, ballons, raquettes&#8230; vous en avez plein vos placards ? Donnez-les aux \u00e9coles du Burkina !<\/span><\/span><\/span><\/p>\n<div id='gallery-1' class='gallery galleryid-47575 gallery-columns-3 gallery-size-thumbnail'><figure class='gallery-item'>\n\t\t\t<div class='gallery-icon portrait'>\n\t\t\t\t<a href='https:\/\/newsestlyonnais.fr\/site\/newsestlyonnais-heure-sur-piste-2018\/'><img loading=\"lazy\" decoding=\"async\" width=\"150\" height=\"150\" src=\"https:\/\/newsestlyonnais.fr\/site\/wp-content\/uploads\/2018\/01\/NEWSESTLYONNAIS-HEURE-SUR-PISTE-2018-150x150.jpg\" class=\"attachment-thumbnail size-thumbnail\" alt=\"NEWSESTLYONNAIS HEURE SUR PISTE 2018\" aria-describedby=\"gallery-1-41469\" \/><\/a>\n\t\t\t<\/div>\n\t\t\t\t<figcaption class='wp-caption-text gallery-caption' id='gallery-1-41469'>\n\t\t\t\tL&rsquo;affiche de la course !\n\t\t\t\t<\/figcaption><\/figure><figure class='gallery-item'>\n\t\t\t<div class='gallery-icon landscape'>\n\t\t\t\t<a href='https:\/\/newsestlyonnais.fr\/site\/2018\/04\/17\/lyon-venissieux-3-edition-de-lheure-sur-piste-en-nocturne\/newsestlyonnais-heure-sur-piste-2018-don-burkina\/'><img loading=\"lazy\" decoding=\"async\" width=\"150\" height=\"150\" src=\"https:\/\/newsestlyonnais.fr\/site\/wp-content\/uploads\/2018\/04\/NEWSESTLYONNAIS-HEURE-SUR-PISTE-2018-DON-BURKINA-150x150.png\" class=\"attachment-thumbnail size-thumbnail\" alt=\"NEWSESTLYONNAIS - HEURE SUR PISTE 2018 DON BURKINA\" \/><\/a>\n\t\t\t<\/div><\/figure>\n\t\t<\/div>\n\n","protected":false},"excerpt":{"rendered":"<p>18,72 km courus en une heure, tel est le record enregistr\u00e9 \u00e0 \u00ab\u00a0l&rsquo; Heure sur Piste\u00a0\u00bb 2017 par le clermontois J\u00e9r\u00e9my Peixoto. Cette ann\u00e9e, un coureur envisage d&rsquo;atteindre les 19 kilom\u00e8tres, y arrivera- t -il ? r\u00e9ponse le 27 avril prochain ! Une course nocturne et atypique organis\u00e9e par l\u2019AaA Lyon, seul club \u00e0 organiser [&hellip;]<\/p>\n","protected":false},"author":4,"featured_media":41469,"comment_status":"open","ping_status":"open","sticky":false,"template":"","format":"standard","meta":{"footnotes":""},"categories":[2968,4,1625,1298],"tags":[],"class_list":["post-47575","post","type-post","status-publish","format-standard","has-post-thumbnail","hentry","category-athle-course-pied-marche","category-evenements-divers","category-lyon","category-venissieux"],"yoast_head":"<!-- This site is optimized with the Yoast SEO plugin v27.2 - https:\/\/yoast.com\/product\/yoast-seo-wordpress\/ -->\n<title>LYON\/VENISSIEUX : 3\u00b0 \u00e9dition de l&quot;Heure sur Piste en nocturne&quot; le vendredi 27 avril prochain<\/title>\n<meta name=\"description\" content=\"LYON\/VENISSIEUX : 3\u00b0 \u00e9dition de l&quot;Heure sur Piste en nocturne&quot; le vendredi 27 avril prochain\" \/>\n<meta name=\"robots\" content=\"index, follow, max-snippet:-1, max-image-preview:large, max-video-preview:-1\" \/>\n<link rel=\"canonical\" href=\"https:\/\/newsestlyonnais.fr\/site\/2018\/04\/17\/lyon-venissieux-3-edition-de-lheure-sur-piste-en-nocturne\/\" \/>\n<meta property=\"og:locale\" content=\"fr_FR\" \/>\n<meta property=\"og:type\" content=\"article\" \/>\n<meta property=\"og:title\" content=\"LYON\/VENISSIEUX : 3\u00b0 \u00e9dition de l&quot;Heure sur Piste en nocturne&quot; le vendredi 27 avril prochain\" \/>\n<meta property=\"og:description\" content=\"LYON\/VENISSIEUX : 3\u00b0 \u00e9dition de l&quot;Heure sur Piste en nocturne&quot; le vendredi 27 avril prochain\" \/>\n<meta property=\"og:url\" content=\"https:\/\/newsestlyonnais.fr\/site\/2018\/04\/17\/lyon-venissieux-3-edition-de-lheure-sur-piste-en-nocturne\/\" \/>\n<meta property=\"og:site_name\" content=\"News Est Lyonnais\" \/>\n<meta property=\"article:author\" content=\"https:\/\/www.facebook.com\/pascal.oberson.1?fref=ts\" \/>\n<meta property=\"article:published_time\" content=\"2018-04-17T07:51:04+00:00\" \/>\n<meta property=\"article:modified_time\" content=\"2020-11-02T08:19:20+00:00\" \/>\n<meta property=\"og:image\" content=\"https:\/\/i2.wp.com\/newsestlyonnais.fr\/site\/wp-content\/uploads\/2018\/01\/NEWSESTLYONNAIS-HEURE-SUR-PISTE-2018.jpg?fit=425%2C603&ssl=1\" \/>\n\t<meta property=\"og:image:width\" content=\"425\" \/>\n\t<meta property=\"og:image:height\" content=\"603\" \/>\n\t<meta property=\"og:image:type\" content=\"image\/jpeg\" \/>\n<meta name=\"author\" content=\"R\u00e9dac. NEWS\" \/>\n<meta name=\"twitter:card\" content=\"summary_large_image\" \/>\n<meta name=\"twitter:label1\" content=\"\u00c9crit par\" \/>\n\t<meta name=\"twitter:data1\" content=\"R\u00e9dac. NEWS\" \/>\n\t<meta name=\"twitter:label2\" content=\"Dur\u00e9e de lecture estim\u00e9e\" \/>\n\t<meta name=\"twitter:data2\" content=\"2 minutes\" \/>\n<script type=\"application\/ld+json\" class=\"yoast-schema-graph\">{\"@context\":\"https:\/\/schema.org\",\"@graph\":[{\"@type\":\"Article\",\"@id\":\"https:\/\/newsestlyonnais.fr\/site\/2018\/04\/17\/lyon-venissieux-3-edition-de-lheure-sur-piste-en-nocturne\/#article\",\"isPartOf\":{\"@id\":\"https:\/\/newsestlyonnais.fr\/site\/2018\/04\/17\/lyon-venissieux-3-edition-de-lheure-sur-piste-en-nocturne\/\"},\"author\":{\"name\":\"R\u00e9dac. NEWS\",\"@id\":\"https:\/\/newsestlyonnais.fr\/site\/#\/schema\/person\/3230d5615f390bb808365d673001e887\"},\"headline\":\"LYON\/VENISSIEUX | 3\u00b0 \u00e9dition de l&rsquo; \u00ab\u00a0Heure sur Piste en nocturne\u00a0\u00bb\",\"datePublished\":\"2018-04-17T07:51:04+00:00\",\"dateModified\":\"2020-11-02T08:19:20+00:00\",\"mainEntityOfPage\":{\"@id\":\"https:\/\/newsestlyonnais.fr\/site\/2018\/04\/17\/lyon-venissieux-3-edition-de-lheure-sur-piste-en-nocturne\/\"},\"wordCount\":449,\"commentCount\":0,\"publisher\":{\"@id\":\"https:\/\/newsestlyonnais.fr\/site\/#organization\"},\"image\":{\"@id\":\"https:\/\/newsestlyonnais.fr\/site\/2018\/04\/17\/lyon-venissieux-3-edition-de-lheure-sur-piste-en-nocturne\/#primaryimage\"},\"thumbnailUrl\":\"https:\/\/newsestlyonnais.fr\/site\/wp-content\/uploads\/2018\/01\/NEWSESTLYONNAIS-HEURE-SUR-PISTE-2018.jpg\",\"articleSection\":[\"Athl\u00e9 | Course pied | Marche\",\"Ev\u00e8nements divers\",\"Lyon\",\"V\u00e9nissieux\"],\"inLanguage\":\"fr-FR\",\"potentialAction\":[{\"@type\":\"CommentAction\",\"name\":\"Comment\",\"target\":[\"https:\/\/newsestlyonnais.fr\/site\/2018\/04\/17\/lyon-venissieux-3-edition-de-lheure-sur-piste-en-nocturne\/#respond\"]}]},{\"@type\":\"WebPage\",\"@id\":\"https:\/\/newsestlyonnais.fr\/site\/2018\/04\/17\/lyon-venissieux-3-edition-de-lheure-sur-piste-en-nocturne\/\",\"url\":\"https:\/\/newsestlyonnais.fr\/site\/2018\/04\/17\/lyon-venissieux-3-edition-de-lheure-sur-piste-en-nocturne\/\",\"name\":\"LYON\/VENISSIEUX : 3\u00b0 \u00e9dition de l\\\"Heure sur Piste en nocturne\\\" le vendredi 27 avril prochain\",\"isPartOf\":{\"@id\":\"https:\/\/newsestlyonnais.fr\/site\/#website\"},\"primaryImageOfPage\":{\"@id\":\"https:\/\/newsestlyonnais.fr\/site\/2018\/04\/17\/lyon-venissieux-3-edition-de-lheure-sur-piste-en-nocturne\/#primaryimage\"},\"image\":{\"@id\":\"https:\/\/newsestlyonnais.fr\/site\/2018\/04\/17\/lyon-venissieux-3-edition-de-lheure-sur-piste-en-nocturne\/#primaryimage\"},\"thumbnailUrl\":\"https:\/\/newsestlyonnais.fr\/site\/wp-content\/uploads\/2018\/01\/NEWSESTLYONNAIS-HEURE-SUR-PISTE-2018.jpg\",\"datePublished\":\"2018-04-17T07:51:04+00:00\",\"dateModified\":\"2020-11-02T08:19:20+00:00\",\"description\":\"LYON\/VENISSIEUX : 3\u00b0 \u00e9dition de l\\\"Heure sur Piste en nocturne\\\" le vendredi 27 avril prochain\",\"breadcrumb\":{\"@id\":\"https:\/\/newsestlyonnais.fr\/site\/2018\/04\/17\/lyon-venissieux-3-edition-de-lheure-sur-piste-en-nocturne\/#breadcrumb\"},\"inLanguage\":\"fr-FR\",\"potentialAction\":[{\"@type\":\"ReadAction\",\"target\":[\"https:\/\/newsestlyonnais.fr\/site\/2018\/04\/17\/lyon-venissieux-3-edition-de-lheure-sur-piste-en-nocturne\/\"]}]},{\"@type\":\"ImageObject\",\"inLanguage\":\"fr-FR\",\"@id\":\"https:\/\/newsestlyonnais.fr\/site\/2018\/04\/17\/lyon-venissieux-3-edition-de-lheure-sur-piste-en-nocturne\/#primaryimage\",\"url\":\"https:\/\/newsestlyonnais.fr\/site\/wp-content\/uploads\/2018\/01\/NEWSESTLYONNAIS-HEURE-SUR-PISTE-2018.jpg\",\"contentUrl\":\"https:\/\/newsestlyonnais.fr\/site\/wp-content\/uploads\/2018\/01\/NEWSESTLYONNAIS-HEURE-SUR-PISTE-2018.jpg\",\"width\":425,\"height\":603,\"caption\":\"L'affiche de la course !\"},{\"@type\":\"BreadcrumbList\",\"@id\":\"https:\/\/newsestlyonnais.fr\/site\/2018\/04\/17\/lyon-venissieux-3-edition-de-lheure-sur-piste-en-nocturne\/#breadcrumb\",\"itemListElement\":[{\"@type\":\"ListItem\",\"position\":1,\"name\":\"Accueil\",\"item\":\"https:\/\/newsestlyonnais.fr\/site\/\"},{\"@type\":\"ListItem\",\"position\":2,\"name\":\"LYON\/VENISSIEUX | 3\u00b0 \u00e9dition de l&rsquo; \u00ab\u00a0Heure sur Piste en nocturne\u00a0\u00bb\"}]},{\"@type\":\"WebSite\",\"@id\":\"https:\/\/newsestlyonnais.fr\/site\/#website\",\"url\":\"https:\/\/newsestlyonnais.fr\/site\/\",\"name\":\"News Est Lyonnais\",\"description\":\"L&#039;actualit\u00e9 au plus pr\u00e8s\",\"publisher\":{\"@id\":\"https:\/\/newsestlyonnais.fr\/site\/#organization\"},\"potentialAction\":[{\"@type\":\"SearchAction\",\"target\":{\"@type\":\"EntryPoint\",\"urlTemplate\":\"https:\/\/newsestlyonnais.fr\/site\/?s={search_term_string}\"},\"query-input\":{\"@type\":\"PropertyValueSpecification\",\"valueRequired\":true,\"valueName\":\"search_term_string\"}}],\"inLanguage\":\"fr-FR\"},{\"@type\":\"Organization\",\"@id\":\"https:\/\/newsestlyonnais.fr\/site\/#organization\",\"name\":\"News EST LYONNAIS\",\"url\":\"https:\/\/newsestlyonnais.fr\/site\/\",\"logo\":{\"@type\":\"ImageObject\",\"inLanguage\":\"fr-FR\",\"@id\":\"https:\/\/newsestlyonnais.fr\/site\/#\/schema\/logo\/image\/\",\"url\":\"\",\"contentUrl\":\"\",\"caption\":\"News EST LYONNAIS\"},\"image\":{\"@id\":\"https:\/\/newsestlyonnais.fr\/site\/#\/schema\/logo\/image\/\"}},{\"@type\":\"Person\",\"@id\":\"https:\/\/newsestlyonnais.fr\/site\/#\/schema\/person\/3230d5615f390bb808365d673001e887\",\"name\":\"R\u00e9dac. NEWS\",\"sameAs\":[\"http:\/\/www.newsestlyonnais.fr\",\"https:\/\/www.facebook.com\/pascal.oberson.1?fref=ts\",\"https:\/\/fr.linkedin.com\/in\/pascal-oberson-b17045113\"],\"url\":\"https:\/\/newsestlyonnais.fr\/site\/author\/nel\/\"}]}<\/script>\n<!-- \/ Yoast SEO plugin. -->","yoast_head_json":{"title":"LYON\/VENISSIEUX : 3\u00b0 \u00e9dition de l\"Heure sur Piste en nocturne\" le vendredi 27 avril prochain","description":"LYON\/VENISSIEUX : 3\u00b0 \u00e9dition de l\"Heure sur Piste en nocturne\" le vendredi 27 avril prochain","robots":{"index":"index","follow":"follow","max-snippet":"max-snippet:-1","max-image-preview":"max-image-preview:large","max-video-preview":"max-video-preview:-1"},"canonical":"https:\/\/newsestlyonnais.fr\/site\/2018\/04\/17\/lyon-venissieux-3-edition-de-lheure-sur-piste-en-nocturne\/","og_locale":"fr_FR","og_type":"article","og_title":"LYON\/VENISSIEUX : 3\u00b0 \u00e9dition de l\"Heure sur Piste en nocturne\" le vendredi 27 avril prochain","og_description":"LYON\/VENISSIEUX : 3\u00b0 \u00e9dition de l\"Heure sur Piste en nocturne\" le vendredi 27 avril prochain","og_url":"https:\/\/newsestlyonnais.fr\/site\/2018\/04\/17\/lyon-venissieux-3-edition-de-lheure-sur-piste-en-nocturne\/","og_site_name":"News Est Lyonnais","article_author":"https:\/\/www.facebook.com\/pascal.oberson.1?fref=ts","article_published_time":"2018-04-17T07:51:04+00:00","article_modified_time":"2020-11-02T08:19:20+00:00","og_image":[{"width":425,"height":603,"url":"https:\/\/i2.wp.com\/newsestlyonnais.fr\/site\/wp-content\/uploads\/2018\/01\/NEWSESTLYONNAIS-HEURE-SUR-PISTE-2018.jpg?fit=425%2C603&ssl=1","type":"image\/jpeg"}],"author":"R\u00e9dac. NEWS","twitter_card":"summary_large_image","twitter_misc":{"\u00c9crit par":"R\u00e9dac. NEWS","Dur\u00e9e de lecture estim\u00e9e":"2 minutes"},"schema":{"@context":"https:\/\/schema.org","@graph":[{"@type":"Article","@id":"https:\/\/newsestlyonnais.fr\/site\/2018\/04\/17\/lyon-venissieux-3-edition-de-lheure-sur-piste-en-nocturne\/#article","isPartOf":{"@id":"https:\/\/newsestlyonnais.fr\/site\/2018\/04\/17\/lyon-venissieux-3-edition-de-lheure-sur-piste-en-nocturne\/"},"author":{"name":"R\u00e9dac. NEWS","@id":"https:\/\/newsestlyonnais.fr\/site\/#\/schema\/person\/3230d5615f390bb808365d673001e887"},"headline":"LYON\/VENISSIEUX | 3\u00b0 \u00e9dition de l&rsquo; \u00ab\u00a0Heure sur Piste en nocturne\u00a0\u00bb","datePublished":"2018-04-17T07:51:04+00:00","dateModified":"2020-11-02T08:19:20+00:00","mainEntityOfPage":{"@id":"https:\/\/newsestlyonnais.fr\/site\/2018\/04\/17\/lyon-venissieux-3-edition-de-lheure-sur-piste-en-nocturne\/"},"wordCount":449,"commentCount":0,"publisher":{"@id":"https:\/\/newsestlyonnais.fr\/site\/#organization"},"image":{"@id":"https:\/\/newsestlyonnais.fr\/site\/2018\/04\/17\/lyon-venissieux-3-edition-de-lheure-sur-piste-en-nocturne\/#primaryimage"},"thumbnailUrl":"https:\/\/newsestlyonnais.fr\/site\/wp-content\/uploads\/2018\/01\/NEWSESTLYONNAIS-HEURE-SUR-PISTE-2018.jpg","articleSection":["Athl\u00e9 | Course pied | Marche","Ev\u00e8nements divers","Lyon","V\u00e9nissieux"],"inLanguage":"fr-FR","potentialAction":[{"@type":"CommentAction","name":"Comment","target":["https:\/\/newsestlyonnais.fr\/site\/2018\/04\/17\/lyon-venissieux-3-edition-de-lheure-sur-piste-en-nocturne\/#respond"]}]},{"@type":"WebPage","@id":"https:\/\/newsestlyonnais.fr\/site\/2018\/04\/17\/lyon-venissieux-3-edition-de-lheure-sur-piste-en-nocturne\/","url":"https:\/\/newsestlyonnais.fr\/site\/2018\/04\/17\/lyon-venissieux-3-edition-de-lheure-sur-piste-en-nocturne\/","name":"LYON\/VENISSIEUX : 3\u00b0 \u00e9dition de l\"Heure sur Piste en nocturne\" le vendredi 27 avril prochain","isPartOf":{"@id":"https:\/\/newsestlyonnais.fr\/site\/#website"},"primaryImageOfPage":{"@id":"https:\/\/newsestlyonnais.fr\/site\/2018\/04\/17\/lyon-venissieux-3-edition-de-lheure-sur-piste-en-nocturne\/#primaryimage"},"image":{"@id":"https:\/\/newsestlyonnais.fr\/site\/2018\/04\/17\/lyon-venissieux-3-edition-de-lheure-sur-piste-en-nocturne\/#primaryimage"},"thumbnailUrl":"https:\/\/newsestlyonnais.fr\/site\/wp-content\/uploads\/2018\/01\/NEWSESTLYONNAIS-HEURE-SUR-PISTE-2018.jpg","datePublished":"2018-04-17T07:51:04+00:00","dateModified":"2020-11-02T08:19:20+00:00","description":"LYON\/VENISSIEUX : 3\u00b0 \u00e9dition de l\"Heure sur Piste en nocturne\" le vendredi 27 avril prochain","breadcrumb":{"@id":"https:\/\/newsestlyonnais.fr\/site\/2018\/04\/17\/lyon-venissieux-3-edition-de-lheure-sur-piste-en-nocturne\/#breadcrumb"},"inLanguage":"fr-FR","potentialAction":[{"@type":"ReadAction","target":["https:\/\/newsestlyonnais.fr\/site\/2018\/04\/17\/lyon-venissieux-3-edition-de-lheure-sur-piste-en-nocturne\/"]}]},{"@type":"ImageObject","inLanguage":"fr-FR","@id":"https:\/\/newsestlyonnais.fr\/site\/2018\/04\/17\/lyon-venissieux-3-edition-de-lheure-sur-piste-en-nocturne\/#primaryimage","url":"https:\/\/newsestlyonnais.fr\/site\/wp-content\/uploads\/2018\/01\/NEWSESTLYONNAIS-HEURE-SUR-PISTE-2018.jpg","contentUrl":"https:\/\/newsestlyonnais.fr\/site\/wp-content\/uploads\/2018\/01\/NEWSESTLYONNAIS-HEURE-SUR-PISTE-2018.jpg","width":425,"height":603,"caption":"L'affiche de la course !"},{"@type":"BreadcrumbList","@id":"https:\/\/newsestlyonnais.fr\/site\/2018\/04\/17\/lyon-venissieux-3-edition-de-lheure-sur-piste-en-nocturne\/#breadcrumb","itemListElement":[{"@type":"ListItem","position":1,"name":"Accueil","item":"https:\/\/newsestlyonnais.fr\/site\/"},{"@type":"ListItem","position":2,"name":"LYON\/VENISSIEUX | 3\u00b0 \u00e9dition de l&rsquo; \u00ab\u00a0Heure sur Piste en nocturne\u00a0\u00bb"}]},{"@type":"WebSite","@id":"https:\/\/newsestlyonnais.fr\/site\/#website","url":"https:\/\/newsestlyonnais.fr\/site\/","name":"News Est Lyonnais","description":"L&#039;actualit\u00e9 au plus pr\u00e8s","publisher":{"@id":"https:\/\/newsestlyonnais.fr\/site\/#organization"},"potentialAction":[{"@type":"SearchAction","target":{"@type":"EntryPoint","urlTemplate":"https:\/\/newsestlyonnais.fr\/site\/?s={search_term_string}"},"query-input":{"@type":"PropertyValueSpecification","valueRequired":true,"valueName":"search_term_string"}}],"inLanguage":"fr-FR"},{"@type":"Organization","@id":"https:\/\/newsestlyonnais.fr\/site\/#organization","name":"News EST LYONNAIS","url":"https:\/\/newsestlyonnais.fr\/site\/","logo":{"@type":"ImageObject","inLanguage":"fr-FR","@id":"https:\/\/newsestlyonnais.fr\/site\/#\/schema\/logo\/image\/","url":"","contentUrl":"","caption":"News EST LYONNAIS"},"image":{"@id":"https:\/\/newsestlyonnais.fr\/site\/#\/schema\/logo\/image\/"}},{"@type":"Person","@id":"https:\/\/newsestlyonnais.fr\/site\/#\/schema\/person\/3230d5615f390bb808365d673001e887","name":"R\u00e9dac. NEWS","sameAs":["http:\/\/www.newsestlyonnais.fr","https:\/\/www.facebook.com\/pascal.oberson.1?fref=ts","https:\/\/fr.linkedin.com\/in\/pascal-oberson-b17045113"],"url":"https:\/\/newsestlyonnais.fr\/site\/author\/nel\/"}]}},"_links":{"self":[{"href":"https:\/\/newsestlyonnais.fr\/site\/wp-json\/wp\/v2\/posts\/47575","targetHints":{"allow":["GET"]}}],"collection":[{"href":"https:\/\/newsestlyonnais.fr\/site\/wp-json\/wp\/v2\/posts"}],"about":[{"href":"https:\/\/newsestlyonnais.fr\/site\/wp-json\/wp\/v2\/types\/post"}],"author":[{"embeddable":true,"href":"https:\/\/newsestlyonnais.fr\/site\/wp-json\/wp\/v2\/users\/4"}],"replies":[{"embeddable":true,"href":"https:\/\/newsestlyonnais.fr\/site\/wp-json\/wp\/v2\/comments?post=47575"}],"version-history":[{"count":0,"href":"https:\/\/newsestlyonnais.fr\/site\/wp-json\/wp\/v2\/posts\/47575\/revisions"}],"wp:featuredmedia":[{"embeddable":true,"href":"https:\/\/newsestlyonnais.fr\/site\/wp-json\/wp\/v2\/media\/41469"}],"wp:attachment":[{"href":"https:\/\/newsestlyonnais.fr\/site\/wp-json\/wp\/v2\/media?parent=47575"}],"wp:term":[{"taxonomy":"category","embeddable":true,"href":"https:\/\/newsestlyonnais.fr\/site\/wp-json\/wp\/v2\/categories?post=47575"},{"taxonomy":"post_tag","embeddable":true,"href":"https:\/\/newsestlyonnais.fr\/site\/wp-json\/wp\/v2\/tags?post=47575"}],"curies":[{"name":"wp","href":"https:\/\/api.w.org\/{rel}","templated":true}]}}