{"id":47639,"date":"2018-04-18T09:02:48","date_gmt":"2018-04-18T08:02:48","guid":{"rendered":"http:\/\/newsestlyonnais.fr\/site\/?p=47639"},"modified":"2020-11-21T19:48:43","modified_gmt":"2020-11-21T18:48:43","slug":"genas-8-salon-artisans-batiment-autour-de-lautomobile","status":"publish","type":"post","link":"https:\/\/newsestlyonnais.fr\/site\/2018\/04\/18\/genas-8-salon-artisans-batiment-autour-de-lautomobile\/","title":{"rendered":"GENAS | 8\u00b0 salon des Artisans du b\u00e2timent et Autour de l&rsquo;Automobile"},"content":{"rendered":"<h4>L&rsquo;Association Genassienne d&rsquo;Impulsion et de Soutien Economique (AGISSE) a proc\u00e9d\u00e9 \u00e0 un renouvellement de son\u00a0 bureau directeur \u00e0 l&rsquo;occasion de son assembl\u00e9e g\u00e9n\u00e9rale tenue en f\u00e9vrier dernier.<\/h4>\n<p>C&rsquo;est d\u00e9sormais Jean Merino qui a succ\u00e9d\u00e9 \u00e0 Dominique Krief, d\u00e9missionnaire en Ao\u00fbt 2017, qui assure la pr\u00e9sidence de cette association forte d&rsquo;une cinquantaine d&rsquo;adh\u00e9rents, artisans de Genas mais aussi des alentours.<\/p>\n<p>Une dynamique association en pleine pr\u00e9paration et distribution des flyers annon\u00e7ant le prochain \u00e9v\u00e8nement qu&rsquo;elle organisera sur la commune : <strong>le 8\u00b0 salon des Artisans du B\u00e2timent ainsi que l&rsquo;exposition \u00ab\u00a0Autour de l&rsquo;Automobile\u00a0\u00bb<\/strong> en collaboration avec l&rsquo;association locale des \u00ab\u00a0Vieux Tacots Genassiens\u00a0\u00bb.<\/p>\n<p>Une manifestation mise en place dans le but de promouvoir les artisans locaux et des environs qui seront 34 pr\u00e9sents toute la journ\u00e9e sous la Halle du March\u00e9.<\/p>\n<p><img loading=\"lazy\" decoding=\"async\" class=\"alignleft size-full wp-image-23750\" src=\"https:\/\/newsestlyonnais.fr\/site\/medias\/2017\/03\/NEWSESTLYONNAIS-MICRO.png\" alt=\"NEWSESTLYONNAIS MICRO\" width=\"250\" height=\"150\" \/>\u00a0\u00bb Nous avons essayer d&rsquo;attirer diff\u00e9rents corps de m\u00e9tier en apportant une plus grande diversit\u00e9 de branches professionnelles qu&rsquo;en 2017. En parall\u00e8le sera organis\u00e9e une tombola gratuite avec comme lot principal un s\u00e9jour de 4 jours pour 2 personnes sur la Costa Brava, ceci en partenariat avec Berthelet Voyages. D&rsquo;autres attractions et animations sont pr\u00e9vues comme ch\u00e2teau gonflable et trampoline pour les enfants afin que toutes les familles puissent passer un bon moment,surtout si le beau temps est de la partie !\u00a0\u00bb <strong>confie le pr\u00e9sident Jean Merino.<\/strong><\/p>\n<p>&nbsp;<\/p>\n<ul>\n<li><span style=\"text-decoration: underline\">Le nouveau bureau d&rsquo;AGISSE<\/span> : Pr\u00e9sident Jean Merino, vice-pr\u00e9sident : Jean-Marc Chevallier, tr\u00e9sorier : Jean Claude , secr\u00e9taires : Daniel Bec &amp; Daniel Poncet.<\/li>\n<\/ul>\n<p><span style=\"text-decoration: underline\"><strong>PHOTO A LA UNE<\/strong><\/span> : Une partie de l&rsquo;\u00e9quipe dirigeante, dont \u00e0 gauche, le pr\u00e9sident Jean Merino.<\/p>\n<ul>\n<li>\u00a0<strong>Contact AGISSE<\/strong> : T\u00e9l. 06.67.17.72.23 ou association.agisse@yahoo.fr<\/li>\n<\/ul>\n<div id='gallery-1' class='gallery galleryid-47639 gallery-columns-3 gallery-size-thumbnail'><figure class='gallery-item'>\n\t\t\t<div class='gallery-icon landscape'>\n\t\t\t\t<a href='https:\/\/newsestlyonnais.fr\/site\/2018\/04\/18\/genas-8-salon-artisans-batiment-autour-de-lautomobile\/newsestlyonnais-salon-agisse-2018\/'><img loading=\"lazy\" decoding=\"async\" width=\"150\" height=\"150\" src=\"https:\/\/newsestlyonnais.fr\/site\/wp-content\/uploads\/2018\/04\/NEWSESTLYONNAIS-SALON-AGISSE-2018-150x150.jpg\" class=\"attachment-thumbnail size-thumbnail\" alt=\"NEWSESTLYONNAIS SALON AGISSE 2018\" \/><\/a>\n\t\t\t<\/div><\/figure><figure class='gallery-item'>\n\t\t\t<div class='gallery-icon landscape'>\n\t\t\t\t<a href='https:\/\/newsestlyonnais.fr\/site\/2018\/04\/18\/genas-8-salon-artisans-batiment-autour-de-lautomobile\/newsestlyonnais-flyer-salon-2018\/'><img loading=\"lazy\" decoding=\"async\" width=\"150\" height=\"150\" src=\"https:\/\/newsestlyonnais.fr\/site\/wp-content\/uploads\/2018\/04\/NEWSESTLYONNAIS-FLYER-SALON-2018-150x150.jpg\" class=\"attachment-thumbnail size-thumbnail\" alt=\"NEWSESTLYONNAIS FLYER SALON 2018\" aria-describedby=\"gallery-1-47645\" \/><\/a>\n\t\t\t<\/div>\n\t\t\t\t<figcaption class='wp-caption-text gallery-caption' id='gallery-1-47645'>\n\t\t\t\tLa liste des exposants\n\t\t\t\t<\/figcaption><\/figure>\n\t\t<\/div>\n\n","protected":false},"excerpt":{"rendered":"<p>L&rsquo;Association Genassienne d&rsquo;Impulsion et de Soutien Economique (AGISSE) a proc\u00e9d\u00e9 \u00e0 un renouvellement de son\u00a0 bureau directeur \u00e0 l&rsquo;occasion de son assembl\u00e9e g\u00e9n\u00e9rale tenue en f\u00e9vrier dernier. C&rsquo;est d\u00e9sormais Jean Merino qui a succ\u00e9d\u00e9 \u00e0 Dominique Krief, d\u00e9missionnaire en Ao\u00fbt 2017, qui assure la pr\u00e9sidence de cette association forte d&rsquo;une cinquantaine d&rsquo;adh\u00e9rents, artisans de Genas [&hellip;]<\/p>\n","protected":false},"author":4,"featured_media":47643,"comment_status":"open","ping_status":"open","sticky":false,"template":"","format":"standard","meta":{"footnotes":""},"categories":[2970,3009,270,12,3329,1598],"tags":[],"class_list":["post-47639","post","type-post","status-publish","format-standard","has-post-thumbnail","hentry","category-artisans-commerces-economie","category-autos-motos","category-cte-de-communes-c-c-e-l","category-entreprises","category-expos-foires-musees-salons","category-genas"],"yoast_head":"<!-- This site is optimized with the Yoast SEO plugin v27.2 - https:\/\/yoast.com\/product\/yoast-seo-wordpress\/ -->\n<title>GENAS: 8\u00b0 salon des Artisans du b\u00e2timent et Autour de l&#039;Automobile le 5 mai<\/title>\n<meta name=\"description\" content=\"GENAS: 8\u00b0 salon des Artisans du b\u00e2timent et Autour de l&#039;Automobile le 5 mai\" \/>\n<meta name=\"robots\" content=\"index, follow, max-snippet:-1, max-image-preview:large, max-video-preview:-1\" \/>\n<link rel=\"canonical\" href=\"https:\/\/newsestlyonnais.fr\/site\/2018\/04\/18\/genas-8-salon-artisans-batiment-autour-de-lautomobile\/\" \/>\n<meta property=\"og:locale\" content=\"fr_FR\" \/>\n<meta property=\"og:type\" content=\"article\" \/>\n<meta property=\"og:title\" content=\"GENAS: 8\u00b0 salon des Artisans du b\u00e2timent et Autour de l&#039;Automobile le 5 mai\" \/>\n<meta property=\"og:description\" content=\"GENAS: 8\u00b0 salon des Artisans du b\u00e2timent et Autour de l&#039;Automobile le 5 mai\" \/>\n<meta property=\"og:url\" content=\"https:\/\/newsestlyonnais.fr\/site\/2018\/04\/18\/genas-8-salon-artisans-batiment-autour-de-lautomobile\/\" \/>\n<meta property=\"og:site_name\" content=\"News Est Lyonnais\" \/>\n<meta property=\"article:author\" content=\"https:\/\/www.facebook.com\/pascal.oberson.1?fref=ts\" \/>\n<meta property=\"article:published_time\" content=\"2018-04-18T08:02:48+00:00\" \/>\n<meta property=\"article:modified_time\" content=\"2020-11-21T18:48:43+00:00\" \/>\n<meta property=\"og:image\" content=\"https:\/\/i1.wp.com\/newsestlyonnais.fr\/site\/wp-content\/uploads\/2018\/04\/NEWSESTLYONNAIS-GENAS-AGISSE.jpg?fit=2048%2C1536&ssl=1\" \/>\n\t<meta property=\"og:image:width\" content=\"2048\" \/>\n\t<meta property=\"og:image:height\" content=\"1536\" \/>\n\t<meta property=\"og:image:type\" content=\"image\/jpeg\" \/>\n<meta name=\"author\" content=\"R\u00e9dac. NEWS\" \/>\n<meta name=\"twitter:card\" content=\"summary_large_image\" \/>\n<meta name=\"twitter:label1\" content=\"\u00c9crit par\" \/>\n\t<meta name=\"twitter:data1\" content=\"R\u00e9dac. NEWS\" \/>\n\t<meta name=\"twitter:label2\" content=\"Dur\u00e9e de lecture estim\u00e9e\" \/>\n\t<meta name=\"twitter:data2\" content=\"1 minute\" \/>\n<script type=\"application\/ld+json\" class=\"yoast-schema-graph\">{\"@context\":\"https:\/\/schema.org\",\"@graph\":[{\"@type\":\"Article\",\"@id\":\"https:\/\/newsestlyonnais.fr\/site\/2018\/04\/18\/genas-8-salon-artisans-batiment-autour-de-lautomobile\/#article\",\"isPartOf\":{\"@id\":\"https:\/\/newsestlyonnais.fr\/site\/2018\/04\/18\/genas-8-salon-artisans-batiment-autour-de-lautomobile\/\"},\"author\":{\"name\":\"R\u00e9dac. NEWS\",\"@id\":\"https:\/\/newsestlyonnais.fr\/site\/#\/schema\/person\/3230d5615f390bb808365d673001e887\"},\"headline\":\"GENAS | 8\u00b0 salon des Artisans du b\u00e2timent et Autour de l&rsquo;Automobile\",\"datePublished\":\"2018-04-18T08:02:48+00:00\",\"dateModified\":\"2020-11-21T18:48:43+00:00\",\"mainEntityOfPage\":{\"@id\":\"https:\/\/newsestlyonnais.fr\/site\/2018\/04\/18\/genas-8-salon-artisans-batiment-autour-de-lautomobile\/\"},\"wordCount\":310,\"commentCount\":0,\"publisher\":{\"@id\":\"https:\/\/newsestlyonnais.fr\/site\/#organization\"},\"image\":{\"@id\":\"https:\/\/newsestlyonnais.fr\/site\/2018\/04\/18\/genas-8-salon-artisans-batiment-autour-de-lautomobile\/#primaryimage\"},\"thumbnailUrl\":\"https:\/\/newsestlyonnais.fr\/site\/wp-content\/uploads\/2018\/04\/NEWSESTLYONNAIS-GENAS-AGISSE.jpg\",\"articleSection\":[\"Artisans | Commerces\",\"Autos | Motos\",\"CCEL | Communes\",\"Entreprises\",\"Expos | Foires | Mus\u00e9es | Salons\",\"Genas\"],\"inLanguage\":\"fr-FR\",\"potentialAction\":[{\"@type\":\"CommentAction\",\"name\":\"Comment\",\"target\":[\"https:\/\/newsestlyonnais.fr\/site\/2018\/04\/18\/genas-8-salon-artisans-batiment-autour-de-lautomobile\/#respond\"]}]},{\"@type\":\"WebPage\",\"@id\":\"https:\/\/newsestlyonnais.fr\/site\/2018\/04\/18\/genas-8-salon-artisans-batiment-autour-de-lautomobile\/\",\"url\":\"https:\/\/newsestlyonnais.fr\/site\/2018\/04\/18\/genas-8-salon-artisans-batiment-autour-de-lautomobile\/\",\"name\":\"GENAS: 8\u00b0 salon des Artisans du b\u00e2timent et Autour de l'Automobile le 5 mai\",\"isPartOf\":{\"@id\":\"https:\/\/newsestlyonnais.fr\/site\/#website\"},\"primaryImageOfPage\":{\"@id\":\"https:\/\/newsestlyonnais.fr\/site\/2018\/04\/18\/genas-8-salon-artisans-batiment-autour-de-lautomobile\/#primaryimage\"},\"image\":{\"@id\":\"https:\/\/newsestlyonnais.fr\/site\/2018\/04\/18\/genas-8-salon-artisans-batiment-autour-de-lautomobile\/#primaryimage\"},\"thumbnailUrl\":\"https:\/\/newsestlyonnais.fr\/site\/wp-content\/uploads\/2018\/04\/NEWSESTLYONNAIS-GENAS-AGISSE.jpg\",\"datePublished\":\"2018-04-18T08:02:48+00:00\",\"dateModified\":\"2020-11-21T18:48:43+00:00\",\"description\":\"GENAS: 8\u00b0 salon des Artisans du b\u00e2timent et Autour de l'Automobile le 5 mai\",\"breadcrumb\":{\"@id\":\"https:\/\/newsestlyonnais.fr\/site\/2018\/04\/18\/genas-8-salon-artisans-batiment-autour-de-lautomobile\/#breadcrumb\"},\"inLanguage\":\"fr-FR\",\"potentialAction\":[{\"@type\":\"ReadAction\",\"target\":[\"https:\/\/newsestlyonnais.fr\/site\/2018\/04\/18\/genas-8-salon-artisans-batiment-autour-de-lautomobile\/\"]}]},{\"@type\":\"ImageObject\",\"inLanguage\":\"fr-FR\",\"@id\":\"https:\/\/newsestlyonnais.fr\/site\/2018\/04\/18\/genas-8-salon-artisans-batiment-autour-de-lautomobile\/#primaryimage\",\"url\":\"https:\/\/newsestlyonnais.fr\/site\/wp-content\/uploads\/2018\/04\/NEWSESTLYONNAIS-GENAS-AGISSE.jpg\",\"contentUrl\":\"https:\/\/newsestlyonnais.fr\/site\/wp-content\/uploads\/2018\/04\/NEWSESTLYONNAIS-GENAS-AGISSE.jpg\",\"width\":2048,\"height\":1536,\"caption\":\"NEWSESTLYONNAIS GENAS AGISSE\"},{\"@type\":\"BreadcrumbList\",\"@id\":\"https:\/\/newsestlyonnais.fr\/site\/2018\/04\/18\/genas-8-salon-artisans-batiment-autour-de-lautomobile\/#breadcrumb\",\"itemListElement\":[{\"@type\":\"ListItem\",\"position\":1,\"name\":\"Accueil\",\"item\":\"https:\/\/newsestlyonnais.fr\/site\/\"},{\"@type\":\"ListItem\",\"position\":2,\"name\":\"GENAS | 8\u00b0 salon des Artisans du b\u00e2timent et Autour de l&rsquo;Automobile\"}]},{\"@type\":\"WebSite\",\"@id\":\"https:\/\/newsestlyonnais.fr\/site\/#website\",\"url\":\"https:\/\/newsestlyonnais.fr\/site\/\",\"name\":\"News Est Lyonnais\",\"description\":\"L&#039;actualit\u00e9 au plus pr\u00e8s\",\"publisher\":{\"@id\":\"https:\/\/newsestlyonnais.fr\/site\/#organization\"},\"potentialAction\":[{\"@type\":\"SearchAction\",\"target\":{\"@type\":\"EntryPoint\",\"urlTemplate\":\"https:\/\/newsestlyonnais.fr\/site\/?s={search_term_string}\"},\"query-input\":{\"@type\":\"PropertyValueSpecification\",\"valueRequired\":true,\"valueName\":\"search_term_string\"}}],\"inLanguage\":\"fr-FR\"},{\"@type\":\"Organization\",\"@id\":\"https:\/\/newsestlyonnais.fr\/site\/#organization\",\"name\":\"News EST LYONNAIS\",\"url\":\"https:\/\/newsestlyonnais.fr\/site\/\",\"logo\":{\"@type\":\"ImageObject\",\"inLanguage\":\"fr-FR\",\"@id\":\"https:\/\/newsestlyonnais.fr\/site\/#\/schema\/logo\/image\/\",\"url\":\"\",\"contentUrl\":\"\",\"caption\":\"News EST LYONNAIS\"},\"image\":{\"@id\":\"https:\/\/newsestlyonnais.fr\/site\/#\/schema\/logo\/image\/\"}},{\"@type\":\"Person\",\"@id\":\"https:\/\/newsestlyonnais.fr\/site\/#\/schema\/person\/3230d5615f390bb808365d673001e887\",\"name\":\"R\u00e9dac. NEWS\",\"sameAs\":[\"http:\/\/www.newsestlyonnais.fr\",\"https:\/\/www.facebook.com\/pascal.oberson.1?fref=ts\",\"https:\/\/fr.linkedin.com\/in\/pascal-oberson-b17045113\"],\"url\":\"https:\/\/newsestlyonnais.fr\/site\/author\/nel\/\"}]}<\/script>\n<!-- \/ Yoast SEO plugin. -->","yoast_head_json":{"title":"GENAS: 8\u00b0 salon des Artisans du b\u00e2timent et Autour de l'Automobile le 5 mai","description":"GENAS: 8\u00b0 salon des Artisans du b\u00e2timent et Autour de l'Automobile le 5 mai","robots":{"index":"index","follow":"follow","max-snippet":"max-snippet:-1","max-image-preview":"max-image-preview:large","max-video-preview":"max-video-preview:-1"},"canonical":"https:\/\/newsestlyonnais.fr\/site\/2018\/04\/18\/genas-8-salon-artisans-batiment-autour-de-lautomobile\/","og_locale":"fr_FR","og_type":"article","og_title":"GENAS: 8\u00b0 salon des Artisans du b\u00e2timent et Autour de l'Automobile le 5 mai","og_description":"GENAS: 8\u00b0 salon des Artisans du b\u00e2timent et Autour de l'Automobile le 5 mai","og_url":"https:\/\/newsestlyonnais.fr\/site\/2018\/04\/18\/genas-8-salon-artisans-batiment-autour-de-lautomobile\/","og_site_name":"News Est Lyonnais","article_author":"https:\/\/www.facebook.com\/pascal.oberson.1?fref=ts","article_published_time":"2018-04-18T08:02:48+00:00","article_modified_time":"2020-11-21T18:48:43+00:00","og_image":[{"width":2048,"height":1536,"url":"https:\/\/i1.wp.com\/newsestlyonnais.fr\/site\/wp-content\/uploads\/2018\/04\/NEWSESTLYONNAIS-GENAS-AGISSE.jpg?fit=2048%2C1536&ssl=1","type":"image\/jpeg"}],"author":"R\u00e9dac. NEWS","twitter_card":"summary_large_image","twitter_misc":{"\u00c9crit par":"R\u00e9dac. NEWS","Dur\u00e9e de lecture estim\u00e9e":"1 minute"},"schema":{"@context":"https:\/\/schema.org","@graph":[{"@type":"Article","@id":"https:\/\/newsestlyonnais.fr\/site\/2018\/04\/18\/genas-8-salon-artisans-batiment-autour-de-lautomobile\/#article","isPartOf":{"@id":"https:\/\/newsestlyonnais.fr\/site\/2018\/04\/18\/genas-8-salon-artisans-batiment-autour-de-lautomobile\/"},"author":{"name":"R\u00e9dac. NEWS","@id":"https:\/\/newsestlyonnais.fr\/site\/#\/schema\/person\/3230d5615f390bb808365d673001e887"},"headline":"GENAS | 8\u00b0 salon des Artisans du b\u00e2timent et Autour de l&rsquo;Automobile","datePublished":"2018-04-18T08:02:48+00:00","dateModified":"2020-11-21T18:48:43+00:00","mainEntityOfPage":{"@id":"https:\/\/newsestlyonnais.fr\/site\/2018\/04\/18\/genas-8-salon-artisans-batiment-autour-de-lautomobile\/"},"wordCount":310,"commentCount":0,"publisher":{"@id":"https:\/\/newsestlyonnais.fr\/site\/#organization"},"image":{"@id":"https:\/\/newsestlyonnais.fr\/site\/2018\/04\/18\/genas-8-salon-artisans-batiment-autour-de-lautomobile\/#primaryimage"},"thumbnailUrl":"https:\/\/newsestlyonnais.fr\/site\/wp-content\/uploads\/2018\/04\/NEWSESTLYONNAIS-GENAS-AGISSE.jpg","articleSection":["Artisans | Commerces","Autos | Motos","CCEL | Communes","Entreprises","Expos | Foires | Mus\u00e9es | Salons","Genas"],"inLanguage":"fr-FR","potentialAction":[{"@type":"CommentAction","name":"Comment","target":["https:\/\/newsestlyonnais.fr\/site\/2018\/04\/18\/genas-8-salon-artisans-batiment-autour-de-lautomobile\/#respond"]}]},{"@type":"WebPage","@id":"https:\/\/newsestlyonnais.fr\/site\/2018\/04\/18\/genas-8-salon-artisans-batiment-autour-de-lautomobile\/","url":"https:\/\/newsestlyonnais.fr\/site\/2018\/04\/18\/genas-8-salon-artisans-batiment-autour-de-lautomobile\/","name":"GENAS: 8\u00b0 salon des Artisans du b\u00e2timent et Autour de l'Automobile le 5 mai","isPartOf":{"@id":"https:\/\/newsestlyonnais.fr\/site\/#website"},"primaryImageOfPage":{"@id":"https:\/\/newsestlyonnais.fr\/site\/2018\/04\/18\/genas-8-salon-artisans-batiment-autour-de-lautomobile\/#primaryimage"},"image":{"@id":"https:\/\/newsestlyonnais.fr\/site\/2018\/04\/18\/genas-8-salon-artisans-batiment-autour-de-lautomobile\/#primaryimage"},"thumbnailUrl":"https:\/\/newsestlyonnais.fr\/site\/wp-content\/uploads\/2018\/04\/NEWSESTLYONNAIS-GENAS-AGISSE.jpg","datePublished":"2018-04-18T08:02:48+00:00","dateModified":"2020-11-21T18:48:43+00:00","description":"GENAS: 8\u00b0 salon des Artisans du b\u00e2timent et Autour de l'Automobile le 5 mai","breadcrumb":{"@id":"https:\/\/newsestlyonnais.fr\/site\/2018\/04\/18\/genas-8-salon-artisans-batiment-autour-de-lautomobile\/#breadcrumb"},"inLanguage":"fr-FR","potentialAction":[{"@type":"ReadAction","target":["https:\/\/newsestlyonnais.fr\/site\/2018\/04\/18\/genas-8-salon-artisans-batiment-autour-de-lautomobile\/"]}]},{"@type":"ImageObject","inLanguage":"fr-FR","@id":"https:\/\/newsestlyonnais.fr\/site\/2018\/04\/18\/genas-8-salon-artisans-batiment-autour-de-lautomobile\/#primaryimage","url":"https:\/\/newsestlyonnais.fr\/site\/wp-content\/uploads\/2018\/04\/NEWSESTLYONNAIS-GENAS-AGISSE.jpg","contentUrl":"https:\/\/newsestlyonnais.fr\/site\/wp-content\/uploads\/2018\/04\/NEWSESTLYONNAIS-GENAS-AGISSE.jpg","width":2048,"height":1536,"caption":"NEWSESTLYONNAIS GENAS AGISSE"},{"@type":"BreadcrumbList","@id":"https:\/\/newsestlyonnais.fr\/site\/2018\/04\/18\/genas-8-salon-artisans-batiment-autour-de-lautomobile\/#breadcrumb","itemListElement":[{"@type":"ListItem","position":1,"name":"Accueil","item":"https:\/\/newsestlyonnais.fr\/site\/"},{"@type":"ListItem","position":2,"name":"GENAS | 8\u00b0 salon des Artisans du b\u00e2timent et Autour de l&rsquo;Automobile"}]},{"@type":"WebSite","@id":"https:\/\/newsestlyonnais.fr\/site\/#website","url":"https:\/\/newsestlyonnais.fr\/site\/","name":"News Est Lyonnais","description":"L&#039;actualit\u00e9 au plus pr\u00e8s","publisher":{"@id":"https:\/\/newsestlyonnais.fr\/site\/#organization"},"potentialAction":[{"@type":"SearchAction","target":{"@type":"EntryPoint","urlTemplate":"https:\/\/newsestlyonnais.fr\/site\/?s={search_term_string}"},"query-input":{"@type":"PropertyValueSpecification","valueRequired":true,"valueName":"search_term_string"}}],"inLanguage":"fr-FR"},{"@type":"Organization","@id":"https:\/\/newsestlyonnais.fr\/site\/#organization","name":"News EST LYONNAIS","url":"https:\/\/newsestlyonnais.fr\/site\/","logo":{"@type":"ImageObject","inLanguage":"fr-FR","@id":"https:\/\/newsestlyonnais.fr\/site\/#\/schema\/logo\/image\/","url":"","contentUrl":"","caption":"News EST LYONNAIS"},"image":{"@id":"https:\/\/newsestlyonnais.fr\/site\/#\/schema\/logo\/image\/"}},{"@type":"Person","@id":"https:\/\/newsestlyonnais.fr\/site\/#\/schema\/person\/3230d5615f390bb808365d673001e887","name":"R\u00e9dac. NEWS","sameAs":["http:\/\/www.newsestlyonnais.fr","https:\/\/www.facebook.com\/pascal.oberson.1?fref=ts","https:\/\/fr.linkedin.com\/in\/pascal-oberson-b17045113"],"url":"https:\/\/newsestlyonnais.fr\/site\/author\/nel\/"}]}},"_links":{"self":[{"href":"https:\/\/newsestlyonnais.fr\/site\/wp-json\/wp\/v2\/posts\/47639","targetHints":{"allow":["GET"]}}],"collection":[{"href":"https:\/\/newsestlyonnais.fr\/site\/wp-json\/wp\/v2\/posts"}],"about":[{"href":"https:\/\/newsestlyonnais.fr\/site\/wp-json\/wp\/v2\/types\/post"}],"author":[{"embeddable":true,"href":"https:\/\/newsestlyonnais.fr\/site\/wp-json\/wp\/v2\/users\/4"}],"replies":[{"embeddable":true,"href":"https:\/\/newsestlyonnais.fr\/site\/wp-json\/wp\/v2\/comments?post=47639"}],"version-history":[{"count":0,"href":"https:\/\/newsestlyonnais.fr\/site\/wp-json\/wp\/v2\/posts\/47639\/revisions"}],"wp:featuredmedia":[{"embeddable":true,"href":"https:\/\/newsestlyonnais.fr\/site\/wp-json\/wp\/v2\/media\/47643"}],"wp:attachment":[{"href":"https:\/\/newsestlyonnais.fr\/site\/wp-json\/wp\/v2\/media?parent=47639"}],"wp:term":[{"taxonomy":"category","embeddable":true,"href":"https:\/\/newsestlyonnais.fr\/site\/wp-json\/wp\/v2\/categories?post=47639"},{"taxonomy":"post_tag","embeddable":true,"href":"https:\/\/newsestlyonnais.fr\/site\/wp-json\/wp\/v2\/tags?post=47639"}],"curies":[{"name":"wp","href":"https:\/\/api.w.org\/{rel}","templated":true}]}}