{"id":47697,"date":"2018-04-18T19:37:03","date_gmt":"2018-04-18T18:37:03","guid":{"rendered":"http:\/\/newsestlyonnais.fr\/site\/?p=47697"},"modified":"2020-11-03T11:48:26","modified_gmt":"2020-11-03T10:48:26","slug":"vaulx-en-velin-les-seniors-du-vaulx-basket-club-accedent-a-la-nationale-2","status":"publish","type":"post","link":"https:\/\/newsestlyonnais.fr\/site\/2018\/04\/18\/vaulx-en-velin-les-seniors-du-vaulx-basket-club-accedent-a-la-nationale-2\/","title":{"rendered":"VAULX-EN-VELIN | Les seniors du Vaulx Basket Club acc\u00e8dent \u00e0 la Nationale 2"},"content":{"rendered":"<h4>Gr\u00e2ce \u00e0 leur large succ\u00e8s (96\/67) obtenu samedi soir \u00e0 Roche La Moli\u00e8re, les seniors du VBC terminent en t\u00eate de la poule L et acc\u00e8dent \u00e0 la Nationale 2 !<\/h4>\n<p>Une troisi\u00e8me victoire cons\u00e9cutive qui permet de conclure en beaut\u00e9 une fantastique saison 2017\/2018 qui l\u2019aura vu disputer 22 matchs d\u2019un championnat tr\u00e8s disput\u00e9, en remportant 17 rencontres pour seulement 5 d\u00e9faites. Une accession d\u00e9croch\u00e9e gr\u00e2ce au goal-average particulier favorable avec le club voisin de Chassieu-D\u00e9cines, qui finit \u00e9galement avec 39 points. Les vaudais coach\u00e9s par Yoann Valla, terminant d\u2019autre part meilleure d\u00e9fense de la poule et 5\u00b0 attaque. Samedi soir, <strong>victoire du Vaulx Basket Club contre Roche Basket 96\/67<\/strong> (22\/25, 25\/20, 18\/10, 31\/12). <span style=\"text-decoration: underline\">Marqueurs vaudais<\/span> : Pasque 24, Gelanor 15, Courtial 12, Ferjule 11, F\u00e9lix Yendt 10, Mukeku 7, Da Silva 6, Marconnet 5, Kandom 4, Coston 2. En plus du billet d\u00e9croch\u00e9 pour la N2, les basketteurs vaudais participeront <strong>aux phases finales du championnat de France<\/strong> , dont les 1\/4 de finale auront lieu \u00e0 Dijon le 28 avril avant le retour \u00e0 Aubert le 5 Mai. Demi-finales les 12 &amp; 19 mai et finale du 1 au 3 juin \u00e0 Eaubonne (95).<\/p>\n<ul>\n<li><strong>\u00a0PHOTO A LA UNE<\/strong> : Les vaudais en bleu larges vainqueurs \u00e0 Roche pour leur derni\u00e8re rencontre !<\/li>\n<\/ul>\n<p><img loading=\"lazy\" decoding=\"async\" class=\"alignleft size-full wp-image-47703\" src=\"https:\/\/newsestlyonnais.fr\/site\/medias\/2018\/04\/Newsestlyonnais-PANNEAU-AFFICHAGE.jpg\" alt=\"Newsestlyonnais - PANNEAU AFFICHAGE\" width=\"960\" height=\"640\" srcset=\"https:\/\/newsestlyonnais.fr\/site\/wp-content\/uploads\/2018\/04\/Newsestlyonnais-PANNEAU-AFFICHAGE.jpg 960w, https:\/\/newsestlyonnais.fr\/site\/wp-content\/uploads\/2018\/04\/Newsestlyonnais-PANNEAU-AFFICHAGE-400x267.jpg 400w, https:\/\/newsestlyonnais.fr\/site\/wp-content\/uploads\/2018\/04\/Newsestlyonnais-PANNEAU-AFFICHAGE-768x512.jpg 768w, https:\/\/newsestlyonnais.fr\/site\/wp-content\/uploads\/2018\/04\/Newsestlyonnais-PANNEAU-AFFICHAGE-600x400.jpg 600w\" sizes=\"auto, (max-width: 960px) 100vw, 960px\" \/><\/p>\n","protected":false},"excerpt":{"rendered":"<p>Gr\u00e2ce \u00e0 leur large succ\u00e8s (96\/67) obtenu samedi soir \u00e0 Roche La Moli\u00e8re, les seniors du VBC terminent en t\u00eate de la poule L et acc\u00e8dent \u00e0 la Nationale 2 ! Une troisi\u00e8me victoire cons\u00e9cutive qui permet de conclure en beaut\u00e9 une fantastique saison 2017\/2018 qui l\u2019aura vu disputer 22 matchs d\u2019un championnat tr\u00e8s disput\u00e9, [&hellip;]<\/p>\n","protected":false},"author":4,"featured_media":47702,"comment_status":"open","ping_status":"open","sticky":false,"template":"","format":"standard","meta":{"footnotes":""},"categories":[1357,2975,28],"tags":[],"class_list":["post-47697","post","type-post","status-publish","format-standard","has-post-thumbnail","hentry","category-basket","category-basket-hand-volley-sports","category-vaulx-en-velin"],"yoast_head":"<!-- This site is optimized with the Yoast SEO plugin v27.2 - https:\/\/yoast.com\/product\/yoast-seo-wordpress\/ -->\n<title>VAULX EN VELIN : Les seniors du Vaulx Basket Club acc\u00e8dent \u00e0 la Nationale 2<\/title>\n<meta name=\"description\" content=\"VAULX EN VELIN : Les seniors du Vaulx Basket Club acc\u00e8dent \u00e0 la Nationale 2\" \/>\n<meta name=\"robots\" content=\"index, follow, max-snippet:-1, max-image-preview:large, max-video-preview:-1\" \/>\n<link rel=\"canonical\" href=\"https:\/\/newsestlyonnais.fr\/site\/2018\/04\/18\/vaulx-en-velin-les-seniors-du-vaulx-basket-club-accedent-a-la-nationale-2\/\" \/>\n<meta property=\"og:locale\" content=\"fr_FR\" \/>\n<meta property=\"og:type\" content=\"article\" \/>\n<meta property=\"og:title\" content=\"VAULX EN VELIN : Les seniors du Vaulx Basket Club acc\u00e8dent \u00e0 la Nationale 2\" \/>\n<meta property=\"og:description\" content=\"VAULX EN VELIN : Les seniors du Vaulx Basket Club acc\u00e8dent \u00e0 la Nationale 2\" \/>\n<meta property=\"og:url\" content=\"https:\/\/newsestlyonnais.fr\/site\/2018\/04\/18\/vaulx-en-velin-les-seniors-du-vaulx-basket-club-accedent-a-la-nationale-2\/\" \/>\n<meta property=\"og:site_name\" content=\"News Est Lyonnais\" \/>\n<meta property=\"article:author\" content=\"https:\/\/www.facebook.com\/pascal.oberson.1?fref=ts\" \/>\n<meta property=\"article:published_time\" content=\"2018-04-18T18:37:03+00:00\" \/>\n<meta property=\"article:modified_time\" content=\"2020-11-03T10:48:26+00:00\" \/>\n<meta property=\"og:image\" content=\"https:\/\/i1.wp.com\/newsestlyonnais.fr\/site\/wp-content\/uploads\/2018\/04\/NEWSESTLYONNAIS-VBC-DERNIER-MATCH.jpg?fit=960%2C640&ssl=1\" \/>\n\t<meta property=\"og:image:width\" content=\"960\" \/>\n\t<meta property=\"og:image:height\" content=\"640\" \/>\n\t<meta property=\"og:image:type\" content=\"image\/jpeg\" \/>\n<meta name=\"author\" content=\"R\u00e9dac. NEWS\" \/>\n<meta name=\"twitter:card\" content=\"summary_large_image\" \/>\n<meta name=\"twitter:label1\" content=\"\u00c9crit par\" \/>\n\t<meta name=\"twitter:data1\" content=\"R\u00e9dac. NEWS\" \/>\n\t<meta name=\"twitter:label2\" content=\"Dur\u00e9e de lecture estim\u00e9e\" \/>\n\t<meta name=\"twitter:data2\" content=\"1 minute\" \/>\n<script type=\"application\/ld+json\" class=\"yoast-schema-graph\">{\"@context\":\"https:\/\/schema.org\",\"@graph\":[{\"@type\":\"Article\",\"@id\":\"https:\/\/newsestlyonnais.fr\/site\/2018\/04\/18\/vaulx-en-velin-les-seniors-du-vaulx-basket-club-accedent-a-la-nationale-2\/#article\",\"isPartOf\":{\"@id\":\"https:\/\/newsestlyonnais.fr\/site\/2018\/04\/18\/vaulx-en-velin-les-seniors-du-vaulx-basket-club-accedent-a-la-nationale-2\/\"},\"author\":{\"name\":\"R\u00e9dac. NEWS\",\"@id\":\"https:\/\/newsestlyonnais.fr\/site\/#\/schema\/person\/3230d5615f390bb808365d673001e887\"},\"headline\":\"VAULX-EN-VELIN | Les seniors du Vaulx Basket Club acc\u00e8dent \u00e0 la Nationale 2\",\"datePublished\":\"2018-04-18T18:37:03+00:00\",\"dateModified\":\"2020-11-03T10:48:26+00:00\",\"mainEntityOfPage\":{\"@id\":\"https:\/\/newsestlyonnais.fr\/site\/2018\/04\/18\/vaulx-en-velin-les-seniors-du-vaulx-basket-club-accedent-a-la-nationale-2\/\"},\"wordCount\":203,\"commentCount\":0,\"publisher\":{\"@id\":\"https:\/\/newsestlyonnais.fr\/site\/#organization\"},\"image\":{\"@id\":\"https:\/\/newsestlyonnais.fr\/site\/2018\/04\/18\/vaulx-en-velin-les-seniors-du-vaulx-basket-club-accedent-a-la-nationale-2\/#primaryimage\"},\"thumbnailUrl\":\"https:\/\/newsestlyonnais.fr\/site\/wp-content\/uploads\/2018\/04\/NEWSESTLYONNAIS-VBC-DERNIER-MATCH.jpg\",\"articleSection\":[\"Basket\",\"Basket | Hand | Volley\",\"Vaulx-en-Velin\"],\"inLanguage\":\"fr-FR\",\"potentialAction\":[{\"@type\":\"CommentAction\",\"name\":\"Comment\",\"target\":[\"https:\/\/newsestlyonnais.fr\/site\/2018\/04\/18\/vaulx-en-velin-les-seniors-du-vaulx-basket-club-accedent-a-la-nationale-2\/#respond\"]}]},{\"@type\":\"WebPage\",\"@id\":\"https:\/\/newsestlyonnais.fr\/site\/2018\/04\/18\/vaulx-en-velin-les-seniors-du-vaulx-basket-club-accedent-a-la-nationale-2\/\",\"url\":\"https:\/\/newsestlyonnais.fr\/site\/2018\/04\/18\/vaulx-en-velin-les-seniors-du-vaulx-basket-club-accedent-a-la-nationale-2\/\",\"name\":\"VAULX EN VELIN : Les seniors du Vaulx Basket Club acc\u00e8dent \u00e0 la Nationale 2\",\"isPartOf\":{\"@id\":\"https:\/\/newsestlyonnais.fr\/site\/#website\"},\"primaryImageOfPage\":{\"@id\":\"https:\/\/newsestlyonnais.fr\/site\/2018\/04\/18\/vaulx-en-velin-les-seniors-du-vaulx-basket-club-accedent-a-la-nationale-2\/#primaryimage\"},\"image\":{\"@id\":\"https:\/\/newsestlyonnais.fr\/site\/2018\/04\/18\/vaulx-en-velin-les-seniors-du-vaulx-basket-club-accedent-a-la-nationale-2\/#primaryimage\"},\"thumbnailUrl\":\"https:\/\/newsestlyonnais.fr\/site\/wp-content\/uploads\/2018\/04\/NEWSESTLYONNAIS-VBC-DERNIER-MATCH.jpg\",\"datePublished\":\"2018-04-18T18:37:03+00:00\",\"dateModified\":\"2020-11-03T10:48:26+00:00\",\"description\":\"VAULX EN VELIN : Les seniors du Vaulx Basket Club acc\u00e8dent \u00e0 la Nationale 2\",\"breadcrumb\":{\"@id\":\"https:\/\/newsestlyonnais.fr\/site\/2018\/04\/18\/vaulx-en-velin-les-seniors-du-vaulx-basket-club-accedent-a-la-nationale-2\/#breadcrumb\"},\"inLanguage\":\"fr-FR\",\"potentialAction\":[{\"@type\":\"ReadAction\",\"target\":[\"https:\/\/newsestlyonnais.fr\/site\/2018\/04\/18\/vaulx-en-velin-les-seniors-du-vaulx-basket-club-accedent-a-la-nationale-2\/\"]}]},{\"@type\":\"ImageObject\",\"inLanguage\":\"fr-FR\",\"@id\":\"https:\/\/newsestlyonnais.fr\/site\/2018\/04\/18\/vaulx-en-velin-les-seniors-du-vaulx-basket-club-accedent-a-la-nationale-2\/#primaryimage\",\"url\":\"https:\/\/newsestlyonnais.fr\/site\/wp-content\/uploads\/2018\/04\/NEWSESTLYONNAIS-VBC-DERNIER-MATCH.jpg\",\"contentUrl\":\"https:\/\/newsestlyonnais.fr\/site\/wp-content\/uploads\/2018\/04\/NEWSESTLYONNAIS-VBC-DERNIER-MATCH.jpg\",\"width\":960,\"height\":640,\"caption\":\"NEWSESTLYONNAIS VBC DERNIER MATCH\"},{\"@type\":\"BreadcrumbList\",\"@id\":\"https:\/\/newsestlyonnais.fr\/site\/2018\/04\/18\/vaulx-en-velin-les-seniors-du-vaulx-basket-club-accedent-a-la-nationale-2\/#breadcrumb\",\"itemListElement\":[{\"@type\":\"ListItem\",\"position\":1,\"name\":\"Accueil\",\"item\":\"https:\/\/newsestlyonnais.fr\/site\/\"},{\"@type\":\"ListItem\",\"position\":2,\"name\":\"VAULX-EN-VELIN | Les seniors du Vaulx Basket Club acc\u00e8dent \u00e0 la Nationale 2\"}]},{\"@type\":\"WebSite\",\"@id\":\"https:\/\/newsestlyonnais.fr\/site\/#website\",\"url\":\"https:\/\/newsestlyonnais.fr\/site\/\",\"name\":\"News Est Lyonnais\",\"description\":\"L&#039;actualit\u00e9 au plus pr\u00e8s\",\"publisher\":{\"@id\":\"https:\/\/newsestlyonnais.fr\/site\/#organization\"},\"potentialAction\":[{\"@type\":\"SearchAction\",\"target\":{\"@type\":\"EntryPoint\",\"urlTemplate\":\"https:\/\/newsestlyonnais.fr\/site\/?s={search_term_string}\"},\"query-input\":{\"@type\":\"PropertyValueSpecification\",\"valueRequired\":true,\"valueName\":\"search_term_string\"}}],\"inLanguage\":\"fr-FR\"},{\"@type\":\"Organization\",\"@id\":\"https:\/\/newsestlyonnais.fr\/site\/#organization\",\"name\":\"News EST LYONNAIS\",\"url\":\"https:\/\/newsestlyonnais.fr\/site\/\",\"logo\":{\"@type\":\"ImageObject\",\"inLanguage\":\"fr-FR\",\"@id\":\"https:\/\/newsestlyonnais.fr\/site\/#\/schema\/logo\/image\/\",\"url\":\"\",\"contentUrl\":\"\",\"caption\":\"News EST LYONNAIS\"},\"image\":{\"@id\":\"https:\/\/newsestlyonnais.fr\/site\/#\/schema\/logo\/image\/\"}},{\"@type\":\"Person\",\"@id\":\"https:\/\/newsestlyonnais.fr\/site\/#\/schema\/person\/3230d5615f390bb808365d673001e887\",\"name\":\"R\u00e9dac. NEWS\",\"sameAs\":[\"http:\/\/www.newsestlyonnais.fr\",\"https:\/\/www.facebook.com\/pascal.oberson.1?fref=ts\",\"https:\/\/fr.linkedin.com\/in\/pascal-oberson-b17045113\"],\"url\":\"https:\/\/newsestlyonnais.fr\/site\/author\/nel\/\"}]}<\/script>\n<!-- \/ Yoast SEO plugin. -->","yoast_head_json":{"title":"VAULX EN VELIN : Les seniors du Vaulx Basket Club acc\u00e8dent \u00e0 la Nationale 2","description":"VAULX EN VELIN : Les seniors du Vaulx Basket Club acc\u00e8dent \u00e0 la Nationale 2","robots":{"index":"index","follow":"follow","max-snippet":"max-snippet:-1","max-image-preview":"max-image-preview:large","max-video-preview":"max-video-preview:-1"},"canonical":"https:\/\/newsestlyonnais.fr\/site\/2018\/04\/18\/vaulx-en-velin-les-seniors-du-vaulx-basket-club-accedent-a-la-nationale-2\/","og_locale":"fr_FR","og_type":"article","og_title":"VAULX EN VELIN : Les seniors du Vaulx Basket Club acc\u00e8dent \u00e0 la Nationale 2","og_description":"VAULX EN VELIN : Les seniors du Vaulx Basket Club acc\u00e8dent \u00e0 la Nationale 2","og_url":"https:\/\/newsestlyonnais.fr\/site\/2018\/04\/18\/vaulx-en-velin-les-seniors-du-vaulx-basket-club-accedent-a-la-nationale-2\/","og_site_name":"News Est Lyonnais","article_author":"https:\/\/www.facebook.com\/pascal.oberson.1?fref=ts","article_published_time":"2018-04-18T18:37:03+00:00","article_modified_time":"2020-11-03T10:48:26+00:00","og_image":[{"width":960,"height":640,"url":"https:\/\/i1.wp.com\/newsestlyonnais.fr\/site\/wp-content\/uploads\/2018\/04\/NEWSESTLYONNAIS-VBC-DERNIER-MATCH.jpg?fit=960%2C640&ssl=1","type":"image\/jpeg"}],"author":"R\u00e9dac. NEWS","twitter_card":"summary_large_image","twitter_misc":{"\u00c9crit par":"R\u00e9dac. NEWS","Dur\u00e9e de lecture estim\u00e9e":"1 minute"},"schema":{"@context":"https:\/\/schema.org","@graph":[{"@type":"Article","@id":"https:\/\/newsestlyonnais.fr\/site\/2018\/04\/18\/vaulx-en-velin-les-seniors-du-vaulx-basket-club-accedent-a-la-nationale-2\/#article","isPartOf":{"@id":"https:\/\/newsestlyonnais.fr\/site\/2018\/04\/18\/vaulx-en-velin-les-seniors-du-vaulx-basket-club-accedent-a-la-nationale-2\/"},"author":{"name":"R\u00e9dac. NEWS","@id":"https:\/\/newsestlyonnais.fr\/site\/#\/schema\/person\/3230d5615f390bb808365d673001e887"},"headline":"VAULX-EN-VELIN | Les seniors du Vaulx Basket Club acc\u00e8dent \u00e0 la Nationale 2","datePublished":"2018-04-18T18:37:03+00:00","dateModified":"2020-11-03T10:48:26+00:00","mainEntityOfPage":{"@id":"https:\/\/newsestlyonnais.fr\/site\/2018\/04\/18\/vaulx-en-velin-les-seniors-du-vaulx-basket-club-accedent-a-la-nationale-2\/"},"wordCount":203,"commentCount":0,"publisher":{"@id":"https:\/\/newsestlyonnais.fr\/site\/#organization"},"image":{"@id":"https:\/\/newsestlyonnais.fr\/site\/2018\/04\/18\/vaulx-en-velin-les-seniors-du-vaulx-basket-club-accedent-a-la-nationale-2\/#primaryimage"},"thumbnailUrl":"https:\/\/newsestlyonnais.fr\/site\/wp-content\/uploads\/2018\/04\/NEWSESTLYONNAIS-VBC-DERNIER-MATCH.jpg","articleSection":["Basket","Basket | Hand | Volley","Vaulx-en-Velin"],"inLanguage":"fr-FR","potentialAction":[{"@type":"CommentAction","name":"Comment","target":["https:\/\/newsestlyonnais.fr\/site\/2018\/04\/18\/vaulx-en-velin-les-seniors-du-vaulx-basket-club-accedent-a-la-nationale-2\/#respond"]}]},{"@type":"WebPage","@id":"https:\/\/newsestlyonnais.fr\/site\/2018\/04\/18\/vaulx-en-velin-les-seniors-du-vaulx-basket-club-accedent-a-la-nationale-2\/","url":"https:\/\/newsestlyonnais.fr\/site\/2018\/04\/18\/vaulx-en-velin-les-seniors-du-vaulx-basket-club-accedent-a-la-nationale-2\/","name":"VAULX EN VELIN : Les seniors du Vaulx Basket Club acc\u00e8dent \u00e0 la Nationale 2","isPartOf":{"@id":"https:\/\/newsestlyonnais.fr\/site\/#website"},"primaryImageOfPage":{"@id":"https:\/\/newsestlyonnais.fr\/site\/2018\/04\/18\/vaulx-en-velin-les-seniors-du-vaulx-basket-club-accedent-a-la-nationale-2\/#primaryimage"},"image":{"@id":"https:\/\/newsestlyonnais.fr\/site\/2018\/04\/18\/vaulx-en-velin-les-seniors-du-vaulx-basket-club-accedent-a-la-nationale-2\/#primaryimage"},"thumbnailUrl":"https:\/\/newsestlyonnais.fr\/site\/wp-content\/uploads\/2018\/04\/NEWSESTLYONNAIS-VBC-DERNIER-MATCH.jpg","datePublished":"2018-04-18T18:37:03+00:00","dateModified":"2020-11-03T10:48:26+00:00","description":"VAULX EN VELIN : Les seniors du Vaulx Basket Club acc\u00e8dent \u00e0 la Nationale 2","breadcrumb":{"@id":"https:\/\/newsestlyonnais.fr\/site\/2018\/04\/18\/vaulx-en-velin-les-seniors-du-vaulx-basket-club-accedent-a-la-nationale-2\/#breadcrumb"},"inLanguage":"fr-FR","potentialAction":[{"@type":"ReadAction","target":["https:\/\/newsestlyonnais.fr\/site\/2018\/04\/18\/vaulx-en-velin-les-seniors-du-vaulx-basket-club-accedent-a-la-nationale-2\/"]}]},{"@type":"ImageObject","inLanguage":"fr-FR","@id":"https:\/\/newsestlyonnais.fr\/site\/2018\/04\/18\/vaulx-en-velin-les-seniors-du-vaulx-basket-club-accedent-a-la-nationale-2\/#primaryimage","url":"https:\/\/newsestlyonnais.fr\/site\/wp-content\/uploads\/2018\/04\/NEWSESTLYONNAIS-VBC-DERNIER-MATCH.jpg","contentUrl":"https:\/\/newsestlyonnais.fr\/site\/wp-content\/uploads\/2018\/04\/NEWSESTLYONNAIS-VBC-DERNIER-MATCH.jpg","width":960,"height":640,"caption":"NEWSESTLYONNAIS VBC DERNIER MATCH"},{"@type":"BreadcrumbList","@id":"https:\/\/newsestlyonnais.fr\/site\/2018\/04\/18\/vaulx-en-velin-les-seniors-du-vaulx-basket-club-accedent-a-la-nationale-2\/#breadcrumb","itemListElement":[{"@type":"ListItem","position":1,"name":"Accueil","item":"https:\/\/newsestlyonnais.fr\/site\/"},{"@type":"ListItem","position":2,"name":"VAULX-EN-VELIN | Les seniors du Vaulx Basket Club acc\u00e8dent \u00e0 la Nationale 2"}]},{"@type":"WebSite","@id":"https:\/\/newsestlyonnais.fr\/site\/#website","url":"https:\/\/newsestlyonnais.fr\/site\/","name":"News Est Lyonnais","description":"L&#039;actualit\u00e9 au plus pr\u00e8s","publisher":{"@id":"https:\/\/newsestlyonnais.fr\/site\/#organization"},"potentialAction":[{"@type":"SearchAction","target":{"@type":"EntryPoint","urlTemplate":"https:\/\/newsestlyonnais.fr\/site\/?s={search_term_string}"},"query-input":{"@type":"PropertyValueSpecification","valueRequired":true,"valueName":"search_term_string"}}],"inLanguage":"fr-FR"},{"@type":"Organization","@id":"https:\/\/newsestlyonnais.fr\/site\/#organization","name":"News EST LYONNAIS","url":"https:\/\/newsestlyonnais.fr\/site\/","logo":{"@type":"ImageObject","inLanguage":"fr-FR","@id":"https:\/\/newsestlyonnais.fr\/site\/#\/schema\/logo\/image\/","url":"","contentUrl":"","caption":"News EST LYONNAIS"},"image":{"@id":"https:\/\/newsestlyonnais.fr\/site\/#\/schema\/logo\/image\/"}},{"@type":"Person","@id":"https:\/\/newsestlyonnais.fr\/site\/#\/schema\/person\/3230d5615f390bb808365d673001e887","name":"R\u00e9dac. NEWS","sameAs":["http:\/\/www.newsestlyonnais.fr","https:\/\/www.facebook.com\/pascal.oberson.1?fref=ts","https:\/\/fr.linkedin.com\/in\/pascal-oberson-b17045113"],"url":"https:\/\/newsestlyonnais.fr\/site\/author\/nel\/"}]}},"_links":{"self":[{"href":"https:\/\/newsestlyonnais.fr\/site\/wp-json\/wp\/v2\/posts\/47697","targetHints":{"allow":["GET"]}}],"collection":[{"href":"https:\/\/newsestlyonnais.fr\/site\/wp-json\/wp\/v2\/posts"}],"about":[{"href":"https:\/\/newsestlyonnais.fr\/site\/wp-json\/wp\/v2\/types\/post"}],"author":[{"embeddable":true,"href":"https:\/\/newsestlyonnais.fr\/site\/wp-json\/wp\/v2\/users\/4"}],"replies":[{"embeddable":true,"href":"https:\/\/newsestlyonnais.fr\/site\/wp-json\/wp\/v2\/comments?post=47697"}],"version-history":[{"count":0,"href":"https:\/\/newsestlyonnais.fr\/site\/wp-json\/wp\/v2\/posts\/47697\/revisions"}],"wp:featuredmedia":[{"embeddable":true,"href":"https:\/\/newsestlyonnais.fr\/site\/wp-json\/wp\/v2\/media\/47702"}],"wp:attachment":[{"href":"https:\/\/newsestlyonnais.fr\/site\/wp-json\/wp\/v2\/media?parent=47697"}],"wp:term":[{"taxonomy":"category","embeddable":true,"href":"https:\/\/newsestlyonnais.fr\/site\/wp-json\/wp\/v2\/categories?post=47697"},{"taxonomy":"post_tag","embeddable":true,"href":"https:\/\/newsestlyonnais.fr\/site\/wp-json\/wp\/v2\/tags?post=47697"}],"curies":[{"name":"wp","href":"https:\/\/api.w.org\/{rel}","templated":true}]}}