{"id":47860,"date":"2018-04-19T19:41:35","date_gmt":"2018-04-19T18:41:35","guid":{"rendered":"http:\/\/newsestlyonnais.fr\/site\/?p=47860"},"modified":"2023-11-28T19:40:45","modified_gmt":"2023-11-28T18:40:45","slug":"vaulx-velin-nouveau-mur-a-amene-belle-dynamique-centre-pilote-descalade","status":"publish","type":"post","link":"https:\/\/newsestlyonnais.fr\/site\/2018\/04\/19\/vaulx-velin-nouveau-mur-a-amene-belle-dynamique-centre-pilote-descalade\/","title":{"rendered":"VAULX-EN-VELIN | Le nouveau mur a amen\u00e9 une belle dynamique au Centre Pilote d\u2019Escalade"},"content":{"rendered":"<p>\u00bb Un mur moderne avec des panneaux modulaires \u00e0 structures en r\u00e9sine et plus en b\u00e9ton comme le pr\u00e9c\u00e9dent qui datait de 1998. Plus attrayant , attractif et performant, il nous a permis de doubler notre capacit\u00e9 d\u2019accueil !\u00a0\u00bb confie Michel Husson, pr\u00e9sident du CPEAVV.<\/p>\n<hr \/>\n<p>L\u2019actualit\u00e9 ne manque pas dans la vie du club vaudais et ceci \u00e0 divers degr\u00e9s (comp\u00e9titions, organisations et obtentions de dipl\u00f4mes), voici quelques uns des derniers \u00e9v\u00e8nements :<\/p>\n<ul>\n<li>Une soixantaine de grimpeurs (40 enfants &amp; 20 adultes) ont particip\u00e9 le samedi 24 mars dernier , au traditionnel et convivial <strong>contest interne d\u2019escalade<\/strong>. Une manifestation qui connait chaque ann\u00e9e un beau succ\u00e8s ! (PHOTO A LA UNE).<\/li>\n<li>La jeune L\u00e9a a termin\u00e9 1\u00b0 dans la cat\u00e9gorie \u00ab\u00a0Cadet\u00a0\u00bb lors de la 5\u00b0 \u00e9tape de la <strong>Coupe du Rh\u00f4ne et de la M\u00e9tropole<\/strong> de Lyon d\u00e9roul\u00e9e en mars dernier.<\/li>\n<li><strong>Cyril Gautier<\/strong>, \u00e9ducateur au club depuis 2006 a brillamment d\u00e9croch\u00e9 son Dipl\u00f4me d\u2019Etat de la Jeunesse, de l\u2019Education Populaire et du Sport (DEJEPS), mention \u00abHandisport\u00bb d\u00e9livr\u00e9e par le minist\u00e8re des sports, de la jeunesse, de l\u2019\u00e9ducation populaire et de la vie associative. Une bien bonne nouvelle pour le CPEAVV qui lui permettra de d\u00e9velopper sa section handi pour laquelle le club est labellis\u00e9 depuis cette ann\u00e9e.<\/li>\n<\/ul>\n<hr \/>\n<p><span style=\"background-color: #000000; font-size: 14pt;\"><span style=\"color: #ffffff;\">Retrouvez l&rsquo;ACTU du club sur : <\/span><span style=\"color: #ffcc00;\"><a style=\"background-color: #000000; color: #ffcc00;\" href=\"http:\/\/www.cpeavv.com\" target=\"_blank\" rel=\"noopener\">http:\/\/www.cpeavv.com<\/a><\/span><\/span><\/p>\n<div id='gallery-1' class='gallery galleryid-47860 gallery-columns-3 gallery-size-thumbnail'><figure class='gallery-item'>\n\t\t\t<div class='gallery-icon portrait'>\n\t\t\t\t<a href='https:\/\/newsestlyonnais.fr\/site\/events\/vaulx-en-velin-contest-descalade-competition-interne-2\/newsestlyonnais-contest-escalade\/'><img loading=\"lazy\" decoding=\"async\" width=\"150\" height=\"150\" src=\"https:\/\/newsestlyonnais.fr\/site\/wp-content\/uploads\/2018\/03\/NEWSESTLYONNAIS-CONTEST-ESCALADE-150x150.jpg\" class=\"attachment-thumbnail size-thumbnail\" alt=\"NEWSESTLYONNAIS - CONTEST ESCALADE\" aria-describedby=\"gallery-1-46044\" \/><\/a>\n\t\t\t<\/div>\n\t\t\t\t<figcaption class='wp-caption-text gallery-caption' id='gallery-1-46044'>\n\t\t\t\tL\u2019affiche du dernier contest \n\t\t\t\t<\/figcaption><\/figure><figure class='gallery-item'>\n\t\t\t<div class='gallery-icon landscape'>\n\t\t\t\t<a href='https:\/\/newsestlyonnais.fr\/site\/2018\/04\/19\/vaulx-velin-nouveau-mur-a-amene-belle-dynamique-centre-pilote-descalade\/newsestlyonnais-cyril-gauthier\/'><img loading=\"lazy\" decoding=\"async\" width=\"150\" height=\"150\" src=\"https:\/\/newsestlyonnais.fr\/site\/wp-content\/uploads\/2018\/04\/NEWSESTLYONNAIS-CYRIL-GAUTHIER-150x150.jpg\" class=\"attachment-thumbnail size-thumbnail\" alt=\"NEWSESTLYONNAIS CYRIL GAUTHIER\" aria-describedby=\"gallery-1-47865\" \/><\/a>\n\t\t\t<\/div>\n\t\t\t\t<figcaption class='wp-caption-text gallery-caption' id='gallery-1-47865'>\n\t\t\t\t    Cyril Gauthier (en bleu) le nouveau dipl\u00f4m\u00e9 ! \n\t\t\t\t<\/figcaption><\/figure><figure class='gallery-item'>\n\t\t\t<div class='gallery-icon landscape'>\n\t\t\t\t<a href='https:\/\/newsestlyonnais.fr\/site\/2018\/04\/19\/vaulx-velin-nouveau-mur-a-amene-belle-dynamique-centre-pilote-descalade\/cpeavv-contest-mars-2018-b\/'><img loading=\"lazy\" decoding=\"async\" width=\"150\" height=\"150\" src=\"https:\/\/newsestlyonnais.fr\/site\/wp-content\/uploads\/2018\/04\/CPEAVV-CONTEST-MARS-2018-B-150x150.jpg\" class=\"attachment-thumbnail size-thumbnail\" alt=\"CPEAVV CONTEST MARS 2018 B\" aria-describedby=\"gallery-1-47866\" \/><\/a>\n\t\t\t<\/div>\n\t\t\t\t<figcaption class='wp-caption-text gallery-caption' id='gallery-1-47866'>\n\t\t\t\tUn contest interne vu d\u2019en haut ! \n\t\t\t\t<\/figcaption><\/figure>\n\t\t<\/div>\n\n","protected":false},"excerpt":{"rendered":"<p>Une certaine dynamique r\u00e8gne au sein du C.P.E.A.V.V. depuis l\u2019installation du nouveau mur op\u00e9rationnel en septembre 2017 dans la salle du gymnase Blondin.<\/p>\n","protected":false},"author":4,"featured_media":47864,"comment_status":"open","ping_status":"open","sticky":false,"template":"","format":"standard","meta":{"footnotes":""},"categories":[30,574,166,3899,787,28],"tags":[],"class_list":["post-47860","post","type-post","status-publish","format-standard","has-post-thumbnail","hentry","category-a-la-une","category-autres-sports","category-divers-sports","category-escalade-golf","category-ptites-news","category-vaulx-en-velin"],"yoast_head":"<!-- This site is optimized with the Yoast SEO plugin v27.2 - https:\/\/yoast.com\/product\/yoast-seo-wordpress\/ -->\n<title>VAULX EN VELIN : Le nouveau mur a amen\u00e9 une belle dynamique au Centre Pilote d\u2019Escalade<\/title>\n<meta name=\"description\" content=\"VAULX EN VELIN : Le nouveau mur a amen\u00e9 une belle dynamique au Centre Pilote d\u2019Escalade\" \/>\n<meta name=\"robots\" content=\"index, follow, max-snippet:-1, max-image-preview:large, max-video-preview:-1\" \/>\n<link rel=\"canonical\" href=\"https:\/\/newsestlyonnais.fr\/site\/2018\/04\/19\/vaulx-velin-nouveau-mur-a-amene-belle-dynamique-centre-pilote-descalade\/\" \/>\n<meta property=\"og:locale\" content=\"fr_FR\" \/>\n<meta property=\"og:type\" content=\"article\" \/>\n<meta property=\"og:title\" content=\"VAULX EN VELIN : Le nouveau mur a amen\u00e9 une belle dynamique au Centre Pilote d\u2019Escalade\" \/>\n<meta property=\"og:description\" content=\"VAULX EN VELIN : Le nouveau mur a amen\u00e9 une belle dynamique au Centre Pilote d\u2019Escalade\" \/>\n<meta property=\"og:url\" content=\"https:\/\/newsestlyonnais.fr\/site\/2018\/04\/19\/vaulx-velin-nouveau-mur-a-amene-belle-dynamique-centre-pilote-descalade\/\" \/>\n<meta property=\"og:site_name\" content=\"News Est Lyonnais\" \/>\n<meta property=\"article:author\" content=\"https:\/\/www.facebook.com\/pascal.oberson.1?fref=ts\" \/>\n<meta property=\"article:published_time\" content=\"2018-04-19T18:41:35+00:00\" \/>\n<meta property=\"article:modified_time\" content=\"2023-11-28T18:40:45+00:00\" \/>\n<meta property=\"og:image\" content=\"https:\/\/newsestlyonnais.fr\/site\/wp-content\/uploads\/2018\/04\/CPEAVV-CONTEST-MARS-2018-A-1000x667.jpg\" \/>\n\t<meta property=\"og:image:width\" content=\"1000\" \/>\n\t<meta property=\"og:image:height\" content=\"667\" \/>\n\t<meta property=\"og:image:type\" content=\"image\/jpeg\" \/>\n<meta name=\"author\" content=\"R\u00e9dac. NEWS\" \/>\n<meta name=\"twitter:card\" content=\"summary_large_image\" \/>\n<meta name=\"twitter:label1\" content=\"\u00c9crit par\" \/>\n\t<meta name=\"twitter:data1\" content=\"R\u00e9dac. NEWS\" \/>\n\t<meta name=\"twitter:label2\" content=\"Dur\u00e9e de lecture estim\u00e9e\" \/>\n\t<meta name=\"twitter:data2\" content=\"2 minutes\" \/>\n<script type=\"application\/ld+json\" class=\"yoast-schema-graph\">{\"@context\":\"https:\/\/schema.org\",\"@graph\":[{\"@type\":\"Article\",\"@id\":\"https:\/\/newsestlyonnais.fr\/site\/2018\/04\/19\/vaulx-velin-nouveau-mur-a-amene-belle-dynamique-centre-pilote-descalade\/#article\",\"isPartOf\":{\"@id\":\"https:\/\/newsestlyonnais.fr\/site\/2018\/04\/19\/vaulx-velin-nouveau-mur-a-amene-belle-dynamique-centre-pilote-descalade\/\"},\"author\":{\"name\":\"R\u00e9dac. NEWS\",\"@id\":\"https:\/\/newsestlyonnais.fr\/site\/#\/schema\/person\/3230d5615f390bb808365d673001e887\"},\"headline\":\"VAULX-EN-VELIN | Le nouveau mur a amen\u00e9 une belle dynamique au Centre Pilote d\u2019Escalade\",\"datePublished\":\"2018-04-19T18:41:35+00:00\",\"dateModified\":\"2023-11-28T18:40:45+00:00\",\"mainEntityOfPage\":{\"@id\":\"https:\/\/newsestlyonnais.fr\/site\/2018\/04\/19\/vaulx-velin-nouveau-mur-a-amene-belle-dynamique-centre-pilote-descalade\/\"},\"wordCount\":250,\"commentCount\":0,\"publisher\":{\"@id\":\"https:\/\/newsestlyonnais.fr\/site\/#organization\"},\"image\":{\"@id\":\"https:\/\/newsestlyonnais.fr\/site\/2018\/04\/19\/vaulx-velin-nouveau-mur-a-amene-belle-dynamique-centre-pilote-descalade\/#primaryimage\"},\"thumbnailUrl\":\"https:\/\/newsestlyonnais.fr\/site\/wp-content\/uploads\/2018\/04\/CPEAVV-CONTEST-MARS-2018-A.jpg\",\"articleSection\":[\"\u00e0 la une\",\"Autres sports\",\"Divers Sports\",\"Escalade | Golf\",\"P'tites News\",\"Vaulx-en-Velin\"],\"inLanguage\":\"fr-FR\",\"potentialAction\":[{\"@type\":\"CommentAction\",\"name\":\"Comment\",\"target\":[\"https:\/\/newsestlyonnais.fr\/site\/2018\/04\/19\/vaulx-velin-nouveau-mur-a-amene-belle-dynamique-centre-pilote-descalade\/#respond\"]}]},{\"@type\":\"WebPage\",\"@id\":\"https:\/\/newsestlyonnais.fr\/site\/2018\/04\/19\/vaulx-velin-nouveau-mur-a-amene-belle-dynamique-centre-pilote-descalade\/\",\"url\":\"https:\/\/newsestlyonnais.fr\/site\/2018\/04\/19\/vaulx-velin-nouveau-mur-a-amene-belle-dynamique-centre-pilote-descalade\/\",\"name\":\"VAULX EN VELIN : Le nouveau mur a amen\u00e9 une belle dynamique au Centre Pilote d\u2019Escalade\",\"isPartOf\":{\"@id\":\"https:\/\/newsestlyonnais.fr\/site\/#website\"},\"primaryImageOfPage\":{\"@id\":\"https:\/\/newsestlyonnais.fr\/site\/2018\/04\/19\/vaulx-velin-nouveau-mur-a-amene-belle-dynamique-centre-pilote-descalade\/#primaryimage\"},\"image\":{\"@id\":\"https:\/\/newsestlyonnais.fr\/site\/2018\/04\/19\/vaulx-velin-nouveau-mur-a-amene-belle-dynamique-centre-pilote-descalade\/#primaryimage\"},\"thumbnailUrl\":\"https:\/\/newsestlyonnais.fr\/site\/wp-content\/uploads\/2018\/04\/CPEAVV-CONTEST-MARS-2018-A.jpg\",\"datePublished\":\"2018-04-19T18:41:35+00:00\",\"dateModified\":\"2023-11-28T18:40:45+00:00\",\"description\":\"VAULX EN VELIN : Le nouveau mur a amen\u00e9 une belle dynamique au Centre Pilote d\u2019Escalade\",\"breadcrumb\":{\"@id\":\"https:\/\/newsestlyonnais.fr\/site\/2018\/04\/19\/vaulx-velin-nouveau-mur-a-amene-belle-dynamique-centre-pilote-descalade\/#breadcrumb\"},\"inLanguage\":\"fr-FR\",\"potentialAction\":[{\"@type\":\"ReadAction\",\"target\":[\"https:\/\/newsestlyonnais.fr\/site\/2018\/04\/19\/vaulx-velin-nouveau-mur-a-amene-belle-dynamique-centre-pilote-descalade\/\"]}]},{\"@type\":\"ImageObject\",\"inLanguage\":\"fr-FR\",\"@id\":\"https:\/\/newsestlyonnais.fr\/site\/2018\/04\/19\/vaulx-velin-nouveau-mur-a-amene-belle-dynamique-centre-pilote-descalade\/#primaryimage\",\"url\":\"https:\/\/newsestlyonnais.fr\/site\/wp-content\/uploads\/2018\/04\/CPEAVV-CONTEST-MARS-2018-A.jpg\",\"contentUrl\":\"https:\/\/newsestlyonnais.fr\/site\/wp-content\/uploads\/2018\/04\/CPEAVV-CONTEST-MARS-2018-A.jpg\",\"width\":5184,\"height\":3456,\"caption\":\"CPEAVV CONTEST MARS 2018 A\"},{\"@type\":\"BreadcrumbList\",\"@id\":\"https:\/\/newsestlyonnais.fr\/site\/2018\/04\/19\/vaulx-velin-nouveau-mur-a-amene-belle-dynamique-centre-pilote-descalade\/#breadcrumb\",\"itemListElement\":[{\"@type\":\"ListItem\",\"position\":1,\"name\":\"Accueil\",\"item\":\"https:\/\/newsestlyonnais.fr\/site\/\"},{\"@type\":\"ListItem\",\"position\":2,\"name\":\"VAULX-EN-VELIN | Le nouveau mur a amen\u00e9 une belle dynamique au Centre Pilote d\u2019Escalade\"}]},{\"@type\":\"WebSite\",\"@id\":\"https:\/\/newsestlyonnais.fr\/site\/#website\",\"url\":\"https:\/\/newsestlyonnais.fr\/site\/\",\"name\":\"News Est Lyonnais\",\"description\":\"L&#039;actualit\u00e9 au plus pr\u00e8s\",\"publisher\":{\"@id\":\"https:\/\/newsestlyonnais.fr\/site\/#organization\"},\"potentialAction\":[{\"@type\":\"SearchAction\",\"target\":{\"@type\":\"EntryPoint\",\"urlTemplate\":\"https:\/\/newsestlyonnais.fr\/site\/?s={search_term_string}\"},\"query-input\":{\"@type\":\"PropertyValueSpecification\",\"valueRequired\":true,\"valueName\":\"search_term_string\"}}],\"inLanguage\":\"fr-FR\"},{\"@type\":\"Organization\",\"@id\":\"https:\/\/newsestlyonnais.fr\/site\/#organization\",\"name\":\"News EST LYONNAIS\",\"url\":\"https:\/\/newsestlyonnais.fr\/site\/\",\"logo\":{\"@type\":\"ImageObject\",\"inLanguage\":\"fr-FR\",\"@id\":\"https:\/\/newsestlyonnais.fr\/site\/#\/schema\/logo\/image\/\",\"url\":\"\",\"contentUrl\":\"\",\"caption\":\"News EST LYONNAIS\"},\"image\":{\"@id\":\"https:\/\/newsestlyonnais.fr\/site\/#\/schema\/logo\/image\/\"}},{\"@type\":\"Person\",\"@id\":\"https:\/\/newsestlyonnais.fr\/site\/#\/schema\/person\/3230d5615f390bb808365d673001e887\",\"name\":\"R\u00e9dac. NEWS\",\"sameAs\":[\"http:\/\/www.newsestlyonnais.fr\",\"https:\/\/www.facebook.com\/pascal.oberson.1?fref=ts\",\"https:\/\/fr.linkedin.com\/in\/pascal-oberson-b17045113\"],\"url\":\"https:\/\/newsestlyonnais.fr\/site\/author\/nel\/\"}]}<\/script>\n<!-- \/ Yoast SEO plugin. -->","yoast_head_json":{"title":"VAULX EN VELIN : Le nouveau mur a amen\u00e9 une belle dynamique au Centre Pilote d\u2019Escalade","description":"VAULX EN VELIN : Le nouveau mur a amen\u00e9 une belle dynamique au Centre Pilote d\u2019Escalade","robots":{"index":"index","follow":"follow","max-snippet":"max-snippet:-1","max-image-preview":"max-image-preview:large","max-video-preview":"max-video-preview:-1"},"canonical":"https:\/\/newsestlyonnais.fr\/site\/2018\/04\/19\/vaulx-velin-nouveau-mur-a-amene-belle-dynamique-centre-pilote-descalade\/","og_locale":"fr_FR","og_type":"article","og_title":"VAULX EN VELIN : Le nouveau mur a amen\u00e9 une belle dynamique au Centre Pilote d\u2019Escalade","og_description":"VAULX EN VELIN : Le nouveau mur a amen\u00e9 une belle dynamique au Centre Pilote d\u2019Escalade","og_url":"https:\/\/newsestlyonnais.fr\/site\/2018\/04\/19\/vaulx-velin-nouveau-mur-a-amene-belle-dynamique-centre-pilote-descalade\/","og_site_name":"News Est Lyonnais","article_author":"https:\/\/www.facebook.com\/pascal.oberson.1?fref=ts","article_published_time":"2018-04-19T18:41:35+00:00","article_modified_time":"2023-11-28T18:40:45+00:00","og_image":[{"width":1000,"height":667,"url":"https:\/\/newsestlyonnais.fr\/site\/wp-content\/uploads\/2018\/04\/CPEAVV-CONTEST-MARS-2018-A-1000x667.jpg","type":"image\/jpeg"}],"author":"R\u00e9dac. NEWS","twitter_card":"summary_large_image","twitter_misc":{"\u00c9crit par":"R\u00e9dac. NEWS","Dur\u00e9e de lecture estim\u00e9e":"2 minutes"},"schema":{"@context":"https:\/\/schema.org","@graph":[{"@type":"Article","@id":"https:\/\/newsestlyonnais.fr\/site\/2018\/04\/19\/vaulx-velin-nouveau-mur-a-amene-belle-dynamique-centre-pilote-descalade\/#article","isPartOf":{"@id":"https:\/\/newsestlyonnais.fr\/site\/2018\/04\/19\/vaulx-velin-nouveau-mur-a-amene-belle-dynamique-centre-pilote-descalade\/"},"author":{"name":"R\u00e9dac. NEWS","@id":"https:\/\/newsestlyonnais.fr\/site\/#\/schema\/person\/3230d5615f390bb808365d673001e887"},"headline":"VAULX-EN-VELIN | Le nouveau mur a amen\u00e9 une belle dynamique au Centre Pilote d\u2019Escalade","datePublished":"2018-04-19T18:41:35+00:00","dateModified":"2023-11-28T18:40:45+00:00","mainEntityOfPage":{"@id":"https:\/\/newsestlyonnais.fr\/site\/2018\/04\/19\/vaulx-velin-nouveau-mur-a-amene-belle-dynamique-centre-pilote-descalade\/"},"wordCount":250,"commentCount":0,"publisher":{"@id":"https:\/\/newsestlyonnais.fr\/site\/#organization"},"image":{"@id":"https:\/\/newsestlyonnais.fr\/site\/2018\/04\/19\/vaulx-velin-nouveau-mur-a-amene-belle-dynamique-centre-pilote-descalade\/#primaryimage"},"thumbnailUrl":"https:\/\/newsestlyonnais.fr\/site\/wp-content\/uploads\/2018\/04\/CPEAVV-CONTEST-MARS-2018-A.jpg","articleSection":["\u00e0 la une","Autres sports","Divers Sports","Escalade | Golf","P'tites News","Vaulx-en-Velin"],"inLanguage":"fr-FR","potentialAction":[{"@type":"CommentAction","name":"Comment","target":["https:\/\/newsestlyonnais.fr\/site\/2018\/04\/19\/vaulx-velin-nouveau-mur-a-amene-belle-dynamique-centre-pilote-descalade\/#respond"]}]},{"@type":"WebPage","@id":"https:\/\/newsestlyonnais.fr\/site\/2018\/04\/19\/vaulx-velin-nouveau-mur-a-amene-belle-dynamique-centre-pilote-descalade\/","url":"https:\/\/newsestlyonnais.fr\/site\/2018\/04\/19\/vaulx-velin-nouveau-mur-a-amene-belle-dynamique-centre-pilote-descalade\/","name":"VAULX EN VELIN : Le nouveau mur a amen\u00e9 une belle dynamique au Centre Pilote d\u2019Escalade","isPartOf":{"@id":"https:\/\/newsestlyonnais.fr\/site\/#website"},"primaryImageOfPage":{"@id":"https:\/\/newsestlyonnais.fr\/site\/2018\/04\/19\/vaulx-velin-nouveau-mur-a-amene-belle-dynamique-centre-pilote-descalade\/#primaryimage"},"image":{"@id":"https:\/\/newsestlyonnais.fr\/site\/2018\/04\/19\/vaulx-velin-nouveau-mur-a-amene-belle-dynamique-centre-pilote-descalade\/#primaryimage"},"thumbnailUrl":"https:\/\/newsestlyonnais.fr\/site\/wp-content\/uploads\/2018\/04\/CPEAVV-CONTEST-MARS-2018-A.jpg","datePublished":"2018-04-19T18:41:35+00:00","dateModified":"2023-11-28T18:40:45+00:00","description":"VAULX EN VELIN : Le nouveau mur a amen\u00e9 une belle dynamique au Centre Pilote d\u2019Escalade","breadcrumb":{"@id":"https:\/\/newsestlyonnais.fr\/site\/2018\/04\/19\/vaulx-velin-nouveau-mur-a-amene-belle-dynamique-centre-pilote-descalade\/#breadcrumb"},"inLanguage":"fr-FR","potentialAction":[{"@type":"ReadAction","target":["https:\/\/newsestlyonnais.fr\/site\/2018\/04\/19\/vaulx-velin-nouveau-mur-a-amene-belle-dynamique-centre-pilote-descalade\/"]}]},{"@type":"ImageObject","inLanguage":"fr-FR","@id":"https:\/\/newsestlyonnais.fr\/site\/2018\/04\/19\/vaulx-velin-nouveau-mur-a-amene-belle-dynamique-centre-pilote-descalade\/#primaryimage","url":"https:\/\/newsestlyonnais.fr\/site\/wp-content\/uploads\/2018\/04\/CPEAVV-CONTEST-MARS-2018-A.jpg","contentUrl":"https:\/\/newsestlyonnais.fr\/site\/wp-content\/uploads\/2018\/04\/CPEAVV-CONTEST-MARS-2018-A.jpg","width":5184,"height":3456,"caption":"CPEAVV CONTEST MARS 2018 A"},{"@type":"BreadcrumbList","@id":"https:\/\/newsestlyonnais.fr\/site\/2018\/04\/19\/vaulx-velin-nouveau-mur-a-amene-belle-dynamique-centre-pilote-descalade\/#breadcrumb","itemListElement":[{"@type":"ListItem","position":1,"name":"Accueil","item":"https:\/\/newsestlyonnais.fr\/site\/"},{"@type":"ListItem","position":2,"name":"VAULX-EN-VELIN | Le nouveau mur a amen\u00e9 une belle dynamique au Centre Pilote d\u2019Escalade"}]},{"@type":"WebSite","@id":"https:\/\/newsestlyonnais.fr\/site\/#website","url":"https:\/\/newsestlyonnais.fr\/site\/","name":"News Est Lyonnais","description":"L&#039;actualit\u00e9 au plus pr\u00e8s","publisher":{"@id":"https:\/\/newsestlyonnais.fr\/site\/#organization"},"potentialAction":[{"@type":"SearchAction","target":{"@type":"EntryPoint","urlTemplate":"https:\/\/newsestlyonnais.fr\/site\/?s={search_term_string}"},"query-input":{"@type":"PropertyValueSpecification","valueRequired":true,"valueName":"search_term_string"}}],"inLanguage":"fr-FR"},{"@type":"Organization","@id":"https:\/\/newsestlyonnais.fr\/site\/#organization","name":"News EST LYONNAIS","url":"https:\/\/newsestlyonnais.fr\/site\/","logo":{"@type":"ImageObject","inLanguage":"fr-FR","@id":"https:\/\/newsestlyonnais.fr\/site\/#\/schema\/logo\/image\/","url":"","contentUrl":"","caption":"News EST LYONNAIS"},"image":{"@id":"https:\/\/newsestlyonnais.fr\/site\/#\/schema\/logo\/image\/"}},{"@type":"Person","@id":"https:\/\/newsestlyonnais.fr\/site\/#\/schema\/person\/3230d5615f390bb808365d673001e887","name":"R\u00e9dac. NEWS","sameAs":["http:\/\/www.newsestlyonnais.fr","https:\/\/www.facebook.com\/pascal.oberson.1?fref=ts","https:\/\/fr.linkedin.com\/in\/pascal-oberson-b17045113"],"url":"https:\/\/newsestlyonnais.fr\/site\/author\/nel\/"}]}},"_links":{"self":[{"href":"https:\/\/newsestlyonnais.fr\/site\/wp-json\/wp\/v2\/posts\/47860","targetHints":{"allow":["GET"]}}],"collection":[{"href":"https:\/\/newsestlyonnais.fr\/site\/wp-json\/wp\/v2\/posts"}],"about":[{"href":"https:\/\/newsestlyonnais.fr\/site\/wp-json\/wp\/v2\/types\/post"}],"author":[{"embeddable":true,"href":"https:\/\/newsestlyonnais.fr\/site\/wp-json\/wp\/v2\/users\/4"}],"replies":[{"embeddable":true,"href":"https:\/\/newsestlyonnais.fr\/site\/wp-json\/wp\/v2\/comments?post=47860"}],"version-history":[{"count":0,"href":"https:\/\/newsestlyonnais.fr\/site\/wp-json\/wp\/v2\/posts\/47860\/revisions"}],"wp:featuredmedia":[{"embeddable":true,"href":"https:\/\/newsestlyonnais.fr\/site\/wp-json\/wp\/v2\/media\/47864"}],"wp:attachment":[{"href":"https:\/\/newsestlyonnais.fr\/site\/wp-json\/wp\/v2\/media?parent=47860"}],"wp:term":[{"taxonomy":"category","embeddable":true,"href":"https:\/\/newsestlyonnais.fr\/site\/wp-json\/wp\/v2\/categories?post=47860"},{"taxonomy":"post_tag","embeddable":true,"href":"https:\/\/newsestlyonnais.fr\/site\/wp-json\/wp\/v2\/tags?post=47860"}],"curies":[{"name":"wp","href":"https:\/\/api.w.org\/{rel}","templated":true}]}}