{"id":47951,"date":"2018-04-22T05:46:33","date_gmt":"2018-04-22T04:46:33","guid":{"rendered":"http:\/\/newsestlyonnais.fr\/site\/?p=47951"},"modified":"2020-11-20T16:01:32","modified_gmt":"2020-11-20T15:01:32","slug":"meyzieu-une-actualite-chargee-a-laviron-majolan","status":"publish","type":"post","link":"https:\/\/newsestlyonnais.fr\/site\/2018\/04\/22\/meyzieu-une-actualite-chargee-a-laviron-majolan\/","title":{"rendered":"MEYZIEU | Une actualit\u00e9 charg\u00e9e \u00e0 l&rsquo;Aviron Majolan"},"content":{"rendered":"<h4>Les \u00e9v\u00e8nements ne manqueront pas \u00e0 l&rsquo;Aviron Majolan dans les prochains jours afin de faire connaitre le club mais aussi pour promouvoir sa discipline !<\/h4>\n<p>Voici le prochaines dates figurant dans l&rsquo;agenda du club :<\/p>\n<ul>\n<li><strong>Samedi 28 avril de 9 h \u00e0 12 h<\/strong> : au niveau de l\u2019espace Herbens \u00e0 Meyzieu (Grand Large) : l\u2019Aviron Majolan\u00a0 pr\u00e9sentera sa <span style=\"text-decoration: underline\">section \u201caviron sant\u00e9\u201d<\/span> dans le cadre de l\u2019op\u00e9ration nationale <span style=\"text-decoration: underline\">\u201cLes Parcours du C\u0153ur\u201d<\/span> organis\u00e9e par la Soci\u00e9t\u00e9 Fran\u00e7aise de Cardiologie.<\/li>\n<li><strong>Samedi 28 avril de 14 h \u00e0 18 h : <\/strong><span style=\"text-decoration: underline\">Portes ouvertes du club<\/span>. <span class=\"_4n-j _3cht fsl\">Envie de prendre l&rsquo;air ou testez un sport de pleine nature ! Essayez l&rsquo;aviron !<\/span><\/li>\n<li><strong>Dimanche 13 mai de 10 h \u00e0 17 h<\/strong>: <span style=\"text-decoration: underline\">Toutes \u00e0 l&rsquo;Aviron F\u00e9minin !<\/span> <span class=\"_4n-j _3cht fsl\">L\u2019 Aviron Majolan propose une journ\u00e9e d\u00e9di\u00e9e aux filles ! Prenez un grand bol d\u2019air en partageant une journ\u00e9e originale et en d\u00e9couvrant un sport complet, dans un cadre nature ! Inscriptions sur\u00a0:\u00a0<a href=\"https:\/\/goo.gl\/forms\/u3yIhogCISFH6hbp2\" target=\"_blank\" rel=\"noopener noreferrer\">https:\/\/goo.gl\/forms\/u3yIhogCISFH6hbp2<\/a><\/span><\/li>\n<\/ul>\n<p><strong>Retrouvez l&rsquo;ACTU du club sur : <a href=\"https:\/\/avironmajolan.org\" target=\"_blank\" rel=\"noopener noreferrer\">https:\/\/avironmajolan.org<\/a><\/strong><\/p>\n<div id='gallery-1' class='gallery galleryid-47951 gallery-columns-3 gallery-size-thumbnail'><figure class='gallery-item'>\n\t\t\t<div class='gallery-icon landscape'>\n\t\t\t\t<a href='https:\/\/newsestlyonnais.fr\/site\/newsestlyonnais-parc-coeur-meyzieu\/'><img loading=\"lazy\" decoding=\"async\" width=\"150\" height=\"150\" src=\"https:\/\/newsestlyonnais.fr\/site\/wp-content\/uploads\/2018\/04\/NEWSESTLYONNAIS-PARC-COEUR-MEYZIEU-150x150.png\" class=\"attachment-thumbnail size-thumbnail\" alt=\"NEWSESTLYONNAIS PARC COEUR MEYZIEU\" aria-describedby=\"gallery-1-47322\" \/><\/a>\n\t\t\t<\/div>\n\t\t\t\t<figcaption class='wp-caption-text gallery-caption' id='gallery-1-47322'>\n\t\t\t\tLes Parcours du Coeur\n\t\t\t\t<\/figcaption><\/figure><figure class='gallery-item'>\n\t\t\t<div class='gallery-icon landscape'>\n\t\t\t\t<a href='https:\/\/newsestlyonnais.fr\/site\/newsestlyonnais-toutes-aviron-feminin\/'><img loading=\"lazy\" decoding=\"async\" width=\"150\" height=\"150\" src=\"https:\/\/newsestlyonnais.fr\/site\/wp-content\/uploads\/2018\/03\/NEWSESTLYONNAIS-TOUTES-AVIRON-FEMININ-150x150.jpg\" class=\"attachment-thumbnail size-thumbnail\" alt=\"NEWSESTLYONNAIS TOUTES AVIRON FEMININ\" aria-describedby=\"gallery-1-46114\" \/><\/a>\n\t\t\t<\/div>\n\t\t\t\t<figcaption class='wp-caption-text gallery-caption' id='gallery-1-46114'>\n\t\t\t\tToutes \u00e0 l&rsquo;aviron f\u00e9minin\n\t\t\t\t<\/figcaption><\/figure>\n\t\t<\/div>\n\n","protected":false},"excerpt":{"rendered":"<p>Les \u00e9v\u00e8nements ne manqueront pas \u00e0 l&rsquo;Aviron Majolan dans les prochains jours afin de faire connaitre le club mais aussi pour promouvoir sa discipline ! Voici le prochaines dates figurant dans l&rsquo;agenda du club : Samedi 28 avril de 9 h \u00e0 12 h : au niveau de l\u2019espace Herbens \u00e0 Meyzieu (Grand Large) : [&hellip;]<\/p>\n","protected":false},"author":4,"featured_media":19041,"comment_status":"open","ping_status":"open","sticky":false,"template":"","format":"standard","meta":{"footnotes":""},"categories":[3443,1347,2973,24],"tags":[],"class_list":["post-47951","post","type-post","status-publish","format-standard","has-post-thumbnail","hentry","category-aviation-nautisme","category-aviron","category-aviron-kayak-voile-sports","category-meyzieu"],"yoast_head":"<!-- This site is optimized with the Yoast SEO plugin v27.2 - https:\/\/yoast.com\/product\/yoast-seo-wordpress\/ -->\n<title>MEYZIEU : Une actualit\u00e9 charg\u00e9e \u00e0 l&#039;Aviron Majolan<\/title>\n<meta name=\"description\" content=\"MEYZIEU : Une actualit\u00e9 charg\u00e9e \u00e0 l&#039;Aviron Majolan\" \/>\n<meta name=\"robots\" content=\"index, follow, max-snippet:-1, max-image-preview:large, max-video-preview:-1\" \/>\n<link rel=\"canonical\" href=\"https:\/\/newsestlyonnais.fr\/site\/2018\/04\/22\/meyzieu-une-actualite-chargee-a-laviron-majolan\/\" \/>\n<meta property=\"og:locale\" content=\"fr_FR\" \/>\n<meta property=\"og:type\" content=\"article\" \/>\n<meta property=\"og:title\" content=\"MEYZIEU : Une actualit\u00e9 charg\u00e9e \u00e0 l&#039;Aviron Majolan\" \/>\n<meta property=\"og:description\" content=\"MEYZIEU : Une actualit\u00e9 charg\u00e9e \u00e0 l&#039;Aviron Majolan\" \/>\n<meta property=\"og:url\" content=\"https:\/\/newsestlyonnais.fr\/site\/2018\/04\/22\/meyzieu-une-actualite-chargee-a-laviron-majolan\/\" \/>\n<meta property=\"og:site_name\" content=\"News Est Lyonnais\" \/>\n<meta property=\"article:author\" content=\"https:\/\/www.facebook.com\/pascal.oberson.1?fref=ts\" \/>\n<meta property=\"article:published_time\" content=\"2018-04-22T04:46:33+00:00\" \/>\n<meta property=\"article:modified_time\" content=\"2020-11-20T15:01:32+00:00\" \/>\n<meta property=\"og:image\" content=\"https:\/\/i2.wp.com\/newsestlyonnais.fr\/site\/wp-content\/uploads\/2017\/01\/logo.png?fit=1000%2C750&ssl=1\" \/>\n\t<meta property=\"og:image:width\" content=\"1000\" \/>\n\t<meta property=\"og:image:height\" content=\"750\" \/>\n\t<meta property=\"og:image:type\" content=\"image\/png\" \/>\n<meta name=\"author\" content=\"R\u00e9dac. NEWS\" \/>\n<meta name=\"twitter:card\" content=\"summary_large_image\" \/>\n<meta name=\"twitter:label1\" content=\"\u00c9crit par\" \/>\n\t<meta name=\"twitter:data1\" content=\"R\u00e9dac. NEWS\" \/>\n\t<meta name=\"twitter:label2\" content=\"Dur\u00e9e de lecture estim\u00e9e\" \/>\n\t<meta name=\"twitter:data2\" content=\"1 minute\" \/>\n<script type=\"application\/ld+json\" class=\"yoast-schema-graph\">{\"@context\":\"https:\/\/schema.org\",\"@graph\":[{\"@type\":\"Article\",\"@id\":\"https:\/\/newsestlyonnais.fr\/site\/2018\/04\/22\/meyzieu-une-actualite-chargee-a-laviron-majolan\/#article\",\"isPartOf\":{\"@id\":\"https:\/\/newsestlyonnais.fr\/site\/2018\/04\/22\/meyzieu-une-actualite-chargee-a-laviron-majolan\/\"},\"author\":{\"name\":\"R\u00e9dac. NEWS\",\"@id\":\"https:\/\/newsestlyonnais.fr\/site\/#\/schema\/person\/3230d5615f390bb808365d673001e887\"},\"headline\":\"MEYZIEU | Une actualit\u00e9 charg\u00e9e \u00e0 l&rsquo;Aviron Majolan\",\"datePublished\":\"2018-04-22T04:46:33+00:00\",\"dateModified\":\"2020-11-20T15:01:32+00:00\",\"mainEntityOfPage\":{\"@id\":\"https:\/\/newsestlyonnais.fr\/site\/2018\/04\/22\/meyzieu-une-actualite-chargee-a-laviron-majolan\/\"},\"wordCount\":180,\"commentCount\":0,\"publisher\":{\"@id\":\"https:\/\/newsestlyonnais.fr\/site\/#organization\"},\"image\":{\"@id\":\"https:\/\/newsestlyonnais.fr\/site\/2018\/04\/22\/meyzieu-une-actualite-chargee-a-laviron-majolan\/#primaryimage\"},\"thumbnailUrl\":\"https:\/\/newsestlyonnais.fr\/site\/wp-content\/uploads\/2017\/01\/logo.png\",\"articleSection\":[\"Aviation | Nautisme\",\"Aviron\",\"Aviron | Kayak | Voile\",\"Meyzieu\"],\"inLanguage\":\"fr-FR\",\"potentialAction\":[{\"@type\":\"CommentAction\",\"name\":\"Comment\",\"target\":[\"https:\/\/newsestlyonnais.fr\/site\/2018\/04\/22\/meyzieu-une-actualite-chargee-a-laviron-majolan\/#respond\"]}]},{\"@type\":\"WebPage\",\"@id\":\"https:\/\/newsestlyonnais.fr\/site\/2018\/04\/22\/meyzieu-une-actualite-chargee-a-laviron-majolan\/\",\"url\":\"https:\/\/newsestlyonnais.fr\/site\/2018\/04\/22\/meyzieu-une-actualite-chargee-a-laviron-majolan\/\",\"name\":\"MEYZIEU : Une actualit\u00e9 charg\u00e9e \u00e0 l'Aviron Majolan\",\"isPartOf\":{\"@id\":\"https:\/\/newsestlyonnais.fr\/site\/#website\"},\"primaryImageOfPage\":{\"@id\":\"https:\/\/newsestlyonnais.fr\/site\/2018\/04\/22\/meyzieu-une-actualite-chargee-a-laviron-majolan\/#primaryimage\"},\"image\":{\"@id\":\"https:\/\/newsestlyonnais.fr\/site\/2018\/04\/22\/meyzieu-une-actualite-chargee-a-laviron-majolan\/#primaryimage\"},\"thumbnailUrl\":\"https:\/\/newsestlyonnais.fr\/site\/wp-content\/uploads\/2017\/01\/logo.png\",\"datePublished\":\"2018-04-22T04:46:33+00:00\",\"dateModified\":\"2020-11-20T15:01:32+00:00\",\"description\":\"MEYZIEU : Une actualit\u00e9 charg\u00e9e \u00e0 l'Aviron Majolan\",\"breadcrumb\":{\"@id\":\"https:\/\/newsestlyonnais.fr\/site\/2018\/04\/22\/meyzieu-une-actualite-chargee-a-laviron-majolan\/#breadcrumb\"},\"inLanguage\":\"fr-FR\",\"potentialAction\":[{\"@type\":\"ReadAction\",\"target\":[\"https:\/\/newsestlyonnais.fr\/site\/2018\/04\/22\/meyzieu-une-actualite-chargee-a-laviron-majolan\/\"]}]},{\"@type\":\"ImageObject\",\"inLanguage\":\"fr-FR\",\"@id\":\"https:\/\/newsestlyonnais.fr\/site\/2018\/04\/22\/meyzieu-une-actualite-chargee-a-laviron-majolan\/#primaryimage\",\"url\":\"https:\/\/newsestlyonnais.fr\/site\/wp-content\/uploads\/2017\/01\/logo.png\",\"contentUrl\":\"https:\/\/newsestlyonnais.fr\/site\/wp-content\/uploads\/2017\/01\/logo.png\",\"width\":1000,\"height\":750,\"caption\":\"NEWSESTLYONNAIS - AVIRON MAJOLAN\"},{\"@type\":\"BreadcrumbList\",\"@id\":\"https:\/\/newsestlyonnais.fr\/site\/2018\/04\/22\/meyzieu-une-actualite-chargee-a-laviron-majolan\/#breadcrumb\",\"itemListElement\":[{\"@type\":\"ListItem\",\"position\":1,\"name\":\"Accueil\",\"item\":\"https:\/\/newsestlyonnais.fr\/site\/\"},{\"@type\":\"ListItem\",\"position\":2,\"name\":\"MEYZIEU | Une actualit\u00e9 charg\u00e9e \u00e0 l&rsquo;Aviron Majolan\"}]},{\"@type\":\"WebSite\",\"@id\":\"https:\/\/newsestlyonnais.fr\/site\/#website\",\"url\":\"https:\/\/newsestlyonnais.fr\/site\/\",\"name\":\"News Est Lyonnais\",\"description\":\"L&#039;actualit\u00e9 au plus pr\u00e8s\",\"publisher\":{\"@id\":\"https:\/\/newsestlyonnais.fr\/site\/#organization\"},\"potentialAction\":[{\"@type\":\"SearchAction\",\"target\":{\"@type\":\"EntryPoint\",\"urlTemplate\":\"https:\/\/newsestlyonnais.fr\/site\/?s={search_term_string}\"},\"query-input\":{\"@type\":\"PropertyValueSpecification\",\"valueRequired\":true,\"valueName\":\"search_term_string\"}}],\"inLanguage\":\"fr-FR\"},{\"@type\":\"Organization\",\"@id\":\"https:\/\/newsestlyonnais.fr\/site\/#organization\",\"name\":\"News EST LYONNAIS\",\"url\":\"https:\/\/newsestlyonnais.fr\/site\/\",\"logo\":{\"@type\":\"ImageObject\",\"inLanguage\":\"fr-FR\",\"@id\":\"https:\/\/newsestlyonnais.fr\/site\/#\/schema\/logo\/image\/\",\"url\":\"\",\"contentUrl\":\"\",\"caption\":\"News EST LYONNAIS\"},\"image\":{\"@id\":\"https:\/\/newsestlyonnais.fr\/site\/#\/schema\/logo\/image\/\"}},{\"@type\":\"Person\",\"@id\":\"https:\/\/newsestlyonnais.fr\/site\/#\/schema\/person\/3230d5615f390bb808365d673001e887\",\"name\":\"R\u00e9dac. NEWS\",\"sameAs\":[\"http:\/\/www.newsestlyonnais.fr\",\"https:\/\/www.facebook.com\/pascal.oberson.1?fref=ts\",\"https:\/\/fr.linkedin.com\/in\/pascal-oberson-b17045113\"],\"url\":\"https:\/\/newsestlyonnais.fr\/site\/author\/nel\/\"}]}<\/script>\n<!-- \/ Yoast SEO plugin. -->","yoast_head_json":{"title":"MEYZIEU : Une actualit\u00e9 charg\u00e9e \u00e0 l'Aviron Majolan","description":"MEYZIEU : Une actualit\u00e9 charg\u00e9e \u00e0 l'Aviron Majolan","robots":{"index":"index","follow":"follow","max-snippet":"max-snippet:-1","max-image-preview":"max-image-preview:large","max-video-preview":"max-video-preview:-1"},"canonical":"https:\/\/newsestlyonnais.fr\/site\/2018\/04\/22\/meyzieu-une-actualite-chargee-a-laviron-majolan\/","og_locale":"fr_FR","og_type":"article","og_title":"MEYZIEU : Une actualit\u00e9 charg\u00e9e \u00e0 l'Aviron Majolan","og_description":"MEYZIEU : Une actualit\u00e9 charg\u00e9e \u00e0 l'Aviron Majolan","og_url":"https:\/\/newsestlyonnais.fr\/site\/2018\/04\/22\/meyzieu-une-actualite-chargee-a-laviron-majolan\/","og_site_name":"News Est Lyonnais","article_author":"https:\/\/www.facebook.com\/pascal.oberson.1?fref=ts","article_published_time":"2018-04-22T04:46:33+00:00","article_modified_time":"2020-11-20T15:01:32+00:00","og_image":[{"width":1000,"height":750,"url":"https:\/\/i2.wp.com\/newsestlyonnais.fr\/site\/wp-content\/uploads\/2017\/01\/logo.png?fit=1000%2C750&ssl=1","type":"image\/png"}],"author":"R\u00e9dac. NEWS","twitter_card":"summary_large_image","twitter_misc":{"\u00c9crit par":"R\u00e9dac. NEWS","Dur\u00e9e de lecture estim\u00e9e":"1 minute"},"schema":{"@context":"https:\/\/schema.org","@graph":[{"@type":"Article","@id":"https:\/\/newsestlyonnais.fr\/site\/2018\/04\/22\/meyzieu-une-actualite-chargee-a-laviron-majolan\/#article","isPartOf":{"@id":"https:\/\/newsestlyonnais.fr\/site\/2018\/04\/22\/meyzieu-une-actualite-chargee-a-laviron-majolan\/"},"author":{"name":"R\u00e9dac. NEWS","@id":"https:\/\/newsestlyonnais.fr\/site\/#\/schema\/person\/3230d5615f390bb808365d673001e887"},"headline":"MEYZIEU | Une actualit\u00e9 charg\u00e9e \u00e0 l&rsquo;Aviron Majolan","datePublished":"2018-04-22T04:46:33+00:00","dateModified":"2020-11-20T15:01:32+00:00","mainEntityOfPage":{"@id":"https:\/\/newsestlyonnais.fr\/site\/2018\/04\/22\/meyzieu-une-actualite-chargee-a-laviron-majolan\/"},"wordCount":180,"commentCount":0,"publisher":{"@id":"https:\/\/newsestlyonnais.fr\/site\/#organization"},"image":{"@id":"https:\/\/newsestlyonnais.fr\/site\/2018\/04\/22\/meyzieu-une-actualite-chargee-a-laviron-majolan\/#primaryimage"},"thumbnailUrl":"https:\/\/newsestlyonnais.fr\/site\/wp-content\/uploads\/2017\/01\/logo.png","articleSection":["Aviation | Nautisme","Aviron","Aviron | Kayak | Voile","Meyzieu"],"inLanguage":"fr-FR","potentialAction":[{"@type":"CommentAction","name":"Comment","target":["https:\/\/newsestlyonnais.fr\/site\/2018\/04\/22\/meyzieu-une-actualite-chargee-a-laviron-majolan\/#respond"]}]},{"@type":"WebPage","@id":"https:\/\/newsestlyonnais.fr\/site\/2018\/04\/22\/meyzieu-une-actualite-chargee-a-laviron-majolan\/","url":"https:\/\/newsestlyonnais.fr\/site\/2018\/04\/22\/meyzieu-une-actualite-chargee-a-laviron-majolan\/","name":"MEYZIEU : Une actualit\u00e9 charg\u00e9e \u00e0 l'Aviron Majolan","isPartOf":{"@id":"https:\/\/newsestlyonnais.fr\/site\/#website"},"primaryImageOfPage":{"@id":"https:\/\/newsestlyonnais.fr\/site\/2018\/04\/22\/meyzieu-une-actualite-chargee-a-laviron-majolan\/#primaryimage"},"image":{"@id":"https:\/\/newsestlyonnais.fr\/site\/2018\/04\/22\/meyzieu-une-actualite-chargee-a-laviron-majolan\/#primaryimage"},"thumbnailUrl":"https:\/\/newsestlyonnais.fr\/site\/wp-content\/uploads\/2017\/01\/logo.png","datePublished":"2018-04-22T04:46:33+00:00","dateModified":"2020-11-20T15:01:32+00:00","description":"MEYZIEU : Une actualit\u00e9 charg\u00e9e \u00e0 l'Aviron Majolan","breadcrumb":{"@id":"https:\/\/newsestlyonnais.fr\/site\/2018\/04\/22\/meyzieu-une-actualite-chargee-a-laviron-majolan\/#breadcrumb"},"inLanguage":"fr-FR","potentialAction":[{"@type":"ReadAction","target":["https:\/\/newsestlyonnais.fr\/site\/2018\/04\/22\/meyzieu-une-actualite-chargee-a-laviron-majolan\/"]}]},{"@type":"ImageObject","inLanguage":"fr-FR","@id":"https:\/\/newsestlyonnais.fr\/site\/2018\/04\/22\/meyzieu-une-actualite-chargee-a-laviron-majolan\/#primaryimage","url":"https:\/\/newsestlyonnais.fr\/site\/wp-content\/uploads\/2017\/01\/logo.png","contentUrl":"https:\/\/newsestlyonnais.fr\/site\/wp-content\/uploads\/2017\/01\/logo.png","width":1000,"height":750,"caption":"NEWSESTLYONNAIS - AVIRON MAJOLAN"},{"@type":"BreadcrumbList","@id":"https:\/\/newsestlyonnais.fr\/site\/2018\/04\/22\/meyzieu-une-actualite-chargee-a-laviron-majolan\/#breadcrumb","itemListElement":[{"@type":"ListItem","position":1,"name":"Accueil","item":"https:\/\/newsestlyonnais.fr\/site\/"},{"@type":"ListItem","position":2,"name":"MEYZIEU | Une actualit\u00e9 charg\u00e9e \u00e0 l&rsquo;Aviron Majolan"}]},{"@type":"WebSite","@id":"https:\/\/newsestlyonnais.fr\/site\/#website","url":"https:\/\/newsestlyonnais.fr\/site\/","name":"News Est Lyonnais","description":"L&#039;actualit\u00e9 au plus pr\u00e8s","publisher":{"@id":"https:\/\/newsestlyonnais.fr\/site\/#organization"},"potentialAction":[{"@type":"SearchAction","target":{"@type":"EntryPoint","urlTemplate":"https:\/\/newsestlyonnais.fr\/site\/?s={search_term_string}"},"query-input":{"@type":"PropertyValueSpecification","valueRequired":true,"valueName":"search_term_string"}}],"inLanguage":"fr-FR"},{"@type":"Organization","@id":"https:\/\/newsestlyonnais.fr\/site\/#organization","name":"News EST LYONNAIS","url":"https:\/\/newsestlyonnais.fr\/site\/","logo":{"@type":"ImageObject","inLanguage":"fr-FR","@id":"https:\/\/newsestlyonnais.fr\/site\/#\/schema\/logo\/image\/","url":"","contentUrl":"","caption":"News EST LYONNAIS"},"image":{"@id":"https:\/\/newsestlyonnais.fr\/site\/#\/schema\/logo\/image\/"}},{"@type":"Person","@id":"https:\/\/newsestlyonnais.fr\/site\/#\/schema\/person\/3230d5615f390bb808365d673001e887","name":"R\u00e9dac. NEWS","sameAs":["http:\/\/www.newsestlyonnais.fr","https:\/\/www.facebook.com\/pascal.oberson.1?fref=ts","https:\/\/fr.linkedin.com\/in\/pascal-oberson-b17045113"],"url":"https:\/\/newsestlyonnais.fr\/site\/author\/nel\/"}]}},"_links":{"self":[{"href":"https:\/\/newsestlyonnais.fr\/site\/wp-json\/wp\/v2\/posts\/47951","targetHints":{"allow":["GET"]}}],"collection":[{"href":"https:\/\/newsestlyonnais.fr\/site\/wp-json\/wp\/v2\/posts"}],"about":[{"href":"https:\/\/newsestlyonnais.fr\/site\/wp-json\/wp\/v2\/types\/post"}],"author":[{"embeddable":true,"href":"https:\/\/newsestlyonnais.fr\/site\/wp-json\/wp\/v2\/users\/4"}],"replies":[{"embeddable":true,"href":"https:\/\/newsestlyonnais.fr\/site\/wp-json\/wp\/v2\/comments?post=47951"}],"version-history":[{"count":0,"href":"https:\/\/newsestlyonnais.fr\/site\/wp-json\/wp\/v2\/posts\/47951\/revisions"}],"wp:featuredmedia":[{"embeddable":true,"href":"https:\/\/newsestlyonnais.fr\/site\/wp-json\/wp\/v2\/media\/19041"}],"wp:attachment":[{"href":"https:\/\/newsestlyonnais.fr\/site\/wp-json\/wp\/v2\/media?parent=47951"}],"wp:term":[{"taxonomy":"category","embeddable":true,"href":"https:\/\/newsestlyonnais.fr\/site\/wp-json\/wp\/v2\/categories?post=47951"},{"taxonomy":"post_tag","embeddable":true,"href":"https:\/\/newsestlyonnais.fr\/site\/wp-json\/wp\/v2\/tags?post=47951"}],"curies":[{"name":"wp","href":"https:\/\/api.w.org\/{rel}","templated":true}]}}