{"id":48165,"date":"2018-04-25T14:41:46","date_gmt":"2018-04-25T13:41:46","guid":{"rendered":"http:\/\/newsestlyonnais.fr\/site\/?p=48165"},"modified":"2020-11-20T16:01:49","modified_gmt":"2020-11-20T15:01:49","slug":"la-navette-du-canal-devenue-l-evasion-redemarrera-le-mercredi-2-mai-prochain","status":"publish","type":"post","link":"https:\/\/newsestlyonnais.fr\/site\/2018\/04\/25\/la-navette-du-canal-devenue-l-evasion-redemarrera-le-mercredi-2-mai-prochain\/","title":{"rendered":"la Navette du Canal devenue l&rsquo; \u00ab\u00a0Evasion\u00a0\u00bb red\u00e9marrera le  2 mai"},"content":{"rendered":"<h4>Renomm\u00e9 \u201cL\u2019Evasion\u201d, le bateau 100% \u00e9lectrique du Symalim* reprendra sa saison le 2 mai avec de nouveaux produits : balades comment\u00e9es, croisi\u00e8res repas , \u00e9v\u00e9nement priv\u00e9s.<\/h4>\n<p>D\u00e9sormais exploit\u00e9e par les Yachts de Lyon, soci\u00e9t\u00e9 sp\u00e9cialis\u00e9e dans l\u2019organisation d\u2019\u00e9v\u00e9nements sur des bateaux du bassin Rh\u00f4ne Sa\u00f4ne, l\u2019Evasion b\u00e9n\u00e9ficiera de toute l\u2019expertise n\u00e9cessaire dans le renforcement de l\u2019offre B to C et B to B.<\/p>\n<p>L\u2019Evasion permet une d\u00e9couverte du patrimoine industriel et naturel du Canal de Jonage par un mode doux, original, ludique et respectueux de l\u2019environnement gr\u00e2ce \u00e0 son fonctionnement 100% \u00e9lectrique. En effet, le canal de Jonage et le Grand large sont devenus ces derni\u00e8res ann\u00e9es des joyaux de l\u2019Est Lyonnais, secteur en pleine expansion gr\u00e2ce aux projets majeurs r\u00e9alis\u00e9s \u00e0 proximit\u00e9 : p\u00f4le de commerce et de loisirs du Carr\u00e9 de Soie, ViaRh\u00f4na, l\u2019Anneau Bleu ou encore le Groupama Stadium. Les promenades et d\u00e9jeuners pour le grand public permettront ainsi de dynamiser et d\u2019animer le canal de Jonage et ses abords, en donnant vie \u00e0 cet espace public \u00e0 fort potentiel \u00e9cologique.<\/p>\n<p><span style=\"text-decoration: underline\"><em><strong>DE LA NAVETTE DU CANAL A L\u2019EVASION :<\/strong><\/em><\/span> Mise en route depuis 2015, la Navette du Canal proposait des croisi\u00e8res comment\u00e9es chaque saison. En 2018 s\u2019op\u00e8re un changement radical de l\u2019identit\u00e9 de la Navette du Canal avec l\u2019exploitation par les Yachts de Lyon : un design qui \u00e9volue, un nouveau nom : \u201cL\u2019Evasion\u201d et une identit\u00e9 visuelle bas\u00e9e sur un d\u00e9clin\u00e9 de gris \u2018\u2019architecte\u2019\u2019. Au-del\u00e0 de l\u2019identit\u00e9, l\u2019offre \u00e9volue \u00e9galement :<\/p>\n<ul>\n<li><strong>Nouvelles croisi\u00e8res comment\u00e9es d\u2019une heure<\/strong> : &#8211; <span style=\"text-decoration: underline\">l\u2019Exp\u00e9rience Zen &amp; Nature<\/span>, d\u00e9part de la Passerelle de D\u00e9cines et du Port de Meyzieu Grand Large. &#8211; <span style=\"text-decoration: underline\">l\u2019Exp\u00e9rience Histoire &amp; Patrimoine<\/span>, d\u00e9part de la Passerelle de D\u00e9cines.<\/li>\n<li>Tarifs des croisi\u00e8res : 8 \u20ac (adultes), 3 \u20ac (enfants de 3 \u00e0 12 ans) et gratuit (enfants de moins de 3 ans).<\/li>\n<li>D\u00e9jeuners du dimanche midi : \u00e0 partir de 45 \u20ac \/ personne, hors boissons, d\u00e9part du port de Meyzieu Grand Large et de la Passerelle de D\u00e9cines. Le grand public pourra profiter de ces balades et de ces d\u00e9jeuners dominicaux en r\u00e9servant directement en ligne sur le site des Yachts de Lyon : <a href=\"http:\/\/www.lesyachtsdelyon.com\/evasion.html\" target=\"_blank\" rel=\"noopener noreferrer\">http:\/\/www.lesyachtsdelyon.com\/evasion.html<\/a><\/li>\n<li>Des promenades \u00e0 la carte (scolaires, seniors, autocaristes) sont \u00e9galement possibles.<\/li>\n<\/ul>\n<p><span style=\"text-decoration: underline\"><em><strong>NOTA<\/strong><\/em><\/span> : &#8211; Capacit\u00e9s du bateau : 1 \u00e0 70 personnes. &#8211;\u00a0 <strong>Saison 2018 : du 2 mai au 14 octobre.<\/strong> <span style=\"text-decoration: underline\">Jours de navigation<\/span> pour les promenades : hors vacances scolaires : tous les samedis \/ vacances scolaires : mercredi, jeudi, vendredi, samedi. Jours de navigation pour les d\u00e9jeuners : tous les dimanches midis<\/p>\n<p><strong>Contact<\/strong> : commercial@lesyachtsdelyon.com ou 04. 72. 56. 51. 23<br \/>\n<strong>Plus d&rsquo;infos sur :\u00a0<a href=\"http:\/\/www.lesyachtsdelyon.com\" target=\"_blank\" rel=\"noopener noreferrer\">http:\/\/www.lesyachtsdelyon.com<\/a><\/strong><br \/>\n<span style=\"text-decoration: underline\">PHOTO A LA UNE<\/span> : Droits r\u00e9serv\u00e9s Les Yachts de Lyon<\/p>\n","protected":false},"excerpt":{"rendered":"<p>Renomm\u00e9 \u201cL\u2019Evasion\u201d, le bateau 100% \u00e9lectrique du Symalim* reprendra sa saison le 2 mai avec de nouveaux produits : balades comment\u00e9es, croisi\u00e8res repas , \u00e9v\u00e9nement priv\u00e9s.<\/p>\n","protected":false},"author":4,"featured_media":48168,"comment_status":"open","ping_status":"open","sticky":false,"template":"","format":"standard","meta":{"footnotes":""},"categories":[3443,21,1303,24,28],"tags":[2922,2921,2923,2924],"class_list":["post-48165","post","type-post","status-publish","format-standard","has-post-thumbnail","hentry","category-aviation-nautisme","category-decines-charpieu","category-jonage","category-meyzieu","category-vaulx-en-velin","tag-evasion","tag-navette-du-canal","tag-symalim","tag-yachts-de-lyon"],"yoast_head":"<!-- This site is optimized with the Yoast SEO plugin v27.2 - https:\/\/yoast.com\/product\/yoast-seo-wordpress\/ -->\n<title>La Navette du Canal devenue l&#039; &quot;Evasion&quot; red\u00e9marrera le mercredi 2 mai prochain !<\/title>\n<meta name=\"description\" content=\"La Navette du Canal devenue l&#039; &quot;Evasion&quot; red\u00e9marrera le 2 mai. reprendra : balades comment\u00e9es, croisi\u00e8res repas , \u00e9v\u00e9nement priv\u00e9s.\" \/>\n<meta name=\"robots\" content=\"index, follow, max-snippet:-1, max-image-preview:large, max-video-preview:-1\" \/>\n<link rel=\"canonical\" href=\"https:\/\/newsestlyonnais.fr\/site\/2018\/04\/25\/la-navette-du-canal-devenue-l-evasion-redemarrera-le-mercredi-2-mai-prochain\/\" \/>\n<meta property=\"og:locale\" content=\"fr_FR\" \/>\n<meta property=\"og:type\" content=\"article\" \/>\n<meta property=\"og:title\" content=\"La Navette du Canal devenue l&#039; &quot;Evasion&quot; red\u00e9marrera le mercredi 2 mai prochain !\" \/>\n<meta property=\"og:description\" content=\"La Navette du Canal devenue l&#039; &quot;Evasion&quot; red\u00e9marrera le 2 mai. reprendra : balades comment\u00e9es, croisi\u00e8res repas , \u00e9v\u00e9nement priv\u00e9s.\" \/>\n<meta property=\"og:url\" content=\"https:\/\/newsestlyonnais.fr\/site\/2018\/04\/25\/la-navette-du-canal-devenue-l-evasion-redemarrera-le-mercredi-2-mai-prochain\/\" \/>\n<meta property=\"og:site_name\" content=\"News Est Lyonnais\" \/>\n<meta property=\"article:author\" content=\"https:\/\/www.facebook.com\/pascal.oberson.1?fref=ts\" \/>\n<meta property=\"article:published_time\" content=\"2018-04-25T13:41:46+00:00\" \/>\n<meta property=\"article:modified_time\" content=\"2020-11-20T15:01:49+00:00\" \/>\n<meta property=\"og:image\" content=\"https:\/\/newsestlyonnais.fr\/site\/wp-content\/uploads\/2018\/04\/NEWSESTLYONNAIS-BateauEvasion-1000x497.jpg\" \/>\n\t<meta property=\"og:image:width\" content=\"1000\" \/>\n\t<meta property=\"og:image:height\" content=\"497\" \/>\n\t<meta property=\"og:image:type\" content=\"image\/jpeg\" \/>\n<meta name=\"author\" content=\"R\u00e9dac. NEWS\" \/>\n<meta name=\"twitter:card\" content=\"summary_large_image\" \/>\n<meta name=\"twitter:label1\" content=\"\u00c9crit par\" \/>\n\t<meta name=\"twitter:data1\" content=\"R\u00e9dac. NEWS\" \/>\n\t<meta name=\"twitter:label2\" content=\"Dur\u00e9e de lecture estim\u00e9e\" \/>\n\t<meta name=\"twitter:data2\" content=\"2 minutes\" \/>\n<script type=\"application\/ld+json\" class=\"yoast-schema-graph\">{\"@context\":\"https:\/\/schema.org\",\"@graph\":[{\"@type\":\"Article\",\"@id\":\"https:\/\/newsestlyonnais.fr\/site\/2018\/04\/25\/la-navette-du-canal-devenue-l-evasion-redemarrera-le-mercredi-2-mai-prochain\/#article\",\"isPartOf\":{\"@id\":\"https:\/\/newsestlyonnais.fr\/site\/2018\/04\/25\/la-navette-du-canal-devenue-l-evasion-redemarrera-le-mercredi-2-mai-prochain\/\"},\"author\":{\"name\":\"R\u00e9dac. NEWS\",\"@id\":\"https:\/\/newsestlyonnais.fr\/site\/#\/schema\/person\/3230d5615f390bb808365d673001e887\"},\"headline\":\"la Navette du Canal devenue l&rsquo; \u00ab\u00a0Evasion\u00a0\u00bb red\u00e9marrera le 2 mai\",\"datePublished\":\"2018-04-25T13:41:46+00:00\",\"dateModified\":\"2020-11-20T15:01:49+00:00\",\"mainEntityOfPage\":{\"@id\":\"https:\/\/newsestlyonnais.fr\/site\/2018\/04\/25\/la-navette-du-canal-devenue-l-evasion-redemarrera-le-mercredi-2-mai-prochain\/\"},\"wordCount\":483,\"commentCount\":0,\"publisher\":{\"@id\":\"https:\/\/newsestlyonnais.fr\/site\/#organization\"},\"image\":{\"@id\":\"https:\/\/newsestlyonnais.fr\/site\/2018\/04\/25\/la-navette-du-canal-devenue-l-evasion-redemarrera-le-mercredi-2-mai-prochain\/#primaryimage\"},\"thumbnailUrl\":\"https:\/\/newsestlyonnais.fr\/site\/wp-content\/uploads\/2018\/04\/NEWSESTLYONNAIS-BateauEvasion.jpg\",\"keywords\":[\"EVASION\",\"NAVETTE DU CANAL\",\"SYMALIM\",\"YACHTS DE LYON\"],\"articleSection\":[\"Aviation | Nautisme\",\"D\u00e9cines-Charpieu\",\"Jonage\",\"Meyzieu\",\"Vaulx-en-Velin\"],\"inLanguage\":\"fr-FR\",\"potentialAction\":[{\"@type\":\"CommentAction\",\"name\":\"Comment\",\"target\":[\"https:\/\/newsestlyonnais.fr\/site\/2018\/04\/25\/la-navette-du-canal-devenue-l-evasion-redemarrera-le-mercredi-2-mai-prochain\/#respond\"]}]},{\"@type\":\"WebPage\",\"@id\":\"https:\/\/newsestlyonnais.fr\/site\/2018\/04\/25\/la-navette-du-canal-devenue-l-evasion-redemarrera-le-mercredi-2-mai-prochain\/\",\"url\":\"https:\/\/newsestlyonnais.fr\/site\/2018\/04\/25\/la-navette-du-canal-devenue-l-evasion-redemarrera-le-mercredi-2-mai-prochain\/\",\"name\":\"La Navette du Canal devenue l' \\\"Evasion\\\" red\u00e9marrera le mercredi 2 mai prochain !\",\"isPartOf\":{\"@id\":\"https:\/\/newsestlyonnais.fr\/site\/#website\"},\"primaryImageOfPage\":{\"@id\":\"https:\/\/newsestlyonnais.fr\/site\/2018\/04\/25\/la-navette-du-canal-devenue-l-evasion-redemarrera-le-mercredi-2-mai-prochain\/#primaryimage\"},\"image\":{\"@id\":\"https:\/\/newsestlyonnais.fr\/site\/2018\/04\/25\/la-navette-du-canal-devenue-l-evasion-redemarrera-le-mercredi-2-mai-prochain\/#primaryimage\"},\"thumbnailUrl\":\"https:\/\/newsestlyonnais.fr\/site\/wp-content\/uploads\/2018\/04\/NEWSESTLYONNAIS-BateauEvasion.jpg\",\"datePublished\":\"2018-04-25T13:41:46+00:00\",\"dateModified\":\"2020-11-20T15:01:49+00:00\",\"description\":\"La Navette du Canal devenue l' \\\"Evasion\\\" red\u00e9marrera le 2 mai. reprendra : balades comment\u00e9es, croisi\u00e8res repas , \u00e9v\u00e9nement priv\u00e9s.\",\"breadcrumb\":{\"@id\":\"https:\/\/newsestlyonnais.fr\/site\/2018\/04\/25\/la-navette-du-canal-devenue-l-evasion-redemarrera-le-mercredi-2-mai-prochain\/#breadcrumb\"},\"inLanguage\":\"fr-FR\",\"potentialAction\":[{\"@type\":\"ReadAction\",\"target\":[\"https:\/\/newsestlyonnais.fr\/site\/2018\/04\/25\/la-navette-du-canal-devenue-l-evasion-redemarrera-le-mercredi-2-mai-prochain\/\"]}]},{\"@type\":\"ImageObject\",\"inLanguage\":\"fr-FR\",\"@id\":\"https:\/\/newsestlyonnais.fr\/site\/2018\/04\/25\/la-navette-du-canal-devenue-l-evasion-redemarrera-le-mercredi-2-mai-prochain\/#primaryimage\",\"url\":\"https:\/\/newsestlyonnais.fr\/site\/wp-content\/uploads\/2018\/04\/NEWSESTLYONNAIS-BateauEvasion.jpg\",\"contentUrl\":\"https:\/\/newsestlyonnais.fr\/site\/wp-content\/uploads\/2018\/04\/NEWSESTLYONNAIS-BateauEvasion.jpg\",\"width\":4032,\"height\":2005,\"caption\":\"NEWSESTLYONNAIS - BateauEvasion\"},{\"@type\":\"BreadcrumbList\",\"@id\":\"https:\/\/newsestlyonnais.fr\/site\/2018\/04\/25\/la-navette-du-canal-devenue-l-evasion-redemarrera-le-mercredi-2-mai-prochain\/#breadcrumb\",\"itemListElement\":[{\"@type\":\"ListItem\",\"position\":1,\"name\":\"Accueil\",\"item\":\"https:\/\/newsestlyonnais.fr\/site\/\"},{\"@type\":\"ListItem\",\"position\":2,\"name\":\"la Navette du Canal devenue l&rsquo; \u00ab\u00a0Evasion\u00a0\u00bb red\u00e9marrera le 2 mai\"}]},{\"@type\":\"WebSite\",\"@id\":\"https:\/\/newsestlyonnais.fr\/site\/#website\",\"url\":\"https:\/\/newsestlyonnais.fr\/site\/\",\"name\":\"News Est Lyonnais\",\"description\":\"L&#039;actualit\u00e9 au plus pr\u00e8s\",\"publisher\":{\"@id\":\"https:\/\/newsestlyonnais.fr\/site\/#organization\"},\"potentialAction\":[{\"@type\":\"SearchAction\",\"target\":{\"@type\":\"EntryPoint\",\"urlTemplate\":\"https:\/\/newsestlyonnais.fr\/site\/?s={search_term_string}\"},\"query-input\":{\"@type\":\"PropertyValueSpecification\",\"valueRequired\":true,\"valueName\":\"search_term_string\"}}],\"inLanguage\":\"fr-FR\"},{\"@type\":\"Organization\",\"@id\":\"https:\/\/newsestlyonnais.fr\/site\/#organization\",\"name\":\"News EST LYONNAIS\",\"url\":\"https:\/\/newsestlyonnais.fr\/site\/\",\"logo\":{\"@type\":\"ImageObject\",\"inLanguage\":\"fr-FR\",\"@id\":\"https:\/\/newsestlyonnais.fr\/site\/#\/schema\/logo\/image\/\",\"url\":\"\",\"contentUrl\":\"\",\"caption\":\"News EST LYONNAIS\"},\"image\":{\"@id\":\"https:\/\/newsestlyonnais.fr\/site\/#\/schema\/logo\/image\/\"}},{\"@type\":\"Person\",\"@id\":\"https:\/\/newsestlyonnais.fr\/site\/#\/schema\/person\/3230d5615f390bb808365d673001e887\",\"name\":\"R\u00e9dac. NEWS\",\"sameAs\":[\"http:\/\/www.newsestlyonnais.fr\",\"https:\/\/www.facebook.com\/pascal.oberson.1?fref=ts\",\"https:\/\/fr.linkedin.com\/in\/pascal-oberson-b17045113\"],\"url\":\"https:\/\/newsestlyonnais.fr\/site\/author\/nel\/\"}]}<\/script>\n<!-- \/ Yoast SEO plugin. -->","yoast_head_json":{"title":"La Navette du Canal devenue l' \"Evasion\" red\u00e9marrera le mercredi 2 mai prochain !","description":"La Navette du Canal devenue l' \"Evasion\" red\u00e9marrera le 2 mai. reprendra : balades comment\u00e9es, croisi\u00e8res repas , \u00e9v\u00e9nement priv\u00e9s.","robots":{"index":"index","follow":"follow","max-snippet":"max-snippet:-1","max-image-preview":"max-image-preview:large","max-video-preview":"max-video-preview:-1"},"canonical":"https:\/\/newsestlyonnais.fr\/site\/2018\/04\/25\/la-navette-du-canal-devenue-l-evasion-redemarrera-le-mercredi-2-mai-prochain\/","og_locale":"fr_FR","og_type":"article","og_title":"La Navette du Canal devenue l' \"Evasion\" red\u00e9marrera le mercredi 2 mai prochain !","og_description":"La Navette du Canal devenue l' \"Evasion\" red\u00e9marrera le 2 mai. reprendra : balades comment\u00e9es, croisi\u00e8res repas , \u00e9v\u00e9nement priv\u00e9s.","og_url":"https:\/\/newsestlyonnais.fr\/site\/2018\/04\/25\/la-navette-du-canal-devenue-l-evasion-redemarrera-le-mercredi-2-mai-prochain\/","og_site_name":"News Est Lyonnais","article_author":"https:\/\/www.facebook.com\/pascal.oberson.1?fref=ts","article_published_time":"2018-04-25T13:41:46+00:00","article_modified_time":"2020-11-20T15:01:49+00:00","og_image":[{"width":1000,"height":497,"url":"https:\/\/newsestlyonnais.fr\/site\/wp-content\/uploads\/2018\/04\/NEWSESTLYONNAIS-BateauEvasion-1000x497.jpg","type":"image\/jpeg"}],"author":"R\u00e9dac. NEWS","twitter_card":"summary_large_image","twitter_misc":{"\u00c9crit par":"R\u00e9dac. NEWS","Dur\u00e9e de lecture estim\u00e9e":"2 minutes"},"schema":{"@context":"https:\/\/schema.org","@graph":[{"@type":"Article","@id":"https:\/\/newsestlyonnais.fr\/site\/2018\/04\/25\/la-navette-du-canal-devenue-l-evasion-redemarrera-le-mercredi-2-mai-prochain\/#article","isPartOf":{"@id":"https:\/\/newsestlyonnais.fr\/site\/2018\/04\/25\/la-navette-du-canal-devenue-l-evasion-redemarrera-le-mercredi-2-mai-prochain\/"},"author":{"name":"R\u00e9dac. NEWS","@id":"https:\/\/newsestlyonnais.fr\/site\/#\/schema\/person\/3230d5615f390bb808365d673001e887"},"headline":"la Navette du Canal devenue l&rsquo; \u00ab\u00a0Evasion\u00a0\u00bb red\u00e9marrera le 2 mai","datePublished":"2018-04-25T13:41:46+00:00","dateModified":"2020-11-20T15:01:49+00:00","mainEntityOfPage":{"@id":"https:\/\/newsestlyonnais.fr\/site\/2018\/04\/25\/la-navette-du-canal-devenue-l-evasion-redemarrera-le-mercredi-2-mai-prochain\/"},"wordCount":483,"commentCount":0,"publisher":{"@id":"https:\/\/newsestlyonnais.fr\/site\/#organization"},"image":{"@id":"https:\/\/newsestlyonnais.fr\/site\/2018\/04\/25\/la-navette-du-canal-devenue-l-evasion-redemarrera-le-mercredi-2-mai-prochain\/#primaryimage"},"thumbnailUrl":"https:\/\/newsestlyonnais.fr\/site\/wp-content\/uploads\/2018\/04\/NEWSESTLYONNAIS-BateauEvasion.jpg","keywords":["EVASION","NAVETTE DU CANAL","SYMALIM","YACHTS DE LYON"],"articleSection":["Aviation | Nautisme","D\u00e9cines-Charpieu","Jonage","Meyzieu","Vaulx-en-Velin"],"inLanguage":"fr-FR","potentialAction":[{"@type":"CommentAction","name":"Comment","target":["https:\/\/newsestlyonnais.fr\/site\/2018\/04\/25\/la-navette-du-canal-devenue-l-evasion-redemarrera-le-mercredi-2-mai-prochain\/#respond"]}]},{"@type":"WebPage","@id":"https:\/\/newsestlyonnais.fr\/site\/2018\/04\/25\/la-navette-du-canal-devenue-l-evasion-redemarrera-le-mercredi-2-mai-prochain\/","url":"https:\/\/newsestlyonnais.fr\/site\/2018\/04\/25\/la-navette-du-canal-devenue-l-evasion-redemarrera-le-mercredi-2-mai-prochain\/","name":"La Navette du Canal devenue l' \"Evasion\" red\u00e9marrera le mercredi 2 mai prochain !","isPartOf":{"@id":"https:\/\/newsestlyonnais.fr\/site\/#website"},"primaryImageOfPage":{"@id":"https:\/\/newsestlyonnais.fr\/site\/2018\/04\/25\/la-navette-du-canal-devenue-l-evasion-redemarrera-le-mercredi-2-mai-prochain\/#primaryimage"},"image":{"@id":"https:\/\/newsestlyonnais.fr\/site\/2018\/04\/25\/la-navette-du-canal-devenue-l-evasion-redemarrera-le-mercredi-2-mai-prochain\/#primaryimage"},"thumbnailUrl":"https:\/\/newsestlyonnais.fr\/site\/wp-content\/uploads\/2018\/04\/NEWSESTLYONNAIS-BateauEvasion.jpg","datePublished":"2018-04-25T13:41:46+00:00","dateModified":"2020-11-20T15:01:49+00:00","description":"La Navette du Canal devenue l' \"Evasion\" red\u00e9marrera le 2 mai. reprendra : balades comment\u00e9es, croisi\u00e8res repas , \u00e9v\u00e9nement priv\u00e9s.","breadcrumb":{"@id":"https:\/\/newsestlyonnais.fr\/site\/2018\/04\/25\/la-navette-du-canal-devenue-l-evasion-redemarrera-le-mercredi-2-mai-prochain\/#breadcrumb"},"inLanguage":"fr-FR","potentialAction":[{"@type":"ReadAction","target":["https:\/\/newsestlyonnais.fr\/site\/2018\/04\/25\/la-navette-du-canal-devenue-l-evasion-redemarrera-le-mercredi-2-mai-prochain\/"]}]},{"@type":"ImageObject","inLanguage":"fr-FR","@id":"https:\/\/newsestlyonnais.fr\/site\/2018\/04\/25\/la-navette-du-canal-devenue-l-evasion-redemarrera-le-mercredi-2-mai-prochain\/#primaryimage","url":"https:\/\/newsestlyonnais.fr\/site\/wp-content\/uploads\/2018\/04\/NEWSESTLYONNAIS-BateauEvasion.jpg","contentUrl":"https:\/\/newsestlyonnais.fr\/site\/wp-content\/uploads\/2018\/04\/NEWSESTLYONNAIS-BateauEvasion.jpg","width":4032,"height":2005,"caption":"NEWSESTLYONNAIS - BateauEvasion"},{"@type":"BreadcrumbList","@id":"https:\/\/newsestlyonnais.fr\/site\/2018\/04\/25\/la-navette-du-canal-devenue-l-evasion-redemarrera-le-mercredi-2-mai-prochain\/#breadcrumb","itemListElement":[{"@type":"ListItem","position":1,"name":"Accueil","item":"https:\/\/newsestlyonnais.fr\/site\/"},{"@type":"ListItem","position":2,"name":"la Navette du Canal devenue l&rsquo; \u00ab\u00a0Evasion\u00a0\u00bb red\u00e9marrera le 2 mai"}]},{"@type":"WebSite","@id":"https:\/\/newsestlyonnais.fr\/site\/#website","url":"https:\/\/newsestlyonnais.fr\/site\/","name":"News Est Lyonnais","description":"L&#039;actualit\u00e9 au plus pr\u00e8s","publisher":{"@id":"https:\/\/newsestlyonnais.fr\/site\/#organization"},"potentialAction":[{"@type":"SearchAction","target":{"@type":"EntryPoint","urlTemplate":"https:\/\/newsestlyonnais.fr\/site\/?s={search_term_string}"},"query-input":{"@type":"PropertyValueSpecification","valueRequired":true,"valueName":"search_term_string"}}],"inLanguage":"fr-FR"},{"@type":"Organization","@id":"https:\/\/newsestlyonnais.fr\/site\/#organization","name":"News EST LYONNAIS","url":"https:\/\/newsestlyonnais.fr\/site\/","logo":{"@type":"ImageObject","inLanguage":"fr-FR","@id":"https:\/\/newsestlyonnais.fr\/site\/#\/schema\/logo\/image\/","url":"","contentUrl":"","caption":"News EST LYONNAIS"},"image":{"@id":"https:\/\/newsestlyonnais.fr\/site\/#\/schema\/logo\/image\/"}},{"@type":"Person","@id":"https:\/\/newsestlyonnais.fr\/site\/#\/schema\/person\/3230d5615f390bb808365d673001e887","name":"R\u00e9dac. NEWS","sameAs":["http:\/\/www.newsestlyonnais.fr","https:\/\/www.facebook.com\/pascal.oberson.1?fref=ts","https:\/\/fr.linkedin.com\/in\/pascal-oberson-b17045113"],"url":"https:\/\/newsestlyonnais.fr\/site\/author\/nel\/"}]}},"_links":{"self":[{"href":"https:\/\/newsestlyonnais.fr\/site\/wp-json\/wp\/v2\/posts\/48165","targetHints":{"allow":["GET"]}}],"collection":[{"href":"https:\/\/newsestlyonnais.fr\/site\/wp-json\/wp\/v2\/posts"}],"about":[{"href":"https:\/\/newsestlyonnais.fr\/site\/wp-json\/wp\/v2\/types\/post"}],"author":[{"embeddable":true,"href":"https:\/\/newsestlyonnais.fr\/site\/wp-json\/wp\/v2\/users\/4"}],"replies":[{"embeddable":true,"href":"https:\/\/newsestlyonnais.fr\/site\/wp-json\/wp\/v2\/comments?post=48165"}],"version-history":[{"count":0,"href":"https:\/\/newsestlyonnais.fr\/site\/wp-json\/wp\/v2\/posts\/48165\/revisions"}],"wp:featuredmedia":[{"embeddable":true,"href":"https:\/\/newsestlyonnais.fr\/site\/wp-json\/wp\/v2\/media\/48168"}],"wp:attachment":[{"href":"https:\/\/newsestlyonnais.fr\/site\/wp-json\/wp\/v2\/media?parent=48165"}],"wp:term":[{"taxonomy":"category","embeddable":true,"href":"https:\/\/newsestlyonnais.fr\/site\/wp-json\/wp\/v2\/categories?post=48165"},{"taxonomy":"post_tag","embeddable":true,"href":"https:\/\/newsestlyonnais.fr\/site\/wp-json\/wp\/v2\/tags?post=48165"}],"curies":[{"name":"wp","href":"https:\/\/api.w.org\/{rel}","templated":true}]}}