{"id":48182,"date":"2018-04-27T07:07:00","date_gmt":"2018-04-27T06:07:00","guid":{"rendered":"http:\/\/newsestlyonnais.fr\/site\/?p=48182"},"modified":"2020-11-17T10:57:07","modified_gmt":"2020-11-17T09:57:07","slug":"decines-de-la-marche-nordique-proposee-par-le-club-de-gv","status":"publish","type":"post","link":"https:\/\/newsestlyonnais.fr\/site\/2018\/04\/27\/decines-de-la-marche-nordique-proposee-par-le-club-de-gv\/","title":{"rendered":"DECINES | De la Marche Nordique propos\u00e9e par le club de GV"},"content":{"rendered":"<h4>Parmi les nombreuses activit\u00e9s propos\u00e9es au sein du club de Gymnastique Volontaire (GV) de D\u00e9cines, pr\u00e9sid\u00e9e par Christiane Potocki, figure la Marche Nordique.<\/h4>\n<p>Les s\u00e9ances sont assur\u00e9es deux fois par semaine, par Patrick Bonvarlet (animateur, \u00e0 gauche sur la PHOTO A LA UNE). Voici le d\u00e9tail de cette prestation :<\/p>\n<ul>\n<li><strong>Jours<\/strong> : Lundi de 9 h 30 \u00e0 11 h, Mardi de 14 h \u00e0 15 h 30 &amp; Vendredi de 14 h \u00e0 15 h (retour de blessure ou r\u00e9adaptation cardiaque).<\/li>\n<li><strong>Lieu<\/strong> : Parc de Miribel. Rendez-vous (sur le parking de la plage du Fontanil): Lundi 9 h 25 &amp; Mardi 13 h 55.<\/li>\n<li><strong>Mat\u00e9riel<\/strong> : de bonnes chaussures, petit sac \u00e0 dos, eau, tenue adapt\u00e9e \u00e0 la m\u00e9t\u00e9o du jour. B\u00e2tons pr\u00eat\u00e9s par la Gv D\u00e9cines et le comit\u00e9 d\u00e9partemental EPGV .<\/li>\n<li><strong>Co\u00fbt<\/strong>: 20 \u20ac par personne pour le cycle de 5 s\u00e9ances. 25 \u20ac pour 6 s\u00e9ances, 30 \u20ac pour 7 s\u00e9ances, 35 \u20ac 8 s\u00e9ances (r\u00e8glement par ch\u00e8que au nom de Bonvarlet Patrick). Possibilit\u00e9 1 s\u00e9ance d\u2019essai : 5 \u20ac.<\/li>\n<li><strong>Inscriptions<\/strong> : aupr\u00e8s de Patrick Bonvarlet par mail ou t\u00e9l\u00e9phone. Groupe de 10 personnes minimum<\/li>\n<li><strong>Calendrier des s\u00e9ances :<\/strong> Les lundis 30 Avril, 7,14 &amp; 28 Mai et 4,11,18 &amp; 25 juin 2018. Les mardis 15,22 &amp; 29 Mai, 5,12,19 &amp; 26 juin 2018<\/li>\n<li><strong>Contact animateur<\/strong> : courriel : bonvarlet_patrick@yahoo.fr ou T\u00e9l : 06 25 63 09 60<\/li>\n<\/ul>\n<p><strong>\u00a0Retrouvez l&rsquo;ACTU du club sur : <a href=\"http:\/\/gvdecines.fr\" target=\"_blank\" rel=\"noopener noreferrer\">http:\/\/gvdecines.fr<\/a><\/strong><\/p>\n","protected":false},"excerpt":{"rendered":"<p>Parmi les nombreuses activit\u00e9s propos\u00e9es au sein du club de Gymnastique Volontaire (GV) de D\u00e9cines, pr\u00e9sid\u00e9e par Christiane Potocki, figure la Marche Nordique. Les s\u00e9ances sont assur\u00e9es deux fois par semaine, par Patrick Bonvarlet (animateur, \u00e0 gauche sur la PHOTO A LA UNE). Voici le d\u00e9tail de cette prestation : Jours : Lundi de 9 [&hellip;]<\/p>\n","protected":false},"author":4,"featured_media":48185,"comment_status":"open","ping_status":"open","sticky":false,"template":"","format":"standard","meta":{"footnotes":""},"categories":[2968,21,166,1319],"tags":[],"class_list":["post-48182","post","type-post","status-publish","format-standard","has-post-thumbnail","hentry","category-athle-course-pied-marche","category-decines-charpieu","category-divers-sports","category-gymnastique-grs-gv"],"yoast_head":"<!-- This site is optimized with the Yoast SEO plugin v27.2 - https:\/\/yoast.com\/product\/yoast-seo-wordpress\/ -->\n<title>DECINES : De la Marche Nordique propos\u00e9e par le club de GV<\/title>\n<meta name=\"description\" content=\"DECINES : De la Marche Nordique propos\u00e9e par le club de GV\" \/>\n<meta name=\"robots\" content=\"index, follow, max-snippet:-1, max-image-preview:large, max-video-preview:-1\" \/>\n<link rel=\"canonical\" href=\"https:\/\/newsestlyonnais.fr\/site\/2018\/04\/27\/decines-de-la-marche-nordique-proposee-par-le-club-de-gv\/\" \/>\n<meta property=\"og:locale\" content=\"fr_FR\" \/>\n<meta property=\"og:type\" content=\"article\" \/>\n<meta property=\"og:title\" content=\"DECINES : De la Marche Nordique propos\u00e9e par le club de GV\" \/>\n<meta property=\"og:description\" content=\"DECINES : De la Marche Nordique propos\u00e9e par le club de GV\" \/>\n<meta property=\"og:url\" content=\"https:\/\/newsestlyonnais.fr\/site\/2018\/04\/27\/decines-de-la-marche-nordique-proposee-par-le-club-de-gv\/\" \/>\n<meta property=\"og:site_name\" content=\"News Est Lyonnais\" \/>\n<meta property=\"article:author\" content=\"https:\/\/www.facebook.com\/pascal.oberson.1?fref=ts\" \/>\n<meta property=\"article:published_time\" content=\"2018-04-27T06:07:00+00:00\" \/>\n<meta property=\"article:modified_time\" content=\"2020-11-17T09:57:07+00:00\" \/>\n<meta property=\"og:image\" content=\"https:\/\/i2.wp.com\/newsestlyonnais.fr\/site\/wp-content\/uploads\/2018\/04\/NEWSESTLYONNAIS-GV-DECINES-PATRICK.jpg?fit=2048%2C1536&ssl=1\" \/>\n\t<meta property=\"og:image:width\" content=\"2048\" \/>\n\t<meta property=\"og:image:height\" content=\"1536\" \/>\n\t<meta property=\"og:image:type\" content=\"image\/jpeg\" \/>\n<meta name=\"author\" content=\"R\u00e9dac. NEWS\" \/>\n<meta name=\"twitter:card\" content=\"summary_large_image\" \/>\n<meta name=\"twitter:label1\" content=\"\u00c9crit par\" \/>\n\t<meta name=\"twitter:data1\" content=\"R\u00e9dac. NEWS\" \/>\n\t<meta name=\"twitter:label2\" content=\"Dur\u00e9e de lecture estim\u00e9e\" \/>\n\t<meta name=\"twitter:data2\" content=\"1 minute\" \/>\n<script type=\"application\/ld+json\" class=\"yoast-schema-graph\">{\"@context\":\"https:\/\/schema.org\",\"@graph\":[{\"@type\":\"Article\",\"@id\":\"https:\/\/newsestlyonnais.fr\/site\/2018\/04\/27\/decines-de-la-marche-nordique-proposee-par-le-club-de-gv\/#article\",\"isPartOf\":{\"@id\":\"https:\/\/newsestlyonnais.fr\/site\/2018\/04\/27\/decines-de-la-marche-nordique-proposee-par-le-club-de-gv\/\"},\"author\":{\"name\":\"R\u00e9dac. NEWS\",\"@id\":\"https:\/\/newsestlyonnais.fr\/site\/#\/schema\/person\/3230d5615f390bb808365d673001e887\"},\"headline\":\"DECINES | De la Marche Nordique propos\u00e9e par le club de GV\",\"datePublished\":\"2018-04-27T06:07:00+00:00\",\"dateModified\":\"2020-11-17T09:57:07+00:00\",\"mainEntityOfPage\":{\"@id\":\"https:\/\/newsestlyonnais.fr\/site\/2018\/04\/27\/decines-de-la-marche-nordique-proposee-par-le-club-de-gv\/\"},\"wordCount\":227,\"commentCount\":0,\"publisher\":{\"@id\":\"https:\/\/newsestlyonnais.fr\/site\/#organization\"},\"image\":{\"@id\":\"https:\/\/newsestlyonnais.fr\/site\/2018\/04\/27\/decines-de-la-marche-nordique-proposee-par-le-club-de-gv\/#primaryimage\"},\"thumbnailUrl\":\"https:\/\/newsestlyonnais.fr\/site\/wp-content\/uploads\/2018\/04\/NEWSESTLYONNAIS-GV-DECINES-PATRICK.jpg\",\"articleSection\":[\"Athl\u00e9 | Course pied | Marche\",\"D\u00e9cines-Charpieu\",\"Divers Sports\",\"Gymnastique | Grs | Gv\"],\"inLanguage\":\"fr-FR\",\"potentialAction\":[{\"@type\":\"CommentAction\",\"name\":\"Comment\",\"target\":[\"https:\/\/newsestlyonnais.fr\/site\/2018\/04\/27\/decines-de-la-marche-nordique-proposee-par-le-club-de-gv\/#respond\"]}]},{\"@type\":\"WebPage\",\"@id\":\"https:\/\/newsestlyonnais.fr\/site\/2018\/04\/27\/decines-de-la-marche-nordique-proposee-par-le-club-de-gv\/\",\"url\":\"https:\/\/newsestlyonnais.fr\/site\/2018\/04\/27\/decines-de-la-marche-nordique-proposee-par-le-club-de-gv\/\",\"name\":\"DECINES : De la Marche Nordique propos\u00e9e par le club de GV\",\"isPartOf\":{\"@id\":\"https:\/\/newsestlyonnais.fr\/site\/#website\"},\"primaryImageOfPage\":{\"@id\":\"https:\/\/newsestlyonnais.fr\/site\/2018\/04\/27\/decines-de-la-marche-nordique-proposee-par-le-club-de-gv\/#primaryimage\"},\"image\":{\"@id\":\"https:\/\/newsestlyonnais.fr\/site\/2018\/04\/27\/decines-de-la-marche-nordique-proposee-par-le-club-de-gv\/#primaryimage\"},\"thumbnailUrl\":\"https:\/\/newsestlyonnais.fr\/site\/wp-content\/uploads\/2018\/04\/NEWSESTLYONNAIS-GV-DECINES-PATRICK.jpg\",\"datePublished\":\"2018-04-27T06:07:00+00:00\",\"dateModified\":\"2020-11-17T09:57:07+00:00\",\"description\":\"DECINES : De la Marche Nordique propos\u00e9e par le club de GV\",\"breadcrumb\":{\"@id\":\"https:\/\/newsestlyonnais.fr\/site\/2018\/04\/27\/decines-de-la-marche-nordique-proposee-par-le-club-de-gv\/#breadcrumb\"},\"inLanguage\":\"fr-FR\",\"potentialAction\":[{\"@type\":\"ReadAction\",\"target\":[\"https:\/\/newsestlyonnais.fr\/site\/2018\/04\/27\/decines-de-la-marche-nordique-proposee-par-le-club-de-gv\/\"]}]},{\"@type\":\"ImageObject\",\"inLanguage\":\"fr-FR\",\"@id\":\"https:\/\/newsestlyonnais.fr\/site\/2018\/04\/27\/decines-de-la-marche-nordique-proposee-par-le-club-de-gv\/#primaryimage\",\"url\":\"https:\/\/newsestlyonnais.fr\/site\/wp-content\/uploads\/2018\/04\/NEWSESTLYONNAIS-GV-DECINES-PATRICK.jpg\",\"contentUrl\":\"https:\/\/newsestlyonnais.fr\/site\/wp-content\/uploads\/2018\/04\/NEWSESTLYONNAIS-GV-DECINES-PATRICK.jpg\",\"width\":2048,\"height\":1536,\"caption\":\"NEWSESTLYONNAIS GV DECINES PATRICK\"},{\"@type\":\"BreadcrumbList\",\"@id\":\"https:\/\/newsestlyonnais.fr\/site\/2018\/04\/27\/decines-de-la-marche-nordique-proposee-par-le-club-de-gv\/#breadcrumb\",\"itemListElement\":[{\"@type\":\"ListItem\",\"position\":1,\"name\":\"Accueil\",\"item\":\"https:\/\/newsestlyonnais.fr\/site\/\"},{\"@type\":\"ListItem\",\"position\":2,\"name\":\"DECINES | De la Marche Nordique propos\u00e9e par le club de GV\"}]},{\"@type\":\"WebSite\",\"@id\":\"https:\/\/newsestlyonnais.fr\/site\/#website\",\"url\":\"https:\/\/newsestlyonnais.fr\/site\/\",\"name\":\"News Est Lyonnais\",\"description\":\"L&#039;actualit\u00e9 au plus pr\u00e8s\",\"publisher\":{\"@id\":\"https:\/\/newsestlyonnais.fr\/site\/#organization\"},\"potentialAction\":[{\"@type\":\"SearchAction\",\"target\":{\"@type\":\"EntryPoint\",\"urlTemplate\":\"https:\/\/newsestlyonnais.fr\/site\/?s={search_term_string}\"},\"query-input\":{\"@type\":\"PropertyValueSpecification\",\"valueRequired\":true,\"valueName\":\"search_term_string\"}}],\"inLanguage\":\"fr-FR\"},{\"@type\":\"Organization\",\"@id\":\"https:\/\/newsestlyonnais.fr\/site\/#organization\",\"name\":\"News EST LYONNAIS\",\"url\":\"https:\/\/newsestlyonnais.fr\/site\/\",\"logo\":{\"@type\":\"ImageObject\",\"inLanguage\":\"fr-FR\",\"@id\":\"https:\/\/newsestlyonnais.fr\/site\/#\/schema\/logo\/image\/\",\"url\":\"\",\"contentUrl\":\"\",\"caption\":\"News EST LYONNAIS\"},\"image\":{\"@id\":\"https:\/\/newsestlyonnais.fr\/site\/#\/schema\/logo\/image\/\"}},{\"@type\":\"Person\",\"@id\":\"https:\/\/newsestlyonnais.fr\/site\/#\/schema\/person\/3230d5615f390bb808365d673001e887\",\"name\":\"R\u00e9dac. NEWS\",\"sameAs\":[\"http:\/\/www.newsestlyonnais.fr\",\"https:\/\/www.facebook.com\/pascal.oberson.1?fref=ts\",\"https:\/\/fr.linkedin.com\/in\/pascal-oberson-b17045113\"],\"url\":\"https:\/\/newsestlyonnais.fr\/site\/author\/nel\/\"}]}<\/script>\n<!-- \/ Yoast SEO plugin. -->","yoast_head_json":{"title":"DECINES : De la Marche Nordique propos\u00e9e par le club de GV","description":"DECINES : De la Marche Nordique propos\u00e9e par le club de GV","robots":{"index":"index","follow":"follow","max-snippet":"max-snippet:-1","max-image-preview":"max-image-preview:large","max-video-preview":"max-video-preview:-1"},"canonical":"https:\/\/newsestlyonnais.fr\/site\/2018\/04\/27\/decines-de-la-marche-nordique-proposee-par-le-club-de-gv\/","og_locale":"fr_FR","og_type":"article","og_title":"DECINES : De la Marche Nordique propos\u00e9e par le club de GV","og_description":"DECINES : De la Marche Nordique propos\u00e9e par le club de GV","og_url":"https:\/\/newsestlyonnais.fr\/site\/2018\/04\/27\/decines-de-la-marche-nordique-proposee-par-le-club-de-gv\/","og_site_name":"News Est Lyonnais","article_author":"https:\/\/www.facebook.com\/pascal.oberson.1?fref=ts","article_published_time":"2018-04-27T06:07:00+00:00","article_modified_time":"2020-11-17T09:57:07+00:00","og_image":[{"width":2048,"height":1536,"url":"https:\/\/i2.wp.com\/newsestlyonnais.fr\/site\/wp-content\/uploads\/2018\/04\/NEWSESTLYONNAIS-GV-DECINES-PATRICK.jpg?fit=2048%2C1536&ssl=1","type":"image\/jpeg"}],"author":"R\u00e9dac. NEWS","twitter_card":"summary_large_image","twitter_misc":{"\u00c9crit par":"R\u00e9dac. NEWS","Dur\u00e9e de lecture estim\u00e9e":"1 minute"},"schema":{"@context":"https:\/\/schema.org","@graph":[{"@type":"Article","@id":"https:\/\/newsestlyonnais.fr\/site\/2018\/04\/27\/decines-de-la-marche-nordique-proposee-par-le-club-de-gv\/#article","isPartOf":{"@id":"https:\/\/newsestlyonnais.fr\/site\/2018\/04\/27\/decines-de-la-marche-nordique-proposee-par-le-club-de-gv\/"},"author":{"name":"R\u00e9dac. NEWS","@id":"https:\/\/newsestlyonnais.fr\/site\/#\/schema\/person\/3230d5615f390bb808365d673001e887"},"headline":"DECINES | De la Marche Nordique propos\u00e9e par le club de GV","datePublished":"2018-04-27T06:07:00+00:00","dateModified":"2020-11-17T09:57:07+00:00","mainEntityOfPage":{"@id":"https:\/\/newsestlyonnais.fr\/site\/2018\/04\/27\/decines-de-la-marche-nordique-proposee-par-le-club-de-gv\/"},"wordCount":227,"commentCount":0,"publisher":{"@id":"https:\/\/newsestlyonnais.fr\/site\/#organization"},"image":{"@id":"https:\/\/newsestlyonnais.fr\/site\/2018\/04\/27\/decines-de-la-marche-nordique-proposee-par-le-club-de-gv\/#primaryimage"},"thumbnailUrl":"https:\/\/newsestlyonnais.fr\/site\/wp-content\/uploads\/2018\/04\/NEWSESTLYONNAIS-GV-DECINES-PATRICK.jpg","articleSection":["Athl\u00e9 | Course pied | Marche","D\u00e9cines-Charpieu","Divers Sports","Gymnastique | Grs | Gv"],"inLanguage":"fr-FR","potentialAction":[{"@type":"CommentAction","name":"Comment","target":["https:\/\/newsestlyonnais.fr\/site\/2018\/04\/27\/decines-de-la-marche-nordique-proposee-par-le-club-de-gv\/#respond"]}]},{"@type":"WebPage","@id":"https:\/\/newsestlyonnais.fr\/site\/2018\/04\/27\/decines-de-la-marche-nordique-proposee-par-le-club-de-gv\/","url":"https:\/\/newsestlyonnais.fr\/site\/2018\/04\/27\/decines-de-la-marche-nordique-proposee-par-le-club-de-gv\/","name":"DECINES : De la Marche Nordique propos\u00e9e par le club de GV","isPartOf":{"@id":"https:\/\/newsestlyonnais.fr\/site\/#website"},"primaryImageOfPage":{"@id":"https:\/\/newsestlyonnais.fr\/site\/2018\/04\/27\/decines-de-la-marche-nordique-proposee-par-le-club-de-gv\/#primaryimage"},"image":{"@id":"https:\/\/newsestlyonnais.fr\/site\/2018\/04\/27\/decines-de-la-marche-nordique-proposee-par-le-club-de-gv\/#primaryimage"},"thumbnailUrl":"https:\/\/newsestlyonnais.fr\/site\/wp-content\/uploads\/2018\/04\/NEWSESTLYONNAIS-GV-DECINES-PATRICK.jpg","datePublished":"2018-04-27T06:07:00+00:00","dateModified":"2020-11-17T09:57:07+00:00","description":"DECINES : De la Marche Nordique propos\u00e9e par le club de GV","breadcrumb":{"@id":"https:\/\/newsestlyonnais.fr\/site\/2018\/04\/27\/decines-de-la-marche-nordique-proposee-par-le-club-de-gv\/#breadcrumb"},"inLanguage":"fr-FR","potentialAction":[{"@type":"ReadAction","target":["https:\/\/newsestlyonnais.fr\/site\/2018\/04\/27\/decines-de-la-marche-nordique-proposee-par-le-club-de-gv\/"]}]},{"@type":"ImageObject","inLanguage":"fr-FR","@id":"https:\/\/newsestlyonnais.fr\/site\/2018\/04\/27\/decines-de-la-marche-nordique-proposee-par-le-club-de-gv\/#primaryimage","url":"https:\/\/newsestlyonnais.fr\/site\/wp-content\/uploads\/2018\/04\/NEWSESTLYONNAIS-GV-DECINES-PATRICK.jpg","contentUrl":"https:\/\/newsestlyonnais.fr\/site\/wp-content\/uploads\/2018\/04\/NEWSESTLYONNAIS-GV-DECINES-PATRICK.jpg","width":2048,"height":1536,"caption":"NEWSESTLYONNAIS GV DECINES PATRICK"},{"@type":"BreadcrumbList","@id":"https:\/\/newsestlyonnais.fr\/site\/2018\/04\/27\/decines-de-la-marche-nordique-proposee-par-le-club-de-gv\/#breadcrumb","itemListElement":[{"@type":"ListItem","position":1,"name":"Accueil","item":"https:\/\/newsestlyonnais.fr\/site\/"},{"@type":"ListItem","position":2,"name":"DECINES | De la Marche Nordique propos\u00e9e par le club de GV"}]},{"@type":"WebSite","@id":"https:\/\/newsestlyonnais.fr\/site\/#website","url":"https:\/\/newsestlyonnais.fr\/site\/","name":"News Est Lyonnais","description":"L&#039;actualit\u00e9 au plus pr\u00e8s","publisher":{"@id":"https:\/\/newsestlyonnais.fr\/site\/#organization"},"potentialAction":[{"@type":"SearchAction","target":{"@type":"EntryPoint","urlTemplate":"https:\/\/newsestlyonnais.fr\/site\/?s={search_term_string}"},"query-input":{"@type":"PropertyValueSpecification","valueRequired":true,"valueName":"search_term_string"}}],"inLanguage":"fr-FR"},{"@type":"Organization","@id":"https:\/\/newsestlyonnais.fr\/site\/#organization","name":"News EST LYONNAIS","url":"https:\/\/newsestlyonnais.fr\/site\/","logo":{"@type":"ImageObject","inLanguage":"fr-FR","@id":"https:\/\/newsestlyonnais.fr\/site\/#\/schema\/logo\/image\/","url":"","contentUrl":"","caption":"News EST LYONNAIS"},"image":{"@id":"https:\/\/newsestlyonnais.fr\/site\/#\/schema\/logo\/image\/"}},{"@type":"Person","@id":"https:\/\/newsestlyonnais.fr\/site\/#\/schema\/person\/3230d5615f390bb808365d673001e887","name":"R\u00e9dac. NEWS","sameAs":["http:\/\/www.newsestlyonnais.fr","https:\/\/www.facebook.com\/pascal.oberson.1?fref=ts","https:\/\/fr.linkedin.com\/in\/pascal-oberson-b17045113"],"url":"https:\/\/newsestlyonnais.fr\/site\/author\/nel\/"}]}},"_links":{"self":[{"href":"https:\/\/newsestlyonnais.fr\/site\/wp-json\/wp\/v2\/posts\/48182","targetHints":{"allow":["GET"]}}],"collection":[{"href":"https:\/\/newsestlyonnais.fr\/site\/wp-json\/wp\/v2\/posts"}],"about":[{"href":"https:\/\/newsestlyonnais.fr\/site\/wp-json\/wp\/v2\/types\/post"}],"author":[{"embeddable":true,"href":"https:\/\/newsestlyonnais.fr\/site\/wp-json\/wp\/v2\/users\/4"}],"replies":[{"embeddable":true,"href":"https:\/\/newsestlyonnais.fr\/site\/wp-json\/wp\/v2\/comments?post=48182"}],"version-history":[{"count":0,"href":"https:\/\/newsestlyonnais.fr\/site\/wp-json\/wp\/v2\/posts\/48182\/revisions"}],"wp:featuredmedia":[{"embeddable":true,"href":"https:\/\/newsestlyonnais.fr\/site\/wp-json\/wp\/v2\/media\/48185"}],"wp:attachment":[{"href":"https:\/\/newsestlyonnais.fr\/site\/wp-json\/wp\/v2\/media?parent=48182"}],"wp:term":[{"taxonomy":"category","embeddable":true,"href":"https:\/\/newsestlyonnais.fr\/site\/wp-json\/wp\/v2\/categories?post=48182"},{"taxonomy":"post_tag","embeddable":true,"href":"https:\/\/newsestlyonnais.fr\/site\/wp-json\/wp\/v2\/tags?post=48182"}],"curies":[{"name":"wp","href":"https:\/\/api.w.org\/{rel}","templated":true}]}}