{"id":48200,"date":"2018-04-26T09:44:56","date_gmt":"2018-04-26T08:44:56","guid":{"rendered":"http:\/\/newsestlyonnais.fr\/site\/?p=48200"},"modified":"2020-11-11T14:26:18","modified_gmt":"2020-11-11T13:26:18","slug":"chassieu-decines-foot-stage-jeunes-et-tournois-a-venir-au-c-d-f-c","status":"publish","type":"post","link":"https:\/\/newsestlyonnais.fr\/site\/2018\/04\/26\/chassieu-decines-foot-stage-jeunes-et-tournois-a-venir-au-c-d-f-c\/","title":{"rendered":"CHASSIEU-DECINES | Foot > stage jeunes et tournois \u00e0 venir au C.D.F.C."},"content":{"rendered":"<h4>Apr\u00e8s celui d&rsquo;\u00e9t\u00e9, puis de la Toussaint, le Chassieu D\u00e9cines Football Club (C.D.F.C.) a organis\u00e9 durant la premi\u00e8re semaine des r\u00e9centes vacances de printemps, son 3\u00b0 stage de la saison.<\/h4>\n<p>Au total ce sont pr\u00e8s de <strong>110 stagiaires<\/strong> (filles et gar\u00e7ons) que les \u00e9ducateurs et b\u00e9n\u00e9voles du C.D.F.C ont accueilli durant ces 5 jours. Au programme : tests, sp\u00e9cifiques gardiens, oppositions, initiations \u00e0 d&rsquo;autres sports et sorties aupr\u00e8s du partenaire \u00ab\u00a0Set et Match\u00a0\u00bb \u00e0 Mions. Un stage durant lequel les jeunes pousses du club ont pu rencontrer une joueuse (Eug\u00e9nie Le Sommer) et des joueurs (Fernando Mar\u00e7al, Marcelo) de l&rsquo;Olympique Lyonnais.<\/p>\n<p>Le prochain stage pr\u00e9vu en juillet prochain viendra clore une saison 2017\/2018 riche en \u00e9v\u00e8nements !<\/p>\n<p><span style=\"text-decoration: underline\"><em><strong>NOTA<\/strong><\/em><\/span> : Le C.D.F.C organisera 2 tournois au cours du mois de mai:<\/p>\n<ul>\n<li>\u00a0<strong>Samedi 19 Mai<\/strong> : <strong>2\u00b0 tournoi f\u00e9minin<\/strong> (\u00e0 8 en U13 &amp; \u00e0 11 en U18). Pr\u00e9sence confirm\u00e9e des clubs suivants : Yzeure, Dijon, Bourgoin, Grenoble Foot, Racing Besan\u00e7on, FC St Etienne, FC Vaulx, Dom Tac, Grenoble MC2f, Pontcharra, Ste Foy L\u00e8s Lyon &amp; ASM Belfort).<\/li>\n<li><strong>Dimanche 20 Mai<\/strong> : <strong>Tournoi 1000 et un crampons<\/strong> (en U8 &amp; U9 gar\u00e7ons et filles)<\/li>\n<\/ul>\n<p><em><strong>Retrouvez l&rsquo;ACTU du C.D.F.C. sur : <a href=\"http:\/\/www.cdfc.fr\" target=\"_blank\" rel=\"noopener noreferrer\">http:\/\/www.cdfc.fr<\/a><br \/>\n<\/strong><\/em><\/p>\n<div id='gallery-1' class='gallery galleryid-48200 gallery-columns-3 gallery-size-thumbnail'><figure class='gallery-item'>\n\t\t\t<div class='gallery-icon landscape'>\n\t\t\t\t<a href='https:\/\/newsestlyonnais.fr\/site\/2018\/04\/26\/chassieu-decines-foot-stage-jeunes-et-tournois-a-venir-au-c-d-f-c\/newsestlyonnais-stage-marcal\/'><img loading=\"lazy\" decoding=\"async\" width=\"150\" height=\"150\" src=\"https:\/\/newsestlyonnais.fr\/site\/wp-content\/uploads\/2018\/04\/NEWSESTLYONNAIS-STAGE-MARCAL-150x150.jpg\" class=\"attachment-thumbnail size-thumbnail\" alt=\"NEWSESTLYONNAIS STAGE MARCAL\" aria-describedby=\"gallery-1-48218\" \/><\/a>\n\t\t\t<\/div>\n\t\t\t\t<figcaption class='wp-caption-text gallery-caption' id='gallery-1-48218'>\n\t\t\t\tLes jeunes ont pu rencontrer Marcal  \n\t\t\t\t<\/figcaption><\/figure><figure class='gallery-item'>\n\t\t\t<div class='gallery-icon landscape'>\n\t\t\t\t<a href='https:\/\/newsestlyonnais.fr\/site\/2018\/04\/26\/chassieu-decines-foot-stage-jeunes-et-tournois-a-venir-au-c-d-f-c\/newsestlyonnais-stage-marcelo\/'><img loading=\"lazy\" decoding=\"async\" width=\"150\" height=\"150\" src=\"https:\/\/newsestlyonnais.fr\/site\/wp-content\/uploads\/2018\/04\/NEWSESTLYONNAIS-STAGE-MARCELO-150x150.jpg\" class=\"attachment-thumbnail size-thumbnail\" alt=\"NEWSESTLYONNAIS STAGE MARCELO\" aria-describedby=\"gallery-1-48219\" \/><\/a>\n\t\t\t<\/div>\n\t\t\t\t<figcaption class='wp-caption-text gallery-caption' id='gallery-1-48219'>\n\t\t\t\tMais aussi Marcelo !\n\t\t\t\t<\/figcaption><\/figure><figure class='gallery-item'>\n\t\t\t<div class='gallery-icon landscape'>\n\t\t\t\t<a href='https:\/\/newsestlyonnais.fr\/site\/2018\/04\/26\/chassieu-decines-foot-stage-jeunes-et-tournois-a-venir-au-c-d-f-c\/newsestlyonnais-stage-le-sommer\/'><img loading=\"lazy\" decoding=\"async\" width=\"150\" height=\"150\" src=\"https:\/\/newsestlyonnais.fr\/site\/wp-content\/uploads\/2018\/04\/NEWSESTLYONNAIS-STAGE-LE-SOMMER-150x150.jpg\" class=\"attachment-thumbnail size-thumbnail\" alt=\"NEWSESTLYONNAIS - STAGE LE SOMMER\" aria-describedby=\"gallery-1-48221\" \/><\/a>\n\t\t\t<\/div>\n\t\t\t\t<figcaption class='wp-caption-text gallery-caption' id='gallery-1-48221'>\n\t\t\t\tEt enfin Eug\u00e9nie Le Sommer !\n\t\t\t\t<\/figcaption><\/figure><figure class='gallery-item'>\n\t\t\t<div class='gallery-icon portrait'>\n\t\t\t\t<a href='https:\/\/newsestlyonnais.fr\/site\/2018\/03\/12\/chassieu-decines-tournois-foot-et-matinee-cochonaille-au-c-d-f-c\/newsestlyonnais-foot-filles-chassieu-2\/'><img loading=\"lazy\" decoding=\"async\" width=\"150\" height=\"150\" src=\"https:\/\/newsestlyonnais.fr\/site\/wp-content\/uploads\/2018\/03\/NEWSESTLYONNAIS-FOOT-FILLES-CHASSIEU-150x150.jpg\" class=\"attachment-thumbnail size-thumbnail\" alt=\"NEWSESTLYONNAIS - FOOT FILLES CHASSIEU\" aria-describedby=\"gallery-1-45498\" \/><\/a>\n\t\t\t<\/div>\n\t\t\t\t<figcaption class='wp-caption-text gallery-caption' id='gallery-1-45498'>\n\t\t\t\t  Tournoi du 19 Mai  \n\t\t\t\t<\/figcaption><\/figure><figure class='gallery-item'>\n\t\t\t<div class='gallery-icon portrait'>\n\t\t\t\t<a href='https:\/\/newsestlyonnais.fr\/site\/newsestlyonnais-tournoi-1000-crampons\/'><img loading=\"lazy\" decoding=\"async\" width=\"150\" height=\"150\" src=\"https:\/\/newsestlyonnais.fr\/site\/wp-content\/uploads\/2018\/03\/NEWSESTLYONNAIS-tournoi-1000-crampons-150x150.jpg\" class=\"attachment-thumbnail size-thumbnail\" alt=\"NEWSESTLYONNAIS - tournoi 1000 crampons\" aria-describedby=\"gallery-1-45482\" \/><\/a>\n\t\t\t<\/div>\n\t\t\t\t<figcaption class='wp-caption-text gallery-caption' id='gallery-1-45482'>\n\t\t\t\t  Tournoi du 20 Mai \n\t\t\t\t<\/figcaption><\/figure>\n\t\t<\/div>\n\n","protected":false},"excerpt":{"rendered":"<p>Apr\u00e8s celui d&rsquo;\u00e9t\u00e9, puis de la Toussaint, le Chassieu D\u00e9cines Football Club (C.D.F.C.) a organis\u00e9 durant la premi\u00e8re semaine des r\u00e9centes vacances de printemps, son 3\u00b0 stage de la saison. Au total ce sont pr\u00e8s de 110 stagiaires (filles et gar\u00e7ons) que les \u00e9ducateurs et b\u00e9n\u00e9voles du C.D.F.C ont accueilli durant ces 5 jours. Au [&hellip;]<\/p>\n","protected":false},"author":4,"featured_media":48203,"comment_status":"open","ping_status":"open","sticky":false,"template":"","format":"standard","meta":{"footnotes":""},"categories":[1283,21,1329,2996],"tags":[],"class_list":["post-48200","post","type-post","status-publish","format-standard","has-post-thumbnail","hentry","category-chassieu-communes-diverses","category-decines-charpieu","category-foot","category-football-rugby"],"yoast_head":"<!-- This site is optimized with the Yoast SEO plugin v27.2 - https:\/\/yoast.com\/product\/yoast-seo-wordpress\/ -->\n<title>CHASSIEU\/DECINES : FOOT : Un stage jeunes et des tournois \u00e0 venir au C.D.F.C.<\/title>\n<meta name=\"description\" content=\"CHASSIEU\/DECINES : FOOT : Un stage jeunes et des tournois \u00e0 venir au C.D.F.C.\" \/>\n<meta name=\"robots\" content=\"index, follow, max-snippet:-1, max-image-preview:large, max-video-preview:-1\" \/>\n<link rel=\"canonical\" href=\"https:\/\/newsestlyonnais.fr\/site\/2018\/04\/26\/chassieu-decines-foot-stage-jeunes-et-tournois-a-venir-au-c-d-f-c\/\" \/>\n<meta property=\"og:locale\" content=\"fr_FR\" \/>\n<meta property=\"og:type\" content=\"article\" \/>\n<meta property=\"og:title\" content=\"CHASSIEU\/DECINES : FOOT : Un stage jeunes et des tournois \u00e0 venir au C.D.F.C.\" \/>\n<meta property=\"og:description\" content=\"CHASSIEU\/DECINES : FOOT : Un stage jeunes et des tournois \u00e0 venir au C.D.F.C.\" \/>\n<meta property=\"og:url\" content=\"https:\/\/newsestlyonnais.fr\/site\/2018\/04\/26\/chassieu-decines-foot-stage-jeunes-et-tournois-a-venir-au-c-d-f-c\/\" \/>\n<meta property=\"og:site_name\" content=\"News Est Lyonnais\" \/>\n<meta property=\"article:author\" content=\"https:\/\/www.facebook.com\/pascal.oberson.1?fref=ts\" \/>\n<meta property=\"article:published_time\" content=\"2018-04-26T08:44:56+00:00\" \/>\n<meta property=\"article:modified_time\" content=\"2020-11-11T13:26:18+00:00\" \/>\n<meta property=\"og:image\" content=\"https:\/\/i1.wp.com\/newsestlyonnais.fr\/site\/wp-content\/uploads\/2018\/04\/NEWSESTLYONNAIS-4\u00b0-jour-de-stage-2018.jpg?fit=891%2C594&ssl=1\" \/>\n\t<meta property=\"og:image:width\" content=\"891\" \/>\n\t<meta property=\"og:image:height\" content=\"594\" \/>\n\t<meta property=\"og:image:type\" content=\"image\/jpeg\" \/>\n<meta name=\"author\" content=\"R\u00e9dac. NEWS\" \/>\n<meta name=\"twitter:card\" content=\"summary_large_image\" \/>\n<meta name=\"twitter:label1\" content=\"\u00c9crit par\" \/>\n\t<meta name=\"twitter:data1\" content=\"R\u00e9dac. NEWS\" \/>\n\t<meta name=\"twitter:label2\" content=\"Dur\u00e9e de lecture estim\u00e9e\" \/>\n\t<meta name=\"twitter:data2\" content=\"1 minute\" \/>\n<script type=\"application\/ld+json\" class=\"yoast-schema-graph\">{\"@context\":\"https:\/\/schema.org\",\"@graph\":[{\"@type\":\"Article\",\"@id\":\"https:\/\/newsestlyonnais.fr\/site\/2018\/04\/26\/chassieu-decines-foot-stage-jeunes-et-tournois-a-venir-au-c-d-f-c\/#article\",\"isPartOf\":{\"@id\":\"https:\/\/newsestlyonnais.fr\/site\/2018\/04\/26\/chassieu-decines-foot-stage-jeunes-et-tournois-a-venir-au-c-d-f-c\/\"},\"author\":{\"name\":\"R\u00e9dac. NEWS\",\"@id\":\"https:\/\/newsestlyonnais.fr\/site\/#\/schema\/person\/3230d5615f390bb808365d673001e887\"},\"headline\":\"CHASSIEU-DECINES | Foot > stage jeunes et tournois \u00e0 venir au C.D.F.C.\",\"datePublished\":\"2018-04-26T08:44:56+00:00\",\"dateModified\":\"2020-11-11T13:26:18+00:00\",\"mainEntityOfPage\":{\"@id\":\"https:\/\/newsestlyonnais.fr\/site\/2018\/04\/26\/chassieu-decines-foot-stage-jeunes-et-tournois-a-venir-au-c-d-f-c\/\"},\"wordCount\":233,\"commentCount\":0,\"publisher\":{\"@id\":\"https:\/\/newsestlyonnais.fr\/site\/#organization\"},\"image\":{\"@id\":\"https:\/\/newsestlyonnais.fr\/site\/2018\/04\/26\/chassieu-decines-foot-stage-jeunes-et-tournois-a-venir-au-c-d-f-c\/#primaryimage\"},\"thumbnailUrl\":\"https:\/\/newsestlyonnais.fr\/site\/wp-content\/uploads\/2018\/04\/NEWSESTLYONNAIS-4\u00b0-jour-de-stage-2018.jpg\",\"articleSection\":[\"Chassieu | Communes diverses\",\"D\u00e9cines-Charpieu\",\"Foot | Futsal\",\"Foot | Rugby\"],\"inLanguage\":\"fr-FR\",\"potentialAction\":[{\"@type\":\"CommentAction\",\"name\":\"Comment\",\"target\":[\"https:\/\/newsestlyonnais.fr\/site\/2018\/04\/26\/chassieu-decines-foot-stage-jeunes-et-tournois-a-venir-au-c-d-f-c\/#respond\"]}]},{\"@type\":\"WebPage\",\"@id\":\"https:\/\/newsestlyonnais.fr\/site\/2018\/04\/26\/chassieu-decines-foot-stage-jeunes-et-tournois-a-venir-au-c-d-f-c\/\",\"url\":\"https:\/\/newsestlyonnais.fr\/site\/2018\/04\/26\/chassieu-decines-foot-stage-jeunes-et-tournois-a-venir-au-c-d-f-c\/\",\"name\":\"CHASSIEU\/DECINES : FOOT : Un stage jeunes et des tournois \u00e0 venir au C.D.F.C.\",\"isPartOf\":{\"@id\":\"https:\/\/newsestlyonnais.fr\/site\/#website\"},\"primaryImageOfPage\":{\"@id\":\"https:\/\/newsestlyonnais.fr\/site\/2018\/04\/26\/chassieu-decines-foot-stage-jeunes-et-tournois-a-venir-au-c-d-f-c\/#primaryimage\"},\"image\":{\"@id\":\"https:\/\/newsestlyonnais.fr\/site\/2018\/04\/26\/chassieu-decines-foot-stage-jeunes-et-tournois-a-venir-au-c-d-f-c\/#primaryimage\"},\"thumbnailUrl\":\"https:\/\/newsestlyonnais.fr\/site\/wp-content\/uploads\/2018\/04\/NEWSESTLYONNAIS-4\u00b0-jour-de-stage-2018.jpg\",\"datePublished\":\"2018-04-26T08:44:56+00:00\",\"dateModified\":\"2020-11-11T13:26:18+00:00\",\"description\":\"CHASSIEU\/DECINES : FOOT : Un stage jeunes et des tournois \u00e0 venir au C.D.F.C.\",\"breadcrumb\":{\"@id\":\"https:\/\/newsestlyonnais.fr\/site\/2018\/04\/26\/chassieu-decines-foot-stage-jeunes-et-tournois-a-venir-au-c-d-f-c\/#breadcrumb\"},\"inLanguage\":\"fr-FR\",\"potentialAction\":[{\"@type\":\"ReadAction\",\"target\":[\"https:\/\/newsestlyonnais.fr\/site\/2018\/04\/26\/chassieu-decines-foot-stage-jeunes-et-tournois-a-venir-au-c-d-f-c\/\"]}]},{\"@type\":\"ImageObject\",\"inLanguage\":\"fr-FR\",\"@id\":\"https:\/\/newsestlyonnais.fr\/site\/2018\/04\/26\/chassieu-decines-foot-stage-jeunes-et-tournois-a-venir-au-c-d-f-c\/#primaryimage\",\"url\":\"https:\/\/newsestlyonnais.fr\/site\/wp-content\/uploads\/2018\/04\/NEWSESTLYONNAIS-4\u00b0-jour-de-stage-2018.jpg\",\"contentUrl\":\"https:\/\/newsestlyonnais.fr\/site\/wp-content\/uploads\/2018\/04\/NEWSESTLYONNAIS-4\u00b0-jour-de-stage-2018.jpg\",\"width\":891,\"height\":594,\"caption\":\"NEWSESTLYONNAIS 4\u00b0 jour de stage 2018\"},{\"@type\":\"BreadcrumbList\",\"@id\":\"https:\/\/newsestlyonnais.fr\/site\/2018\/04\/26\/chassieu-decines-foot-stage-jeunes-et-tournois-a-venir-au-c-d-f-c\/#breadcrumb\",\"itemListElement\":[{\"@type\":\"ListItem\",\"position\":1,\"name\":\"Accueil\",\"item\":\"https:\/\/newsestlyonnais.fr\/site\/\"},{\"@type\":\"ListItem\",\"position\":2,\"name\":\"CHASSIEU-DECINES | Foot > stage jeunes et tournois \u00e0 venir au C.D.F.C.\"}]},{\"@type\":\"WebSite\",\"@id\":\"https:\/\/newsestlyonnais.fr\/site\/#website\",\"url\":\"https:\/\/newsestlyonnais.fr\/site\/\",\"name\":\"News Est Lyonnais\",\"description\":\"L&#039;actualit\u00e9 au plus pr\u00e8s\",\"publisher\":{\"@id\":\"https:\/\/newsestlyonnais.fr\/site\/#organization\"},\"potentialAction\":[{\"@type\":\"SearchAction\",\"target\":{\"@type\":\"EntryPoint\",\"urlTemplate\":\"https:\/\/newsestlyonnais.fr\/site\/?s={search_term_string}\"},\"query-input\":{\"@type\":\"PropertyValueSpecification\",\"valueRequired\":true,\"valueName\":\"search_term_string\"}}],\"inLanguage\":\"fr-FR\"},{\"@type\":\"Organization\",\"@id\":\"https:\/\/newsestlyonnais.fr\/site\/#organization\",\"name\":\"News EST LYONNAIS\",\"url\":\"https:\/\/newsestlyonnais.fr\/site\/\",\"logo\":{\"@type\":\"ImageObject\",\"inLanguage\":\"fr-FR\",\"@id\":\"https:\/\/newsestlyonnais.fr\/site\/#\/schema\/logo\/image\/\",\"url\":\"\",\"contentUrl\":\"\",\"caption\":\"News EST LYONNAIS\"},\"image\":{\"@id\":\"https:\/\/newsestlyonnais.fr\/site\/#\/schema\/logo\/image\/\"}},{\"@type\":\"Person\",\"@id\":\"https:\/\/newsestlyonnais.fr\/site\/#\/schema\/person\/3230d5615f390bb808365d673001e887\",\"name\":\"R\u00e9dac. NEWS\",\"sameAs\":[\"http:\/\/www.newsestlyonnais.fr\",\"https:\/\/www.facebook.com\/pascal.oberson.1?fref=ts\",\"https:\/\/fr.linkedin.com\/in\/pascal-oberson-b17045113\"],\"url\":\"https:\/\/newsestlyonnais.fr\/site\/author\/nel\/\"}]}<\/script>\n<!-- \/ Yoast SEO plugin. -->","yoast_head_json":{"title":"CHASSIEU\/DECINES : FOOT : Un stage jeunes et des tournois \u00e0 venir au C.D.F.C.","description":"CHASSIEU\/DECINES : FOOT : Un stage jeunes et des tournois \u00e0 venir au C.D.F.C.","robots":{"index":"index","follow":"follow","max-snippet":"max-snippet:-1","max-image-preview":"max-image-preview:large","max-video-preview":"max-video-preview:-1"},"canonical":"https:\/\/newsestlyonnais.fr\/site\/2018\/04\/26\/chassieu-decines-foot-stage-jeunes-et-tournois-a-venir-au-c-d-f-c\/","og_locale":"fr_FR","og_type":"article","og_title":"CHASSIEU\/DECINES : FOOT : Un stage jeunes et des tournois \u00e0 venir au C.D.F.C.","og_description":"CHASSIEU\/DECINES : FOOT : Un stage jeunes et des tournois \u00e0 venir au C.D.F.C.","og_url":"https:\/\/newsestlyonnais.fr\/site\/2018\/04\/26\/chassieu-decines-foot-stage-jeunes-et-tournois-a-venir-au-c-d-f-c\/","og_site_name":"News Est Lyonnais","article_author":"https:\/\/www.facebook.com\/pascal.oberson.1?fref=ts","article_published_time":"2018-04-26T08:44:56+00:00","article_modified_time":"2020-11-11T13:26:18+00:00","og_image":[{"width":891,"height":594,"url":"https:\/\/i1.wp.com\/newsestlyonnais.fr\/site\/wp-content\/uploads\/2018\/04\/NEWSESTLYONNAIS-4\u00b0-jour-de-stage-2018.jpg?fit=891%2C594&ssl=1","type":"image\/jpeg"}],"author":"R\u00e9dac. NEWS","twitter_card":"summary_large_image","twitter_misc":{"\u00c9crit par":"R\u00e9dac. NEWS","Dur\u00e9e de lecture estim\u00e9e":"1 minute"},"schema":{"@context":"https:\/\/schema.org","@graph":[{"@type":"Article","@id":"https:\/\/newsestlyonnais.fr\/site\/2018\/04\/26\/chassieu-decines-foot-stage-jeunes-et-tournois-a-venir-au-c-d-f-c\/#article","isPartOf":{"@id":"https:\/\/newsestlyonnais.fr\/site\/2018\/04\/26\/chassieu-decines-foot-stage-jeunes-et-tournois-a-venir-au-c-d-f-c\/"},"author":{"name":"R\u00e9dac. NEWS","@id":"https:\/\/newsestlyonnais.fr\/site\/#\/schema\/person\/3230d5615f390bb808365d673001e887"},"headline":"CHASSIEU-DECINES | Foot > stage jeunes et tournois \u00e0 venir au C.D.F.C.","datePublished":"2018-04-26T08:44:56+00:00","dateModified":"2020-11-11T13:26:18+00:00","mainEntityOfPage":{"@id":"https:\/\/newsestlyonnais.fr\/site\/2018\/04\/26\/chassieu-decines-foot-stage-jeunes-et-tournois-a-venir-au-c-d-f-c\/"},"wordCount":233,"commentCount":0,"publisher":{"@id":"https:\/\/newsestlyonnais.fr\/site\/#organization"},"image":{"@id":"https:\/\/newsestlyonnais.fr\/site\/2018\/04\/26\/chassieu-decines-foot-stage-jeunes-et-tournois-a-venir-au-c-d-f-c\/#primaryimage"},"thumbnailUrl":"https:\/\/newsestlyonnais.fr\/site\/wp-content\/uploads\/2018\/04\/NEWSESTLYONNAIS-4\u00b0-jour-de-stage-2018.jpg","articleSection":["Chassieu | Communes diverses","D\u00e9cines-Charpieu","Foot | Futsal","Foot | Rugby"],"inLanguage":"fr-FR","potentialAction":[{"@type":"CommentAction","name":"Comment","target":["https:\/\/newsestlyonnais.fr\/site\/2018\/04\/26\/chassieu-decines-foot-stage-jeunes-et-tournois-a-venir-au-c-d-f-c\/#respond"]}]},{"@type":"WebPage","@id":"https:\/\/newsestlyonnais.fr\/site\/2018\/04\/26\/chassieu-decines-foot-stage-jeunes-et-tournois-a-venir-au-c-d-f-c\/","url":"https:\/\/newsestlyonnais.fr\/site\/2018\/04\/26\/chassieu-decines-foot-stage-jeunes-et-tournois-a-venir-au-c-d-f-c\/","name":"CHASSIEU\/DECINES : FOOT : Un stage jeunes et des tournois \u00e0 venir au C.D.F.C.","isPartOf":{"@id":"https:\/\/newsestlyonnais.fr\/site\/#website"},"primaryImageOfPage":{"@id":"https:\/\/newsestlyonnais.fr\/site\/2018\/04\/26\/chassieu-decines-foot-stage-jeunes-et-tournois-a-venir-au-c-d-f-c\/#primaryimage"},"image":{"@id":"https:\/\/newsestlyonnais.fr\/site\/2018\/04\/26\/chassieu-decines-foot-stage-jeunes-et-tournois-a-venir-au-c-d-f-c\/#primaryimage"},"thumbnailUrl":"https:\/\/newsestlyonnais.fr\/site\/wp-content\/uploads\/2018\/04\/NEWSESTLYONNAIS-4\u00b0-jour-de-stage-2018.jpg","datePublished":"2018-04-26T08:44:56+00:00","dateModified":"2020-11-11T13:26:18+00:00","description":"CHASSIEU\/DECINES : FOOT : Un stage jeunes et des tournois \u00e0 venir au C.D.F.C.","breadcrumb":{"@id":"https:\/\/newsestlyonnais.fr\/site\/2018\/04\/26\/chassieu-decines-foot-stage-jeunes-et-tournois-a-venir-au-c-d-f-c\/#breadcrumb"},"inLanguage":"fr-FR","potentialAction":[{"@type":"ReadAction","target":["https:\/\/newsestlyonnais.fr\/site\/2018\/04\/26\/chassieu-decines-foot-stage-jeunes-et-tournois-a-venir-au-c-d-f-c\/"]}]},{"@type":"ImageObject","inLanguage":"fr-FR","@id":"https:\/\/newsestlyonnais.fr\/site\/2018\/04\/26\/chassieu-decines-foot-stage-jeunes-et-tournois-a-venir-au-c-d-f-c\/#primaryimage","url":"https:\/\/newsestlyonnais.fr\/site\/wp-content\/uploads\/2018\/04\/NEWSESTLYONNAIS-4\u00b0-jour-de-stage-2018.jpg","contentUrl":"https:\/\/newsestlyonnais.fr\/site\/wp-content\/uploads\/2018\/04\/NEWSESTLYONNAIS-4\u00b0-jour-de-stage-2018.jpg","width":891,"height":594,"caption":"NEWSESTLYONNAIS 4\u00b0 jour de stage 2018"},{"@type":"BreadcrumbList","@id":"https:\/\/newsestlyonnais.fr\/site\/2018\/04\/26\/chassieu-decines-foot-stage-jeunes-et-tournois-a-venir-au-c-d-f-c\/#breadcrumb","itemListElement":[{"@type":"ListItem","position":1,"name":"Accueil","item":"https:\/\/newsestlyonnais.fr\/site\/"},{"@type":"ListItem","position":2,"name":"CHASSIEU-DECINES | Foot > stage jeunes et tournois \u00e0 venir au C.D.F.C."}]},{"@type":"WebSite","@id":"https:\/\/newsestlyonnais.fr\/site\/#website","url":"https:\/\/newsestlyonnais.fr\/site\/","name":"News Est Lyonnais","description":"L&#039;actualit\u00e9 au plus pr\u00e8s","publisher":{"@id":"https:\/\/newsestlyonnais.fr\/site\/#organization"},"potentialAction":[{"@type":"SearchAction","target":{"@type":"EntryPoint","urlTemplate":"https:\/\/newsestlyonnais.fr\/site\/?s={search_term_string}"},"query-input":{"@type":"PropertyValueSpecification","valueRequired":true,"valueName":"search_term_string"}}],"inLanguage":"fr-FR"},{"@type":"Organization","@id":"https:\/\/newsestlyonnais.fr\/site\/#organization","name":"News EST LYONNAIS","url":"https:\/\/newsestlyonnais.fr\/site\/","logo":{"@type":"ImageObject","inLanguage":"fr-FR","@id":"https:\/\/newsestlyonnais.fr\/site\/#\/schema\/logo\/image\/","url":"","contentUrl":"","caption":"News EST LYONNAIS"},"image":{"@id":"https:\/\/newsestlyonnais.fr\/site\/#\/schema\/logo\/image\/"}},{"@type":"Person","@id":"https:\/\/newsestlyonnais.fr\/site\/#\/schema\/person\/3230d5615f390bb808365d673001e887","name":"R\u00e9dac. NEWS","sameAs":["http:\/\/www.newsestlyonnais.fr","https:\/\/www.facebook.com\/pascal.oberson.1?fref=ts","https:\/\/fr.linkedin.com\/in\/pascal-oberson-b17045113"],"url":"https:\/\/newsestlyonnais.fr\/site\/author\/nel\/"}]}},"_links":{"self":[{"href":"https:\/\/newsestlyonnais.fr\/site\/wp-json\/wp\/v2\/posts\/48200","targetHints":{"allow":["GET"]}}],"collection":[{"href":"https:\/\/newsestlyonnais.fr\/site\/wp-json\/wp\/v2\/posts"}],"about":[{"href":"https:\/\/newsestlyonnais.fr\/site\/wp-json\/wp\/v2\/types\/post"}],"author":[{"embeddable":true,"href":"https:\/\/newsestlyonnais.fr\/site\/wp-json\/wp\/v2\/users\/4"}],"replies":[{"embeddable":true,"href":"https:\/\/newsestlyonnais.fr\/site\/wp-json\/wp\/v2\/comments?post=48200"}],"version-history":[{"count":0,"href":"https:\/\/newsestlyonnais.fr\/site\/wp-json\/wp\/v2\/posts\/48200\/revisions"}],"wp:featuredmedia":[{"embeddable":true,"href":"https:\/\/newsestlyonnais.fr\/site\/wp-json\/wp\/v2\/media\/48203"}],"wp:attachment":[{"href":"https:\/\/newsestlyonnais.fr\/site\/wp-json\/wp\/v2\/media?parent=48200"}],"wp:term":[{"taxonomy":"category","embeddable":true,"href":"https:\/\/newsestlyonnais.fr\/site\/wp-json\/wp\/v2\/categories?post=48200"},{"taxonomy":"post_tag","embeddable":true,"href":"https:\/\/newsestlyonnais.fr\/site\/wp-json\/wp\/v2\/tags?post=48200"}],"curies":[{"name":"wp","href":"https:\/\/api.w.org\/{rel}","templated":true}]}}