{"id":48229,"date":"2018-04-26T13:05:10","date_gmt":"2018-04-26T12:05:10","guid":{"rendered":"http:\/\/newsestlyonnais.fr\/site\/?p=48229"},"modified":"2020-11-09T07:10:25","modified_gmt":"2020-11-09T06:10:25","slug":"genas-22-marche-de-lartisanat-dart-et-des-saveurs","status":"publish","type":"post","link":"https:\/\/newsestlyonnais.fr\/site\/2018\/04\/26\/genas-22-marche-de-lartisanat-dart-et-des-saveurs\/","title":{"rendered":"GENAS | 22 \u00b0 March\u00e9 de l&rsquo;Artisanat d&rsquo;Art et des Saveurs, samedi 26 mai"},"content":{"rendered":"<div class=\"evo_metarow_details evorow evcal_evdata_row bordb evcal_event_details\">\n<div class=\"evcal_evdata_cell \">\n<div class=\"eventon_full_description\">\n<div class=\"eventon_desc_in\">\n<h4>Le March\u00e9 de l&rsquo;Artisanat d&rsquo;Art et des Saveurs en sera \u00e0 sa 22\u00b0 \u00e9dition, le samedi 26 mai prochain avec une belle offre propos\u00e9e aux visiteurs par l&rsquo;association Escapade.<\/h4>\n<div>\u00a0\u00a0\u00bb L&rsquo;occasion de d\u00e9couvrir une cinquantaine d\u2019artisans proposant un vaste choix d\u2019objets artisanaux: bijoux, poterie, peinture, habillement, maroquinerie,d\u00e9co\u2026 ainsi que des saveurs originales: g\u00e2teaux, confitures sal\u00e9es et<\/div>\n<div>sucr\u00e9es\u2026 Profitez de cette occasion pour faire vos cadeaux pour la F\u00eate des M\u00e8res ! Vous trouverez aussi sur place une buvette et de quoi vous restaurer \u00ab\u00a0. indique Jean-Marc Chevalier pr\u00e9sident de cette association genassienne organisatrice de cet \u00e9v\u00e8nement.<\/div>\n<\/div>\n<div>&#8211;\u00a0 Contact: escapade_genas69@yahoo.fr<\/div>\n<\/div>\n<\/div>\n<\/div>\n<div class=\"evo_metarow_time evorow evcal_evdata_row bordb evcal_evrow_sm lastrow\">\n<ul>\n<li><em><strong>Samedi 26 Mai de 9 h \u00e0 18 h sous la Halle du March\u00e9.<\/strong><\/em><\/li>\n<\/ul>\n<div class=\"evcal_evdata_cell\"><\/div>\n<\/div>\n<p>&nbsp;<\/p>\n<p><img loading=\"lazy\" decoding=\"async\" class=\"size-full wp-image-48178 aligncenter\" src=\"https:\/\/newsestlyonnais.fr\/site\/medias\/2018\/04\/NEWSESTLYONNAIS-affiche-2018-.jpg\" alt=\"NEWSESTLYONNAIS affiche 2018\" width=\"421\" height=\"594\" srcset=\"https:\/\/newsestlyonnais.fr\/site\/wp-content\/uploads\/2018\/04\/NEWSESTLYONNAIS-affiche-2018-.jpg 421w, https:\/\/newsestlyonnais.fr\/site\/wp-content\/uploads\/2018\/04\/NEWSESTLYONNAIS-affiche-2018--213x300.jpg 213w\" sizes=\"auto, (max-width: 421px) 100vw, 421px\" \/><\/p>\n","protected":false},"excerpt":{"rendered":"<p>Le March\u00e9 de l&rsquo;Artisanat d&rsquo;Art et des Saveurs en sera \u00e0 sa 22\u00b0 \u00e9dition, le samedi 26 mai prochain avec une belle offre propos\u00e9e aux visiteurs par l&rsquo;association Escapade. \u00a0\u00a0\u00bb L&rsquo;occasion de d\u00e9couvrir une cinquantaine d\u2019artisans proposant un vaste choix d\u2019objets artisanaux: bijoux, poterie, peinture, habillement, maroquinerie,d\u00e9co\u2026 ainsi que des saveurs originales: g\u00e2teaux, confitures sal\u00e9es [&hellip;]<\/p>\n","protected":false},"author":4,"featured_media":8137,"comment_status":"open","ping_status":"open","sticky":false,"template":"","format":"standard","meta":{"footnotes":""},"categories":[2970,3427,270,1598,1380],"tags":[],"class_list":["post-48229","post","type-post","status-publish","format-standard","has-post-thumbnail","hentry","category-artisans-commerces-economie","category-arts-creatifs-dessin","category-cte-de-communes-c-c-e-l","category-genas","category-marches"],"yoast_head":"<!-- This site is optimized with the Yoast SEO plugin v27.2 - https:\/\/yoast.com\/product\/yoast-seo-wordpress\/ -->\n<title>GENAS : 22 \u00b0 March\u00e9 de l&#039;Artisanat d&#039;Art et des Saveurs<\/title>\n<meta name=\"description\" content=\"GENAS : 22 \u00b0 March\u00e9 de l&#039;Artisanat d&#039;Art et des Saveurs\" \/>\n<meta name=\"robots\" content=\"index, follow, max-snippet:-1, max-image-preview:large, max-video-preview:-1\" \/>\n<link rel=\"canonical\" href=\"https:\/\/newsestlyonnais.fr\/site\/2018\/04\/26\/genas-22-marche-de-lartisanat-dart-et-des-saveurs\/\" \/>\n<meta property=\"og:locale\" content=\"fr_FR\" \/>\n<meta property=\"og:type\" content=\"article\" \/>\n<meta property=\"og:title\" content=\"GENAS : 22 \u00b0 March\u00e9 de l&#039;Artisanat d&#039;Art et des Saveurs\" \/>\n<meta property=\"og:description\" content=\"GENAS : 22 \u00b0 March\u00e9 de l&#039;Artisanat d&#039;Art et des Saveurs\" \/>\n<meta property=\"og:url\" content=\"https:\/\/newsestlyonnais.fr\/site\/2018\/04\/26\/genas-22-marche-de-lartisanat-dart-et-des-saveurs\/\" \/>\n<meta property=\"og:site_name\" content=\"News Est Lyonnais\" \/>\n<meta property=\"article:author\" content=\"https:\/\/www.facebook.com\/pascal.oberson.1?fref=ts\" \/>\n<meta property=\"article:published_time\" content=\"2018-04-26T12:05:10+00:00\" \/>\n<meta property=\"article:modified_time\" content=\"2020-11-09T06:10:25+00:00\" \/>\n<meta property=\"og:image\" content=\"https:\/\/i0.wp.com\/newsestlyonnais.fr\/site\/wp-content\/uploads\/2016\/05\/NEWSESTLYONNAISPANNEAUGENAS-1.jpg?fit=1000%2C750&ssl=1\" \/>\n\t<meta property=\"og:image:width\" content=\"1000\" \/>\n\t<meta property=\"og:image:height\" content=\"750\" \/>\n\t<meta property=\"og:image:type\" content=\"image\/jpeg\" \/>\n<meta name=\"author\" content=\"R\u00e9dac. NEWS\" \/>\n<meta name=\"twitter:card\" content=\"summary_large_image\" \/>\n<meta name=\"twitter:label1\" content=\"\u00c9crit par\" \/>\n\t<meta name=\"twitter:data1\" content=\"R\u00e9dac. NEWS\" \/>\n\t<meta name=\"twitter:label2\" content=\"Dur\u00e9e de lecture estim\u00e9e\" \/>\n\t<meta name=\"twitter:data2\" content=\"1 minute\" \/>\n<script type=\"application\/ld+json\" class=\"yoast-schema-graph\">{\"@context\":\"https:\/\/schema.org\",\"@graph\":[{\"@type\":\"Article\",\"@id\":\"https:\/\/newsestlyonnais.fr\/site\/2018\/04\/26\/genas-22-marche-de-lartisanat-dart-et-des-saveurs\/#article\",\"isPartOf\":{\"@id\":\"https:\/\/newsestlyonnais.fr\/site\/2018\/04\/26\/genas-22-marche-de-lartisanat-dart-et-des-saveurs\/\"},\"author\":{\"name\":\"R\u00e9dac. NEWS\",\"@id\":\"https:\/\/newsestlyonnais.fr\/site\/#\/schema\/person\/3230d5615f390bb808365d673001e887\"},\"headline\":\"GENAS | 22 \u00b0 March\u00e9 de l&rsquo;Artisanat d&rsquo;Art et des Saveurs, samedi 26 mai\",\"datePublished\":\"2018-04-26T12:05:10+00:00\",\"dateModified\":\"2020-11-09T06:10:25+00:00\",\"mainEntityOfPage\":{\"@id\":\"https:\/\/newsestlyonnais.fr\/site\/2018\/04\/26\/genas-22-marche-de-lartisanat-dart-et-des-saveurs\/\"},\"wordCount\":136,\"commentCount\":0,\"publisher\":{\"@id\":\"https:\/\/newsestlyonnais.fr\/site\/#organization\"},\"image\":{\"@id\":\"https:\/\/newsestlyonnais.fr\/site\/2018\/04\/26\/genas-22-marche-de-lartisanat-dart-et-des-saveurs\/#primaryimage\"},\"thumbnailUrl\":\"https:\/\/newsestlyonnais.fr\/site\/wp-content\/uploads\/2016\/05\/NEWSESTLYONNAISPANNEAUGENAS-1.jpg\",\"articleSection\":[\"Artisans | Commerces\",\"Arts cr\u00e9atifs | Dessin\",\"CCEL | Communes\",\"Genas\",\"March\u00e9s\"],\"inLanguage\":\"fr-FR\",\"potentialAction\":[{\"@type\":\"CommentAction\",\"name\":\"Comment\",\"target\":[\"https:\/\/newsestlyonnais.fr\/site\/2018\/04\/26\/genas-22-marche-de-lartisanat-dart-et-des-saveurs\/#respond\"]}]},{\"@type\":\"WebPage\",\"@id\":\"https:\/\/newsestlyonnais.fr\/site\/2018\/04\/26\/genas-22-marche-de-lartisanat-dart-et-des-saveurs\/\",\"url\":\"https:\/\/newsestlyonnais.fr\/site\/2018\/04\/26\/genas-22-marche-de-lartisanat-dart-et-des-saveurs\/\",\"name\":\"GENAS : 22 \u00b0 March\u00e9 de l'Artisanat d'Art et des Saveurs\",\"isPartOf\":{\"@id\":\"https:\/\/newsestlyonnais.fr\/site\/#website\"},\"primaryImageOfPage\":{\"@id\":\"https:\/\/newsestlyonnais.fr\/site\/2018\/04\/26\/genas-22-marche-de-lartisanat-dart-et-des-saveurs\/#primaryimage\"},\"image\":{\"@id\":\"https:\/\/newsestlyonnais.fr\/site\/2018\/04\/26\/genas-22-marche-de-lartisanat-dart-et-des-saveurs\/#primaryimage\"},\"thumbnailUrl\":\"https:\/\/newsestlyonnais.fr\/site\/wp-content\/uploads\/2016\/05\/NEWSESTLYONNAISPANNEAUGENAS-1.jpg\",\"datePublished\":\"2018-04-26T12:05:10+00:00\",\"dateModified\":\"2020-11-09T06:10:25+00:00\",\"description\":\"GENAS : 22 \u00b0 March\u00e9 de l'Artisanat d'Art et des Saveurs\",\"breadcrumb\":{\"@id\":\"https:\/\/newsestlyonnais.fr\/site\/2018\/04\/26\/genas-22-marche-de-lartisanat-dart-et-des-saveurs\/#breadcrumb\"},\"inLanguage\":\"fr-FR\",\"potentialAction\":[{\"@type\":\"ReadAction\",\"target\":[\"https:\/\/newsestlyonnais.fr\/site\/2018\/04\/26\/genas-22-marche-de-lartisanat-dart-et-des-saveurs\/\"]}]},{\"@type\":\"ImageObject\",\"inLanguage\":\"fr-FR\",\"@id\":\"https:\/\/newsestlyonnais.fr\/site\/2018\/04\/26\/genas-22-marche-de-lartisanat-dart-et-des-saveurs\/#primaryimage\",\"url\":\"https:\/\/newsestlyonnais.fr\/site\/wp-content\/uploads\/2016\/05\/NEWSESTLYONNAISPANNEAUGENAS-1.jpg\",\"contentUrl\":\"https:\/\/newsestlyonnais.fr\/site\/wp-content\/uploads\/2016\/05\/NEWSESTLYONNAISPANNEAUGENAS-1.jpg\",\"width\":1000,\"height\":750,\"caption\":\"NEWSESTLYONNAISPANNEAUGENAS\"},{\"@type\":\"BreadcrumbList\",\"@id\":\"https:\/\/newsestlyonnais.fr\/site\/2018\/04\/26\/genas-22-marche-de-lartisanat-dart-et-des-saveurs\/#breadcrumb\",\"itemListElement\":[{\"@type\":\"ListItem\",\"position\":1,\"name\":\"Accueil\",\"item\":\"https:\/\/newsestlyonnais.fr\/site\/\"},{\"@type\":\"ListItem\",\"position\":2,\"name\":\"GENAS | 22 \u00b0 March\u00e9 de l&rsquo;Artisanat d&rsquo;Art et des Saveurs, samedi 26 mai\"}]},{\"@type\":\"WebSite\",\"@id\":\"https:\/\/newsestlyonnais.fr\/site\/#website\",\"url\":\"https:\/\/newsestlyonnais.fr\/site\/\",\"name\":\"News Est Lyonnais\",\"description\":\"L&#039;actualit\u00e9 au plus pr\u00e8s\",\"publisher\":{\"@id\":\"https:\/\/newsestlyonnais.fr\/site\/#organization\"},\"potentialAction\":[{\"@type\":\"SearchAction\",\"target\":{\"@type\":\"EntryPoint\",\"urlTemplate\":\"https:\/\/newsestlyonnais.fr\/site\/?s={search_term_string}\"},\"query-input\":{\"@type\":\"PropertyValueSpecification\",\"valueRequired\":true,\"valueName\":\"search_term_string\"}}],\"inLanguage\":\"fr-FR\"},{\"@type\":\"Organization\",\"@id\":\"https:\/\/newsestlyonnais.fr\/site\/#organization\",\"name\":\"News EST LYONNAIS\",\"url\":\"https:\/\/newsestlyonnais.fr\/site\/\",\"logo\":{\"@type\":\"ImageObject\",\"inLanguage\":\"fr-FR\",\"@id\":\"https:\/\/newsestlyonnais.fr\/site\/#\/schema\/logo\/image\/\",\"url\":\"\",\"contentUrl\":\"\",\"caption\":\"News EST LYONNAIS\"},\"image\":{\"@id\":\"https:\/\/newsestlyonnais.fr\/site\/#\/schema\/logo\/image\/\"}},{\"@type\":\"Person\",\"@id\":\"https:\/\/newsestlyonnais.fr\/site\/#\/schema\/person\/3230d5615f390bb808365d673001e887\",\"name\":\"R\u00e9dac. NEWS\",\"sameAs\":[\"http:\/\/www.newsestlyonnais.fr\",\"https:\/\/www.facebook.com\/pascal.oberson.1?fref=ts\",\"https:\/\/fr.linkedin.com\/in\/pascal-oberson-b17045113\"],\"url\":\"https:\/\/newsestlyonnais.fr\/site\/author\/nel\/\"}]}<\/script>\n<!-- \/ Yoast SEO plugin. -->","yoast_head_json":{"title":"GENAS : 22 \u00b0 March\u00e9 de l'Artisanat d'Art et des Saveurs","description":"GENAS : 22 \u00b0 March\u00e9 de l'Artisanat d'Art et des Saveurs","robots":{"index":"index","follow":"follow","max-snippet":"max-snippet:-1","max-image-preview":"max-image-preview:large","max-video-preview":"max-video-preview:-1"},"canonical":"https:\/\/newsestlyonnais.fr\/site\/2018\/04\/26\/genas-22-marche-de-lartisanat-dart-et-des-saveurs\/","og_locale":"fr_FR","og_type":"article","og_title":"GENAS : 22 \u00b0 March\u00e9 de l'Artisanat d'Art et des Saveurs","og_description":"GENAS : 22 \u00b0 March\u00e9 de l'Artisanat d'Art et des Saveurs","og_url":"https:\/\/newsestlyonnais.fr\/site\/2018\/04\/26\/genas-22-marche-de-lartisanat-dart-et-des-saveurs\/","og_site_name":"News Est Lyonnais","article_author":"https:\/\/www.facebook.com\/pascal.oberson.1?fref=ts","article_published_time":"2018-04-26T12:05:10+00:00","article_modified_time":"2020-11-09T06:10:25+00:00","og_image":[{"width":1000,"height":750,"url":"https:\/\/i0.wp.com\/newsestlyonnais.fr\/site\/wp-content\/uploads\/2016\/05\/NEWSESTLYONNAISPANNEAUGENAS-1.jpg?fit=1000%2C750&ssl=1","type":"image\/jpeg"}],"author":"R\u00e9dac. NEWS","twitter_card":"summary_large_image","twitter_misc":{"\u00c9crit par":"R\u00e9dac. NEWS","Dur\u00e9e de lecture estim\u00e9e":"1 minute"},"schema":{"@context":"https:\/\/schema.org","@graph":[{"@type":"Article","@id":"https:\/\/newsestlyonnais.fr\/site\/2018\/04\/26\/genas-22-marche-de-lartisanat-dart-et-des-saveurs\/#article","isPartOf":{"@id":"https:\/\/newsestlyonnais.fr\/site\/2018\/04\/26\/genas-22-marche-de-lartisanat-dart-et-des-saveurs\/"},"author":{"name":"R\u00e9dac. NEWS","@id":"https:\/\/newsestlyonnais.fr\/site\/#\/schema\/person\/3230d5615f390bb808365d673001e887"},"headline":"GENAS | 22 \u00b0 March\u00e9 de l&rsquo;Artisanat d&rsquo;Art et des Saveurs, samedi 26 mai","datePublished":"2018-04-26T12:05:10+00:00","dateModified":"2020-11-09T06:10:25+00:00","mainEntityOfPage":{"@id":"https:\/\/newsestlyonnais.fr\/site\/2018\/04\/26\/genas-22-marche-de-lartisanat-dart-et-des-saveurs\/"},"wordCount":136,"commentCount":0,"publisher":{"@id":"https:\/\/newsestlyonnais.fr\/site\/#organization"},"image":{"@id":"https:\/\/newsestlyonnais.fr\/site\/2018\/04\/26\/genas-22-marche-de-lartisanat-dart-et-des-saveurs\/#primaryimage"},"thumbnailUrl":"https:\/\/newsestlyonnais.fr\/site\/wp-content\/uploads\/2016\/05\/NEWSESTLYONNAISPANNEAUGENAS-1.jpg","articleSection":["Artisans | Commerces","Arts cr\u00e9atifs | Dessin","CCEL | Communes","Genas","March\u00e9s"],"inLanguage":"fr-FR","potentialAction":[{"@type":"CommentAction","name":"Comment","target":["https:\/\/newsestlyonnais.fr\/site\/2018\/04\/26\/genas-22-marche-de-lartisanat-dart-et-des-saveurs\/#respond"]}]},{"@type":"WebPage","@id":"https:\/\/newsestlyonnais.fr\/site\/2018\/04\/26\/genas-22-marche-de-lartisanat-dart-et-des-saveurs\/","url":"https:\/\/newsestlyonnais.fr\/site\/2018\/04\/26\/genas-22-marche-de-lartisanat-dart-et-des-saveurs\/","name":"GENAS : 22 \u00b0 March\u00e9 de l'Artisanat d'Art et des Saveurs","isPartOf":{"@id":"https:\/\/newsestlyonnais.fr\/site\/#website"},"primaryImageOfPage":{"@id":"https:\/\/newsestlyonnais.fr\/site\/2018\/04\/26\/genas-22-marche-de-lartisanat-dart-et-des-saveurs\/#primaryimage"},"image":{"@id":"https:\/\/newsestlyonnais.fr\/site\/2018\/04\/26\/genas-22-marche-de-lartisanat-dart-et-des-saveurs\/#primaryimage"},"thumbnailUrl":"https:\/\/newsestlyonnais.fr\/site\/wp-content\/uploads\/2016\/05\/NEWSESTLYONNAISPANNEAUGENAS-1.jpg","datePublished":"2018-04-26T12:05:10+00:00","dateModified":"2020-11-09T06:10:25+00:00","description":"GENAS : 22 \u00b0 March\u00e9 de l'Artisanat d'Art et des Saveurs","breadcrumb":{"@id":"https:\/\/newsestlyonnais.fr\/site\/2018\/04\/26\/genas-22-marche-de-lartisanat-dart-et-des-saveurs\/#breadcrumb"},"inLanguage":"fr-FR","potentialAction":[{"@type":"ReadAction","target":["https:\/\/newsestlyonnais.fr\/site\/2018\/04\/26\/genas-22-marche-de-lartisanat-dart-et-des-saveurs\/"]}]},{"@type":"ImageObject","inLanguage":"fr-FR","@id":"https:\/\/newsestlyonnais.fr\/site\/2018\/04\/26\/genas-22-marche-de-lartisanat-dart-et-des-saveurs\/#primaryimage","url":"https:\/\/newsestlyonnais.fr\/site\/wp-content\/uploads\/2016\/05\/NEWSESTLYONNAISPANNEAUGENAS-1.jpg","contentUrl":"https:\/\/newsestlyonnais.fr\/site\/wp-content\/uploads\/2016\/05\/NEWSESTLYONNAISPANNEAUGENAS-1.jpg","width":1000,"height":750,"caption":"NEWSESTLYONNAISPANNEAUGENAS"},{"@type":"BreadcrumbList","@id":"https:\/\/newsestlyonnais.fr\/site\/2018\/04\/26\/genas-22-marche-de-lartisanat-dart-et-des-saveurs\/#breadcrumb","itemListElement":[{"@type":"ListItem","position":1,"name":"Accueil","item":"https:\/\/newsestlyonnais.fr\/site\/"},{"@type":"ListItem","position":2,"name":"GENAS | 22 \u00b0 March\u00e9 de l&rsquo;Artisanat d&rsquo;Art et des Saveurs, samedi 26 mai"}]},{"@type":"WebSite","@id":"https:\/\/newsestlyonnais.fr\/site\/#website","url":"https:\/\/newsestlyonnais.fr\/site\/","name":"News Est Lyonnais","description":"L&#039;actualit\u00e9 au plus pr\u00e8s","publisher":{"@id":"https:\/\/newsestlyonnais.fr\/site\/#organization"},"potentialAction":[{"@type":"SearchAction","target":{"@type":"EntryPoint","urlTemplate":"https:\/\/newsestlyonnais.fr\/site\/?s={search_term_string}"},"query-input":{"@type":"PropertyValueSpecification","valueRequired":true,"valueName":"search_term_string"}}],"inLanguage":"fr-FR"},{"@type":"Organization","@id":"https:\/\/newsestlyonnais.fr\/site\/#organization","name":"News EST LYONNAIS","url":"https:\/\/newsestlyonnais.fr\/site\/","logo":{"@type":"ImageObject","inLanguage":"fr-FR","@id":"https:\/\/newsestlyonnais.fr\/site\/#\/schema\/logo\/image\/","url":"","contentUrl":"","caption":"News EST LYONNAIS"},"image":{"@id":"https:\/\/newsestlyonnais.fr\/site\/#\/schema\/logo\/image\/"}},{"@type":"Person","@id":"https:\/\/newsestlyonnais.fr\/site\/#\/schema\/person\/3230d5615f390bb808365d673001e887","name":"R\u00e9dac. NEWS","sameAs":["http:\/\/www.newsestlyonnais.fr","https:\/\/www.facebook.com\/pascal.oberson.1?fref=ts","https:\/\/fr.linkedin.com\/in\/pascal-oberson-b17045113"],"url":"https:\/\/newsestlyonnais.fr\/site\/author\/nel\/"}]}},"_links":{"self":[{"href":"https:\/\/newsestlyonnais.fr\/site\/wp-json\/wp\/v2\/posts\/48229","targetHints":{"allow":["GET"]}}],"collection":[{"href":"https:\/\/newsestlyonnais.fr\/site\/wp-json\/wp\/v2\/posts"}],"about":[{"href":"https:\/\/newsestlyonnais.fr\/site\/wp-json\/wp\/v2\/types\/post"}],"author":[{"embeddable":true,"href":"https:\/\/newsestlyonnais.fr\/site\/wp-json\/wp\/v2\/users\/4"}],"replies":[{"embeddable":true,"href":"https:\/\/newsestlyonnais.fr\/site\/wp-json\/wp\/v2\/comments?post=48229"}],"version-history":[{"count":0,"href":"https:\/\/newsestlyonnais.fr\/site\/wp-json\/wp\/v2\/posts\/48229\/revisions"}],"wp:featuredmedia":[{"embeddable":true,"href":"https:\/\/newsestlyonnais.fr\/site\/wp-json\/wp\/v2\/media\/8137"}],"wp:attachment":[{"href":"https:\/\/newsestlyonnais.fr\/site\/wp-json\/wp\/v2\/media?parent=48229"}],"wp:term":[{"taxonomy":"category","embeddable":true,"href":"https:\/\/newsestlyonnais.fr\/site\/wp-json\/wp\/v2\/categories?post=48229"},{"taxonomy":"post_tag","embeddable":true,"href":"https:\/\/newsestlyonnais.fr\/site\/wp-json\/wp\/v2\/tags?post=48229"}],"curies":[{"name":"wp","href":"https:\/\/api.w.org\/{rel}","templated":true}]}}