{"id":48271,"date":"2018-04-26T14:27:29","date_gmt":"2018-04-26T13:27:29","guid":{"rendered":"http:\/\/newsestlyonnais.fr\/site\/?p=48271"},"modified":"2018-05-20T15:27:52","modified_gmt":"2018-05-20T14:27:52","slug":"transports-tcl-modification-des-horaires-a-loccasion-des-ponts-de-mai","status":"publish","type":"post","link":"https:\/\/newsestlyonnais.fr\/site\/2018\/04\/26\/transports-tcl-modification-des-horaires-a-loccasion-des-ponts-de-mai\/","title":{"rendered":"TRANSPORTS : TCL : Modification des horaires \u00e0 l&rsquo;occasion des Ponts de Mai"},"content":{"rendered":"<h4>A compter du 30 avril et jusqu\u2019au 11 mai inclus, les horaires des lignes de bus sont susceptibles d\u2019\u00e9voluer d\u2019un jour \u00e0 l\u2019autre du fait des jours f\u00e9ri\u00e9s et de la p\u00e9riode de ponts.<\/h4>\n<p>Durant cette p\u00e9riode, TCL invite les voyageurs \u00e0 consulter les horaires au pr\u00e9alable pour anticiper leurs d\u00e9placements sur les lignes de bus du r\u00e9seau.<br \/>\nIl est possible de consulter les heures de passage, par arr\u00eat, depuis la rubrique HORAIRES du site <a href=\"http:\/\/tcl.fr\" target=\"_blank\" rel=\"noopener\">http:\/\/tcl.fr<\/a><br \/>\nou d\u2019apr\u00e8s la cartographie disponible sur l\u2019appli TCL.<\/p>\n<p>Les horaires des lignes de bus desservant les \u00e9tablissements scolaires ouverts pendant les ponts seront adapt\u00e9s \u00e0 la fr\u00e9quentation attendue.<\/p>\n<p><strong>NOTA : Le r\u00e9seau TCL ne fonctionnera pas le mardi 1\u00b0 Mai, jour de la F\u00eate du Travail !<br \/>\n<\/strong><\/p>\n","protected":false},"excerpt":{"rendered":"<p>A compter du 30 avril et jusqu\u2019au 11 mai inclus, les horaires des lignes de bus sont susceptibles d\u2019\u00e9voluer d\u2019un jour \u00e0 l\u2019autre du fait des jours f\u00e9ri\u00e9s et de la p\u00e9riode de ponts. Durant cette p\u00e9riode, TCL invite les voyageurs \u00e0 consulter les horaires au pr\u00e9alable pour anticiper leurs d\u00e9placements sur les lignes de [&hellip;]<\/p>\n","protected":false},"author":4,"featured_media":0,"comment_status":"open","ping_status":"open","sticky":false,"template":"","format":"standard","meta":{"footnotes":""},"categories":[30,309,13],"tags":[],"class_list":["post-48271","post","type-post","status-publish","format-standard","hentry","category-a-la-une","category-pratique","category-transports-circulation"],"yoast_head":"<!-- This site is optimized with the Yoast SEO plugin v27.2 - https:\/\/yoast.com\/product\/yoast-seo-wordpress\/ -->\n<title>TRANSPORTS : TCL : Modification des horaires \u00e0 l&#039;occasion des Ponts de Mai<\/title>\n<meta name=\"description\" content=\"TRANSPORTS : TCL : Modification des horaires \u00e0 l&#039;occasion des Ponts de Mai\" \/>\n<meta name=\"robots\" content=\"index, follow, max-snippet:-1, max-image-preview:large, max-video-preview:-1\" \/>\n<link rel=\"canonical\" href=\"https:\/\/newsestlyonnais.fr\/site\/2018\/04\/26\/transports-tcl-modification-des-horaires-a-loccasion-des-ponts-de-mai\/\" \/>\n<meta property=\"og:locale\" content=\"fr_FR\" \/>\n<meta property=\"og:type\" content=\"article\" \/>\n<meta property=\"og:title\" content=\"TRANSPORTS : TCL : Modification des horaires \u00e0 l&#039;occasion des Ponts de Mai\" \/>\n<meta property=\"og:description\" content=\"TRANSPORTS : TCL : Modification des horaires \u00e0 l&#039;occasion des Ponts de Mai\" \/>\n<meta property=\"og:url\" content=\"https:\/\/newsestlyonnais.fr\/site\/2018\/04\/26\/transports-tcl-modification-des-horaires-a-loccasion-des-ponts-de-mai\/\" \/>\n<meta property=\"og:site_name\" content=\"News Est Lyonnais\" \/>\n<meta property=\"article:author\" content=\"https:\/\/www.facebook.com\/pascal.oberson.1?fref=ts\" \/>\n<meta property=\"article:published_time\" content=\"2018-04-26T13:27:29+00:00\" \/>\n<meta property=\"article:modified_time\" content=\"2018-05-20T14:27:52+00:00\" \/>\n<meta name=\"author\" content=\"R\u00e9dac. NEWS\" \/>\n<meta name=\"twitter:card\" content=\"summary_large_image\" \/>\n<meta name=\"twitter:label1\" content=\"\u00c9crit par\" \/>\n\t<meta name=\"twitter:data1\" content=\"R\u00e9dac. NEWS\" \/>\n\t<meta name=\"twitter:label2\" content=\"Dur\u00e9e de lecture estim\u00e9e\" \/>\n\t<meta name=\"twitter:data2\" content=\"1 minute\" \/>\n<script type=\"application\/ld+json\" class=\"yoast-schema-graph\">{\"@context\":\"https:\/\/schema.org\",\"@graph\":[{\"@type\":\"Article\",\"@id\":\"https:\/\/newsestlyonnais.fr\/site\/2018\/04\/26\/transports-tcl-modification-des-horaires-a-loccasion-des-ponts-de-mai\/#article\",\"isPartOf\":{\"@id\":\"https:\/\/newsestlyonnais.fr\/site\/2018\/04\/26\/transports-tcl-modification-des-horaires-a-loccasion-des-ponts-de-mai\/\"},\"author\":{\"name\":\"R\u00e9dac. NEWS\",\"@id\":\"https:\/\/newsestlyonnais.fr\/site\/#\/schema\/person\/3230d5615f390bb808365d673001e887\"},\"headline\":\"TRANSPORTS : TCL : Modification des horaires \u00e0 l&rsquo;occasion des Ponts de Mai\",\"datePublished\":\"2018-04-26T13:27:29+00:00\",\"dateModified\":\"2018-05-20T14:27:52+00:00\",\"mainEntityOfPage\":{\"@id\":\"https:\/\/newsestlyonnais.fr\/site\/2018\/04\/26\/transports-tcl-modification-des-horaires-a-loccasion-des-ponts-de-mai\/\"},\"wordCount\":147,\"commentCount\":0,\"publisher\":{\"@id\":\"https:\/\/newsestlyonnais.fr\/site\/#organization\"},\"articleSection\":[\"\u00e0 la une\",\"Pratique\",\"Transports | Circulation\"],\"inLanguage\":\"fr-FR\",\"potentialAction\":[{\"@type\":\"CommentAction\",\"name\":\"Comment\",\"target\":[\"https:\/\/newsestlyonnais.fr\/site\/2018\/04\/26\/transports-tcl-modification-des-horaires-a-loccasion-des-ponts-de-mai\/#respond\"]}]},{\"@type\":\"WebPage\",\"@id\":\"https:\/\/newsestlyonnais.fr\/site\/2018\/04\/26\/transports-tcl-modification-des-horaires-a-loccasion-des-ponts-de-mai\/\",\"url\":\"https:\/\/newsestlyonnais.fr\/site\/2018\/04\/26\/transports-tcl-modification-des-horaires-a-loccasion-des-ponts-de-mai\/\",\"name\":\"TRANSPORTS : TCL : Modification des horaires \u00e0 l'occasion des Ponts de Mai\",\"isPartOf\":{\"@id\":\"https:\/\/newsestlyonnais.fr\/site\/#website\"},\"datePublished\":\"2018-04-26T13:27:29+00:00\",\"dateModified\":\"2018-05-20T14:27:52+00:00\",\"description\":\"TRANSPORTS : TCL : Modification des horaires \u00e0 l'occasion des Ponts de Mai\",\"breadcrumb\":{\"@id\":\"https:\/\/newsestlyonnais.fr\/site\/2018\/04\/26\/transports-tcl-modification-des-horaires-a-loccasion-des-ponts-de-mai\/#breadcrumb\"},\"inLanguage\":\"fr-FR\",\"potentialAction\":[{\"@type\":\"ReadAction\",\"target\":[\"https:\/\/newsestlyonnais.fr\/site\/2018\/04\/26\/transports-tcl-modification-des-horaires-a-loccasion-des-ponts-de-mai\/\"]}]},{\"@type\":\"BreadcrumbList\",\"@id\":\"https:\/\/newsestlyonnais.fr\/site\/2018\/04\/26\/transports-tcl-modification-des-horaires-a-loccasion-des-ponts-de-mai\/#breadcrumb\",\"itemListElement\":[{\"@type\":\"ListItem\",\"position\":1,\"name\":\"Accueil\",\"item\":\"https:\/\/newsestlyonnais.fr\/site\/\"},{\"@type\":\"ListItem\",\"position\":2,\"name\":\"TRANSPORTS : TCL : Modification des horaires \u00e0 l&rsquo;occasion des Ponts de Mai\"}]},{\"@type\":\"WebSite\",\"@id\":\"https:\/\/newsestlyonnais.fr\/site\/#website\",\"url\":\"https:\/\/newsestlyonnais.fr\/site\/\",\"name\":\"News Est Lyonnais\",\"description\":\"L&#039;actualit\u00e9 au plus pr\u00e8s\",\"publisher\":{\"@id\":\"https:\/\/newsestlyonnais.fr\/site\/#organization\"},\"potentialAction\":[{\"@type\":\"SearchAction\",\"target\":{\"@type\":\"EntryPoint\",\"urlTemplate\":\"https:\/\/newsestlyonnais.fr\/site\/?s={search_term_string}\"},\"query-input\":{\"@type\":\"PropertyValueSpecification\",\"valueRequired\":true,\"valueName\":\"search_term_string\"}}],\"inLanguage\":\"fr-FR\"},{\"@type\":\"Organization\",\"@id\":\"https:\/\/newsestlyonnais.fr\/site\/#organization\",\"name\":\"News EST LYONNAIS\",\"url\":\"https:\/\/newsestlyonnais.fr\/site\/\",\"logo\":{\"@type\":\"ImageObject\",\"inLanguage\":\"fr-FR\",\"@id\":\"https:\/\/newsestlyonnais.fr\/site\/#\/schema\/logo\/image\/\",\"url\":\"\",\"contentUrl\":\"\",\"caption\":\"News EST LYONNAIS\"},\"image\":{\"@id\":\"https:\/\/newsestlyonnais.fr\/site\/#\/schema\/logo\/image\/\"}},{\"@type\":\"Person\",\"@id\":\"https:\/\/newsestlyonnais.fr\/site\/#\/schema\/person\/3230d5615f390bb808365d673001e887\",\"name\":\"R\u00e9dac. NEWS\",\"sameAs\":[\"http:\/\/www.newsestlyonnais.fr\",\"https:\/\/www.facebook.com\/pascal.oberson.1?fref=ts\",\"https:\/\/fr.linkedin.com\/in\/pascal-oberson-b17045113\"],\"url\":\"https:\/\/newsestlyonnais.fr\/site\/author\/nel\/\"}]}<\/script>\n<!-- \/ Yoast SEO plugin. -->","yoast_head_json":{"title":"TRANSPORTS : TCL : Modification des horaires \u00e0 l'occasion des Ponts de Mai","description":"TRANSPORTS : TCL : Modification des horaires \u00e0 l'occasion des Ponts de Mai","robots":{"index":"index","follow":"follow","max-snippet":"max-snippet:-1","max-image-preview":"max-image-preview:large","max-video-preview":"max-video-preview:-1"},"canonical":"https:\/\/newsestlyonnais.fr\/site\/2018\/04\/26\/transports-tcl-modification-des-horaires-a-loccasion-des-ponts-de-mai\/","og_locale":"fr_FR","og_type":"article","og_title":"TRANSPORTS : TCL : Modification des horaires \u00e0 l'occasion des Ponts de Mai","og_description":"TRANSPORTS : TCL : Modification des horaires \u00e0 l'occasion des Ponts de Mai","og_url":"https:\/\/newsestlyonnais.fr\/site\/2018\/04\/26\/transports-tcl-modification-des-horaires-a-loccasion-des-ponts-de-mai\/","og_site_name":"News Est Lyonnais","article_author":"https:\/\/www.facebook.com\/pascal.oberson.1?fref=ts","article_published_time":"2018-04-26T13:27:29+00:00","article_modified_time":"2018-05-20T14:27:52+00:00","author":"R\u00e9dac. NEWS","twitter_card":"summary_large_image","twitter_misc":{"\u00c9crit par":"R\u00e9dac. NEWS","Dur\u00e9e de lecture estim\u00e9e":"1 minute"},"schema":{"@context":"https:\/\/schema.org","@graph":[{"@type":"Article","@id":"https:\/\/newsestlyonnais.fr\/site\/2018\/04\/26\/transports-tcl-modification-des-horaires-a-loccasion-des-ponts-de-mai\/#article","isPartOf":{"@id":"https:\/\/newsestlyonnais.fr\/site\/2018\/04\/26\/transports-tcl-modification-des-horaires-a-loccasion-des-ponts-de-mai\/"},"author":{"name":"R\u00e9dac. NEWS","@id":"https:\/\/newsestlyonnais.fr\/site\/#\/schema\/person\/3230d5615f390bb808365d673001e887"},"headline":"TRANSPORTS : TCL : Modification des horaires \u00e0 l&rsquo;occasion des Ponts de Mai","datePublished":"2018-04-26T13:27:29+00:00","dateModified":"2018-05-20T14:27:52+00:00","mainEntityOfPage":{"@id":"https:\/\/newsestlyonnais.fr\/site\/2018\/04\/26\/transports-tcl-modification-des-horaires-a-loccasion-des-ponts-de-mai\/"},"wordCount":147,"commentCount":0,"publisher":{"@id":"https:\/\/newsestlyonnais.fr\/site\/#organization"},"articleSection":["\u00e0 la une","Pratique","Transports | Circulation"],"inLanguage":"fr-FR","potentialAction":[{"@type":"CommentAction","name":"Comment","target":["https:\/\/newsestlyonnais.fr\/site\/2018\/04\/26\/transports-tcl-modification-des-horaires-a-loccasion-des-ponts-de-mai\/#respond"]}]},{"@type":"WebPage","@id":"https:\/\/newsestlyonnais.fr\/site\/2018\/04\/26\/transports-tcl-modification-des-horaires-a-loccasion-des-ponts-de-mai\/","url":"https:\/\/newsestlyonnais.fr\/site\/2018\/04\/26\/transports-tcl-modification-des-horaires-a-loccasion-des-ponts-de-mai\/","name":"TRANSPORTS : TCL : Modification des horaires \u00e0 l'occasion des Ponts de Mai","isPartOf":{"@id":"https:\/\/newsestlyonnais.fr\/site\/#website"},"datePublished":"2018-04-26T13:27:29+00:00","dateModified":"2018-05-20T14:27:52+00:00","description":"TRANSPORTS : TCL : Modification des horaires \u00e0 l'occasion des Ponts de Mai","breadcrumb":{"@id":"https:\/\/newsestlyonnais.fr\/site\/2018\/04\/26\/transports-tcl-modification-des-horaires-a-loccasion-des-ponts-de-mai\/#breadcrumb"},"inLanguage":"fr-FR","potentialAction":[{"@type":"ReadAction","target":["https:\/\/newsestlyonnais.fr\/site\/2018\/04\/26\/transports-tcl-modification-des-horaires-a-loccasion-des-ponts-de-mai\/"]}]},{"@type":"BreadcrumbList","@id":"https:\/\/newsestlyonnais.fr\/site\/2018\/04\/26\/transports-tcl-modification-des-horaires-a-loccasion-des-ponts-de-mai\/#breadcrumb","itemListElement":[{"@type":"ListItem","position":1,"name":"Accueil","item":"https:\/\/newsestlyonnais.fr\/site\/"},{"@type":"ListItem","position":2,"name":"TRANSPORTS : TCL : Modification des horaires \u00e0 l&rsquo;occasion des Ponts de Mai"}]},{"@type":"WebSite","@id":"https:\/\/newsestlyonnais.fr\/site\/#website","url":"https:\/\/newsestlyonnais.fr\/site\/","name":"News Est Lyonnais","description":"L&#039;actualit\u00e9 au plus pr\u00e8s","publisher":{"@id":"https:\/\/newsestlyonnais.fr\/site\/#organization"},"potentialAction":[{"@type":"SearchAction","target":{"@type":"EntryPoint","urlTemplate":"https:\/\/newsestlyonnais.fr\/site\/?s={search_term_string}"},"query-input":{"@type":"PropertyValueSpecification","valueRequired":true,"valueName":"search_term_string"}}],"inLanguage":"fr-FR"},{"@type":"Organization","@id":"https:\/\/newsestlyonnais.fr\/site\/#organization","name":"News EST LYONNAIS","url":"https:\/\/newsestlyonnais.fr\/site\/","logo":{"@type":"ImageObject","inLanguage":"fr-FR","@id":"https:\/\/newsestlyonnais.fr\/site\/#\/schema\/logo\/image\/","url":"","contentUrl":"","caption":"News EST LYONNAIS"},"image":{"@id":"https:\/\/newsestlyonnais.fr\/site\/#\/schema\/logo\/image\/"}},{"@type":"Person","@id":"https:\/\/newsestlyonnais.fr\/site\/#\/schema\/person\/3230d5615f390bb808365d673001e887","name":"R\u00e9dac. NEWS","sameAs":["http:\/\/www.newsestlyonnais.fr","https:\/\/www.facebook.com\/pascal.oberson.1?fref=ts","https:\/\/fr.linkedin.com\/in\/pascal-oberson-b17045113"],"url":"https:\/\/newsestlyonnais.fr\/site\/author\/nel\/"}]}},"_links":{"self":[{"href":"https:\/\/newsestlyonnais.fr\/site\/wp-json\/wp\/v2\/posts\/48271","targetHints":{"allow":["GET"]}}],"collection":[{"href":"https:\/\/newsestlyonnais.fr\/site\/wp-json\/wp\/v2\/posts"}],"about":[{"href":"https:\/\/newsestlyonnais.fr\/site\/wp-json\/wp\/v2\/types\/post"}],"author":[{"embeddable":true,"href":"https:\/\/newsestlyonnais.fr\/site\/wp-json\/wp\/v2\/users\/4"}],"replies":[{"embeddable":true,"href":"https:\/\/newsestlyonnais.fr\/site\/wp-json\/wp\/v2\/comments?post=48271"}],"version-history":[{"count":0,"href":"https:\/\/newsestlyonnais.fr\/site\/wp-json\/wp\/v2\/posts\/48271\/revisions"}],"wp:attachment":[{"href":"https:\/\/newsestlyonnais.fr\/site\/wp-json\/wp\/v2\/media?parent=48271"}],"wp:term":[{"taxonomy":"category","embeddable":true,"href":"https:\/\/newsestlyonnais.fr\/site\/wp-json\/wp\/v2\/categories?post=48271"},{"taxonomy":"post_tag","embeddable":true,"href":"https:\/\/newsestlyonnais.fr\/site\/wp-json\/wp\/v2\/tags?post=48271"}],"curies":[{"name":"wp","href":"https:\/\/api.w.org\/{rel}","templated":true}]}}