{"id":48292,"date":"2018-04-28T17:34:57","date_gmt":"2018-04-28T16:34:57","guid":{"rendered":"http:\/\/newsestlyonnais.fr\/site\/?p=48292"},"modified":"2020-11-01T14:59:24","modified_gmt":"2020-11-01T13:59:24","slug":"lyon-un-double-pour-laaa-lyon-a-lheure-sur-piste-en-nocturne","status":"publish","type":"post","link":"https:\/\/newsestlyonnais.fr\/site\/2018\/04\/28\/lyon-un-double-pour-laaa-lyon-a-lheure-sur-piste-en-nocturne\/","title":{"rendered":"LYON | Doubl\u00e9 pour l&rsquo;Aaa LYON \u00e0 l&rsquo;Heure sur Piste en nocturne"},"content":{"rendered":"<h4>Courir durant une heure sur piste attirant de plus en plus d&rsquo;adeptes de la course \u00e0 pied, la 2\u00b0 \u00e9dition en nocturne de l&rsquo;Heure sur Piste a fait le plein ce vendredi soir au Parc de Parilly.<\/h4>\n<p>Organis\u00e9e sur la piste du stade du Rh\u00f4ne par l&rsquo;Association Amicale des Athl\u00e8tes de Lyon (AaA Lyon), elle a rassembl\u00e9 pas moins de 72 participants (dont 23 f\u00e9minines). Des coureurs licenci\u00e9s dans plusieurs clubs de la r\u00e9gion (Clermont, Gap, Bourg, ASC Balan, Caluire et une quarantaine du club organisateur) venus pour tenter d&rsquo;atteindre un objectif de distance sur ce tour de piste. 3 vagues de d\u00e9parts ont \u00e9t\u00e9 lanc\u00e9es \u00e0 l&rsquo;occasion de cette \u00e9preuve qui comptait Florence Reignier comme marraine et Jean Paul Bolle comme parrain.<\/p>\n<p><span style=\"text-decoration: underline\"><strong>NOTA<\/strong><\/span> : Les records de l&rsquo;\u00e9preuve datant de 2017 (J\u00e9r\u00e9my Peixoto 18,72 kms en 46 tours &amp; Juliana Carbonel 14,76 kms en 36 tours) n&rsquo;ont pas \u00e9t\u00e9 battus cette ann\u00e9e. Doubl\u00e9 des athl\u00e8tes de l&rsquo;AaA avec les victoires de <em><strong>Nestor Nibaruta (17,487 kms en 43 tours) &amp; de Juliana Carbonel (14,755 km en 36 tours).<\/strong><\/em><\/p>\n<ul>\n<li><em><strong>R\u00e9sultats complets sur :<a href=\"http:\/\/resultatshsp.strikingly.com\" target=\"_blank\" rel=\"noopener noreferrer\">\u00a0http:\/\/resultatshsp.strikingly.com<\/a><\/strong><\/em><\/li>\n<li>Retour en images sur cet \u00e9v\u00e8nement :<\/li>\n<\/ul>\n<div id='gallery-1' class='gallery galleryid-48292 gallery-columns-3 gallery-size-thumbnail'><figure class='gallery-item'>\n\t\t\t<div class='gallery-icon portrait'>\n\t\t\t\t<a href='https:\/\/newsestlyonnais.fr\/site\/newsestlyonnais-heure-sur-piste-2018\/'><img loading=\"lazy\" decoding=\"async\" width=\"150\" height=\"150\" src=\"https:\/\/newsestlyonnais.fr\/site\/wp-content\/uploads\/2018\/01\/NEWSESTLYONNAIS-HEURE-SUR-PISTE-2018-150x150.jpg\" class=\"attachment-thumbnail size-thumbnail\" alt=\"NEWSESTLYONNAIS HEURE SUR PISTE 2018\" aria-describedby=\"gallery-1-41469\" \/><\/a>\n\t\t\t<\/div>\n\t\t\t\t<figcaption class='wp-caption-text gallery-caption' id='gallery-1-41469'>\n\t\t\t\tL&rsquo;affiche de la course !\n\t\t\t\t<\/figcaption><\/figure><figure class='gallery-item'>\n\t\t\t<div class='gallery-icon landscape'>\n\t\t\t\t<a href='https:\/\/newsestlyonnais.fr\/site\/2018\/04\/28\/lyon-un-double-pour-laaa-lyon-a-lheure-sur-piste-en-nocturne\/newsestlyonnais-asc-balan\/'><img loading=\"lazy\" decoding=\"async\" width=\"150\" height=\"150\" src=\"https:\/\/newsestlyonnais.fr\/site\/wp-content\/uploads\/2018\/04\/NEWSESTLYONNAIS-ASC-BALAN-150x150.jpg\" class=\"attachment-thumbnail size-thumbnail\" alt=\"NEWSESTLYONNAIS ASC BALAN\" aria-describedby=\"gallery-1-48316\" \/><\/a>\n\t\t\t<\/div>\n\t\t\t\t<figcaption class='wp-caption-text gallery-caption' id='gallery-1-48316'>\n\t\t\t\tLe club de l&rsquo;ASC Balan est venu en nombre !\n\t\t\t\t<\/figcaption><\/figure><figure class='gallery-item'>\n\t\t\t<div class='gallery-icon landscape'>\n\t\t\t\t<a href='https:\/\/newsestlyonnais.fr\/site\/2018\/04\/28\/lyon-un-double-pour-laaa-lyon-a-lheure-sur-piste-en-nocturne\/newsestlyonnais-asc-balan-03\/'><img loading=\"lazy\" decoding=\"async\" width=\"150\" height=\"150\" src=\"https:\/\/newsestlyonnais.fr\/site\/wp-content\/uploads\/2018\/04\/NEWSESTLYONNAIS-ASC-BALAN-03--150x150.jpg\" class=\"attachment-thumbnail size-thumbnail\" alt=\"NEWSESTLYONNAIS ASC BALAN 03\" aria-describedby=\"gallery-1-48318\" \/><\/a>\n\t\t\t<\/div>\n\t\t\t\t<figcaption class='wp-caption-text gallery-caption' id='gallery-1-48318'>\n\t\t\t\tD\u00e9part de la 1\u00b0 vague \n\t\t\t\t<\/figcaption><\/figure><figure class='gallery-item'>\n\t\t\t<div class='gallery-icon landscape'>\n\t\t\t\t<a href='https:\/\/newsestlyonnais.fr\/site\/2018\/04\/28\/lyon-un-double-pour-laaa-lyon-a-lheure-sur-piste-en-nocturne\/newsestlyonnais-heure-piste-01\/'><img loading=\"lazy\" decoding=\"async\" width=\"150\" height=\"150\" src=\"https:\/\/newsestlyonnais.fr\/site\/wp-content\/uploads\/2018\/04\/NEWSESTLYONNAIS-HEURE-PISTE-01-150x150.jpg\" class=\"attachment-thumbnail size-thumbnail\" alt=\"NEWSESTLYONNAIS - HEURE PISTE 01\" \/><\/a>\n\t\t\t<\/div><\/figure><figure class='gallery-item'>\n\t\t\t<div class='gallery-icon landscape'>\n\t\t\t\t<a href='https:\/\/newsestlyonnais.fr\/site\/2018\/04\/28\/lyon-un-double-pour-laaa-lyon-a-lheure-sur-piste-en-nocturne\/newsestlyonnais-heure-piste-02\/'><img loading=\"lazy\" decoding=\"async\" width=\"150\" height=\"150\" src=\"https:\/\/newsestlyonnais.fr\/site\/wp-content\/uploads\/2018\/04\/NEWSESTLYONNAIS-HEURE-PISTE-02-150x150.jpg\" class=\"attachment-thumbnail size-thumbnail\" alt=\"NEWSESTLYONNAIS - HEURE PISTE 02\" \/><\/a>\n\t\t\t<\/div><\/figure><figure class='gallery-item'>\n\t\t\t<div class='gallery-icon landscape'>\n\t\t\t\t<a href='https:\/\/newsestlyonnais.fr\/site\/2018\/04\/28\/lyon-un-double-pour-laaa-lyon-a-lheure-sur-piste-en-nocturne\/newsestlyonnais-pod-feminin\/'><img loading=\"lazy\" decoding=\"async\" width=\"150\" height=\"150\" src=\"https:\/\/newsestlyonnais.fr\/site\/wp-content\/uploads\/2018\/04\/NEWSESTLYONNAIS-pod-feminin--150x150.jpeg\" class=\"attachment-thumbnail size-thumbnail\" alt=\"\" aria-describedby=\"gallery-1-48324\" \/><\/a>\n\t\t\t<\/div>\n\t\t\t\t<figcaption class='wp-caption-text gallery-caption' id='gallery-1-48324'>\n\t\t\t\tLe podium f\u00e9minin \n\t\t\t\t<\/figcaption><\/figure><figure class='gallery-item'>\n\t\t\t<div class='gallery-icon landscape'>\n\t\t\t\t<a href='https:\/\/newsestlyonnais.fr\/site\/2018\/04\/28\/lyon-un-double-pour-laaa-lyon-a-lheure-sur-piste-en-nocturne\/newsestlyonnais-podium-masc\/'><img loading=\"lazy\" decoding=\"async\" width=\"150\" height=\"150\" src=\"https:\/\/newsestlyonnais.fr\/site\/wp-content\/uploads\/2018\/04\/NEWSESTLYONNAIS-podium-masc-150x150.jpeg\" class=\"attachment-thumbnail size-thumbnail\" alt=\"NEWSESTLYONNAIS podium masc\" aria-describedby=\"gallery-1-48323\" \/><\/a>\n\t\t\t<\/div>\n\t\t\t\t<figcaption class='wp-caption-text gallery-caption' id='gallery-1-48323'>\n\t\t\t\tLe podium masculin \n\t\t\t\t<\/figcaption><\/figure><figure class='gallery-item'>\n\t\t\t<div class='gallery-icon landscape'>\n\t\t\t\t<a href='https:\/\/newsestlyonnais.fr\/site\/2018\/04\/28\/lyon-un-double-pour-laaa-lyon-a-lheure-sur-piste-en-nocturne\/newsestlyonnais-asc-balan-plus-rep\/'><img loading=\"lazy\" decoding=\"async\" width=\"150\" height=\"150\" src=\"https:\/\/newsestlyonnais.fr\/site\/wp-content\/uploads\/2018\/04\/NEWSESTLYONNAIS-ASC-BALAN-PLUS-REP-150x150.jpeg\" class=\"attachment-thumbnail size-thumbnail\" alt=\"NEWSESTLYONNAIS ASC BALAN PLUS REP\" aria-describedby=\"gallery-1-48325\" \/><\/a>\n\t\t\t<\/div>\n\t\t\t\t<figcaption class='wp-caption-text gallery-caption' id='gallery-1-48325'>\n\t\t\t\tL&rsquo;ASC BALAN club le plus repr\u00e9sent\u00e9 \n\t\t\t\t<\/figcaption><\/figure><figure class='gallery-item'>\n\t\t\t<div class='gallery-icon landscape'>\n\t\t\t\t<a href='https:\/\/newsestlyonnais.fr\/site\/2018\/04\/28\/lyon-un-double-pour-laaa-lyon-a-lheure-sur-piste-en-nocturne\/newsestlyonnais-asul-heure-piste\/'><img loading=\"lazy\" decoding=\"async\" width=\"150\" height=\"150\" src=\"https:\/\/newsestlyonnais.fr\/site\/wp-content\/uploads\/2018\/04\/NEWSESTLYONNAIS-ASUL-HEURE-PISTE-150x150.jpg\" class=\"attachment-thumbnail size-thumbnail\" alt=\"\" aria-describedby=\"gallery-1-48321\" \/><\/a>\n\t\t\t<\/div>\n\t\t\t\t<figcaption class='wp-caption-text gallery-caption' id='gallery-1-48321'>\n\t\t\t\tL&rsquo;ASUL pr\u00e9sente pour r\u00e9cup\u00e9rer tee-shirts et baskets pour le Burkina \n\t\t\t\t<\/figcaption><\/figure>\n\t\t<\/div>\n\n","protected":false},"excerpt":{"rendered":"<p>Courir durant une heure sur piste attirant de plus en plus d&rsquo;adeptes de la course \u00e0 pied, la 2\u00b0 \u00e9dition en nocturne de l&rsquo;Heure sur Piste a fait le plein ce vendredi soir au Parc de Parilly. Organis\u00e9e sur la piste du stade du Rh\u00f4ne par l&rsquo;Association Amicale des Athl\u00e8tes de Lyon (AaA Lyon), elle [&hellip;]<\/p>\n","protected":false},"author":4,"featured_media":48313,"comment_status":"open","ping_status":"open","sticky":false,"template":"","format":"standard","meta":{"footnotes":""},"categories":[2968,4,1625],"tags":[],"class_list":["post-48292","post","type-post","status-publish","format-standard","has-post-thumbnail","hentry","category-athle-course-pied-marche","category-evenements-divers","category-lyon"],"yoast_head":"<!-- This site is optimized with the Yoast SEO plugin v27.2 - https:\/\/yoast.com\/product\/yoast-seo-wordpress\/ -->\n<title>LYON : Un doubl\u00e9 pour l&#039;Aaa LYON \u00e0 l&#039;Heure sur Piste en nocturne<\/title>\n<meta name=\"description\" content=\"LYON : Un doubl\u00e9 pour l&#039;Aaa LYON \u00e0 l&#039;Heure sur Piste en nocturne\" \/>\n<meta name=\"robots\" content=\"index, follow, max-snippet:-1, max-image-preview:large, max-video-preview:-1\" \/>\n<link rel=\"canonical\" href=\"https:\/\/newsestlyonnais.fr\/site\/2018\/04\/28\/lyon-un-double-pour-laaa-lyon-a-lheure-sur-piste-en-nocturne\/\" \/>\n<meta property=\"og:locale\" content=\"fr_FR\" \/>\n<meta property=\"og:type\" content=\"article\" \/>\n<meta property=\"og:title\" content=\"LYON : Un doubl\u00e9 pour l&#039;Aaa LYON \u00e0 l&#039;Heure sur Piste en nocturne\" \/>\n<meta property=\"og:description\" content=\"LYON : Un doubl\u00e9 pour l&#039;Aaa LYON \u00e0 l&#039;Heure sur Piste en nocturne\" \/>\n<meta property=\"og:url\" content=\"https:\/\/newsestlyonnais.fr\/site\/2018\/04\/28\/lyon-un-double-pour-laaa-lyon-a-lheure-sur-piste-en-nocturne\/\" \/>\n<meta property=\"og:site_name\" content=\"News Est Lyonnais\" \/>\n<meta property=\"article:author\" content=\"https:\/\/www.facebook.com\/pascal.oberson.1?fref=ts\" \/>\n<meta property=\"article:published_time\" content=\"2018-04-28T16:34:57+00:00\" \/>\n<meta property=\"article:modified_time\" content=\"2020-11-01T13:59:24+00:00\" \/>\n<meta property=\"og:image\" content=\"https:\/\/i2.wp.com\/newsestlyonnais.fr\/site\/wp-content\/uploads\/2018\/04\/NEWSESTLYONNAIS-DEPART-VAGUE.jpg?fit=2048%2C1536&ssl=1\" \/>\n\t<meta property=\"og:image:width\" content=\"2048\" \/>\n\t<meta property=\"og:image:height\" content=\"1536\" \/>\n\t<meta property=\"og:image:type\" content=\"image\/jpeg\" \/>\n<meta name=\"author\" content=\"R\u00e9dac. NEWS\" \/>\n<meta name=\"twitter:card\" content=\"summary_large_image\" \/>\n<meta name=\"twitter:label1\" content=\"\u00c9crit par\" \/>\n\t<meta name=\"twitter:data1\" content=\"R\u00e9dac. NEWS\" \/>\n\t<meta name=\"twitter:label2\" content=\"Dur\u00e9e de lecture estim\u00e9e\" \/>\n\t<meta name=\"twitter:data2\" content=\"1 minute\" \/>\n<script type=\"application\/ld+json\" class=\"yoast-schema-graph\">{\"@context\":\"https:\/\/schema.org\",\"@graph\":[{\"@type\":\"Article\",\"@id\":\"https:\/\/newsestlyonnais.fr\/site\/2018\/04\/28\/lyon-un-double-pour-laaa-lyon-a-lheure-sur-piste-en-nocturne\/#article\",\"isPartOf\":{\"@id\":\"https:\/\/newsestlyonnais.fr\/site\/2018\/04\/28\/lyon-un-double-pour-laaa-lyon-a-lheure-sur-piste-en-nocturne\/\"},\"author\":{\"name\":\"R\u00e9dac. NEWS\",\"@id\":\"https:\/\/newsestlyonnais.fr\/site\/#\/schema\/person\/3230d5615f390bb808365d673001e887\"},\"headline\":\"LYON | Doubl\u00e9 pour l&rsquo;Aaa LYON \u00e0 l&rsquo;Heure sur Piste en nocturne\",\"datePublished\":\"2018-04-28T16:34:57+00:00\",\"dateModified\":\"2020-11-01T13:59:24+00:00\",\"mainEntityOfPage\":{\"@id\":\"https:\/\/newsestlyonnais.fr\/site\/2018\/04\/28\/lyon-un-double-pour-laaa-lyon-a-lheure-sur-piste-en-nocturne\/\"},\"wordCount\":213,\"commentCount\":0,\"publisher\":{\"@id\":\"https:\/\/newsestlyonnais.fr\/site\/#organization\"},\"image\":{\"@id\":\"https:\/\/newsestlyonnais.fr\/site\/2018\/04\/28\/lyon-un-double-pour-laaa-lyon-a-lheure-sur-piste-en-nocturne\/#primaryimage\"},\"thumbnailUrl\":\"https:\/\/newsestlyonnais.fr\/site\/wp-content\/uploads\/2018\/04\/NEWSESTLYONNAIS-DEPART-VAGUE.jpg\",\"articleSection\":[\"Athl\u00e9 | Course pied | Marche\",\"Ev\u00e8nements divers\",\"Lyon\"],\"inLanguage\":\"fr-FR\",\"potentialAction\":[{\"@type\":\"CommentAction\",\"name\":\"Comment\",\"target\":[\"https:\/\/newsestlyonnais.fr\/site\/2018\/04\/28\/lyon-un-double-pour-laaa-lyon-a-lheure-sur-piste-en-nocturne\/#respond\"]}]},{\"@type\":\"WebPage\",\"@id\":\"https:\/\/newsestlyonnais.fr\/site\/2018\/04\/28\/lyon-un-double-pour-laaa-lyon-a-lheure-sur-piste-en-nocturne\/\",\"url\":\"https:\/\/newsestlyonnais.fr\/site\/2018\/04\/28\/lyon-un-double-pour-laaa-lyon-a-lheure-sur-piste-en-nocturne\/\",\"name\":\"LYON : Un doubl\u00e9 pour l'Aaa LYON \u00e0 l'Heure sur Piste en nocturne\",\"isPartOf\":{\"@id\":\"https:\/\/newsestlyonnais.fr\/site\/#website\"},\"primaryImageOfPage\":{\"@id\":\"https:\/\/newsestlyonnais.fr\/site\/2018\/04\/28\/lyon-un-double-pour-laaa-lyon-a-lheure-sur-piste-en-nocturne\/#primaryimage\"},\"image\":{\"@id\":\"https:\/\/newsestlyonnais.fr\/site\/2018\/04\/28\/lyon-un-double-pour-laaa-lyon-a-lheure-sur-piste-en-nocturne\/#primaryimage\"},\"thumbnailUrl\":\"https:\/\/newsestlyonnais.fr\/site\/wp-content\/uploads\/2018\/04\/NEWSESTLYONNAIS-DEPART-VAGUE.jpg\",\"datePublished\":\"2018-04-28T16:34:57+00:00\",\"dateModified\":\"2020-11-01T13:59:24+00:00\",\"description\":\"LYON : Un doubl\u00e9 pour l'Aaa LYON \u00e0 l'Heure sur Piste en nocturne\",\"breadcrumb\":{\"@id\":\"https:\/\/newsestlyonnais.fr\/site\/2018\/04\/28\/lyon-un-double-pour-laaa-lyon-a-lheure-sur-piste-en-nocturne\/#breadcrumb\"},\"inLanguage\":\"fr-FR\",\"potentialAction\":[{\"@type\":\"ReadAction\",\"target\":[\"https:\/\/newsestlyonnais.fr\/site\/2018\/04\/28\/lyon-un-double-pour-laaa-lyon-a-lheure-sur-piste-en-nocturne\/\"]}]},{\"@type\":\"ImageObject\",\"inLanguage\":\"fr-FR\",\"@id\":\"https:\/\/newsestlyonnais.fr\/site\/2018\/04\/28\/lyon-un-double-pour-laaa-lyon-a-lheure-sur-piste-en-nocturne\/#primaryimage\",\"url\":\"https:\/\/newsestlyonnais.fr\/site\/wp-content\/uploads\/2018\/04\/NEWSESTLYONNAIS-DEPART-VAGUE.jpg\",\"contentUrl\":\"https:\/\/newsestlyonnais.fr\/site\/wp-content\/uploads\/2018\/04\/NEWSESTLYONNAIS-DEPART-VAGUE.jpg\",\"width\":2048,\"height\":1536,\"caption\":\"NEWSESTLYONNAIS - DEPART VAGUE\"},{\"@type\":\"BreadcrumbList\",\"@id\":\"https:\/\/newsestlyonnais.fr\/site\/2018\/04\/28\/lyon-un-double-pour-laaa-lyon-a-lheure-sur-piste-en-nocturne\/#breadcrumb\",\"itemListElement\":[{\"@type\":\"ListItem\",\"position\":1,\"name\":\"Accueil\",\"item\":\"https:\/\/newsestlyonnais.fr\/site\/\"},{\"@type\":\"ListItem\",\"position\":2,\"name\":\"LYON | Doubl\u00e9 pour l&rsquo;Aaa LYON \u00e0 l&rsquo;Heure sur Piste en nocturne\"}]},{\"@type\":\"WebSite\",\"@id\":\"https:\/\/newsestlyonnais.fr\/site\/#website\",\"url\":\"https:\/\/newsestlyonnais.fr\/site\/\",\"name\":\"News Est Lyonnais\",\"description\":\"L&#039;actualit\u00e9 au plus pr\u00e8s\",\"publisher\":{\"@id\":\"https:\/\/newsestlyonnais.fr\/site\/#organization\"},\"potentialAction\":[{\"@type\":\"SearchAction\",\"target\":{\"@type\":\"EntryPoint\",\"urlTemplate\":\"https:\/\/newsestlyonnais.fr\/site\/?s={search_term_string}\"},\"query-input\":{\"@type\":\"PropertyValueSpecification\",\"valueRequired\":true,\"valueName\":\"search_term_string\"}}],\"inLanguage\":\"fr-FR\"},{\"@type\":\"Organization\",\"@id\":\"https:\/\/newsestlyonnais.fr\/site\/#organization\",\"name\":\"News EST LYONNAIS\",\"url\":\"https:\/\/newsestlyonnais.fr\/site\/\",\"logo\":{\"@type\":\"ImageObject\",\"inLanguage\":\"fr-FR\",\"@id\":\"https:\/\/newsestlyonnais.fr\/site\/#\/schema\/logo\/image\/\",\"url\":\"\",\"contentUrl\":\"\",\"caption\":\"News EST LYONNAIS\"},\"image\":{\"@id\":\"https:\/\/newsestlyonnais.fr\/site\/#\/schema\/logo\/image\/\"}},{\"@type\":\"Person\",\"@id\":\"https:\/\/newsestlyonnais.fr\/site\/#\/schema\/person\/3230d5615f390bb808365d673001e887\",\"name\":\"R\u00e9dac. NEWS\",\"sameAs\":[\"http:\/\/www.newsestlyonnais.fr\",\"https:\/\/www.facebook.com\/pascal.oberson.1?fref=ts\",\"https:\/\/fr.linkedin.com\/in\/pascal-oberson-b17045113\"],\"url\":\"https:\/\/newsestlyonnais.fr\/site\/author\/nel\/\"}]}<\/script>\n<!-- \/ Yoast SEO plugin. -->","yoast_head_json":{"title":"LYON : Un doubl\u00e9 pour l'Aaa LYON \u00e0 l'Heure sur Piste en nocturne","description":"LYON : Un doubl\u00e9 pour l'Aaa LYON \u00e0 l'Heure sur Piste en nocturne","robots":{"index":"index","follow":"follow","max-snippet":"max-snippet:-1","max-image-preview":"max-image-preview:large","max-video-preview":"max-video-preview:-1"},"canonical":"https:\/\/newsestlyonnais.fr\/site\/2018\/04\/28\/lyon-un-double-pour-laaa-lyon-a-lheure-sur-piste-en-nocturne\/","og_locale":"fr_FR","og_type":"article","og_title":"LYON : Un doubl\u00e9 pour l'Aaa LYON \u00e0 l'Heure sur Piste en nocturne","og_description":"LYON : Un doubl\u00e9 pour l'Aaa LYON \u00e0 l'Heure sur Piste en nocturne","og_url":"https:\/\/newsestlyonnais.fr\/site\/2018\/04\/28\/lyon-un-double-pour-laaa-lyon-a-lheure-sur-piste-en-nocturne\/","og_site_name":"News Est Lyonnais","article_author":"https:\/\/www.facebook.com\/pascal.oberson.1?fref=ts","article_published_time":"2018-04-28T16:34:57+00:00","article_modified_time":"2020-11-01T13:59:24+00:00","og_image":[{"width":2048,"height":1536,"url":"https:\/\/i2.wp.com\/newsestlyonnais.fr\/site\/wp-content\/uploads\/2018\/04\/NEWSESTLYONNAIS-DEPART-VAGUE.jpg?fit=2048%2C1536&ssl=1","type":"image\/jpeg"}],"author":"R\u00e9dac. NEWS","twitter_card":"summary_large_image","twitter_misc":{"\u00c9crit par":"R\u00e9dac. NEWS","Dur\u00e9e de lecture estim\u00e9e":"1 minute"},"schema":{"@context":"https:\/\/schema.org","@graph":[{"@type":"Article","@id":"https:\/\/newsestlyonnais.fr\/site\/2018\/04\/28\/lyon-un-double-pour-laaa-lyon-a-lheure-sur-piste-en-nocturne\/#article","isPartOf":{"@id":"https:\/\/newsestlyonnais.fr\/site\/2018\/04\/28\/lyon-un-double-pour-laaa-lyon-a-lheure-sur-piste-en-nocturne\/"},"author":{"name":"R\u00e9dac. NEWS","@id":"https:\/\/newsestlyonnais.fr\/site\/#\/schema\/person\/3230d5615f390bb808365d673001e887"},"headline":"LYON | Doubl\u00e9 pour l&rsquo;Aaa LYON \u00e0 l&rsquo;Heure sur Piste en nocturne","datePublished":"2018-04-28T16:34:57+00:00","dateModified":"2020-11-01T13:59:24+00:00","mainEntityOfPage":{"@id":"https:\/\/newsestlyonnais.fr\/site\/2018\/04\/28\/lyon-un-double-pour-laaa-lyon-a-lheure-sur-piste-en-nocturne\/"},"wordCount":213,"commentCount":0,"publisher":{"@id":"https:\/\/newsestlyonnais.fr\/site\/#organization"},"image":{"@id":"https:\/\/newsestlyonnais.fr\/site\/2018\/04\/28\/lyon-un-double-pour-laaa-lyon-a-lheure-sur-piste-en-nocturne\/#primaryimage"},"thumbnailUrl":"https:\/\/newsestlyonnais.fr\/site\/wp-content\/uploads\/2018\/04\/NEWSESTLYONNAIS-DEPART-VAGUE.jpg","articleSection":["Athl\u00e9 | Course pied | Marche","Ev\u00e8nements divers","Lyon"],"inLanguage":"fr-FR","potentialAction":[{"@type":"CommentAction","name":"Comment","target":["https:\/\/newsestlyonnais.fr\/site\/2018\/04\/28\/lyon-un-double-pour-laaa-lyon-a-lheure-sur-piste-en-nocturne\/#respond"]}]},{"@type":"WebPage","@id":"https:\/\/newsestlyonnais.fr\/site\/2018\/04\/28\/lyon-un-double-pour-laaa-lyon-a-lheure-sur-piste-en-nocturne\/","url":"https:\/\/newsestlyonnais.fr\/site\/2018\/04\/28\/lyon-un-double-pour-laaa-lyon-a-lheure-sur-piste-en-nocturne\/","name":"LYON : Un doubl\u00e9 pour l'Aaa LYON \u00e0 l'Heure sur Piste en nocturne","isPartOf":{"@id":"https:\/\/newsestlyonnais.fr\/site\/#website"},"primaryImageOfPage":{"@id":"https:\/\/newsestlyonnais.fr\/site\/2018\/04\/28\/lyon-un-double-pour-laaa-lyon-a-lheure-sur-piste-en-nocturne\/#primaryimage"},"image":{"@id":"https:\/\/newsestlyonnais.fr\/site\/2018\/04\/28\/lyon-un-double-pour-laaa-lyon-a-lheure-sur-piste-en-nocturne\/#primaryimage"},"thumbnailUrl":"https:\/\/newsestlyonnais.fr\/site\/wp-content\/uploads\/2018\/04\/NEWSESTLYONNAIS-DEPART-VAGUE.jpg","datePublished":"2018-04-28T16:34:57+00:00","dateModified":"2020-11-01T13:59:24+00:00","description":"LYON : Un doubl\u00e9 pour l'Aaa LYON \u00e0 l'Heure sur Piste en nocturne","breadcrumb":{"@id":"https:\/\/newsestlyonnais.fr\/site\/2018\/04\/28\/lyon-un-double-pour-laaa-lyon-a-lheure-sur-piste-en-nocturne\/#breadcrumb"},"inLanguage":"fr-FR","potentialAction":[{"@type":"ReadAction","target":["https:\/\/newsestlyonnais.fr\/site\/2018\/04\/28\/lyon-un-double-pour-laaa-lyon-a-lheure-sur-piste-en-nocturne\/"]}]},{"@type":"ImageObject","inLanguage":"fr-FR","@id":"https:\/\/newsestlyonnais.fr\/site\/2018\/04\/28\/lyon-un-double-pour-laaa-lyon-a-lheure-sur-piste-en-nocturne\/#primaryimage","url":"https:\/\/newsestlyonnais.fr\/site\/wp-content\/uploads\/2018\/04\/NEWSESTLYONNAIS-DEPART-VAGUE.jpg","contentUrl":"https:\/\/newsestlyonnais.fr\/site\/wp-content\/uploads\/2018\/04\/NEWSESTLYONNAIS-DEPART-VAGUE.jpg","width":2048,"height":1536,"caption":"NEWSESTLYONNAIS - DEPART VAGUE"},{"@type":"BreadcrumbList","@id":"https:\/\/newsestlyonnais.fr\/site\/2018\/04\/28\/lyon-un-double-pour-laaa-lyon-a-lheure-sur-piste-en-nocturne\/#breadcrumb","itemListElement":[{"@type":"ListItem","position":1,"name":"Accueil","item":"https:\/\/newsestlyonnais.fr\/site\/"},{"@type":"ListItem","position":2,"name":"LYON | Doubl\u00e9 pour l&rsquo;Aaa LYON \u00e0 l&rsquo;Heure sur Piste en nocturne"}]},{"@type":"WebSite","@id":"https:\/\/newsestlyonnais.fr\/site\/#website","url":"https:\/\/newsestlyonnais.fr\/site\/","name":"News Est Lyonnais","description":"L&#039;actualit\u00e9 au plus pr\u00e8s","publisher":{"@id":"https:\/\/newsestlyonnais.fr\/site\/#organization"},"potentialAction":[{"@type":"SearchAction","target":{"@type":"EntryPoint","urlTemplate":"https:\/\/newsestlyonnais.fr\/site\/?s={search_term_string}"},"query-input":{"@type":"PropertyValueSpecification","valueRequired":true,"valueName":"search_term_string"}}],"inLanguage":"fr-FR"},{"@type":"Organization","@id":"https:\/\/newsestlyonnais.fr\/site\/#organization","name":"News EST LYONNAIS","url":"https:\/\/newsestlyonnais.fr\/site\/","logo":{"@type":"ImageObject","inLanguage":"fr-FR","@id":"https:\/\/newsestlyonnais.fr\/site\/#\/schema\/logo\/image\/","url":"","contentUrl":"","caption":"News EST LYONNAIS"},"image":{"@id":"https:\/\/newsestlyonnais.fr\/site\/#\/schema\/logo\/image\/"}},{"@type":"Person","@id":"https:\/\/newsestlyonnais.fr\/site\/#\/schema\/person\/3230d5615f390bb808365d673001e887","name":"R\u00e9dac. NEWS","sameAs":["http:\/\/www.newsestlyonnais.fr","https:\/\/www.facebook.com\/pascal.oberson.1?fref=ts","https:\/\/fr.linkedin.com\/in\/pascal-oberson-b17045113"],"url":"https:\/\/newsestlyonnais.fr\/site\/author\/nel\/"}]}},"_links":{"self":[{"href":"https:\/\/newsestlyonnais.fr\/site\/wp-json\/wp\/v2\/posts\/48292","targetHints":{"allow":["GET"]}}],"collection":[{"href":"https:\/\/newsestlyonnais.fr\/site\/wp-json\/wp\/v2\/posts"}],"about":[{"href":"https:\/\/newsestlyonnais.fr\/site\/wp-json\/wp\/v2\/types\/post"}],"author":[{"embeddable":true,"href":"https:\/\/newsestlyonnais.fr\/site\/wp-json\/wp\/v2\/users\/4"}],"replies":[{"embeddable":true,"href":"https:\/\/newsestlyonnais.fr\/site\/wp-json\/wp\/v2\/comments?post=48292"}],"version-history":[{"count":0,"href":"https:\/\/newsestlyonnais.fr\/site\/wp-json\/wp\/v2\/posts\/48292\/revisions"}],"wp:featuredmedia":[{"embeddable":true,"href":"https:\/\/newsestlyonnais.fr\/site\/wp-json\/wp\/v2\/media\/48313"}],"wp:attachment":[{"href":"https:\/\/newsestlyonnais.fr\/site\/wp-json\/wp\/v2\/media?parent=48292"}],"wp:term":[{"taxonomy":"category","embeddable":true,"href":"https:\/\/newsestlyonnais.fr\/site\/wp-json\/wp\/v2\/categories?post=48292"},{"taxonomy":"post_tag","embeddable":true,"href":"https:\/\/newsestlyonnais.fr\/site\/wp-json\/wp\/v2\/tags?post=48292"}],"curies":[{"name":"wp","href":"https:\/\/api.w.org\/{rel}","templated":true}]}}