{"id":48340,"date":"2018-04-29T14:42:50","date_gmt":"2018-04-29T13:42:50","guid":{"rendered":"http:\/\/newsestlyonnais.fr\/site\/?p=48340"},"modified":"2020-11-02T08:54:09","modified_gmt":"2020-11-02T07:54:09","slug":"chassieu-499-participants-dimanche-pour-la-10-edition-des-10-kilometres","status":"publish","type":"post","link":"https:\/\/newsestlyonnais.fr\/site\/2018\/04\/29\/chassieu-499-participants-dimanche-pour-la-10-edition-des-10-kilometres\/","title":{"rendered":"CHASSIEU | 499 participants dimanche pour la 10\u00b0 \u00e9dition des 10 kilom\u00e8tres"},"content":{"rendered":"<h4>Participation sup\u00e9rieure \u00e0 l&rsquo;\u00e9dition 2017 avec 499 coureurs et coureuses au d\u00e9part devant le complexe Romain Tisserand pour cette \u00e9preuve organis\u00e9e par Chassieu Athl\u00e9.<\/h4>\n<p>A noter :<\/p>\n<ul>\n<li>le taux de 28 % de f\u00e9minines sur la distance des 10 kilom\u00e8tres.<\/li>\n<li>que 35 enfants ont couru sur les 2 distances propos\u00e9es (900 &amp; 1400 m\u00e8tres) et la recette sera revers\u00e9e \u00e0 l&rsquo;association \u00ab\u00a0L&rsquo;enfant bleu\u00a0\u00bb.<\/li>\n<li>que pour l&rsquo;\u00e9dition 2019, une course de 5 kilom\u00e8tres sera rajout\u00e9e ainsi qu&rsquo;une \u00e9preuve handisport.<\/li>\n<\/ul>\n<p>Succ\u00e8s de <strong>Stephen Biwott<\/strong> <strong>en 31&rsquo;57<\/strong> devant Ramzi El Yacoubi en 31&rsquo;59 en masculins et <strong>Nelly Jepkoech Mutai en 35&rsquo;29<\/strong> devant Florence Reignier en 37&rsquo;28 en f\u00e9minines.<\/p>\n<p><span style=\"text-decoration: underline\"><strong><em>PHOTO A LA UNE<\/em><\/strong><\/span> : de gauche \u00e0 droite : Stephen Biwott 1\u00b0 &amp; Ramzi El Yacoubi 2\u00b0<\/p>\n<ul>\n<li>Classements complets \u00e0 retrouver sur : <a href=\"https:\/\/10km-chassieu-2018.onsinscrit.com\/resultats.php\" target=\"_blank\" rel=\"noopener noreferrer\">https:\/\/10km-chassieu-2018.onsinscrit.com\/resultats.php<\/a><\/li>\n<\/ul>\n<div id='gallery-1' class='gallery galleryid-48340 gallery-columns-3 gallery-size-thumbnail'><figure class='gallery-item'>\n\t\t\t<div class='gallery-icon landscape'>\n\t\t\t\t<a href='https:\/\/newsestlyonnais.fr\/site\/newsestlyonnais-10-kms-chassieu-2018\/'><img loading=\"lazy\" decoding=\"async\" width=\"150\" height=\"150\" src=\"https:\/\/newsestlyonnais.fr\/site\/wp-content\/uploads\/2017\/12\/NEWSESTLYONNAIS-10-KMS-CHASSIEU-2018-150x150.jpg\" class=\"attachment-thumbnail size-thumbnail\" alt=\"NEWSESTLYONNAIS - 10 KMS CHASSIEU 2018\" aria-describedby=\"gallery-1-41052\" \/><\/a>\n\t\t\t<\/div>\n\t\t\t\t<figcaption class='wp-caption-text gallery-caption' id='gallery-1-41052'>\n\t\t\t\t L&rsquo;affiche de la course\n\t\t\t\t<\/figcaption><\/figure><figure class='gallery-item'>\n\t\t\t<div class='gallery-icon landscape'>\n\t\t\t\t<a href='https:\/\/newsestlyonnais.fr\/site\/2018\/04\/29\/chassieu-499-participants-dimanche-pour-la-10-edition-des-10-kilometres\/newsestlyonnais-4-prem-femmes\/'><img loading=\"lazy\" decoding=\"async\" width=\"150\" height=\"150\" src=\"https:\/\/newsestlyonnais.fr\/site\/wp-content\/uploads\/2018\/04\/NEWSESTLYONNAIS-4-PREM-FEMMES--150x150.jpg\" class=\"attachment-thumbnail size-thumbnail\" alt=\"NEWSESTLYONNAIS - 4 PREM FEMMES\" aria-describedby=\"gallery-1-48362\" \/><\/a>\n\t\t\t<\/div>\n\t\t\t\t<figcaption class='wp-caption-text gallery-caption' id='gallery-1-48362'>\n\t\t\t\tLes 4 premi\u00e8res f\u00e9minines \n\t\t\t\t<\/figcaption><\/figure><figure class='gallery-item'>\n\t\t\t<div class='gallery-icon landscape'>\n\t\t\t\t<a href='https:\/\/newsestlyonnais.fr\/site\/2018\/04\/29\/chassieu-499-participants-dimanche-pour-la-10-edition-des-10-kilometres\/newsestlyonnais-4-premiers-hommes\/'><img loading=\"lazy\" decoding=\"async\" width=\"150\" height=\"150\" src=\"https:\/\/newsestlyonnais.fr\/site\/wp-content\/uploads\/2018\/04\/NEWSESTLYONNAIS-4-PREMIERS-HOMMES-150x150.jpg\" class=\"attachment-thumbnail size-thumbnail\" alt=\"NEWSESTLYONNAIS - 4 PREMIERS HOMMES\" aria-describedby=\"gallery-1-48360\" \/><\/a>\n\t\t\t<\/div>\n\t\t\t\t<figcaption class='wp-caption-text gallery-caption' id='gallery-1-48360'>\n\t\t\t\tLes 4 premiers masculins au scratch\n\t\t\t\t<\/figcaption><\/figure><figure class='gallery-item'>\n\t\t\t<div class='gallery-icon landscape'>\n\t\t\t\t<a href='https:\/\/newsestlyonnais.fr\/site\/2018\/04\/29\/chassieu-499-participants-dimanche-pour-la-10-edition-des-10-kilometres\/newsestlyonnais-recomp-masc\/'><img loading=\"lazy\" decoding=\"async\" width=\"150\" height=\"150\" src=\"https:\/\/newsestlyonnais.fr\/site\/wp-content\/uploads\/2018\/04\/NEWSESTLYONNAIS-RECOMP-MASC-150x150.jpg\" class=\"attachment-thumbnail size-thumbnail\" alt=\"NEWSESTLYONNAIS - RECOMP MASC\" aria-describedby=\"gallery-1-48350\" \/><\/a>\n\t\t\t<\/div>\n\t\t\t\t<figcaption class='wp-caption-text gallery-caption' id='gallery-1-48350'>\n\t\t\t\tLes r\u00e9compens\u00e9s en masculins\n\t\t\t\t<\/figcaption><\/figure><figure class='gallery-item'>\n\t\t\t<div class='gallery-icon landscape'>\n\t\t\t\t<a href='https:\/\/newsestlyonnais.fr\/site\/2018\/04\/29\/chassieu-499-participants-dimanche-pour-la-10-edition-des-10-kilometres\/newsestlyonnais-recomp-femin\/'><img loading=\"lazy\" decoding=\"async\" width=\"150\" height=\"150\" src=\"https:\/\/newsestlyonnais.fr\/site\/wp-content\/uploads\/2018\/04\/NEWSESTLYONNAIS-RECOMP-FEMIN-150x150.jpg\" class=\"attachment-thumbnail size-thumbnail\" alt=\"NEWSESTLYONNAIS - RECOMP FEMIN\" aria-describedby=\"gallery-1-48353\" \/><\/a>\n\t\t\t<\/div>\n\t\t\t\t<figcaption class='wp-caption-text gallery-caption' id='gallery-1-48353'>\n\t\t\t\tLes f\u00e9minines r\u00e9compens\u00e9es \n\t\t\t\t<\/figcaption><\/figure><figure class='gallery-item'>\n\t\t\t<div class='gallery-icon landscape'>\n\t\t\t\t<a href='https:\/\/newsestlyonnais.fr\/site\/2018\/04\/29\/chassieu-499-participants-dimanche-pour-la-10-edition-des-10-kilometres\/newsestlyonnais-benevoles-3\/'><img loading=\"lazy\" decoding=\"async\" width=\"150\" height=\"150\" src=\"https:\/\/newsestlyonnais.fr\/site\/wp-content\/uploads\/2018\/04\/NEWSESTLYONNAIS-BENEVOLES-150x150.jpg\" class=\"attachment-thumbnail size-thumbnail\" alt=\"NEWSESTLYONNAIS - BENEVOLES\" aria-describedby=\"gallery-1-48345\" \/><\/a>\n\t\t\t<\/div>\n\t\t\t\t<figcaption class='wp-caption-text gallery-caption' id='gallery-1-48345'>\n\t\t\t\tToute l&rsquo;\u00e9quipe de b\u00e9n\u00e9voles du club  \n\t\t\t\t<\/figcaption><\/figure><figure class='gallery-item'>\n\t\t\t<div class='gallery-icon landscape'>\n\t\t\t\t<a href='https:\/\/newsestlyonnais.fr\/site\/2018\/04\/29\/chassieu-499-participants-dimanche-pour-la-10-edition-des-10-kilometres\/newsestlyonnais-re-benevoles\/'><img loading=\"lazy\" decoding=\"async\" width=\"150\" height=\"150\" src=\"https:\/\/newsestlyonnais.fr\/site\/wp-content\/uploads\/2018\/04\/NEWSESTLYONNAIS-RE-BENEVOLES-150x150.jpg\" class=\"attachment-thumbnail size-thumbnail\" alt=\"NEWSESTLYONNAIS - RE BENEVOLES\" \/><\/a>\n\t\t\t<\/div><\/figure><figure class='gallery-item'>\n\t\t\t<div class='gallery-icon landscape'>\n\t\t\t\t<a href='https:\/\/newsestlyonnais.fr\/site\/2018\/04\/29\/chassieu-499-participants-dimanche-pour-la-10-edition-des-10-kilometres\/newsestlyonnais-part-enfants\/'><img loading=\"lazy\" decoding=\"async\" width=\"150\" height=\"150\" src=\"https:\/\/newsestlyonnais.fr\/site\/wp-content\/uploads\/2018\/04\/NEWSESTLYONNAIS-PART-ENFANTS-150x150.jpg\" class=\"attachment-thumbnail size-thumbnail\" alt=\"NEWSESTLYONNAIS - PART ENFANTS\" aria-describedby=\"gallery-1-48363\" \/><\/a>\n\t\t\t<\/div>\n\t\t\t\t<figcaption class='wp-caption-text gallery-caption' id='gallery-1-48363'>\n\t\t\t\t35 enfants sur les 2 courses jeunes\n\t\t\t\t<\/figcaption><\/figure><figure class='gallery-item'>\n\t\t\t<div class='gallery-icon landscape'>\n\t\t\t\t<a href='https:\/\/newsestlyonnais.fr\/site\/2018\/04\/29\/chassieu-499-participants-dimanche-pour-la-10-edition-des-10-kilometres\/newsestlyonnais-podium-enfants-2\/'><img loading=\"lazy\" decoding=\"async\" width=\"150\" height=\"150\" src=\"https:\/\/newsestlyonnais.fr\/site\/wp-content\/uploads\/2018\/04\/NEWSESTLYONNAIS-PODIUM-ENFANTS-150x150.jpg\" class=\"attachment-thumbnail size-thumbnail\" alt=\"NEWSESTLYONNAIS - PODIUM ENFANTS\" aria-describedby=\"gallery-1-48364\" \/><\/a>\n\t\t\t<\/div>\n\t\t\t\t<figcaption class='wp-caption-text gallery-caption' id='gallery-1-48364'>\n\t\t\t\tLes enfants sur le podium \n\t\t\t\t<\/figcaption><\/figure>\n\t\t<\/div>\n\n<p>&nbsp;<\/p>\n","protected":false},"excerpt":{"rendered":"<p>Participation sup\u00e9rieure \u00e0 l&rsquo;\u00e9dition 2017 avec 499 coureurs et coureuses au d\u00e9part devant le complexe Romain Tisserand pour cette \u00e9preuve organis\u00e9e par Chassieu Athl\u00e9. A noter : le taux de 28 % de f\u00e9minines sur la distance des 10 kilom\u00e8tres. que 35 enfants ont couru sur les 2 distances propos\u00e9es (900 &amp; 1400 m\u00e8tres) et [&hellip;]<\/p>\n","protected":false},"author":4,"featured_media":48343,"comment_status":"open","ping_status":"open","sticky":false,"template":"","format":"standard","meta":{"footnotes":""},"categories":[2968,1283],"tags":[],"class_list":["post-48340","post","type-post","status-publish","format-standard","has-post-thumbnail","hentry","category-athle-course-pied-marche","category-chassieu-communes-diverses"],"yoast_head":"<!-- This site is optimized with the Yoast SEO plugin v27.2 - https:\/\/yoast.com\/product\/yoast-seo-wordpress\/ -->\n<title>CHASSIEU : 499 participants ce dimanche matin pour les 10 ans des 10 kilom\u00e8tres<\/title>\n<meta name=\"description\" content=\"CHASSIEU : 499 participants ce dimanche matin pour les 10 ans des 10 kilom\u00e8tres\" \/>\n<meta name=\"robots\" content=\"index, follow, max-snippet:-1, max-image-preview:large, max-video-preview:-1\" \/>\n<link rel=\"canonical\" href=\"https:\/\/newsestlyonnais.fr\/site\/2018\/04\/29\/chassieu-499-participants-dimanche-pour-la-10-edition-des-10-kilometres\/\" \/>\n<meta property=\"og:locale\" content=\"fr_FR\" \/>\n<meta property=\"og:type\" content=\"article\" \/>\n<meta property=\"og:title\" content=\"CHASSIEU : 499 participants ce dimanche matin pour les 10 ans des 10 kilom\u00e8tres\" \/>\n<meta property=\"og:description\" content=\"CHASSIEU : 499 participants ce dimanche matin pour les 10 ans des 10 kilom\u00e8tres\" \/>\n<meta property=\"og:url\" content=\"https:\/\/newsestlyonnais.fr\/site\/2018\/04\/29\/chassieu-499-participants-dimanche-pour-la-10-edition-des-10-kilometres\/\" \/>\n<meta property=\"og:site_name\" content=\"News Est Lyonnais\" \/>\n<meta property=\"article:author\" content=\"https:\/\/www.facebook.com\/pascal.oberson.1?fref=ts\" \/>\n<meta property=\"article:published_time\" content=\"2018-04-29T13:42:50+00:00\" \/>\n<meta property=\"article:modified_time\" content=\"2020-11-02T07:54:09+00:00\" \/>\n<meta property=\"og:image\" content=\"https:\/\/i1.wp.com\/newsestlyonnais.fr\/site\/wp-content\/uploads\/2018\/04\/NEWSESTLYONNAIS-PREMIERS-HOMMES.jpg?fit=2048%2C1536&ssl=1\" \/>\n\t<meta property=\"og:image:width\" content=\"2048\" \/>\n\t<meta property=\"og:image:height\" content=\"1536\" \/>\n\t<meta property=\"og:image:type\" content=\"image\/jpeg\" \/>\n<meta name=\"author\" content=\"R\u00e9dac. NEWS\" \/>\n<meta name=\"twitter:card\" content=\"summary_large_image\" \/>\n<meta name=\"twitter:label1\" content=\"\u00c9crit par\" \/>\n\t<meta name=\"twitter:data1\" content=\"R\u00e9dac. NEWS\" \/>\n\t<meta name=\"twitter:label2\" content=\"Dur\u00e9e de lecture estim\u00e9e\" \/>\n\t<meta name=\"twitter:data2\" content=\"1 minute\" \/>\n<script type=\"application\/ld+json\" class=\"yoast-schema-graph\">{\"@context\":\"https:\/\/schema.org\",\"@graph\":[{\"@type\":\"Article\",\"@id\":\"https:\/\/newsestlyonnais.fr\/site\/2018\/04\/29\/chassieu-499-participants-dimanche-pour-la-10-edition-des-10-kilometres\/#article\",\"isPartOf\":{\"@id\":\"https:\/\/newsestlyonnais.fr\/site\/2018\/04\/29\/chassieu-499-participants-dimanche-pour-la-10-edition-des-10-kilometres\/\"},\"author\":{\"name\":\"R\u00e9dac. NEWS\",\"@id\":\"https:\/\/newsestlyonnais.fr\/site\/#\/schema\/person\/3230d5615f390bb808365d673001e887\"},\"headline\":\"CHASSIEU | 499 participants dimanche pour la 10\u00b0 \u00e9dition des 10 kilom\u00e8tres\",\"datePublished\":\"2018-04-29T13:42:50+00:00\",\"dateModified\":\"2020-11-02T07:54:09+00:00\",\"mainEntityOfPage\":{\"@id\":\"https:\/\/newsestlyonnais.fr\/site\/2018\/04\/29\/chassieu-499-participants-dimanche-pour-la-10-edition-des-10-kilometres\/\"},\"wordCount\":141,\"commentCount\":0,\"publisher\":{\"@id\":\"https:\/\/newsestlyonnais.fr\/site\/#organization\"},\"image\":{\"@id\":\"https:\/\/newsestlyonnais.fr\/site\/2018\/04\/29\/chassieu-499-participants-dimanche-pour-la-10-edition-des-10-kilometres\/#primaryimage\"},\"thumbnailUrl\":\"https:\/\/newsestlyonnais.fr\/site\/wp-content\/uploads\/2018\/04\/NEWSESTLYONNAIS-PREMIERS-HOMMES.jpg\",\"articleSection\":[\"Athl\u00e9 | Course pied | Marche\",\"Chassieu | Communes diverses\"],\"inLanguage\":\"fr-FR\",\"potentialAction\":[{\"@type\":\"CommentAction\",\"name\":\"Comment\",\"target\":[\"https:\/\/newsestlyonnais.fr\/site\/2018\/04\/29\/chassieu-499-participants-dimanche-pour-la-10-edition-des-10-kilometres\/#respond\"]}]},{\"@type\":\"WebPage\",\"@id\":\"https:\/\/newsestlyonnais.fr\/site\/2018\/04\/29\/chassieu-499-participants-dimanche-pour-la-10-edition-des-10-kilometres\/\",\"url\":\"https:\/\/newsestlyonnais.fr\/site\/2018\/04\/29\/chassieu-499-participants-dimanche-pour-la-10-edition-des-10-kilometres\/\",\"name\":\"CHASSIEU : 499 participants ce dimanche matin pour les 10 ans des 10 kilom\u00e8tres\",\"isPartOf\":{\"@id\":\"https:\/\/newsestlyonnais.fr\/site\/#website\"},\"primaryImageOfPage\":{\"@id\":\"https:\/\/newsestlyonnais.fr\/site\/2018\/04\/29\/chassieu-499-participants-dimanche-pour-la-10-edition-des-10-kilometres\/#primaryimage\"},\"image\":{\"@id\":\"https:\/\/newsestlyonnais.fr\/site\/2018\/04\/29\/chassieu-499-participants-dimanche-pour-la-10-edition-des-10-kilometres\/#primaryimage\"},\"thumbnailUrl\":\"https:\/\/newsestlyonnais.fr\/site\/wp-content\/uploads\/2018\/04\/NEWSESTLYONNAIS-PREMIERS-HOMMES.jpg\",\"datePublished\":\"2018-04-29T13:42:50+00:00\",\"dateModified\":\"2020-11-02T07:54:09+00:00\",\"description\":\"CHASSIEU : 499 participants ce dimanche matin pour les 10 ans des 10 kilom\u00e8tres\",\"breadcrumb\":{\"@id\":\"https:\/\/newsestlyonnais.fr\/site\/2018\/04\/29\/chassieu-499-participants-dimanche-pour-la-10-edition-des-10-kilometres\/#breadcrumb\"},\"inLanguage\":\"fr-FR\",\"potentialAction\":[{\"@type\":\"ReadAction\",\"target\":[\"https:\/\/newsestlyonnais.fr\/site\/2018\/04\/29\/chassieu-499-participants-dimanche-pour-la-10-edition-des-10-kilometres\/\"]}]},{\"@type\":\"ImageObject\",\"inLanguage\":\"fr-FR\",\"@id\":\"https:\/\/newsestlyonnais.fr\/site\/2018\/04\/29\/chassieu-499-participants-dimanche-pour-la-10-edition-des-10-kilometres\/#primaryimage\",\"url\":\"https:\/\/newsestlyonnais.fr\/site\/wp-content\/uploads\/2018\/04\/NEWSESTLYONNAIS-PREMIERS-HOMMES.jpg\",\"contentUrl\":\"https:\/\/newsestlyonnais.fr\/site\/wp-content\/uploads\/2018\/04\/NEWSESTLYONNAIS-PREMIERS-HOMMES.jpg\",\"width\":2048,\"height\":1536,\"caption\":\"NEWSESTLYONNAIS - PREMIERS HOMMES\"},{\"@type\":\"BreadcrumbList\",\"@id\":\"https:\/\/newsestlyonnais.fr\/site\/2018\/04\/29\/chassieu-499-participants-dimanche-pour-la-10-edition-des-10-kilometres\/#breadcrumb\",\"itemListElement\":[{\"@type\":\"ListItem\",\"position\":1,\"name\":\"Accueil\",\"item\":\"https:\/\/newsestlyonnais.fr\/site\/\"},{\"@type\":\"ListItem\",\"position\":2,\"name\":\"CHASSIEU | 499 participants dimanche pour la 10\u00b0 \u00e9dition des 10 kilom\u00e8tres\"}]},{\"@type\":\"WebSite\",\"@id\":\"https:\/\/newsestlyonnais.fr\/site\/#website\",\"url\":\"https:\/\/newsestlyonnais.fr\/site\/\",\"name\":\"News Est Lyonnais\",\"description\":\"L&#039;actualit\u00e9 au plus pr\u00e8s\",\"publisher\":{\"@id\":\"https:\/\/newsestlyonnais.fr\/site\/#organization\"},\"potentialAction\":[{\"@type\":\"SearchAction\",\"target\":{\"@type\":\"EntryPoint\",\"urlTemplate\":\"https:\/\/newsestlyonnais.fr\/site\/?s={search_term_string}\"},\"query-input\":{\"@type\":\"PropertyValueSpecification\",\"valueRequired\":true,\"valueName\":\"search_term_string\"}}],\"inLanguage\":\"fr-FR\"},{\"@type\":\"Organization\",\"@id\":\"https:\/\/newsestlyonnais.fr\/site\/#organization\",\"name\":\"News EST LYONNAIS\",\"url\":\"https:\/\/newsestlyonnais.fr\/site\/\",\"logo\":{\"@type\":\"ImageObject\",\"inLanguage\":\"fr-FR\",\"@id\":\"https:\/\/newsestlyonnais.fr\/site\/#\/schema\/logo\/image\/\",\"url\":\"\",\"contentUrl\":\"\",\"caption\":\"News EST LYONNAIS\"},\"image\":{\"@id\":\"https:\/\/newsestlyonnais.fr\/site\/#\/schema\/logo\/image\/\"}},{\"@type\":\"Person\",\"@id\":\"https:\/\/newsestlyonnais.fr\/site\/#\/schema\/person\/3230d5615f390bb808365d673001e887\",\"name\":\"R\u00e9dac. NEWS\",\"sameAs\":[\"http:\/\/www.newsestlyonnais.fr\",\"https:\/\/www.facebook.com\/pascal.oberson.1?fref=ts\",\"https:\/\/fr.linkedin.com\/in\/pascal-oberson-b17045113\"],\"url\":\"https:\/\/newsestlyonnais.fr\/site\/author\/nel\/\"}]}<\/script>\n<!-- \/ Yoast SEO plugin. -->","yoast_head_json":{"title":"CHASSIEU : 499 participants ce dimanche matin pour les 10 ans des 10 kilom\u00e8tres","description":"CHASSIEU : 499 participants ce dimanche matin pour les 10 ans des 10 kilom\u00e8tres","robots":{"index":"index","follow":"follow","max-snippet":"max-snippet:-1","max-image-preview":"max-image-preview:large","max-video-preview":"max-video-preview:-1"},"canonical":"https:\/\/newsestlyonnais.fr\/site\/2018\/04\/29\/chassieu-499-participants-dimanche-pour-la-10-edition-des-10-kilometres\/","og_locale":"fr_FR","og_type":"article","og_title":"CHASSIEU : 499 participants ce dimanche matin pour les 10 ans des 10 kilom\u00e8tres","og_description":"CHASSIEU : 499 participants ce dimanche matin pour les 10 ans des 10 kilom\u00e8tres","og_url":"https:\/\/newsestlyonnais.fr\/site\/2018\/04\/29\/chassieu-499-participants-dimanche-pour-la-10-edition-des-10-kilometres\/","og_site_name":"News Est Lyonnais","article_author":"https:\/\/www.facebook.com\/pascal.oberson.1?fref=ts","article_published_time":"2018-04-29T13:42:50+00:00","article_modified_time":"2020-11-02T07:54:09+00:00","og_image":[{"width":2048,"height":1536,"url":"https:\/\/i1.wp.com\/newsestlyonnais.fr\/site\/wp-content\/uploads\/2018\/04\/NEWSESTLYONNAIS-PREMIERS-HOMMES.jpg?fit=2048%2C1536&ssl=1","type":"image\/jpeg"}],"author":"R\u00e9dac. NEWS","twitter_card":"summary_large_image","twitter_misc":{"\u00c9crit par":"R\u00e9dac. NEWS","Dur\u00e9e de lecture estim\u00e9e":"1 minute"},"schema":{"@context":"https:\/\/schema.org","@graph":[{"@type":"Article","@id":"https:\/\/newsestlyonnais.fr\/site\/2018\/04\/29\/chassieu-499-participants-dimanche-pour-la-10-edition-des-10-kilometres\/#article","isPartOf":{"@id":"https:\/\/newsestlyonnais.fr\/site\/2018\/04\/29\/chassieu-499-participants-dimanche-pour-la-10-edition-des-10-kilometres\/"},"author":{"name":"R\u00e9dac. NEWS","@id":"https:\/\/newsestlyonnais.fr\/site\/#\/schema\/person\/3230d5615f390bb808365d673001e887"},"headline":"CHASSIEU | 499 participants dimanche pour la 10\u00b0 \u00e9dition des 10 kilom\u00e8tres","datePublished":"2018-04-29T13:42:50+00:00","dateModified":"2020-11-02T07:54:09+00:00","mainEntityOfPage":{"@id":"https:\/\/newsestlyonnais.fr\/site\/2018\/04\/29\/chassieu-499-participants-dimanche-pour-la-10-edition-des-10-kilometres\/"},"wordCount":141,"commentCount":0,"publisher":{"@id":"https:\/\/newsestlyonnais.fr\/site\/#organization"},"image":{"@id":"https:\/\/newsestlyonnais.fr\/site\/2018\/04\/29\/chassieu-499-participants-dimanche-pour-la-10-edition-des-10-kilometres\/#primaryimage"},"thumbnailUrl":"https:\/\/newsestlyonnais.fr\/site\/wp-content\/uploads\/2018\/04\/NEWSESTLYONNAIS-PREMIERS-HOMMES.jpg","articleSection":["Athl\u00e9 | Course pied | Marche","Chassieu | Communes diverses"],"inLanguage":"fr-FR","potentialAction":[{"@type":"CommentAction","name":"Comment","target":["https:\/\/newsestlyonnais.fr\/site\/2018\/04\/29\/chassieu-499-participants-dimanche-pour-la-10-edition-des-10-kilometres\/#respond"]}]},{"@type":"WebPage","@id":"https:\/\/newsestlyonnais.fr\/site\/2018\/04\/29\/chassieu-499-participants-dimanche-pour-la-10-edition-des-10-kilometres\/","url":"https:\/\/newsestlyonnais.fr\/site\/2018\/04\/29\/chassieu-499-participants-dimanche-pour-la-10-edition-des-10-kilometres\/","name":"CHASSIEU : 499 participants ce dimanche matin pour les 10 ans des 10 kilom\u00e8tres","isPartOf":{"@id":"https:\/\/newsestlyonnais.fr\/site\/#website"},"primaryImageOfPage":{"@id":"https:\/\/newsestlyonnais.fr\/site\/2018\/04\/29\/chassieu-499-participants-dimanche-pour-la-10-edition-des-10-kilometres\/#primaryimage"},"image":{"@id":"https:\/\/newsestlyonnais.fr\/site\/2018\/04\/29\/chassieu-499-participants-dimanche-pour-la-10-edition-des-10-kilometres\/#primaryimage"},"thumbnailUrl":"https:\/\/newsestlyonnais.fr\/site\/wp-content\/uploads\/2018\/04\/NEWSESTLYONNAIS-PREMIERS-HOMMES.jpg","datePublished":"2018-04-29T13:42:50+00:00","dateModified":"2020-11-02T07:54:09+00:00","description":"CHASSIEU : 499 participants ce dimanche matin pour les 10 ans des 10 kilom\u00e8tres","breadcrumb":{"@id":"https:\/\/newsestlyonnais.fr\/site\/2018\/04\/29\/chassieu-499-participants-dimanche-pour-la-10-edition-des-10-kilometres\/#breadcrumb"},"inLanguage":"fr-FR","potentialAction":[{"@type":"ReadAction","target":["https:\/\/newsestlyonnais.fr\/site\/2018\/04\/29\/chassieu-499-participants-dimanche-pour-la-10-edition-des-10-kilometres\/"]}]},{"@type":"ImageObject","inLanguage":"fr-FR","@id":"https:\/\/newsestlyonnais.fr\/site\/2018\/04\/29\/chassieu-499-participants-dimanche-pour-la-10-edition-des-10-kilometres\/#primaryimage","url":"https:\/\/newsestlyonnais.fr\/site\/wp-content\/uploads\/2018\/04\/NEWSESTLYONNAIS-PREMIERS-HOMMES.jpg","contentUrl":"https:\/\/newsestlyonnais.fr\/site\/wp-content\/uploads\/2018\/04\/NEWSESTLYONNAIS-PREMIERS-HOMMES.jpg","width":2048,"height":1536,"caption":"NEWSESTLYONNAIS - PREMIERS HOMMES"},{"@type":"BreadcrumbList","@id":"https:\/\/newsestlyonnais.fr\/site\/2018\/04\/29\/chassieu-499-participants-dimanche-pour-la-10-edition-des-10-kilometres\/#breadcrumb","itemListElement":[{"@type":"ListItem","position":1,"name":"Accueil","item":"https:\/\/newsestlyonnais.fr\/site\/"},{"@type":"ListItem","position":2,"name":"CHASSIEU | 499 participants dimanche pour la 10\u00b0 \u00e9dition des 10 kilom\u00e8tres"}]},{"@type":"WebSite","@id":"https:\/\/newsestlyonnais.fr\/site\/#website","url":"https:\/\/newsestlyonnais.fr\/site\/","name":"News Est Lyonnais","description":"L&#039;actualit\u00e9 au plus pr\u00e8s","publisher":{"@id":"https:\/\/newsestlyonnais.fr\/site\/#organization"},"potentialAction":[{"@type":"SearchAction","target":{"@type":"EntryPoint","urlTemplate":"https:\/\/newsestlyonnais.fr\/site\/?s={search_term_string}"},"query-input":{"@type":"PropertyValueSpecification","valueRequired":true,"valueName":"search_term_string"}}],"inLanguage":"fr-FR"},{"@type":"Organization","@id":"https:\/\/newsestlyonnais.fr\/site\/#organization","name":"News EST LYONNAIS","url":"https:\/\/newsestlyonnais.fr\/site\/","logo":{"@type":"ImageObject","inLanguage":"fr-FR","@id":"https:\/\/newsestlyonnais.fr\/site\/#\/schema\/logo\/image\/","url":"","contentUrl":"","caption":"News EST LYONNAIS"},"image":{"@id":"https:\/\/newsestlyonnais.fr\/site\/#\/schema\/logo\/image\/"}},{"@type":"Person","@id":"https:\/\/newsestlyonnais.fr\/site\/#\/schema\/person\/3230d5615f390bb808365d673001e887","name":"R\u00e9dac. NEWS","sameAs":["http:\/\/www.newsestlyonnais.fr","https:\/\/www.facebook.com\/pascal.oberson.1?fref=ts","https:\/\/fr.linkedin.com\/in\/pascal-oberson-b17045113"],"url":"https:\/\/newsestlyonnais.fr\/site\/author\/nel\/"}]}},"_links":{"self":[{"href":"https:\/\/newsestlyonnais.fr\/site\/wp-json\/wp\/v2\/posts\/48340","targetHints":{"allow":["GET"]}}],"collection":[{"href":"https:\/\/newsestlyonnais.fr\/site\/wp-json\/wp\/v2\/posts"}],"about":[{"href":"https:\/\/newsestlyonnais.fr\/site\/wp-json\/wp\/v2\/types\/post"}],"author":[{"embeddable":true,"href":"https:\/\/newsestlyonnais.fr\/site\/wp-json\/wp\/v2\/users\/4"}],"replies":[{"embeddable":true,"href":"https:\/\/newsestlyonnais.fr\/site\/wp-json\/wp\/v2\/comments?post=48340"}],"version-history":[{"count":0,"href":"https:\/\/newsestlyonnais.fr\/site\/wp-json\/wp\/v2\/posts\/48340\/revisions"}],"wp:featuredmedia":[{"embeddable":true,"href":"https:\/\/newsestlyonnais.fr\/site\/wp-json\/wp\/v2\/media\/48343"}],"wp:attachment":[{"href":"https:\/\/newsestlyonnais.fr\/site\/wp-json\/wp\/v2\/media?parent=48340"}],"wp:term":[{"taxonomy":"category","embeddable":true,"href":"https:\/\/newsestlyonnais.fr\/site\/wp-json\/wp\/v2\/categories?post=48340"},{"taxonomy":"post_tag","embeddable":true,"href":"https:\/\/newsestlyonnais.fr\/site\/wp-json\/wp\/v2\/tags?post=48340"}],"curies":[{"name":"wp","href":"https:\/\/api.w.org\/{rel}","templated":true}]}}