{"id":48380,"date":"2018-04-30T07:31:06","date_gmt":"2018-04-30T06:31:06","guid":{"rendered":"http:\/\/newsestlyonnais.fr\/site\/?p=48380"},"modified":"2020-11-04T10:50:18","modified_gmt":"2020-11-04T09:50:18","slug":"vaulx-en-velin-boule-vaudaise-les-resultats-de-la-coupe-du-president","status":"publish","type":"post","link":"https:\/\/newsestlyonnais.fr\/site\/2018\/04\/30\/vaulx-en-velin-boule-vaudaise-les-resultats-de-la-coupe-du-president\/","title":{"rendered":"VAULX-EN-VELIN | Boule Vaudaise > les r\u00e9sultats de la Coupe du pr\u00e9sident"},"content":{"rendered":"<p>La Boule Vaudaise a organis\u00e9 lors du dernier jeudi d&rsquo;avril au boulodrome couvert de Vaulx en Velin, la Coupe du Pr\u00e9sident.<\/p>\n<p>Un concours de 16 quadrettes 3\u00b0 et 4\u00b0 loisirs v\u00e9t\u00e9rans disput\u00e9 sous le syst\u00e8me Aurard.<\/p>\n<p>Voici les r\u00e9sultats de ce concours:<\/p>\n<p>1\u00b0 Parra-Laquais-Dumontet-Veillon (Chessy les Mines)<br \/>\n2\u00b0 Giovanonne-Deschamps -Velardo-Foncelas (Pusignan)<br \/>\n3\u00b0 Martin-Ravaux-Lepetit-Deriaz (Beynost)<\/p>\n","protected":false},"excerpt":{"rendered":"<p>La Boule Vaudaise a organis\u00e9 lors du dernier jeudi d&rsquo;avril au boulodrome couvert de Vaulx en Velin, la Coupe du Pr\u00e9sident. Un concours de 16 quadrettes 3\u00b0 et 4\u00b0 loisirs v\u00e9t\u00e9rans disput\u00e9 sous le syst\u00e8me Aurard. Voici les r\u00e9sultats de ce concours: 1\u00b0 Parra-Laquais-Dumontet-Veillon (Chessy les Mines) 2\u00b0 Giovanonne-Deschamps -Velardo-Foncelas (Pusignan) 3\u00b0 Martin-Ravaux-Lepetit-Deriaz (Beynost)<\/p>\n","protected":false},"author":4,"featured_media":48384,"comment_status":"open","ping_status":"open","sticky":false,"template":"","format":"standard","meta":{"footnotes":""},"categories":[2977,1341,4,28],"tags":[],"class_list":["post-48380","post","type-post","status-publish","format-standard","has-post-thumbnail","hentry","category-boules-petanque-sports","category-boules-lyonnaises","category-evenements-divers","category-vaulx-en-velin"],"yoast_head":"<!-- This site is optimized with the Yoast SEO plugin v27.2 - https:\/\/yoast.com\/product\/yoast-seo-wordpress\/ -->\n<title>VAULX-EN-VELIN | Boule Vaudaise &gt; les r\u00e9sultats de la Coupe du pr\u00e9sident - News Est Lyonnais<\/title>\n<meta name=\"description\" content=\"La Boule Vaudaise a organis\u00e9 lors du dernier jeudi d&#039;avril au boulodrome couvert de Vaulx en Velin, la Coupe du Pr\u00e9sident, un concours de 16 quadrettes\" \/>\n<meta name=\"robots\" content=\"index, follow, max-snippet:-1, max-image-preview:large, max-video-preview:-1\" \/>\n<link rel=\"canonical\" href=\"https:\/\/newsestlyonnais.fr\/site\/2018\/04\/30\/vaulx-en-velin-boule-vaudaise-les-resultats-de-la-coupe-du-president\/\" \/>\n<meta property=\"og:locale\" content=\"fr_FR\" \/>\n<meta property=\"og:type\" content=\"article\" \/>\n<meta property=\"og:title\" content=\"VAULX-EN-VELIN | Boule Vaudaise &gt; les r\u00e9sultats de la Coupe du pr\u00e9sident - News Est Lyonnais\" \/>\n<meta property=\"og:description\" content=\"La Boule Vaudaise a organis\u00e9 lors du dernier jeudi d&#039;avril au boulodrome couvert de Vaulx en Velin, la Coupe du Pr\u00e9sident, un concours de 16 quadrettes\" \/>\n<meta property=\"og:url\" content=\"https:\/\/newsestlyonnais.fr\/site\/2018\/04\/30\/vaulx-en-velin-boule-vaudaise-les-resultats-de-la-coupe-du-president\/\" \/>\n<meta property=\"og:site_name\" content=\"News Est Lyonnais\" \/>\n<meta property=\"article:author\" content=\"https:\/\/www.facebook.com\/pascal.oberson.1?fref=ts\" \/>\n<meta property=\"article:published_time\" content=\"2018-04-30T06:31:06+00:00\" \/>\n<meta property=\"article:modified_time\" content=\"2020-11-04T09:50:18+00:00\" \/>\n<meta property=\"og:image\" content=\"https:\/\/i0.wp.com\/newsestlyonnais.fr\/site\/wp-content\/uploads\/2018\/04\/NEWSESTLYONNAIS-BOULES-CONC-PRESIDENT-.jpg?fit=3264%2C1840&ssl=1\" \/>\n\t<meta property=\"og:image:width\" content=\"3264\" \/>\n\t<meta property=\"og:image:height\" content=\"1840\" \/>\n\t<meta property=\"og:image:type\" content=\"image\/jpeg\" \/>\n<meta name=\"author\" content=\"R\u00e9dac. NEWS\" \/>\n<meta name=\"twitter:card\" content=\"summary_large_image\" \/>\n<meta name=\"twitter:label1\" content=\"\u00c9crit par\" \/>\n\t<meta name=\"twitter:data1\" content=\"R\u00e9dac. NEWS\" \/>\n<script type=\"application\/ld+json\" class=\"yoast-schema-graph\">{\"@context\":\"https:\/\/schema.org\",\"@graph\":[{\"@type\":\"Article\",\"@id\":\"https:\/\/newsestlyonnais.fr\/site\/2018\/04\/30\/vaulx-en-velin-boule-vaudaise-les-resultats-de-la-coupe-du-president\/#article\",\"isPartOf\":{\"@id\":\"https:\/\/newsestlyonnais.fr\/site\/2018\/04\/30\/vaulx-en-velin-boule-vaudaise-les-resultats-de-la-coupe-du-president\/\"},\"author\":{\"name\":\"R\u00e9dac. NEWS\",\"@id\":\"https:\/\/newsestlyonnais.fr\/site\/#\/schema\/person\/3230d5615f390bb808365d673001e887\"},\"headline\":\"VAULX-EN-VELIN | Boule Vaudaise > les r\u00e9sultats de la Coupe du pr\u00e9sident\",\"datePublished\":\"2018-04-30T06:31:06+00:00\",\"dateModified\":\"2020-11-04T09:50:18+00:00\",\"mainEntityOfPage\":{\"@id\":\"https:\/\/newsestlyonnais.fr\/site\/2018\/04\/30\/vaulx-en-velin-boule-vaudaise-les-resultats-de-la-coupe-du-president\/\"},\"wordCount\":66,\"commentCount\":0,\"publisher\":{\"@id\":\"https:\/\/newsestlyonnais.fr\/site\/#organization\"},\"image\":{\"@id\":\"https:\/\/newsestlyonnais.fr\/site\/2018\/04\/30\/vaulx-en-velin-boule-vaudaise-les-resultats-de-la-coupe-du-president\/#primaryimage\"},\"thumbnailUrl\":\"https:\/\/newsestlyonnais.fr\/site\/wp-content\/uploads\/2018\/04\/NEWSESTLYONNAIS-BOULES-CONC-PRESIDENT-.jpg\",\"articleSection\":[\"Boules | P\u00e9tanque\",\"Boules Lyonnaises\",\"Ev\u00e8nements divers\",\"Vaulx-en-Velin\"],\"inLanguage\":\"fr-FR\",\"potentialAction\":[{\"@type\":\"CommentAction\",\"name\":\"Comment\",\"target\":[\"https:\/\/newsestlyonnais.fr\/site\/2018\/04\/30\/vaulx-en-velin-boule-vaudaise-les-resultats-de-la-coupe-du-president\/#respond\"]}]},{\"@type\":\"WebPage\",\"@id\":\"https:\/\/newsestlyonnais.fr\/site\/2018\/04\/30\/vaulx-en-velin-boule-vaudaise-les-resultats-de-la-coupe-du-president\/\",\"url\":\"https:\/\/newsestlyonnais.fr\/site\/2018\/04\/30\/vaulx-en-velin-boule-vaudaise-les-resultats-de-la-coupe-du-president\/\",\"name\":\"VAULX-EN-VELIN | Boule Vaudaise > les r\u00e9sultats de la Coupe du pr\u00e9sident - News Est Lyonnais\",\"isPartOf\":{\"@id\":\"https:\/\/newsestlyonnais.fr\/site\/#website\"},\"primaryImageOfPage\":{\"@id\":\"https:\/\/newsestlyonnais.fr\/site\/2018\/04\/30\/vaulx-en-velin-boule-vaudaise-les-resultats-de-la-coupe-du-president\/#primaryimage\"},\"image\":{\"@id\":\"https:\/\/newsestlyonnais.fr\/site\/2018\/04\/30\/vaulx-en-velin-boule-vaudaise-les-resultats-de-la-coupe-du-president\/#primaryimage\"},\"thumbnailUrl\":\"https:\/\/newsestlyonnais.fr\/site\/wp-content\/uploads\/2018\/04\/NEWSESTLYONNAIS-BOULES-CONC-PRESIDENT-.jpg\",\"datePublished\":\"2018-04-30T06:31:06+00:00\",\"dateModified\":\"2020-11-04T09:50:18+00:00\",\"description\":\"La Boule Vaudaise a organis\u00e9 lors du dernier jeudi d'avril au boulodrome couvert de Vaulx en Velin, la Coupe du Pr\u00e9sident, un concours de 16 quadrettes\",\"breadcrumb\":{\"@id\":\"https:\/\/newsestlyonnais.fr\/site\/2018\/04\/30\/vaulx-en-velin-boule-vaudaise-les-resultats-de-la-coupe-du-president\/#breadcrumb\"},\"inLanguage\":\"fr-FR\",\"potentialAction\":[{\"@type\":\"ReadAction\",\"target\":[\"https:\/\/newsestlyonnais.fr\/site\/2018\/04\/30\/vaulx-en-velin-boule-vaudaise-les-resultats-de-la-coupe-du-president\/\"]}]},{\"@type\":\"ImageObject\",\"inLanguage\":\"fr-FR\",\"@id\":\"https:\/\/newsestlyonnais.fr\/site\/2018\/04\/30\/vaulx-en-velin-boule-vaudaise-les-resultats-de-la-coupe-du-president\/#primaryimage\",\"url\":\"https:\/\/newsestlyonnais.fr\/site\/wp-content\/uploads\/2018\/04\/NEWSESTLYONNAIS-BOULES-CONC-PRESIDENT-.jpg\",\"contentUrl\":\"https:\/\/newsestlyonnais.fr\/site\/wp-content\/uploads\/2018\/04\/NEWSESTLYONNAIS-BOULES-CONC-PRESIDENT-.jpg\",\"width\":3264,\"height\":1840,\"caption\":\"NEWSESTLYONNAIS - BOULES CONC PRESIDENT\"},{\"@type\":\"BreadcrumbList\",\"@id\":\"https:\/\/newsestlyonnais.fr\/site\/2018\/04\/30\/vaulx-en-velin-boule-vaudaise-les-resultats-de-la-coupe-du-president\/#breadcrumb\",\"itemListElement\":[{\"@type\":\"ListItem\",\"position\":1,\"name\":\"Accueil\",\"item\":\"https:\/\/newsestlyonnais.fr\/site\/\"},{\"@type\":\"ListItem\",\"position\":2,\"name\":\"VAULX-EN-VELIN | Boule Vaudaise > les r\u00e9sultats de la Coupe du pr\u00e9sident\"}]},{\"@type\":\"WebSite\",\"@id\":\"https:\/\/newsestlyonnais.fr\/site\/#website\",\"url\":\"https:\/\/newsestlyonnais.fr\/site\/\",\"name\":\"News Est Lyonnais\",\"description\":\"L&#039;actualit\u00e9 au plus pr\u00e8s\",\"publisher\":{\"@id\":\"https:\/\/newsestlyonnais.fr\/site\/#organization\"},\"potentialAction\":[{\"@type\":\"SearchAction\",\"target\":{\"@type\":\"EntryPoint\",\"urlTemplate\":\"https:\/\/newsestlyonnais.fr\/site\/?s={search_term_string}\"},\"query-input\":{\"@type\":\"PropertyValueSpecification\",\"valueRequired\":true,\"valueName\":\"search_term_string\"}}],\"inLanguage\":\"fr-FR\"},{\"@type\":\"Organization\",\"@id\":\"https:\/\/newsestlyonnais.fr\/site\/#organization\",\"name\":\"News EST LYONNAIS\",\"url\":\"https:\/\/newsestlyonnais.fr\/site\/\",\"logo\":{\"@type\":\"ImageObject\",\"inLanguage\":\"fr-FR\",\"@id\":\"https:\/\/newsestlyonnais.fr\/site\/#\/schema\/logo\/image\/\",\"url\":\"\",\"contentUrl\":\"\",\"caption\":\"News EST LYONNAIS\"},\"image\":{\"@id\":\"https:\/\/newsestlyonnais.fr\/site\/#\/schema\/logo\/image\/\"}},{\"@type\":\"Person\",\"@id\":\"https:\/\/newsestlyonnais.fr\/site\/#\/schema\/person\/3230d5615f390bb808365d673001e887\",\"name\":\"R\u00e9dac. NEWS\",\"sameAs\":[\"http:\/\/www.newsestlyonnais.fr\",\"https:\/\/www.facebook.com\/pascal.oberson.1?fref=ts\",\"https:\/\/fr.linkedin.com\/in\/pascal-oberson-b17045113\"],\"url\":\"https:\/\/newsestlyonnais.fr\/site\/author\/nel\/\"}]}<\/script>\n<!-- \/ Yoast SEO plugin. -->","yoast_head_json":{"title":"VAULX-EN-VELIN | Boule Vaudaise > les r\u00e9sultats de la Coupe du pr\u00e9sident - News Est Lyonnais","description":"La Boule Vaudaise a organis\u00e9 lors du dernier jeudi d'avril au boulodrome couvert de Vaulx en Velin, la Coupe du Pr\u00e9sident, un concours de 16 quadrettes","robots":{"index":"index","follow":"follow","max-snippet":"max-snippet:-1","max-image-preview":"max-image-preview:large","max-video-preview":"max-video-preview:-1"},"canonical":"https:\/\/newsestlyonnais.fr\/site\/2018\/04\/30\/vaulx-en-velin-boule-vaudaise-les-resultats-de-la-coupe-du-president\/","og_locale":"fr_FR","og_type":"article","og_title":"VAULX-EN-VELIN | Boule Vaudaise > les r\u00e9sultats de la Coupe du pr\u00e9sident - News Est Lyonnais","og_description":"La Boule Vaudaise a organis\u00e9 lors du dernier jeudi d'avril au boulodrome couvert de Vaulx en Velin, la Coupe du Pr\u00e9sident, un concours de 16 quadrettes","og_url":"https:\/\/newsestlyonnais.fr\/site\/2018\/04\/30\/vaulx-en-velin-boule-vaudaise-les-resultats-de-la-coupe-du-president\/","og_site_name":"News Est Lyonnais","article_author":"https:\/\/www.facebook.com\/pascal.oberson.1?fref=ts","article_published_time":"2018-04-30T06:31:06+00:00","article_modified_time":"2020-11-04T09:50:18+00:00","og_image":[{"width":3264,"height":1840,"url":"https:\/\/i0.wp.com\/newsestlyonnais.fr\/site\/wp-content\/uploads\/2018\/04\/NEWSESTLYONNAIS-BOULES-CONC-PRESIDENT-.jpg?fit=3264%2C1840&ssl=1","type":"image\/jpeg"}],"author":"R\u00e9dac. NEWS","twitter_card":"summary_large_image","twitter_misc":{"\u00c9crit par":"R\u00e9dac. NEWS"},"schema":{"@context":"https:\/\/schema.org","@graph":[{"@type":"Article","@id":"https:\/\/newsestlyonnais.fr\/site\/2018\/04\/30\/vaulx-en-velin-boule-vaudaise-les-resultats-de-la-coupe-du-president\/#article","isPartOf":{"@id":"https:\/\/newsestlyonnais.fr\/site\/2018\/04\/30\/vaulx-en-velin-boule-vaudaise-les-resultats-de-la-coupe-du-president\/"},"author":{"name":"R\u00e9dac. NEWS","@id":"https:\/\/newsestlyonnais.fr\/site\/#\/schema\/person\/3230d5615f390bb808365d673001e887"},"headline":"VAULX-EN-VELIN | Boule Vaudaise > les r\u00e9sultats de la Coupe du pr\u00e9sident","datePublished":"2018-04-30T06:31:06+00:00","dateModified":"2020-11-04T09:50:18+00:00","mainEntityOfPage":{"@id":"https:\/\/newsestlyonnais.fr\/site\/2018\/04\/30\/vaulx-en-velin-boule-vaudaise-les-resultats-de-la-coupe-du-president\/"},"wordCount":66,"commentCount":0,"publisher":{"@id":"https:\/\/newsestlyonnais.fr\/site\/#organization"},"image":{"@id":"https:\/\/newsestlyonnais.fr\/site\/2018\/04\/30\/vaulx-en-velin-boule-vaudaise-les-resultats-de-la-coupe-du-president\/#primaryimage"},"thumbnailUrl":"https:\/\/newsestlyonnais.fr\/site\/wp-content\/uploads\/2018\/04\/NEWSESTLYONNAIS-BOULES-CONC-PRESIDENT-.jpg","articleSection":["Boules | P\u00e9tanque","Boules Lyonnaises","Ev\u00e8nements divers","Vaulx-en-Velin"],"inLanguage":"fr-FR","potentialAction":[{"@type":"CommentAction","name":"Comment","target":["https:\/\/newsestlyonnais.fr\/site\/2018\/04\/30\/vaulx-en-velin-boule-vaudaise-les-resultats-de-la-coupe-du-president\/#respond"]}]},{"@type":"WebPage","@id":"https:\/\/newsestlyonnais.fr\/site\/2018\/04\/30\/vaulx-en-velin-boule-vaudaise-les-resultats-de-la-coupe-du-president\/","url":"https:\/\/newsestlyonnais.fr\/site\/2018\/04\/30\/vaulx-en-velin-boule-vaudaise-les-resultats-de-la-coupe-du-president\/","name":"VAULX-EN-VELIN | Boule Vaudaise > les r\u00e9sultats de la Coupe du pr\u00e9sident - News Est Lyonnais","isPartOf":{"@id":"https:\/\/newsestlyonnais.fr\/site\/#website"},"primaryImageOfPage":{"@id":"https:\/\/newsestlyonnais.fr\/site\/2018\/04\/30\/vaulx-en-velin-boule-vaudaise-les-resultats-de-la-coupe-du-president\/#primaryimage"},"image":{"@id":"https:\/\/newsestlyonnais.fr\/site\/2018\/04\/30\/vaulx-en-velin-boule-vaudaise-les-resultats-de-la-coupe-du-president\/#primaryimage"},"thumbnailUrl":"https:\/\/newsestlyonnais.fr\/site\/wp-content\/uploads\/2018\/04\/NEWSESTLYONNAIS-BOULES-CONC-PRESIDENT-.jpg","datePublished":"2018-04-30T06:31:06+00:00","dateModified":"2020-11-04T09:50:18+00:00","description":"La Boule Vaudaise a organis\u00e9 lors du dernier jeudi d'avril au boulodrome couvert de Vaulx en Velin, la Coupe du Pr\u00e9sident, un concours de 16 quadrettes","breadcrumb":{"@id":"https:\/\/newsestlyonnais.fr\/site\/2018\/04\/30\/vaulx-en-velin-boule-vaudaise-les-resultats-de-la-coupe-du-president\/#breadcrumb"},"inLanguage":"fr-FR","potentialAction":[{"@type":"ReadAction","target":["https:\/\/newsestlyonnais.fr\/site\/2018\/04\/30\/vaulx-en-velin-boule-vaudaise-les-resultats-de-la-coupe-du-president\/"]}]},{"@type":"ImageObject","inLanguage":"fr-FR","@id":"https:\/\/newsestlyonnais.fr\/site\/2018\/04\/30\/vaulx-en-velin-boule-vaudaise-les-resultats-de-la-coupe-du-president\/#primaryimage","url":"https:\/\/newsestlyonnais.fr\/site\/wp-content\/uploads\/2018\/04\/NEWSESTLYONNAIS-BOULES-CONC-PRESIDENT-.jpg","contentUrl":"https:\/\/newsestlyonnais.fr\/site\/wp-content\/uploads\/2018\/04\/NEWSESTLYONNAIS-BOULES-CONC-PRESIDENT-.jpg","width":3264,"height":1840,"caption":"NEWSESTLYONNAIS - BOULES CONC PRESIDENT"},{"@type":"BreadcrumbList","@id":"https:\/\/newsestlyonnais.fr\/site\/2018\/04\/30\/vaulx-en-velin-boule-vaudaise-les-resultats-de-la-coupe-du-president\/#breadcrumb","itemListElement":[{"@type":"ListItem","position":1,"name":"Accueil","item":"https:\/\/newsestlyonnais.fr\/site\/"},{"@type":"ListItem","position":2,"name":"VAULX-EN-VELIN | Boule Vaudaise > les r\u00e9sultats de la Coupe du pr\u00e9sident"}]},{"@type":"WebSite","@id":"https:\/\/newsestlyonnais.fr\/site\/#website","url":"https:\/\/newsestlyonnais.fr\/site\/","name":"News Est Lyonnais","description":"L&#039;actualit\u00e9 au plus pr\u00e8s","publisher":{"@id":"https:\/\/newsestlyonnais.fr\/site\/#organization"},"potentialAction":[{"@type":"SearchAction","target":{"@type":"EntryPoint","urlTemplate":"https:\/\/newsestlyonnais.fr\/site\/?s={search_term_string}"},"query-input":{"@type":"PropertyValueSpecification","valueRequired":true,"valueName":"search_term_string"}}],"inLanguage":"fr-FR"},{"@type":"Organization","@id":"https:\/\/newsestlyonnais.fr\/site\/#organization","name":"News EST LYONNAIS","url":"https:\/\/newsestlyonnais.fr\/site\/","logo":{"@type":"ImageObject","inLanguage":"fr-FR","@id":"https:\/\/newsestlyonnais.fr\/site\/#\/schema\/logo\/image\/","url":"","contentUrl":"","caption":"News EST LYONNAIS"},"image":{"@id":"https:\/\/newsestlyonnais.fr\/site\/#\/schema\/logo\/image\/"}},{"@type":"Person","@id":"https:\/\/newsestlyonnais.fr\/site\/#\/schema\/person\/3230d5615f390bb808365d673001e887","name":"R\u00e9dac. NEWS","sameAs":["http:\/\/www.newsestlyonnais.fr","https:\/\/www.facebook.com\/pascal.oberson.1?fref=ts","https:\/\/fr.linkedin.com\/in\/pascal-oberson-b17045113"],"url":"https:\/\/newsestlyonnais.fr\/site\/author\/nel\/"}]}},"_links":{"self":[{"href":"https:\/\/newsestlyonnais.fr\/site\/wp-json\/wp\/v2\/posts\/48380","targetHints":{"allow":["GET"]}}],"collection":[{"href":"https:\/\/newsestlyonnais.fr\/site\/wp-json\/wp\/v2\/posts"}],"about":[{"href":"https:\/\/newsestlyonnais.fr\/site\/wp-json\/wp\/v2\/types\/post"}],"author":[{"embeddable":true,"href":"https:\/\/newsestlyonnais.fr\/site\/wp-json\/wp\/v2\/users\/4"}],"replies":[{"embeddable":true,"href":"https:\/\/newsestlyonnais.fr\/site\/wp-json\/wp\/v2\/comments?post=48380"}],"version-history":[{"count":0,"href":"https:\/\/newsestlyonnais.fr\/site\/wp-json\/wp\/v2\/posts\/48380\/revisions"}],"wp:featuredmedia":[{"embeddable":true,"href":"https:\/\/newsestlyonnais.fr\/site\/wp-json\/wp\/v2\/media\/48384"}],"wp:attachment":[{"href":"https:\/\/newsestlyonnais.fr\/site\/wp-json\/wp\/v2\/media?parent=48380"}],"wp:term":[{"taxonomy":"category","embeddable":true,"href":"https:\/\/newsestlyonnais.fr\/site\/wp-json\/wp\/v2\/categories?post=48380"},{"taxonomy":"post_tag","embeddable":true,"href":"https:\/\/newsestlyonnais.fr\/site\/wp-json\/wp\/v2\/tags?post=48380"}],"curies":[{"name":"wp","href":"https:\/\/api.w.org\/{rel}","templated":true}]}}