{"id":48413,"date":"2018-04-30T13:32:50","date_gmt":"2018-04-30T12:32:50","guid":{"rendered":"http:\/\/newsestlyonnais.fr\/site\/?p=48413"},"modified":"2020-11-11T14:25:36","modified_gmt":"2020-11-11T13:25:36","slug":"decines-les-sorties-terre-de-running-de-mai","status":"publish","type":"post","link":"https:\/\/newsestlyonnais.fr\/site\/2018\/04\/30\/decines-les-sorties-terre-de-running-de-mai\/","title":{"rendered":"DECINES | Les sorties \u00ab Terre de Running \u00bb de Mai"},"content":{"rendered":"<h4>Le planning des sorties du mois de Mai de la boutique d\u00e9cinoise de \u00bb Terre de Running \u00bb, partenaire de https:\/\/newsestlyonnais.fr a \u00e9t\u00e9 d\u00e9voil\u00e9 par son responsable Kevin Molard.<\/h4>\n<p>En voici le d\u00e9tail : (<strong>le magasin sera ferm\u00e9 le 1\u00b0, 8 et 21 mai<\/strong>).<\/p>\n<ul>\n<li class=\"ox-c1e5117efd-MsoListParagraph\"><strong>Jeudi 3 mai \u00e0 19 h<\/strong>\u00a0: S\u00e9ances de c\u00f4tes \u00e0 Chassieu (rdv au magasin)<\/li>\n<li class=\"ox-c1e5117efd-MsoListParagraph\"><strong>Jeudi 10 mai \u00e0 19 h<\/strong>\u00a0: Sortie dans le parc de Miribel (1h-1h15)<\/li>\n<li class=\"ox-c1e5117efd-MsoListParagraph\"><strong>Mardi 15 mai \u00e0 18 h 45<\/strong>\u00a0: Garmin (montres GPS) et Stimium (nutrition) seront pr\u00e9sents au magasin pour une sortie VMA<\/li>\n<li class=\"ox-c1e5117efd-MsoListParagraph\"><strong>Mardi 22 mai \u00e0 19 h<\/strong>\u00a0: S\u00e9ance en \u00e9quipe\/relais<\/li>\n<li class=\"ox-c1e5117efd-MsoListParagraph\"><strong>Mardi 29 mai 18 h 45\u00a0<\/strong>: Bluetens (\u00e9lectrostimulation) \/ Natural Nutrition \/ Oxsitis (Sacs \u00e0 dos) en test avec un groupe r\u00e9cup\u00e9ration au magasin et une sortie seuil pour d\u2019autres.<\/li>\n<\/ul>\n<p><strong>Terre de Running D\u00e9cines : 3 rue de la Fraternit\u00e9. T\u00e9l: 04.78.89.95.54 <\/strong><\/p>\n<ul>\n<li><strong>Plus d\u2019infos sur : <a href=\"https:\/\/www.terrederunning.com\" target=\"_blank\" rel=\"noopener noreferrer\">https:\/\/www.terrederunning.com<\/a><\/strong><\/li>\n<\/ul>\n","protected":false},"excerpt":{"rendered":"<p>Le planning des sorties du mois de Mai de la boutique d\u00e9cinoise de \u00bb Terre de Running \u00bb, partenaire de https:\/\/newsestlyonnais.fr a \u00e9t\u00e9 d\u00e9voil\u00e9 par son responsable Kevin Molard. En voici le d\u00e9tail : (le magasin sera ferm\u00e9 le 1\u00b0, 8 et 21 mai). Jeudi 3 mai \u00e0 19 h\u00a0: S\u00e9ances de c\u00f4tes \u00e0 Chassieu [&hellip;]<\/p>\n","protected":false},"author":4,"featured_media":47194,"comment_status":"closed","ping_status":"closed","sticky":false,"template":"","format":"standard","meta":{"footnotes":""},"categories":[2970,2968,21,4],"tags":[],"class_list":["post-48413","post","type-post","status-publish","format-standard","has-post-thumbnail","hentry","category-artisans-commerces-economie","category-athle-course-pied-marche","category-decines-charpieu","category-evenements-divers"],"yoast_head":"<!-- This site is optimized with the Yoast SEO plugin v27.2 - https:\/\/yoast.com\/product\/yoast-seo-wordpress\/ -->\n<title>DECINES : Le programme des sorties \u00ab TERRE DE RUNNING \u00bb pour le mois de Mai<\/title>\n<meta name=\"description\" content=\"DECINES : Le programme des sorties \u00ab TERRE DE RUNNING \u00bb pour le mois de Mai\" \/>\n<meta name=\"robots\" content=\"index, follow, max-snippet:-1, max-image-preview:large, max-video-preview:-1\" \/>\n<link rel=\"canonical\" href=\"https:\/\/newsestlyonnais.fr\/site\/2018\/04\/30\/decines-les-sorties-terre-de-running-de-mai\/\" \/>\n<meta property=\"og:locale\" content=\"fr_FR\" \/>\n<meta property=\"og:type\" content=\"article\" \/>\n<meta property=\"og:title\" content=\"DECINES : Le programme des sorties \u00ab TERRE DE RUNNING \u00bb pour le mois de Mai\" \/>\n<meta property=\"og:description\" content=\"DECINES : Le programme des sorties \u00ab TERRE DE RUNNING \u00bb pour le mois de Mai\" \/>\n<meta property=\"og:url\" content=\"https:\/\/newsestlyonnais.fr\/site\/2018\/04\/30\/decines-les-sorties-terre-de-running-de-mai\/\" \/>\n<meta property=\"og:site_name\" content=\"News Est Lyonnais\" \/>\n<meta property=\"article:author\" content=\"https:\/\/www.facebook.com\/pascal.oberson.1?fref=ts\" \/>\n<meta property=\"article:published_time\" content=\"2018-04-30T12:32:50+00:00\" \/>\n<meta property=\"article:modified_time\" content=\"2020-11-11T13:25:36+00:00\" \/>\n<meta property=\"og:image\" content=\"https:\/\/i0.wp.com\/newsestlyonnais.fr\/site\/wp-content\/uploads\/2018\/04\/NEWSESTLYONNAIS-DECI-JOGG-12.jpg?fit=2048%2C1536&ssl=1\" \/>\n\t<meta property=\"og:image:width\" content=\"2048\" \/>\n\t<meta property=\"og:image:height\" content=\"1536\" \/>\n\t<meta property=\"og:image:type\" content=\"image\/jpeg\" \/>\n<meta name=\"author\" content=\"R\u00e9dac. NEWS\" \/>\n<meta name=\"twitter:card\" content=\"summary_large_image\" \/>\n<meta name=\"twitter:label1\" content=\"\u00c9crit par\" \/>\n\t<meta name=\"twitter:data1\" content=\"R\u00e9dac. NEWS\" \/>\n\t<meta name=\"twitter:label2\" content=\"Dur\u00e9e de lecture estim\u00e9e\" \/>\n\t<meta name=\"twitter:data2\" content=\"1 minute\" \/>\n<script type=\"application\/ld+json\" class=\"yoast-schema-graph\">{\"@context\":\"https:\/\/schema.org\",\"@graph\":[{\"@type\":\"Article\",\"@id\":\"https:\/\/newsestlyonnais.fr\/site\/2018\/04\/30\/decines-les-sorties-terre-de-running-de-mai\/#article\",\"isPartOf\":{\"@id\":\"https:\/\/newsestlyonnais.fr\/site\/2018\/04\/30\/decines-les-sorties-terre-de-running-de-mai\/\"},\"author\":{\"name\":\"R\u00e9dac. NEWS\",\"@id\":\"https:\/\/newsestlyonnais.fr\/site\/#\/schema\/person\/3230d5615f390bb808365d673001e887\"},\"headline\":\"DECINES | Les sorties \u00ab Terre de Running \u00bb de Mai\",\"datePublished\":\"2018-04-30T12:32:50+00:00\",\"dateModified\":\"2020-11-11T13:25:36+00:00\",\"mainEntityOfPage\":{\"@id\":\"https:\/\/newsestlyonnais.fr\/site\/2018\/04\/30\/decines-les-sorties-terre-de-running-de-mai\/\"},\"wordCount\":146,\"publisher\":{\"@id\":\"https:\/\/newsestlyonnais.fr\/site\/#organization\"},\"image\":{\"@id\":\"https:\/\/newsestlyonnais.fr\/site\/2018\/04\/30\/decines-les-sorties-terre-de-running-de-mai\/#primaryimage\"},\"thumbnailUrl\":\"https:\/\/newsestlyonnais.fr\/site\/wp-content\/uploads\/2018\/04\/NEWSESTLYONNAIS-DECI-JOGG-12.jpg\",\"articleSection\":[\"Artisans | Commerces\",\"Athl\u00e9 | Course pied | Marche\",\"D\u00e9cines-Charpieu\",\"Ev\u00e8nements divers\"],\"inLanguage\":\"fr-FR\"},{\"@type\":\"WebPage\",\"@id\":\"https:\/\/newsestlyonnais.fr\/site\/2018\/04\/30\/decines-les-sorties-terre-de-running-de-mai\/\",\"url\":\"https:\/\/newsestlyonnais.fr\/site\/2018\/04\/30\/decines-les-sorties-terre-de-running-de-mai\/\",\"name\":\"DECINES : Le programme des sorties \u00ab TERRE DE RUNNING \u00bb pour le mois de Mai\",\"isPartOf\":{\"@id\":\"https:\/\/newsestlyonnais.fr\/site\/#website\"},\"primaryImageOfPage\":{\"@id\":\"https:\/\/newsestlyonnais.fr\/site\/2018\/04\/30\/decines-les-sorties-terre-de-running-de-mai\/#primaryimage\"},\"image\":{\"@id\":\"https:\/\/newsestlyonnais.fr\/site\/2018\/04\/30\/decines-les-sorties-terre-de-running-de-mai\/#primaryimage\"},\"thumbnailUrl\":\"https:\/\/newsestlyonnais.fr\/site\/wp-content\/uploads\/2018\/04\/NEWSESTLYONNAIS-DECI-JOGG-12.jpg\",\"datePublished\":\"2018-04-30T12:32:50+00:00\",\"dateModified\":\"2020-11-11T13:25:36+00:00\",\"description\":\"DECINES : Le programme des sorties \u00ab TERRE DE RUNNING \u00bb pour le mois de Mai\",\"breadcrumb\":{\"@id\":\"https:\/\/newsestlyonnais.fr\/site\/2018\/04\/30\/decines-les-sorties-terre-de-running-de-mai\/#breadcrumb\"},\"inLanguage\":\"fr-FR\",\"potentialAction\":[{\"@type\":\"ReadAction\",\"target\":[\"https:\/\/newsestlyonnais.fr\/site\/2018\/04\/30\/decines-les-sorties-terre-de-running-de-mai\/\"]}]},{\"@type\":\"ImageObject\",\"inLanguage\":\"fr-FR\",\"@id\":\"https:\/\/newsestlyonnais.fr\/site\/2018\/04\/30\/decines-les-sorties-terre-de-running-de-mai\/#primaryimage\",\"url\":\"https:\/\/newsestlyonnais.fr\/site\/wp-content\/uploads\/2018\/04\/NEWSESTLYONNAIS-DECI-JOGG-12.jpg\",\"contentUrl\":\"https:\/\/newsestlyonnais.fr\/site\/wp-content\/uploads\/2018\/04\/NEWSESTLYONNAIS-DECI-JOGG-12.jpg\",\"width\":2048,\"height\":1536,\"caption\":\"Forte d\u00e9l\u00e9gation de TERRE DE RUNNING DECINES\"},{\"@type\":\"BreadcrumbList\",\"@id\":\"https:\/\/newsestlyonnais.fr\/site\/2018\/04\/30\/decines-les-sorties-terre-de-running-de-mai\/#breadcrumb\",\"itemListElement\":[{\"@type\":\"ListItem\",\"position\":1,\"name\":\"Accueil\",\"item\":\"https:\/\/newsestlyonnais.fr\/site\/\"},{\"@type\":\"ListItem\",\"position\":2,\"name\":\"DECINES | Les sorties \u00ab Terre de Running \u00bb de Mai\"}]},{\"@type\":\"WebSite\",\"@id\":\"https:\/\/newsestlyonnais.fr\/site\/#website\",\"url\":\"https:\/\/newsestlyonnais.fr\/site\/\",\"name\":\"News Est Lyonnais\",\"description\":\"L&#039;actualit\u00e9 au plus pr\u00e8s\",\"publisher\":{\"@id\":\"https:\/\/newsestlyonnais.fr\/site\/#organization\"},\"potentialAction\":[{\"@type\":\"SearchAction\",\"target\":{\"@type\":\"EntryPoint\",\"urlTemplate\":\"https:\/\/newsestlyonnais.fr\/site\/?s={search_term_string}\"},\"query-input\":{\"@type\":\"PropertyValueSpecification\",\"valueRequired\":true,\"valueName\":\"search_term_string\"}}],\"inLanguage\":\"fr-FR\"},{\"@type\":\"Organization\",\"@id\":\"https:\/\/newsestlyonnais.fr\/site\/#organization\",\"name\":\"News EST LYONNAIS\",\"url\":\"https:\/\/newsestlyonnais.fr\/site\/\",\"logo\":{\"@type\":\"ImageObject\",\"inLanguage\":\"fr-FR\",\"@id\":\"https:\/\/newsestlyonnais.fr\/site\/#\/schema\/logo\/image\/\",\"url\":\"\",\"contentUrl\":\"\",\"caption\":\"News EST LYONNAIS\"},\"image\":{\"@id\":\"https:\/\/newsestlyonnais.fr\/site\/#\/schema\/logo\/image\/\"}},{\"@type\":\"Person\",\"@id\":\"https:\/\/newsestlyonnais.fr\/site\/#\/schema\/person\/3230d5615f390bb808365d673001e887\",\"name\":\"R\u00e9dac. NEWS\",\"sameAs\":[\"http:\/\/www.newsestlyonnais.fr\",\"https:\/\/www.facebook.com\/pascal.oberson.1?fref=ts\",\"https:\/\/fr.linkedin.com\/in\/pascal-oberson-b17045113\"],\"url\":\"https:\/\/newsestlyonnais.fr\/site\/author\/nel\/\"}]}<\/script>\n<!-- \/ Yoast SEO plugin. -->","yoast_head_json":{"title":"DECINES : Le programme des sorties \u00ab TERRE DE RUNNING \u00bb pour le mois de Mai","description":"DECINES : Le programme des sorties \u00ab TERRE DE RUNNING \u00bb pour le mois de Mai","robots":{"index":"index","follow":"follow","max-snippet":"max-snippet:-1","max-image-preview":"max-image-preview:large","max-video-preview":"max-video-preview:-1"},"canonical":"https:\/\/newsestlyonnais.fr\/site\/2018\/04\/30\/decines-les-sorties-terre-de-running-de-mai\/","og_locale":"fr_FR","og_type":"article","og_title":"DECINES : Le programme des sorties \u00ab TERRE DE RUNNING \u00bb pour le mois de Mai","og_description":"DECINES : Le programme des sorties \u00ab TERRE DE RUNNING \u00bb pour le mois de Mai","og_url":"https:\/\/newsestlyonnais.fr\/site\/2018\/04\/30\/decines-les-sorties-terre-de-running-de-mai\/","og_site_name":"News Est Lyonnais","article_author":"https:\/\/www.facebook.com\/pascal.oberson.1?fref=ts","article_published_time":"2018-04-30T12:32:50+00:00","article_modified_time":"2020-11-11T13:25:36+00:00","og_image":[{"width":2048,"height":1536,"url":"https:\/\/i0.wp.com\/newsestlyonnais.fr\/site\/wp-content\/uploads\/2018\/04\/NEWSESTLYONNAIS-DECI-JOGG-12.jpg?fit=2048%2C1536&ssl=1","type":"image\/jpeg"}],"author":"R\u00e9dac. NEWS","twitter_card":"summary_large_image","twitter_misc":{"\u00c9crit par":"R\u00e9dac. NEWS","Dur\u00e9e de lecture estim\u00e9e":"1 minute"},"schema":{"@context":"https:\/\/schema.org","@graph":[{"@type":"Article","@id":"https:\/\/newsestlyonnais.fr\/site\/2018\/04\/30\/decines-les-sorties-terre-de-running-de-mai\/#article","isPartOf":{"@id":"https:\/\/newsestlyonnais.fr\/site\/2018\/04\/30\/decines-les-sorties-terre-de-running-de-mai\/"},"author":{"name":"R\u00e9dac. NEWS","@id":"https:\/\/newsestlyonnais.fr\/site\/#\/schema\/person\/3230d5615f390bb808365d673001e887"},"headline":"DECINES | Les sorties \u00ab Terre de Running \u00bb de Mai","datePublished":"2018-04-30T12:32:50+00:00","dateModified":"2020-11-11T13:25:36+00:00","mainEntityOfPage":{"@id":"https:\/\/newsestlyonnais.fr\/site\/2018\/04\/30\/decines-les-sorties-terre-de-running-de-mai\/"},"wordCount":146,"publisher":{"@id":"https:\/\/newsestlyonnais.fr\/site\/#organization"},"image":{"@id":"https:\/\/newsestlyonnais.fr\/site\/2018\/04\/30\/decines-les-sorties-terre-de-running-de-mai\/#primaryimage"},"thumbnailUrl":"https:\/\/newsestlyonnais.fr\/site\/wp-content\/uploads\/2018\/04\/NEWSESTLYONNAIS-DECI-JOGG-12.jpg","articleSection":["Artisans | Commerces","Athl\u00e9 | Course pied | Marche","D\u00e9cines-Charpieu","Ev\u00e8nements divers"],"inLanguage":"fr-FR"},{"@type":"WebPage","@id":"https:\/\/newsestlyonnais.fr\/site\/2018\/04\/30\/decines-les-sorties-terre-de-running-de-mai\/","url":"https:\/\/newsestlyonnais.fr\/site\/2018\/04\/30\/decines-les-sorties-terre-de-running-de-mai\/","name":"DECINES : Le programme des sorties \u00ab TERRE DE RUNNING \u00bb pour le mois de Mai","isPartOf":{"@id":"https:\/\/newsestlyonnais.fr\/site\/#website"},"primaryImageOfPage":{"@id":"https:\/\/newsestlyonnais.fr\/site\/2018\/04\/30\/decines-les-sorties-terre-de-running-de-mai\/#primaryimage"},"image":{"@id":"https:\/\/newsestlyonnais.fr\/site\/2018\/04\/30\/decines-les-sorties-terre-de-running-de-mai\/#primaryimage"},"thumbnailUrl":"https:\/\/newsestlyonnais.fr\/site\/wp-content\/uploads\/2018\/04\/NEWSESTLYONNAIS-DECI-JOGG-12.jpg","datePublished":"2018-04-30T12:32:50+00:00","dateModified":"2020-11-11T13:25:36+00:00","description":"DECINES : Le programme des sorties \u00ab TERRE DE RUNNING \u00bb pour le mois de Mai","breadcrumb":{"@id":"https:\/\/newsestlyonnais.fr\/site\/2018\/04\/30\/decines-les-sorties-terre-de-running-de-mai\/#breadcrumb"},"inLanguage":"fr-FR","potentialAction":[{"@type":"ReadAction","target":["https:\/\/newsestlyonnais.fr\/site\/2018\/04\/30\/decines-les-sorties-terre-de-running-de-mai\/"]}]},{"@type":"ImageObject","inLanguage":"fr-FR","@id":"https:\/\/newsestlyonnais.fr\/site\/2018\/04\/30\/decines-les-sorties-terre-de-running-de-mai\/#primaryimage","url":"https:\/\/newsestlyonnais.fr\/site\/wp-content\/uploads\/2018\/04\/NEWSESTLYONNAIS-DECI-JOGG-12.jpg","contentUrl":"https:\/\/newsestlyonnais.fr\/site\/wp-content\/uploads\/2018\/04\/NEWSESTLYONNAIS-DECI-JOGG-12.jpg","width":2048,"height":1536,"caption":"Forte d\u00e9l\u00e9gation de TERRE DE RUNNING DECINES"},{"@type":"BreadcrumbList","@id":"https:\/\/newsestlyonnais.fr\/site\/2018\/04\/30\/decines-les-sorties-terre-de-running-de-mai\/#breadcrumb","itemListElement":[{"@type":"ListItem","position":1,"name":"Accueil","item":"https:\/\/newsestlyonnais.fr\/site\/"},{"@type":"ListItem","position":2,"name":"DECINES | Les sorties \u00ab Terre de Running \u00bb de Mai"}]},{"@type":"WebSite","@id":"https:\/\/newsestlyonnais.fr\/site\/#website","url":"https:\/\/newsestlyonnais.fr\/site\/","name":"News Est Lyonnais","description":"L&#039;actualit\u00e9 au plus pr\u00e8s","publisher":{"@id":"https:\/\/newsestlyonnais.fr\/site\/#organization"},"potentialAction":[{"@type":"SearchAction","target":{"@type":"EntryPoint","urlTemplate":"https:\/\/newsestlyonnais.fr\/site\/?s={search_term_string}"},"query-input":{"@type":"PropertyValueSpecification","valueRequired":true,"valueName":"search_term_string"}}],"inLanguage":"fr-FR"},{"@type":"Organization","@id":"https:\/\/newsestlyonnais.fr\/site\/#organization","name":"News EST LYONNAIS","url":"https:\/\/newsestlyonnais.fr\/site\/","logo":{"@type":"ImageObject","inLanguage":"fr-FR","@id":"https:\/\/newsestlyonnais.fr\/site\/#\/schema\/logo\/image\/","url":"","contentUrl":"","caption":"News EST LYONNAIS"},"image":{"@id":"https:\/\/newsestlyonnais.fr\/site\/#\/schema\/logo\/image\/"}},{"@type":"Person","@id":"https:\/\/newsestlyonnais.fr\/site\/#\/schema\/person\/3230d5615f390bb808365d673001e887","name":"R\u00e9dac. NEWS","sameAs":["http:\/\/www.newsestlyonnais.fr","https:\/\/www.facebook.com\/pascal.oberson.1?fref=ts","https:\/\/fr.linkedin.com\/in\/pascal-oberson-b17045113"],"url":"https:\/\/newsestlyonnais.fr\/site\/author\/nel\/"}]}},"_links":{"self":[{"href":"https:\/\/newsestlyonnais.fr\/site\/wp-json\/wp\/v2\/posts\/48413","targetHints":{"allow":["GET"]}}],"collection":[{"href":"https:\/\/newsestlyonnais.fr\/site\/wp-json\/wp\/v2\/posts"}],"about":[{"href":"https:\/\/newsestlyonnais.fr\/site\/wp-json\/wp\/v2\/types\/post"}],"author":[{"embeddable":true,"href":"https:\/\/newsestlyonnais.fr\/site\/wp-json\/wp\/v2\/users\/4"}],"replies":[{"embeddable":true,"href":"https:\/\/newsestlyonnais.fr\/site\/wp-json\/wp\/v2\/comments?post=48413"}],"version-history":[{"count":0,"href":"https:\/\/newsestlyonnais.fr\/site\/wp-json\/wp\/v2\/posts\/48413\/revisions"}],"wp:featuredmedia":[{"embeddable":true,"href":"https:\/\/newsestlyonnais.fr\/site\/wp-json\/wp\/v2\/media\/47194"}],"wp:attachment":[{"href":"https:\/\/newsestlyonnais.fr\/site\/wp-json\/wp\/v2\/media?parent=48413"}],"wp:term":[{"taxonomy":"category","embeddable":true,"href":"https:\/\/newsestlyonnais.fr\/site\/wp-json\/wp\/v2\/categories?post=48413"},{"taxonomy":"post_tag","embeddable":true,"href":"https:\/\/newsestlyonnais.fr\/site\/wp-json\/wp\/v2\/tags?post=48413"}],"curies":[{"name":"wp","href":"https:\/\/api.w.org\/{rel}","templated":true}]}}