{"id":48422,"date":"2018-04-29T08:47:58","date_gmt":"2018-04-29T07:47:58","guid":{"rendered":"http:\/\/newsestlyonnais.fr\/site\/?p=48422"},"modified":"2018-05-04T06:01:17","modified_gmt":"2018-05-04T05:01:17","slug":"meyzieu-tirage-sort-annuel-jury-dassises-session-2019","status":"publish","type":"post","link":"https:\/\/newsestlyonnais.fr\/site\/2018\/04\/29\/meyzieu-tirage-sort-annuel-jury-dassises-session-2019\/","title":{"rendered":"MEYZIEU : Tirage au sort annuel du Jury d&rsquo;assises Session 2019"},"content":{"rendered":"<h4>Ce mercredi 2 mai 2018 s\u2019\u00e9tablira la liste annuelle des jur\u00e9s qui seront en charge de juger les prochaines affaires criminelles.<\/h4>\n<p>Le tirage au sort se d\u00e9roulera au <span style=\"text-decoration: underline\">service \u00e9lections (bureau n\u00b0 157, au 1\u00b0 \u00e9tage de l\u2019H\u00f4tel de Ville<\/span> de Meyzieu) en pr\u00e9sence de Monique Aguilera, adjointe du maire d\u00e9l\u00e9gu\u00e9e aux r\u00e9glementations, \u00e0 la citoyennet\u00e9 et au recensement.<\/p>\n<p><strong>NOTA<\/strong> : Ce tirage au sort concerne toutes les personnes inscrites sur les listes \u00e9lectorales de la commune de Meyzieu.<\/p>\n<ul>\n<li><strong>Retrouvez l&rsquo;ACTU de la commune sur : <a href=\"http:\/\/www.meyzieu.fr\" target=\"_blank\" rel=\"noopener\">http:\/\/www.meyzieu.fr<\/a><\/strong><\/li>\n<\/ul>\n","protected":false},"excerpt":{"rendered":"<p>Ce mercredi 2 mai 2018 s\u2019\u00e9tablira la liste annuelle des jur\u00e9s qui seront en charge de juger les prochaines affaires criminelles. Le tirage au sort se d\u00e9roulera au service \u00e9lections (bureau n\u00b0 157, au 1\u00b0 \u00e9tage de l\u2019H\u00f4tel de Ville de Meyzieu) en pr\u00e9sence de Monique Aguilera, adjointe du maire d\u00e9l\u00e9gu\u00e9e aux r\u00e9glementations, \u00e0 la [&hellip;]<\/p>\n","protected":false},"author":4,"featured_media":0,"comment_status":"open","ping_status":"open","sticky":false,"template":"","format":"standard","meta":{"footnotes":""},"categories":[30,4,24,309],"tags":[],"class_list":["post-48422","post","type-post","status-publish","format-standard","hentry","category-a-la-une","category-evenements-divers","category-meyzieu","category-pratique"],"yoast_head":"<!-- This site is optimized with the Yoast SEO plugin v27.2 - https:\/\/yoast.com\/product\/yoast-seo-wordpress\/ -->\n<title>MEYZIEU : Tirage au sort annuel du Jury d&#039;assises Session 2019<\/title>\n<meta name=\"description\" content=\"MEYZIEU : Tirage au sort annuel du Jury d&#039;assises Session 2019\" \/>\n<meta name=\"robots\" content=\"index, follow, max-snippet:-1, max-image-preview:large, max-video-preview:-1\" \/>\n<link rel=\"canonical\" href=\"https:\/\/newsestlyonnais.fr\/site\/2018\/04\/29\/meyzieu-tirage-sort-annuel-jury-dassises-session-2019\/\" \/>\n<meta property=\"og:locale\" content=\"fr_FR\" \/>\n<meta property=\"og:type\" content=\"article\" \/>\n<meta property=\"og:title\" content=\"MEYZIEU : Tirage au sort annuel du Jury d&#039;assises Session 2019\" \/>\n<meta property=\"og:description\" content=\"MEYZIEU : Tirage au sort annuel du Jury d&#039;assises Session 2019\" \/>\n<meta property=\"og:url\" content=\"https:\/\/newsestlyonnais.fr\/site\/2018\/04\/29\/meyzieu-tirage-sort-annuel-jury-dassises-session-2019\/\" \/>\n<meta property=\"og:site_name\" content=\"News Est Lyonnais\" \/>\n<meta property=\"article:author\" content=\"https:\/\/www.facebook.com\/pascal.oberson.1?fref=ts\" \/>\n<meta property=\"article:published_time\" content=\"2018-04-29T07:47:58+00:00\" \/>\n<meta property=\"article:modified_time\" content=\"2018-05-04T05:01:17+00:00\" \/>\n<meta name=\"author\" content=\"R\u00e9dac. NEWS\" \/>\n<meta name=\"twitter:card\" content=\"summary_large_image\" \/>\n<meta name=\"twitter:label1\" content=\"\u00c9crit par\" \/>\n\t<meta name=\"twitter:data1\" content=\"R\u00e9dac. NEWS\" \/>\n<script type=\"application\/ld+json\" class=\"yoast-schema-graph\">{\"@context\":\"https:\/\/schema.org\",\"@graph\":[{\"@type\":\"Article\",\"@id\":\"https:\/\/newsestlyonnais.fr\/site\/2018\/04\/29\/meyzieu-tirage-sort-annuel-jury-dassises-session-2019\/#article\",\"isPartOf\":{\"@id\":\"https:\/\/newsestlyonnais.fr\/site\/2018\/04\/29\/meyzieu-tirage-sort-annuel-jury-dassises-session-2019\/\"},\"author\":{\"name\":\"R\u00e9dac. NEWS\",\"@id\":\"https:\/\/newsestlyonnais.fr\/site\/#\/schema\/person\/3230d5615f390bb808365d673001e887\"},\"headline\":\"MEYZIEU : Tirage au sort annuel du Jury d&rsquo;assises Session 2019\",\"datePublished\":\"2018-04-29T07:47:58+00:00\",\"dateModified\":\"2018-05-04T05:01:17+00:00\",\"mainEntityOfPage\":{\"@id\":\"https:\/\/newsestlyonnais.fr\/site\/2018\/04\/29\/meyzieu-tirage-sort-annuel-jury-dassises-session-2019\/\"},\"wordCount\":104,\"commentCount\":0,\"publisher\":{\"@id\":\"https:\/\/newsestlyonnais.fr\/site\/#organization\"},\"articleSection\":[\"\u00e0 la une\",\"Ev\u00e8nements divers\",\"Meyzieu\",\"Pratique\"],\"inLanguage\":\"fr-FR\",\"potentialAction\":[{\"@type\":\"CommentAction\",\"name\":\"Comment\",\"target\":[\"https:\/\/newsestlyonnais.fr\/site\/2018\/04\/29\/meyzieu-tirage-sort-annuel-jury-dassises-session-2019\/#respond\"]}]},{\"@type\":\"WebPage\",\"@id\":\"https:\/\/newsestlyonnais.fr\/site\/2018\/04\/29\/meyzieu-tirage-sort-annuel-jury-dassises-session-2019\/\",\"url\":\"https:\/\/newsestlyonnais.fr\/site\/2018\/04\/29\/meyzieu-tirage-sort-annuel-jury-dassises-session-2019\/\",\"name\":\"MEYZIEU : Tirage au sort annuel du Jury d'assises Session 2019\",\"isPartOf\":{\"@id\":\"https:\/\/newsestlyonnais.fr\/site\/#website\"},\"datePublished\":\"2018-04-29T07:47:58+00:00\",\"dateModified\":\"2018-05-04T05:01:17+00:00\",\"description\":\"MEYZIEU : Tirage au sort annuel du Jury d'assises Session 2019\",\"breadcrumb\":{\"@id\":\"https:\/\/newsestlyonnais.fr\/site\/2018\/04\/29\/meyzieu-tirage-sort-annuel-jury-dassises-session-2019\/#breadcrumb\"},\"inLanguage\":\"fr-FR\",\"potentialAction\":[{\"@type\":\"ReadAction\",\"target\":[\"https:\/\/newsestlyonnais.fr\/site\/2018\/04\/29\/meyzieu-tirage-sort-annuel-jury-dassises-session-2019\/\"]}]},{\"@type\":\"BreadcrumbList\",\"@id\":\"https:\/\/newsestlyonnais.fr\/site\/2018\/04\/29\/meyzieu-tirage-sort-annuel-jury-dassises-session-2019\/#breadcrumb\",\"itemListElement\":[{\"@type\":\"ListItem\",\"position\":1,\"name\":\"Accueil\",\"item\":\"https:\/\/newsestlyonnais.fr\/site\/\"},{\"@type\":\"ListItem\",\"position\":2,\"name\":\"MEYZIEU : Tirage au sort annuel du Jury d&rsquo;assises Session 2019\"}]},{\"@type\":\"WebSite\",\"@id\":\"https:\/\/newsestlyonnais.fr\/site\/#website\",\"url\":\"https:\/\/newsestlyonnais.fr\/site\/\",\"name\":\"News Est Lyonnais\",\"description\":\"L&#039;actualit\u00e9 au plus pr\u00e8s\",\"publisher\":{\"@id\":\"https:\/\/newsestlyonnais.fr\/site\/#organization\"},\"potentialAction\":[{\"@type\":\"SearchAction\",\"target\":{\"@type\":\"EntryPoint\",\"urlTemplate\":\"https:\/\/newsestlyonnais.fr\/site\/?s={search_term_string}\"},\"query-input\":{\"@type\":\"PropertyValueSpecification\",\"valueRequired\":true,\"valueName\":\"search_term_string\"}}],\"inLanguage\":\"fr-FR\"},{\"@type\":\"Organization\",\"@id\":\"https:\/\/newsestlyonnais.fr\/site\/#organization\",\"name\":\"News EST LYONNAIS\",\"url\":\"https:\/\/newsestlyonnais.fr\/site\/\",\"logo\":{\"@type\":\"ImageObject\",\"inLanguage\":\"fr-FR\",\"@id\":\"https:\/\/newsestlyonnais.fr\/site\/#\/schema\/logo\/image\/\",\"url\":\"\",\"contentUrl\":\"\",\"caption\":\"News EST LYONNAIS\"},\"image\":{\"@id\":\"https:\/\/newsestlyonnais.fr\/site\/#\/schema\/logo\/image\/\"}},{\"@type\":\"Person\",\"@id\":\"https:\/\/newsestlyonnais.fr\/site\/#\/schema\/person\/3230d5615f390bb808365d673001e887\",\"name\":\"R\u00e9dac. NEWS\",\"sameAs\":[\"http:\/\/www.newsestlyonnais.fr\",\"https:\/\/www.facebook.com\/pascal.oberson.1?fref=ts\",\"https:\/\/fr.linkedin.com\/in\/pascal-oberson-b17045113\"],\"url\":\"https:\/\/newsestlyonnais.fr\/site\/author\/nel\/\"}]}<\/script>\n<!-- \/ Yoast SEO plugin. -->","yoast_head_json":{"title":"MEYZIEU : Tirage au sort annuel du Jury d'assises Session 2019","description":"MEYZIEU : Tirage au sort annuel du Jury d'assises Session 2019","robots":{"index":"index","follow":"follow","max-snippet":"max-snippet:-1","max-image-preview":"max-image-preview:large","max-video-preview":"max-video-preview:-1"},"canonical":"https:\/\/newsestlyonnais.fr\/site\/2018\/04\/29\/meyzieu-tirage-sort-annuel-jury-dassises-session-2019\/","og_locale":"fr_FR","og_type":"article","og_title":"MEYZIEU : Tirage au sort annuel du Jury d'assises Session 2019","og_description":"MEYZIEU : Tirage au sort annuel du Jury d'assises Session 2019","og_url":"https:\/\/newsestlyonnais.fr\/site\/2018\/04\/29\/meyzieu-tirage-sort-annuel-jury-dassises-session-2019\/","og_site_name":"News Est Lyonnais","article_author":"https:\/\/www.facebook.com\/pascal.oberson.1?fref=ts","article_published_time":"2018-04-29T07:47:58+00:00","article_modified_time":"2018-05-04T05:01:17+00:00","author":"R\u00e9dac. NEWS","twitter_card":"summary_large_image","twitter_misc":{"\u00c9crit par":"R\u00e9dac. NEWS"},"schema":{"@context":"https:\/\/schema.org","@graph":[{"@type":"Article","@id":"https:\/\/newsestlyonnais.fr\/site\/2018\/04\/29\/meyzieu-tirage-sort-annuel-jury-dassises-session-2019\/#article","isPartOf":{"@id":"https:\/\/newsestlyonnais.fr\/site\/2018\/04\/29\/meyzieu-tirage-sort-annuel-jury-dassises-session-2019\/"},"author":{"name":"R\u00e9dac. NEWS","@id":"https:\/\/newsestlyonnais.fr\/site\/#\/schema\/person\/3230d5615f390bb808365d673001e887"},"headline":"MEYZIEU : Tirage au sort annuel du Jury d&rsquo;assises Session 2019","datePublished":"2018-04-29T07:47:58+00:00","dateModified":"2018-05-04T05:01:17+00:00","mainEntityOfPage":{"@id":"https:\/\/newsestlyonnais.fr\/site\/2018\/04\/29\/meyzieu-tirage-sort-annuel-jury-dassises-session-2019\/"},"wordCount":104,"commentCount":0,"publisher":{"@id":"https:\/\/newsestlyonnais.fr\/site\/#organization"},"articleSection":["\u00e0 la une","Ev\u00e8nements divers","Meyzieu","Pratique"],"inLanguage":"fr-FR","potentialAction":[{"@type":"CommentAction","name":"Comment","target":["https:\/\/newsestlyonnais.fr\/site\/2018\/04\/29\/meyzieu-tirage-sort-annuel-jury-dassises-session-2019\/#respond"]}]},{"@type":"WebPage","@id":"https:\/\/newsestlyonnais.fr\/site\/2018\/04\/29\/meyzieu-tirage-sort-annuel-jury-dassises-session-2019\/","url":"https:\/\/newsestlyonnais.fr\/site\/2018\/04\/29\/meyzieu-tirage-sort-annuel-jury-dassises-session-2019\/","name":"MEYZIEU : Tirage au sort annuel du Jury d'assises Session 2019","isPartOf":{"@id":"https:\/\/newsestlyonnais.fr\/site\/#website"},"datePublished":"2018-04-29T07:47:58+00:00","dateModified":"2018-05-04T05:01:17+00:00","description":"MEYZIEU : Tirage au sort annuel du Jury d'assises Session 2019","breadcrumb":{"@id":"https:\/\/newsestlyonnais.fr\/site\/2018\/04\/29\/meyzieu-tirage-sort-annuel-jury-dassises-session-2019\/#breadcrumb"},"inLanguage":"fr-FR","potentialAction":[{"@type":"ReadAction","target":["https:\/\/newsestlyonnais.fr\/site\/2018\/04\/29\/meyzieu-tirage-sort-annuel-jury-dassises-session-2019\/"]}]},{"@type":"BreadcrumbList","@id":"https:\/\/newsestlyonnais.fr\/site\/2018\/04\/29\/meyzieu-tirage-sort-annuel-jury-dassises-session-2019\/#breadcrumb","itemListElement":[{"@type":"ListItem","position":1,"name":"Accueil","item":"https:\/\/newsestlyonnais.fr\/site\/"},{"@type":"ListItem","position":2,"name":"MEYZIEU : Tirage au sort annuel du Jury d&rsquo;assises Session 2019"}]},{"@type":"WebSite","@id":"https:\/\/newsestlyonnais.fr\/site\/#website","url":"https:\/\/newsestlyonnais.fr\/site\/","name":"News Est Lyonnais","description":"L&#039;actualit\u00e9 au plus pr\u00e8s","publisher":{"@id":"https:\/\/newsestlyonnais.fr\/site\/#organization"},"potentialAction":[{"@type":"SearchAction","target":{"@type":"EntryPoint","urlTemplate":"https:\/\/newsestlyonnais.fr\/site\/?s={search_term_string}"},"query-input":{"@type":"PropertyValueSpecification","valueRequired":true,"valueName":"search_term_string"}}],"inLanguage":"fr-FR"},{"@type":"Organization","@id":"https:\/\/newsestlyonnais.fr\/site\/#organization","name":"News EST LYONNAIS","url":"https:\/\/newsestlyonnais.fr\/site\/","logo":{"@type":"ImageObject","inLanguage":"fr-FR","@id":"https:\/\/newsestlyonnais.fr\/site\/#\/schema\/logo\/image\/","url":"","contentUrl":"","caption":"News EST LYONNAIS"},"image":{"@id":"https:\/\/newsestlyonnais.fr\/site\/#\/schema\/logo\/image\/"}},{"@type":"Person","@id":"https:\/\/newsestlyonnais.fr\/site\/#\/schema\/person\/3230d5615f390bb808365d673001e887","name":"R\u00e9dac. NEWS","sameAs":["http:\/\/www.newsestlyonnais.fr","https:\/\/www.facebook.com\/pascal.oberson.1?fref=ts","https:\/\/fr.linkedin.com\/in\/pascal-oberson-b17045113"],"url":"https:\/\/newsestlyonnais.fr\/site\/author\/nel\/"}]}},"_links":{"self":[{"href":"https:\/\/newsestlyonnais.fr\/site\/wp-json\/wp\/v2\/posts\/48422","targetHints":{"allow":["GET"]}}],"collection":[{"href":"https:\/\/newsestlyonnais.fr\/site\/wp-json\/wp\/v2\/posts"}],"about":[{"href":"https:\/\/newsestlyonnais.fr\/site\/wp-json\/wp\/v2\/types\/post"}],"author":[{"embeddable":true,"href":"https:\/\/newsestlyonnais.fr\/site\/wp-json\/wp\/v2\/users\/4"}],"replies":[{"embeddable":true,"href":"https:\/\/newsestlyonnais.fr\/site\/wp-json\/wp\/v2\/comments?post=48422"}],"version-history":[{"count":0,"href":"https:\/\/newsestlyonnais.fr\/site\/wp-json\/wp\/v2\/posts\/48422\/revisions"}],"wp:attachment":[{"href":"https:\/\/newsestlyonnais.fr\/site\/wp-json\/wp\/v2\/media?parent=48422"}],"wp:term":[{"taxonomy":"category","embeddable":true,"href":"https:\/\/newsestlyonnais.fr\/site\/wp-json\/wp\/v2\/categories?post=48422"},{"taxonomy":"post_tag","embeddable":true,"href":"https:\/\/newsestlyonnais.fr\/site\/wp-json\/wp\/v2\/tags?post=48422"}],"curies":[{"name":"wp","href":"https:\/\/api.w.org\/{rel}","templated":true}]}}