{"id":48471,"date":"2018-05-03T07:57:17","date_gmt":"2018-05-03T06:57:17","guid":{"rendered":"http:\/\/newsestlyonnais.fr\/site\/?p=48471"},"modified":"2020-11-01T19:14:02","modified_gmt":"2020-11-01T18:14:02","slug":"vaulx-en-velin-110-participants-a-la-1-edition-de-la-course-solidaire-de-lapex","status":"publish","type":"post","link":"https:\/\/newsestlyonnais.fr\/site\/2018\/05\/03\/vaulx-en-velin-110-participants-a-la-1-edition-de-la-course-solidaire-de-lapex\/","title":{"rendered":"VAULX-EN-VELIN | 110 participants \u00e0 la 1\u00b0 \u00e9dition de la course solidaire de l&rsquo;APEX !"},"content":{"rendered":"<h4>Cette course \u00e0 pied d\u00e9roul\u00e9e dimanche dernier au Grand Parc Miribel Jonage et organis\u00e9e pour la toute premi\u00e8re fois a permis de r\u00e9colter des fonds pour l&rsquo;association APEX.<\/h4>\n<p>Belle fr\u00e9quentation avec 110 participants enregistr\u00e9s, y compris les enfants sur le parcours non chronom\u00e9tr\u00e9 pour une \u00e9preuve soutenue par plusieurs partenaires dont TERRE DE RUNNING D\u00e9cines avec 3 distances : 1, 5 &amp; 10 kilom\u00e8tres.<\/p>\n<ul>\n<li>\u00a0\u00bb Tout s&rsquo;est bien pass\u00e9 et nous avons d&rsquo;ailleurs pu r\u00e9colter environ 1400 euros entre les inscriptions et la buvette. Nous pensons d\u00e9j\u00e0 \u00e0 une \u00e9dition 2019, avec un nouveau concept\u00a0! \u00a0\u00bb confie sa pr\u00e9sidente Virginie Marcelino.<\/li>\n<\/ul>\n<div>\u00a0<span style=\"text-decoration: underline\"><em><strong>NOTA<\/strong><\/em><\/span> :\u00a0 APEX (Accompagnement du Patient EXstrophique) : association s\u2019occupant d\u2019enfants n\u00e9s avec une maladie rare appel\u00e9e exstrophie. Plus d\u2019infos sur l\u2019APEX : <a href=\"http:\/\/www.exstrophie-apex.fr\" target=\"_blank\" rel=\"noopener noreferrer\">http:\/\/www.exstrophie-apex.fr<\/a><\/div>\n<ul>\n<li>Retrouvez les classements sur : <a href=\"http:\/\/www.terrederunners.com\/resultats-de-course-de-lapex-2018\/\" target=\"_blank\" rel=\"noopener noreferrer\">http:\/\/www.terrederunners.com\/resultats-de-course-de-lapex-2018\/<\/a><\/li>\n<\/ul>\n<p><span style=\"text-decoration: underline\">Retour en images sur cet \u00e9v\u00e8nement<\/span> : <\/p>\n<div id='gallery-1' class='gallery galleryid-48471 gallery-columns-3 gallery-size-thumbnail'><figure class='gallery-item'>\n\t\t\t<div class='gallery-icon landscape'>\n\t\t\t\t<a href='https:\/\/newsestlyonnais.fr\/site\/newsestlyonnais-courir-pour-apex\/'><img loading=\"lazy\" decoding=\"async\" width=\"150\" height=\"150\" src=\"https:\/\/newsestlyonnais.fr\/site\/wp-content\/uploads\/2018\/02\/NEWSESTLYONNAIS-courir-pour-apex-150x150.jpg\" class=\"attachment-thumbnail size-thumbnail\" alt=\"NEWSESTLYONNAIS - courir pour apex\" aria-describedby=\"gallery-1-44397\" \/><\/a>\n\t\t\t<\/div>\n\t\t\t\t<figcaption class='wp-caption-text gallery-caption' id='gallery-1-44397'>\n\t\t\t\tL&rsquo;affiche de cette \u00e9preuve\n\t\t\t\t<\/figcaption><\/figure><figure class='gallery-item'>\n\t\t\t<div class='gallery-icon landscape'>\n\t\t\t\t<a href='https:\/\/newsestlyonnais.fr\/site\/2018\/05\/03\/vaulx-en-velin-110-participants-a-la-1-edition-de-la-course-solidaire-de-lapex\/newsestlyonnais-apex-01\/'><img loading=\"lazy\" decoding=\"async\" width=\"150\" height=\"150\" src=\"https:\/\/newsestlyonnais.fr\/site\/wp-content\/uploads\/2018\/05\/NEWSESTLYONNAIS-APEX-01-150x150.jpg\" class=\"attachment-thumbnail size-thumbnail\" alt=\"NEWSESTLYONNAIS APEX 01\" \/><\/a>\n\t\t\t<\/div><\/figure><figure class='gallery-item'>\n\t\t\t<div class='gallery-icon landscape'>\n\t\t\t\t<a href='https:\/\/newsestlyonnais.fr\/site\/2018\/05\/03\/vaulx-en-velin-110-participants-a-la-1-edition-de-la-course-solidaire-de-lapex\/newsestlyonnais-apex-02\/'><img loading=\"lazy\" decoding=\"async\" width=\"150\" height=\"150\" src=\"https:\/\/newsestlyonnais.fr\/site\/wp-content\/uploads\/2018\/05\/NEWSESTLYONNAIS-APEX-02-150x150.jpg\" class=\"attachment-thumbnail size-thumbnail\" alt=\"NEWSESTLYONNAIS APEX 02\" \/><\/a>\n\t\t\t<\/div><\/figure><figure class='gallery-item'>\n\t\t\t<div class='gallery-icon landscape'>\n\t\t\t\t<a href='https:\/\/newsestlyonnais.fr\/site\/2018\/05\/03\/vaulx-en-velin-110-participants-a-la-1-edition-de-la-course-solidaire-de-lapex\/newsestlyonnais-apex-03\/'><img loading=\"lazy\" decoding=\"async\" width=\"150\" height=\"150\" src=\"https:\/\/newsestlyonnais.fr\/site\/wp-content\/uploads\/2018\/05\/NEWSESTLYONNAIS-APEX-03-150x150.jpg\" class=\"attachment-thumbnail size-thumbnail\" alt=\"NEWSESTLYONNAIS APEX 03\" \/><\/a>\n\t\t\t<\/div><\/figure><figure class='gallery-item'>\n\t\t\t<div class='gallery-icon landscape'>\n\t\t\t\t<a href='https:\/\/newsestlyonnais.fr\/site\/2018\/05\/03\/vaulx-en-velin-110-participants-a-la-1-edition-de-la-course-solidaire-de-lapex\/newsestlyonnais-apex-04\/'><img loading=\"lazy\" decoding=\"async\" width=\"150\" height=\"150\" src=\"https:\/\/newsestlyonnais.fr\/site\/wp-content\/uploads\/2018\/05\/NEWSESTLYONNAIS-APEX-04-150x150.jpg\" class=\"attachment-thumbnail size-thumbnail\" alt=\"NEWSESTLYONNAIS APEX 04\" \/><\/a>\n\t\t\t<\/div><\/figure>\n\t\t<\/div>\n\n","protected":false},"excerpt":{"rendered":"<p>Cette course \u00e0 pied d\u00e9roul\u00e9e dimanche dernier au Grand Parc Miribel Jonage et organis\u00e9e pour la toute premi\u00e8re fois a permis de r\u00e9colter des fonds pour l&rsquo;association APEX. Belle fr\u00e9quentation avec 110 participants enregistr\u00e9s, y compris les enfants sur le parcours non chronom\u00e9tr\u00e9 pour une \u00e9preuve soutenue par plusieurs partenaires dont TERRE DE RUNNING D\u00e9cines [&hellip;]<\/p>\n","protected":false},"author":4,"featured_media":48475,"comment_status":"open","ping_status":"open","sticky":false,"template":"","format":"standard","meta":{"footnotes":""},"categories":[2968,4,18,28],"tags":[],"class_list":["post-48471","post","type-post","status-publish","format-standard","has-post-thumbnail","hentry","category-athle-course-pied-marche","category-evenements-divers","category-sante-bien-etre-solidarite","category-vaulx-en-velin"],"yoast_head":"<!-- This site is optimized with the Yoast SEO plugin v27.2 - https:\/\/yoast.com\/product\/yoast-seo-wordpress\/ -->\n<title>VAULX EN VELIN : 110 participants \u00e0 la 1\u00b0 \u00e9dition de la course solidaire de l&#039;APEX !<\/title>\n<meta name=\"description\" content=\"VAULX EN VELIN : 110 participants \u00e0 la 1\u00b0 \u00e9dition de la course solidaire de l&#039;APEX !\" \/>\n<meta name=\"robots\" content=\"index, follow, max-snippet:-1, max-image-preview:large, max-video-preview:-1\" \/>\n<link rel=\"canonical\" href=\"https:\/\/newsestlyonnais.fr\/site\/2018\/05\/03\/vaulx-en-velin-110-participants-a-la-1-edition-de-la-course-solidaire-de-lapex\/\" \/>\n<meta property=\"og:locale\" content=\"fr_FR\" \/>\n<meta property=\"og:type\" content=\"article\" \/>\n<meta property=\"og:title\" content=\"VAULX EN VELIN : 110 participants \u00e0 la 1\u00b0 \u00e9dition de la course solidaire de l&#039;APEX !\" \/>\n<meta property=\"og:description\" content=\"VAULX EN VELIN : 110 participants \u00e0 la 1\u00b0 \u00e9dition de la course solidaire de l&#039;APEX !\" \/>\n<meta property=\"og:url\" content=\"https:\/\/newsestlyonnais.fr\/site\/2018\/05\/03\/vaulx-en-velin-110-participants-a-la-1-edition-de-la-course-solidaire-de-lapex\/\" \/>\n<meta property=\"og:site_name\" content=\"News Est Lyonnais\" \/>\n<meta property=\"article:author\" content=\"https:\/\/www.facebook.com\/pascal.oberson.1?fref=ts\" \/>\n<meta property=\"article:published_time\" content=\"2018-05-03T06:57:17+00:00\" \/>\n<meta property=\"article:modified_time\" content=\"2020-11-01T18:14:02+00:00\" \/>\n<meta property=\"og:image\" content=\"https:\/\/i1.wp.com\/newsestlyonnais.fr\/site\/wp-content\/uploads\/2018\/05\/NEWSESTLYONNAIS-APEX-COURSE.jpg?fit=960%2C720&ssl=1\" \/>\n\t<meta property=\"og:image:width\" content=\"960\" \/>\n\t<meta property=\"og:image:height\" content=\"720\" \/>\n\t<meta property=\"og:image:type\" content=\"image\/jpeg\" \/>\n<meta name=\"author\" content=\"R\u00e9dac. NEWS\" \/>\n<meta name=\"twitter:card\" content=\"summary_large_image\" \/>\n<meta name=\"twitter:label1\" content=\"\u00c9crit par\" \/>\n\t<meta name=\"twitter:data1\" content=\"R\u00e9dac. NEWS\" \/>\n\t<meta name=\"twitter:label2\" content=\"Dur\u00e9e de lecture estim\u00e9e\" \/>\n\t<meta name=\"twitter:data2\" content=\"1 minute\" \/>\n<script type=\"application\/ld+json\" class=\"yoast-schema-graph\">{\"@context\":\"https:\/\/schema.org\",\"@graph\":[{\"@type\":\"Article\",\"@id\":\"https:\/\/newsestlyonnais.fr\/site\/2018\/05\/03\/vaulx-en-velin-110-participants-a-la-1-edition-de-la-course-solidaire-de-lapex\/#article\",\"isPartOf\":{\"@id\":\"https:\/\/newsestlyonnais.fr\/site\/2018\/05\/03\/vaulx-en-velin-110-participants-a-la-1-edition-de-la-course-solidaire-de-lapex\/\"},\"author\":{\"name\":\"R\u00e9dac. NEWS\",\"@id\":\"https:\/\/newsestlyonnais.fr\/site\/#\/schema\/person\/3230d5615f390bb808365d673001e887\"},\"headline\":\"VAULX-EN-VELIN | 110 participants \u00e0 la 1\u00b0 \u00e9dition de la course solidaire de l&rsquo;APEX !\",\"datePublished\":\"2018-05-03T06:57:17+00:00\",\"dateModified\":\"2020-11-01T18:14:02+00:00\",\"mainEntityOfPage\":{\"@id\":\"https:\/\/newsestlyonnais.fr\/site\/2018\/05\/03\/vaulx-en-velin-110-participants-a-la-1-edition-de-la-course-solidaire-de-lapex\/\"},\"wordCount\":166,\"commentCount\":0,\"publisher\":{\"@id\":\"https:\/\/newsestlyonnais.fr\/site\/#organization\"},\"image\":{\"@id\":\"https:\/\/newsestlyonnais.fr\/site\/2018\/05\/03\/vaulx-en-velin-110-participants-a-la-1-edition-de-la-course-solidaire-de-lapex\/#primaryimage\"},\"thumbnailUrl\":\"https:\/\/newsestlyonnais.fr\/site\/wp-content\/uploads\/2018\/05\/NEWSESTLYONNAIS-APEX-COURSE.jpg\",\"articleSection\":[\"Athl\u00e9 | Course pied | Marche\",\"Ev\u00e8nements divers\",\"Sant\u00e9 | Bien Etre | Solidarit\u00e9\",\"Vaulx-en-Velin\"],\"inLanguage\":\"fr-FR\",\"potentialAction\":[{\"@type\":\"CommentAction\",\"name\":\"Comment\",\"target\":[\"https:\/\/newsestlyonnais.fr\/site\/2018\/05\/03\/vaulx-en-velin-110-participants-a-la-1-edition-de-la-course-solidaire-de-lapex\/#respond\"]}]},{\"@type\":\"WebPage\",\"@id\":\"https:\/\/newsestlyonnais.fr\/site\/2018\/05\/03\/vaulx-en-velin-110-participants-a-la-1-edition-de-la-course-solidaire-de-lapex\/\",\"url\":\"https:\/\/newsestlyonnais.fr\/site\/2018\/05\/03\/vaulx-en-velin-110-participants-a-la-1-edition-de-la-course-solidaire-de-lapex\/\",\"name\":\"VAULX EN VELIN : 110 participants \u00e0 la 1\u00b0 \u00e9dition de la course solidaire de l'APEX !\",\"isPartOf\":{\"@id\":\"https:\/\/newsestlyonnais.fr\/site\/#website\"},\"primaryImageOfPage\":{\"@id\":\"https:\/\/newsestlyonnais.fr\/site\/2018\/05\/03\/vaulx-en-velin-110-participants-a-la-1-edition-de-la-course-solidaire-de-lapex\/#primaryimage\"},\"image\":{\"@id\":\"https:\/\/newsestlyonnais.fr\/site\/2018\/05\/03\/vaulx-en-velin-110-participants-a-la-1-edition-de-la-course-solidaire-de-lapex\/#primaryimage\"},\"thumbnailUrl\":\"https:\/\/newsestlyonnais.fr\/site\/wp-content\/uploads\/2018\/05\/NEWSESTLYONNAIS-APEX-COURSE.jpg\",\"datePublished\":\"2018-05-03T06:57:17+00:00\",\"dateModified\":\"2020-11-01T18:14:02+00:00\",\"description\":\"VAULX EN VELIN : 110 participants \u00e0 la 1\u00b0 \u00e9dition de la course solidaire de l'APEX !\",\"breadcrumb\":{\"@id\":\"https:\/\/newsestlyonnais.fr\/site\/2018\/05\/03\/vaulx-en-velin-110-participants-a-la-1-edition-de-la-course-solidaire-de-lapex\/#breadcrumb\"},\"inLanguage\":\"fr-FR\",\"potentialAction\":[{\"@type\":\"ReadAction\",\"target\":[\"https:\/\/newsestlyonnais.fr\/site\/2018\/05\/03\/vaulx-en-velin-110-participants-a-la-1-edition-de-la-course-solidaire-de-lapex\/\"]}]},{\"@type\":\"ImageObject\",\"inLanguage\":\"fr-FR\",\"@id\":\"https:\/\/newsestlyonnais.fr\/site\/2018\/05\/03\/vaulx-en-velin-110-participants-a-la-1-edition-de-la-course-solidaire-de-lapex\/#primaryimage\",\"url\":\"https:\/\/newsestlyonnais.fr\/site\/wp-content\/uploads\/2018\/05\/NEWSESTLYONNAIS-APEX-COURSE.jpg\",\"contentUrl\":\"https:\/\/newsestlyonnais.fr\/site\/wp-content\/uploads\/2018\/05\/NEWSESTLYONNAIS-APEX-COURSE.jpg\",\"width\":960,\"height\":720,\"caption\":\"NEWSESTLYONNAIS - APEX COURSE\"},{\"@type\":\"BreadcrumbList\",\"@id\":\"https:\/\/newsestlyonnais.fr\/site\/2018\/05\/03\/vaulx-en-velin-110-participants-a-la-1-edition-de-la-course-solidaire-de-lapex\/#breadcrumb\",\"itemListElement\":[{\"@type\":\"ListItem\",\"position\":1,\"name\":\"Accueil\",\"item\":\"https:\/\/newsestlyonnais.fr\/site\/\"},{\"@type\":\"ListItem\",\"position\":2,\"name\":\"VAULX-EN-VELIN | 110 participants \u00e0 la 1\u00b0 \u00e9dition de la course solidaire de l&rsquo;APEX !\"}]},{\"@type\":\"WebSite\",\"@id\":\"https:\/\/newsestlyonnais.fr\/site\/#website\",\"url\":\"https:\/\/newsestlyonnais.fr\/site\/\",\"name\":\"News Est Lyonnais\",\"description\":\"L&#039;actualit\u00e9 au plus pr\u00e8s\",\"publisher\":{\"@id\":\"https:\/\/newsestlyonnais.fr\/site\/#organization\"},\"potentialAction\":[{\"@type\":\"SearchAction\",\"target\":{\"@type\":\"EntryPoint\",\"urlTemplate\":\"https:\/\/newsestlyonnais.fr\/site\/?s={search_term_string}\"},\"query-input\":{\"@type\":\"PropertyValueSpecification\",\"valueRequired\":true,\"valueName\":\"search_term_string\"}}],\"inLanguage\":\"fr-FR\"},{\"@type\":\"Organization\",\"@id\":\"https:\/\/newsestlyonnais.fr\/site\/#organization\",\"name\":\"News EST LYONNAIS\",\"url\":\"https:\/\/newsestlyonnais.fr\/site\/\",\"logo\":{\"@type\":\"ImageObject\",\"inLanguage\":\"fr-FR\",\"@id\":\"https:\/\/newsestlyonnais.fr\/site\/#\/schema\/logo\/image\/\",\"url\":\"\",\"contentUrl\":\"\",\"caption\":\"News EST LYONNAIS\"},\"image\":{\"@id\":\"https:\/\/newsestlyonnais.fr\/site\/#\/schema\/logo\/image\/\"}},{\"@type\":\"Person\",\"@id\":\"https:\/\/newsestlyonnais.fr\/site\/#\/schema\/person\/3230d5615f390bb808365d673001e887\",\"name\":\"R\u00e9dac. NEWS\",\"sameAs\":[\"http:\/\/www.newsestlyonnais.fr\",\"https:\/\/www.facebook.com\/pascal.oberson.1?fref=ts\",\"https:\/\/fr.linkedin.com\/in\/pascal-oberson-b17045113\"],\"url\":\"https:\/\/newsestlyonnais.fr\/site\/author\/nel\/\"}]}<\/script>\n<!-- \/ Yoast SEO plugin. -->","yoast_head_json":{"title":"VAULX EN VELIN : 110 participants \u00e0 la 1\u00b0 \u00e9dition de la course solidaire de l'APEX !","description":"VAULX EN VELIN : 110 participants \u00e0 la 1\u00b0 \u00e9dition de la course solidaire de l'APEX !","robots":{"index":"index","follow":"follow","max-snippet":"max-snippet:-1","max-image-preview":"max-image-preview:large","max-video-preview":"max-video-preview:-1"},"canonical":"https:\/\/newsestlyonnais.fr\/site\/2018\/05\/03\/vaulx-en-velin-110-participants-a-la-1-edition-de-la-course-solidaire-de-lapex\/","og_locale":"fr_FR","og_type":"article","og_title":"VAULX EN VELIN : 110 participants \u00e0 la 1\u00b0 \u00e9dition de la course solidaire de l'APEX !","og_description":"VAULX EN VELIN : 110 participants \u00e0 la 1\u00b0 \u00e9dition de la course solidaire de l'APEX !","og_url":"https:\/\/newsestlyonnais.fr\/site\/2018\/05\/03\/vaulx-en-velin-110-participants-a-la-1-edition-de-la-course-solidaire-de-lapex\/","og_site_name":"News Est Lyonnais","article_author":"https:\/\/www.facebook.com\/pascal.oberson.1?fref=ts","article_published_time":"2018-05-03T06:57:17+00:00","article_modified_time":"2020-11-01T18:14:02+00:00","og_image":[{"width":960,"height":720,"url":"https:\/\/i1.wp.com\/newsestlyonnais.fr\/site\/wp-content\/uploads\/2018\/05\/NEWSESTLYONNAIS-APEX-COURSE.jpg?fit=960%2C720&ssl=1","type":"image\/jpeg"}],"author":"R\u00e9dac. NEWS","twitter_card":"summary_large_image","twitter_misc":{"\u00c9crit par":"R\u00e9dac. NEWS","Dur\u00e9e de lecture estim\u00e9e":"1 minute"},"schema":{"@context":"https:\/\/schema.org","@graph":[{"@type":"Article","@id":"https:\/\/newsestlyonnais.fr\/site\/2018\/05\/03\/vaulx-en-velin-110-participants-a-la-1-edition-de-la-course-solidaire-de-lapex\/#article","isPartOf":{"@id":"https:\/\/newsestlyonnais.fr\/site\/2018\/05\/03\/vaulx-en-velin-110-participants-a-la-1-edition-de-la-course-solidaire-de-lapex\/"},"author":{"name":"R\u00e9dac. NEWS","@id":"https:\/\/newsestlyonnais.fr\/site\/#\/schema\/person\/3230d5615f390bb808365d673001e887"},"headline":"VAULX-EN-VELIN | 110 participants \u00e0 la 1\u00b0 \u00e9dition de la course solidaire de l&rsquo;APEX !","datePublished":"2018-05-03T06:57:17+00:00","dateModified":"2020-11-01T18:14:02+00:00","mainEntityOfPage":{"@id":"https:\/\/newsestlyonnais.fr\/site\/2018\/05\/03\/vaulx-en-velin-110-participants-a-la-1-edition-de-la-course-solidaire-de-lapex\/"},"wordCount":166,"commentCount":0,"publisher":{"@id":"https:\/\/newsestlyonnais.fr\/site\/#organization"},"image":{"@id":"https:\/\/newsestlyonnais.fr\/site\/2018\/05\/03\/vaulx-en-velin-110-participants-a-la-1-edition-de-la-course-solidaire-de-lapex\/#primaryimage"},"thumbnailUrl":"https:\/\/newsestlyonnais.fr\/site\/wp-content\/uploads\/2018\/05\/NEWSESTLYONNAIS-APEX-COURSE.jpg","articleSection":["Athl\u00e9 | Course pied | Marche","Ev\u00e8nements divers","Sant\u00e9 | Bien Etre | Solidarit\u00e9","Vaulx-en-Velin"],"inLanguage":"fr-FR","potentialAction":[{"@type":"CommentAction","name":"Comment","target":["https:\/\/newsestlyonnais.fr\/site\/2018\/05\/03\/vaulx-en-velin-110-participants-a-la-1-edition-de-la-course-solidaire-de-lapex\/#respond"]}]},{"@type":"WebPage","@id":"https:\/\/newsestlyonnais.fr\/site\/2018\/05\/03\/vaulx-en-velin-110-participants-a-la-1-edition-de-la-course-solidaire-de-lapex\/","url":"https:\/\/newsestlyonnais.fr\/site\/2018\/05\/03\/vaulx-en-velin-110-participants-a-la-1-edition-de-la-course-solidaire-de-lapex\/","name":"VAULX EN VELIN : 110 participants \u00e0 la 1\u00b0 \u00e9dition de la course solidaire de l'APEX !","isPartOf":{"@id":"https:\/\/newsestlyonnais.fr\/site\/#website"},"primaryImageOfPage":{"@id":"https:\/\/newsestlyonnais.fr\/site\/2018\/05\/03\/vaulx-en-velin-110-participants-a-la-1-edition-de-la-course-solidaire-de-lapex\/#primaryimage"},"image":{"@id":"https:\/\/newsestlyonnais.fr\/site\/2018\/05\/03\/vaulx-en-velin-110-participants-a-la-1-edition-de-la-course-solidaire-de-lapex\/#primaryimage"},"thumbnailUrl":"https:\/\/newsestlyonnais.fr\/site\/wp-content\/uploads\/2018\/05\/NEWSESTLYONNAIS-APEX-COURSE.jpg","datePublished":"2018-05-03T06:57:17+00:00","dateModified":"2020-11-01T18:14:02+00:00","description":"VAULX EN VELIN : 110 participants \u00e0 la 1\u00b0 \u00e9dition de la course solidaire de l'APEX !","breadcrumb":{"@id":"https:\/\/newsestlyonnais.fr\/site\/2018\/05\/03\/vaulx-en-velin-110-participants-a-la-1-edition-de-la-course-solidaire-de-lapex\/#breadcrumb"},"inLanguage":"fr-FR","potentialAction":[{"@type":"ReadAction","target":["https:\/\/newsestlyonnais.fr\/site\/2018\/05\/03\/vaulx-en-velin-110-participants-a-la-1-edition-de-la-course-solidaire-de-lapex\/"]}]},{"@type":"ImageObject","inLanguage":"fr-FR","@id":"https:\/\/newsestlyonnais.fr\/site\/2018\/05\/03\/vaulx-en-velin-110-participants-a-la-1-edition-de-la-course-solidaire-de-lapex\/#primaryimage","url":"https:\/\/newsestlyonnais.fr\/site\/wp-content\/uploads\/2018\/05\/NEWSESTLYONNAIS-APEX-COURSE.jpg","contentUrl":"https:\/\/newsestlyonnais.fr\/site\/wp-content\/uploads\/2018\/05\/NEWSESTLYONNAIS-APEX-COURSE.jpg","width":960,"height":720,"caption":"NEWSESTLYONNAIS - APEX COURSE"},{"@type":"BreadcrumbList","@id":"https:\/\/newsestlyonnais.fr\/site\/2018\/05\/03\/vaulx-en-velin-110-participants-a-la-1-edition-de-la-course-solidaire-de-lapex\/#breadcrumb","itemListElement":[{"@type":"ListItem","position":1,"name":"Accueil","item":"https:\/\/newsestlyonnais.fr\/site\/"},{"@type":"ListItem","position":2,"name":"VAULX-EN-VELIN | 110 participants \u00e0 la 1\u00b0 \u00e9dition de la course solidaire de l&rsquo;APEX !"}]},{"@type":"WebSite","@id":"https:\/\/newsestlyonnais.fr\/site\/#website","url":"https:\/\/newsestlyonnais.fr\/site\/","name":"News Est Lyonnais","description":"L&#039;actualit\u00e9 au plus pr\u00e8s","publisher":{"@id":"https:\/\/newsestlyonnais.fr\/site\/#organization"},"potentialAction":[{"@type":"SearchAction","target":{"@type":"EntryPoint","urlTemplate":"https:\/\/newsestlyonnais.fr\/site\/?s={search_term_string}"},"query-input":{"@type":"PropertyValueSpecification","valueRequired":true,"valueName":"search_term_string"}}],"inLanguage":"fr-FR"},{"@type":"Organization","@id":"https:\/\/newsestlyonnais.fr\/site\/#organization","name":"News EST LYONNAIS","url":"https:\/\/newsestlyonnais.fr\/site\/","logo":{"@type":"ImageObject","inLanguage":"fr-FR","@id":"https:\/\/newsestlyonnais.fr\/site\/#\/schema\/logo\/image\/","url":"","contentUrl":"","caption":"News EST LYONNAIS"},"image":{"@id":"https:\/\/newsestlyonnais.fr\/site\/#\/schema\/logo\/image\/"}},{"@type":"Person","@id":"https:\/\/newsestlyonnais.fr\/site\/#\/schema\/person\/3230d5615f390bb808365d673001e887","name":"R\u00e9dac. NEWS","sameAs":["http:\/\/www.newsestlyonnais.fr","https:\/\/www.facebook.com\/pascal.oberson.1?fref=ts","https:\/\/fr.linkedin.com\/in\/pascal-oberson-b17045113"],"url":"https:\/\/newsestlyonnais.fr\/site\/author\/nel\/"}]}},"_links":{"self":[{"href":"https:\/\/newsestlyonnais.fr\/site\/wp-json\/wp\/v2\/posts\/48471","targetHints":{"allow":["GET"]}}],"collection":[{"href":"https:\/\/newsestlyonnais.fr\/site\/wp-json\/wp\/v2\/posts"}],"about":[{"href":"https:\/\/newsestlyonnais.fr\/site\/wp-json\/wp\/v2\/types\/post"}],"author":[{"embeddable":true,"href":"https:\/\/newsestlyonnais.fr\/site\/wp-json\/wp\/v2\/users\/4"}],"replies":[{"embeddable":true,"href":"https:\/\/newsestlyonnais.fr\/site\/wp-json\/wp\/v2\/comments?post=48471"}],"version-history":[{"count":0,"href":"https:\/\/newsestlyonnais.fr\/site\/wp-json\/wp\/v2\/posts\/48471\/revisions"}],"wp:featuredmedia":[{"embeddable":true,"href":"https:\/\/newsestlyonnais.fr\/site\/wp-json\/wp\/v2\/media\/48475"}],"wp:attachment":[{"href":"https:\/\/newsestlyonnais.fr\/site\/wp-json\/wp\/v2\/media?parent=48471"}],"wp:term":[{"taxonomy":"category","embeddable":true,"href":"https:\/\/newsestlyonnais.fr\/site\/wp-json\/wp\/v2\/categories?post=48471"},{"taxonomy":"post_tag","embeddable":true,"href":"https:\/\/newsestlyonnais.fr\/site\/wp-json\/wp\/v2\/tags?post=48471"}],"curies":[{"name":"wp","href":"https:\/\/api.w.org\/{rel}","templated":true}]}}