{"id":48542,"date":"2018-05-04T08:50:11","date_gmt":"2018-05-04T07:50:11","guid":{"rendered":"http:\/\/newsestlyonnais.fr\/site\/?p=48542"},"modified":"2020-10-30T16:38:40","modified_gmt":"2020-10-30T15:38:40","slug":"genas-les-evenements-en-mai","status":"publish","type":"post","link":"https:\/\/newsestlyonnais.fr\/site\/2018\/05\/04\/genas-les-evenements-en-mai\/","title":{"rendered":"GENAS | Les \u00e9v\u00e8nements pr\u00e9vus  en Mai"},"content":{"rendered":"<h4>De nombreuses manifestations se d\u00e9rouleront sur la commune genassienne durant ce mois de mai, \u00e0 savoir :<\/h4>\n<ul>\n<li><strong>Samedi 5 mai de 9 h \u00e0 17 h 30<\/strong> : <span style=\"text-decoration: underline\">Salon des artisans du b\u00e2timent et de l\u2019automobile<\/span> organis\u00e9 par Agisse. (Halle de Ronshausen).<\/li>\n<li><strong>Mardi 8 mai<\/strong> : <span style=\"text-decoration: underline\">C\u00e9r\u00e9monie du 8 mai 1945<\/span> &#8211; Cimeti\u00e8re d\u2019Azieu <strong>\u00e0 10 h<\/strong> et parc de la Colandi\u00e8re <strong>\u00e0 11 h.<\/strong><\/li>\n<li><strong>Samedi 12 et dimanche 13 mai de 10 h \u00e0 19 h<\/strong> : <span style=\"text-decoration: underline\">Exposition-vente<\/span> organis\u00e9e par Les Doigts Agiles &#8211; Salle de la Chemin\u00e9e. (Espace Gandil).<\/li>\n<li><strong>Dimanche 13 mai \u00e0 13 h<\/strong> : <span style=\"text-decoration: underline\">Concours de p\u00e9tanque<\/span> organis\u00e9 par UNC (Salle Marius Berliet). &amp; <strong>\u00e0 \u00e0 14 h 30<\/strong> : <span style=\"text-decoration: underline\">Printemps des cimeti\u00e8res.<\/span> (Cimeti\u00e8re de Genas).<\/li>\n<li><strong>Mardi 15 mai de 9 h \u00e0 11 h 30<\/strong> : <span style=\"text-decoration: underline\">Atelier nutrition<\/span> organis\u00e9 par le Centre Communal d\u2019Action Sociale. (Salle de la Chemin\u00e9e \u00e0 l\u2019espace Gandil).<\/li>\n<li><strong>Jeudi 17 mai \u00e0 20 h 30<\/strong> : <span style=\"text-decoration: underline\">Spectacle tout public \u00ab Le Voyage de Malo \u00bb<\/span> . (Neutrino th\u00e9\u00e2tre).<\/li>\n<li><strong>Vendredi 18 au 21 mai toute la journ\u00e9e :<\/strong> <span style=\"text-decoration: underline\">D\u00e9l\u00e9gation allemande de la ville de Ronshausen \u00e0 Genas<\/span> &#8211; Arriv\u00e9e le vendredi 18 mai en fin d\u2019apr\u00e8s-midi sous la halle de Ronshausen.<\/li>\n<li><strong>Samedi 19 mai au samedi 16 juin<\/strong>: <span style=\"text-decoration: underline\">Tournoi de Tennis.<\/span> (Halle des tennis, rue du Repos).<\/li>\n<li><strong>Mardi 22 mai de 9 h 30 \u00e0 11 h 30<\/strong> : <span style=\"text-decoration: underline\">Atelier sommeil<\/span> organis\u00e9 par le Centre Communal d\u2019Action Sociale. (Salle de la Chemin\u00e9e \u00e0 l\u2019espace Gandil).<\/li>\n<li><strong>Samedi 26 mai de 8 h \u00e0 18 h<\/strong> : <span style=\"text-decoration: underline\">March\u00e9 de l\u2019artisanat d\u2019art et des saveurs et Salon des \u00e9crivains genassiens &#8211;<\/span> (Halle de Ronshausen) &amp; <strong>\u00e0 16 h<\/strong> : <span style=\"text-decoration: underline\">Spectacle jeune public \u00ab Pat a Mat \u00bb.<\/span> (Neutrino th\u00e9\u00e2tre) &amp; <strong>\u00e0 19 h<\/strong> : Arts Martiaux Genas Kwon Te Zen organise<span style=\"text-decoration: underline\"> la Nuit des Arts martiaux<\/span>. (Halle des tennis, rue du Repos) &amp; <strong>\u00e0 20 h<\/strong> : <span style=\"text-decoration: underline\">Election Miss Rh\u00f4ne<\/span> organis\u00e9e par le Comit\u00e9 des F\u00eates de Genas. (Salle Jacques Anquetil).<\/li>\n<li><strong>Dimanche 27 mai \u00e0 8 h<\/strong> : <span style=\"text-decoration: underline\">Vente de brioches<\/span> organis\u00e9e par l\u2019ESGA Handball. (Dans les rues de Genas). &amp; <strong>\u00e0 partir de 9 h 15<\/strong> : <span style=\"text-decoration: underline\">51\u00b0 Journ\u00e9e nationale de la R\u00e9sistance<\/span>. (Monument fusill\u00e9s d&rsquo;Azieu puis st\u00e8le Eug\u00e8ne Bergeret, rue de la Fraternit\u00e9).<\/li>\n<li><strong>Mardi 29 mai de 9 h 30 \u00e0 11 h 30<\/strong> : A<span style=\"text-decoration: underline\">telier sommeil<\/span> organis\u00e9 par le Centre Communal d\u2019Action Sociale. (Salle de la Chemin\u00e9e \u00e0 l\u2019espace Gandil).<\/li>\n<\/ul>\n<div id='gallery-1' class='gallery galleryid-48542 gallery-columns-3 gallery-size-thumbnail'><figure class='gallery-item'>\n\t\t\t<div class='gallery-icon landscape'>\n\t\t\t\t<a href='https:\/\/newsestlyonnais.fr\/site\/2018\/04\/18\/genas-8-salon-artisans-batiment-autour-de-lautomobile\/newsestlyonnais-salon-agisse-2018\/'><img loading=\"lazy\" decoding=\"async\" width=\"150\" height=\"150\" src=\"https:\/\/newsestlyonnais.fr\/site\/wp-content\/uploads\/2018\/04\/NEWSESTLYONNAIS-SALON-AGISSE-2018-150x150.jpg\" class=\"attachment-thumbnail size-thumbnail\" alt=\"NEWSESTLYONNAIS SALON AGISSE 2018\" \/><\/a>\n\t\t\t<\/div><\/figure><figure class='gallery-item'>\n\t\t\t<div class='gallery-icon portrait'>\n\t\t\t\t<a href='https:\/\/newsestlyonnais.fr\/site\/newsestlyonnais-affiche-doigts-agiles-2\/'><img loading=\"lazy\" decoding=\"async\" width=\"150\" height=\"150\" src=\"https:\/\/newsestlyonnais.fr\/site\/wp-content\/uploads\/2018\/04\/NEWSESTLYONNAIS-AFFICHE-DOIGTS-AGILES-150x150.jpg\" class=\"attachment-thumbnail size-thumbnail\" alt=\"NEWSESTLYONNAIS AFFICHE DOIGTS AGILES\" aria-describedby=\"gallery-1-47708\" \/><\/a>\n\t\t\t<\/div>\n\t\t\t\t<figcaption class='wp-caption-text gallery-caption' id='gallery-1-47708'>\n\t\t\t\tL&rsquo;affiche de l&rsquo;Expo-vente\n\t\t\t\t<\/figcaption><\/figure><figure class='gallery-item'>\n\t\t\t<div class='gallery-icon portrait'>\n\t\t\t\t<a href='https:\/\/newsestlyonnais.fr\/site\/newsestlyonnais-open-tennis-2018-page-001\/'><img loading=\"lazy\" decoding=\"async\" width=\"150\" height=\"150\" src=\"https:\/\/newsestlyonnais.fr\/site\/wp-content\/uploads\/2017\/12\/NEWSESTLYONNAIS-OPEN-TENNIS-2018-page-001-150x150.jpg\" class=\"attachment-thumbnail size-thumbnail\" alt=\"NEWSESTLYONNAIS OPEN TENNIS 2018-page-001\" aria-describedby=\"gallery-1-46838\" \/><\/a>\n\t\t\t<\/div>\n\t\t\t\t<figcaption class='wp-caption-text gallery-caption' id='gallery-1-46838'>\n\t\t\t\tLe tournoi Open 2018\n\t\t\t\t<\/figcaption><\/figure><figure class='gallery-item'>\n\t\t\t<div class='gallery-icon portrait'>\n\t\t\t\t<a href='https:\/\/newsestlyonnais.fr\/site\/newsestlyonnais-affiche-2018-2\/'><img loading=\"lazy\" decoding=\"async\" width=\"150\" height=\"150\" src=\"https:\/\/newsestlyonnais.fr\/site\/wp-content\/uploads\/2018\/04\/NEWSESTLYONNAIS-affiche-2018--150x150.jpg\" class=\"attachment-thumbnail size-thumbnail\" alt=\"NEWSESTLYONNAIS affiche 2018\" \/><\/a>\n\t\t\t<\/div><\/figure><figure class='gallery-item'>\n\t\t\t<div class='gallery-icon portrait'>\n\t\t\t\t<a href='https:\/\/newsestlyonnais.fr\/site\/newsestlyonnais-genas-2nuit-arts-martiaux\/'><img loading=\"lazy\" decoding=\"async\" width=\"150\" height=\"150\" src=\"https:\/\/newsestlyonnais.fr\/site\/wp-content\/uploads\/2018\/04\/NEWSESTLYONNAIS-GENAS-2\u00b0NUIT-ARTS-MARTIAUX-150x150.jpg\" class=\"attachment-thumbnail size-thumbnail\" alt=\"NEWSESTLYONNAIS - GENAS 2\u00b0NUIT ARTS MARTIAUX\" aria-describedby=\"gallery-1-47596\" \/><\/a>\n\t\t\t<\/div>\n\t\t\t\t<figcaption class='wp-caption-text gallery-caption' id='gallery-1-47596'>\n\t\t\t\tL&rsquo;affiche de l&rsquo;\u00e9v\u00e8nement \n\t\t\t\t<\/figcaption><\/figure>\n\t\t<\/div>\n\n","protected":false},"excerpt":{"rendered":"<p>De nombreuses manifestations se d\u00e9rouleront sur la commune genassienne durant ce mois de mai, \u00e0 savoir : Samedi 5 mai de 9 h \u00e0 17 h 30 : Salon des artisans du b\u00e2timent et de l\u2019automobile organis\u00e9 par Agisse. (Halle de Ronshausen). Mardi 8 mai : C\u00e9r\u00e9monie du 8 mai 1945 &#8211; Cimeti\u00e8re d\u2019Azieu \u00e0 [&hellip;]<\/p>\n","protected":false},"author":4,"featured_media":8137,"comment_status":"open","ping_status":"open","sticky":false,"template":"","format":"standard","meta":{"footnotes":""},"categories":[270,1598],"tags":[],"class_list":["post-48542","post","type-post","status-publish","format-standard","has-post-thumbnail","hentry","category-cte-de-communes-c-c-e-l","category-genas"],"yoast_head":"<!-- This site is optimized with the Yoast SEO plugin v27.2 - https:\/\/yoast.com\/product\/yoast-seo-wordpress\/ -->\n<title>GENAS : Les \u00e9v\u00e8nements pr\u00e9vus sur la commune en Mai<\/title>\n<meta name=\"description\" content=\"GENAS : Les \u00e9v\u00e8nements pr\u00e9vus sur la commune en Mai\" \/>\n<meta name=\"robots\" content=\"index, follow, max-snippet:-1, max-image-preview:large, max-video-preview:-1\" \/>\n<link rel=\"canonical\" href=\"https:\/\/newsestlyonnais.fr\/site\/2018\/05\/04\/genas-les-evenements-en-mai\/\" \/>\n<meta property=\"og:locale\" content=\"fr_FR\" \/>\n<meta property=\"og:type\" content=\"article\" \/>\n<meta property=\"og:title\" content=\"GENAS : Les \u00e9v\u00e8nements pr\u00e9vus sur la commune en Mai\" \/>\n<meta property=\"og:description\" content=\"GENAS : Les \u00e9v\u00e8nements pr\u00e9vus sur la commune en Mai\" \/>\n<meta property=\"og:url\" content=\"https:\/\/newsestlyonnais.fr\/site\/2018\/05\/04\/genas-les-evenements-en-mai\/\" \/>\n<meta property=\"og:site_name\" content=\"News Est Lyonnais\" \/>\n<meta property=\"article:author\" content=\"https:\/\/www.facebook.com\/pascal.oberson.1?fref=ts\" \/>\n<meta property=\"article:published_time\" content=\"2018-05-04T07:50:11+00:00\" \/>\n<meta property=\"article:modified_time\" content=\"2020-10-30T15:38:40+00:00\" \/>\n<meta property=\"og:image\" content=\"https:\/\/i0.wp.com\/newsestlyonnais.fr\/site\/wp-content\/uploads\/2016\/05\/NEWSESTLYONNAISPANNEAUGENAS-1.jpg?fit=1000%2C750&ssl=1\" \/>\n\t<meta property=\"og:image:width\" content=\"1000\" \/>\n\t<meta property=\"og:image:height\" content=\"750\" \/>\n\t<meta property=\"og:image:type\" content=\"image\/jpeg\" \/>\n<meta name=\"author\" content=\"R\u00e9dac. NEWS\" \/>\n<meta name=\"twitter:card\" content=\"summary_large_image\" \/>\n<meta name=\"twitter:label1\" content=\"\u00c9crit par\" \/>\n\t<meta name=\"twitter:data1\" content=\"R\u00e9dac. NEWS\" \/>\n\t<meta name=\"twitter:label2\" content=\"Dur\u00e9e de lecture estim\u00e9e\" \/>\n\t<meta name=\"twitter:data2\" content=\"2 minutes\" \/>\n<script type=\"application\/ld+json\" class=\"yoast-schema-graph\">{\"@context\":\"https:\/\/schema.org\",\"@graph\":[{\"@type\":\"Article\",\"@id\":\"https:\/\/newsestlyonnais.fr\/site\/2018\/05\/04\/genas-les-evenements-en-mai\/#article\",\"isPartOf\":{\"@id\":\"https:\/\/newsestlyonnais.fr\/site\/2018\/05\/04\/genas-les-evenements-en-mai\/\"},\"author\":{\"name\":\"R\u00e9dac. NEWS\",\"@id\":\"https:\/\/newsestlyonnais.fr\/site\/#\/schema\/person\/3230d5615f390bb808365d673001e887\"},\"headline\":\"GENAS | Les \u00e9v\u00e8nements pr\u00e9vus en Mai\",\"datePublished\":\"2018-05-04T07:50:11+00:00\",\"dateModified\":\"2020-10-30T15:38:40+00:00\",\"mainEntityOfPage\":{\"@id\":\"https:\/\/newsestlyonnais.fr\/site\/2018\/05\/04\/genas-les-evenements-en-mai\/\"},\"wordCount\":359,\"commentCount\":0,\"publisher\":{\"@id\":\"https:\/\/newsestlyonnais.fr\/site\/#organization\"},\"image\":{\"@id\":\"https:\/\/newsestlyonnais.fr\/site\/2018\/05\/04\/genas-les-evenements-en-mai\/#primaryimage\"},\"thumbnailUrl\":\"https:\/\/newsestlyonnais.fr\/site\/wp-content\/uploads\/2016\/05\/NEWSESTLYONNAISPANNEAUGENAS-1.jpg\",\"articleSection\":[\"CCEL | Communes\",\"Genas\"],\"inLanguage\":\"fr-FR\",\"potentialAction\":[{\"@type\":\"CommentAction\",\"name\":\"Comment\",\"target\":[\"https:\/\/newsestlyonnais.fr\/site\/2018\/05\/04\/genas-les-evenements-en-mai\/#respond\"]}]},{\"@type\":\"WebPage\",\"@id\":\"https:\/\/newsestlyonnais.fr\/site\/2018\/05\/04\/genas-les-evenements-en-mai\/\",\"url\":\"https:\/\/newsestlyonnais.fr\/site\/2018\/05\/04\/genas-les-evenements-en-mai\/\",\"name\":\"GENAS : Les \u00e9v\u00e8nements pr\u00e9vus sur la commune en Mai\",\"isPartOf\":{\"@id\":\"https:\/\/newsestlyonnais.fr\/site\/#website\"},\"primaryImageOfPage\":{\"@id\":\"https:\/\/newsestlyonnais.fr\/site\/2018\/05\/04\/genas-les-evenements-en-mai\/#primaryimage\"},\"image\":{\"@id\":\"https:\/\/newsestlyonnais.fr\/site\/2018\/05\/04\/genas-les-evenements-en-mai\/#primaryimage\"},\"thumbnailUrl\":\"https:\/\/newsestlyonnais.fr\/site\/wp-content\/uploads\/2016\/05\/NEWSESTLYONNAISPANNEAUGENAS-1.jpg\",\"datePublished\":\"2018-05-04T07:50:11+00:00\",\"dateModified\":\"2020-10-30T15:38:40+00:00\",\"description\":\"GENAS : Les \u00e9v\u00e8nements pr\u00e9vus sur la commune en Mai\",\"breadcrumb\":{\"@id\":\"https:\/\/newsestlyonnais.fr\/site\/2018\/05\/04\/genas-les-evenements-en-mai\/#breadcrumb\"},\"inLanguage\":\"fr-FR\",\"potentialAction\":[{\"@type\":\"ReadAction\",\"target\":[\"https:\/\/newsestlyonnais.fr\/site\/2018\/05\/04\/genas-les-evenements-en-mai\/\"]}]},{\"@type\":\"ImageObject\",\"inLanguage\":\"fr-FR\",\"@id\":\"https:\/\/newsestlyonnais.fr\/site\/2018\/05\/04\/genas-les-evenements-en-mai\/#primaryimage\",\"url\":\"https:\/\/newsestlyonnais.fr\/site\/wp-content\/uploads\/2016\/05\/NEWSESTLYONNAISPANNEAUGENAS-1.jpg\",\"contentUrl\":\"https:\/\/newsestlyonnais.fr\/site\/wp-content\/uploads\/2016\/05\/NEWSESTLYONNAISPANNEAUGENAS-1.jpg\",\"width\":1000,\"height\":750,\"caption\":\"NEWSESTLYONNAISPANNEAUGENAS\"},{\"@type\":\"BreadcrumbList\",\"@id\":\"https:\/\/newsestlyonnais.fr\/site\/2018\/05\/04\/genas-les-evenements-en-mai\/#breadcrumb\",\"itemListElement\":[{\"@type\":\"ListItem\",\"position\":1,\"name\":\"Accueil\",\"item\":\"https:\/\/newsestlyonnais.fr\/site\/\"},{\"@type\":\"ListItem\",\"position\":2,\"name\":\"GENAS | Les \u00e9v\u00e8nements pr\u00e9vus en Mai\"}]},{\"@type\":\"WebSite\",\"@id\":\"https:\/\/newsestlyonnais.fr\/site\/#website\",\"url\":\"https:\/\/newsestlyonnais.fr\/site\/\",\"name\":\"News Est Lyonnais\",\"description\":\"L&#039;actualit\u00e9 au plus pr\u00e8s\",\"publisher\":{\"@id\":\"https:\/\/newsestlyonnais.fr\/site\/#organization\"},\"potentialAction\":[{\"@type\":\"SearchAction\",\"target\":{\"@type\":\"EntryPoint\",\"urlTemplate\":\"https:\/\/newsestlyonnais.fr\/site\/?s={search_term_string}\"},\"query-input\":{\"@type\":\"PropertyValueSpecification\",\"valueRequired\":true,\"valueName\":\"search_term_string\"}}],\"inLanguage\":\"fr-FR\"},{\"@type\":\"Organization\",\"@id\":\"https:\/\/newsestlyonnais.fr\/site\/#organization\",\"name\":\"News EST LYONNAIS\",\"url\":\"https:\/\/newsestlyonnais.fr\/site\/\",\"logo\":{\"@type\":\"ImageObject\",\"inLanguage\":\"fr-FR\",\"@id\":\"https:\/\/newsestlyonnais.fr\/site\/#\/schema\/logo\/image\/\",\"url\":\"\",\"contentUrl\":\"\",\"caption\":\"News EST LYONNAIS\"},\"image\":{\"@id\":\"https:\/\/newsestlyonnais.fr\/site\/#\/schema\/logo\/image\/\"}},{\"@type\":\"Person\",\"@id\":\"https:\/\/newsestlyonnais.fr\/site\/#\/schema\/person\/3230d5615f390bb808365d673001e887\",\"name\":\"R\u00e9dac. NEWS\",\"sameAs\":[\"http:\/\/www.newsestlyonnais.fr\",\"https:\/\/www.facebook.com\/pascal.oberson.1?fref=ts\",\"https:\/\/fr.linkedin.com\/in\/pascal-oberson-b17045113\"],\"url\":\"https:\/\/newsestlyonnais.fr\/site\/author\/nel\/\"}]}<\/script>\n<!-- \/ Yoast SEO plugin. -->","yoast_head_json":{"title":"GENAS : Les \u00e9v\u00e8nements pr\u00e9vus sur la commune en Mai","description":"GENAS : Les \u00e9v\u00e8nements pr\u00e9vus sur la commune en Mai","robots":{"index":"index","follow":"follow","max-snippet":"max-snippet:-1","max-image-preview":"max-image-preview:large","max-video-preview":"max-video-preview:-1"},"canonical":"https:\/\/newsestlyonnais.fr\/site\/2018\/05\/04\/genas-les-evenements-en-mai\/","og_locale":"fr_FR","og_type":"article","og_title":"GENAS : Les \u00e9v\u00e8nements pr\u00e9vus sur la commune en Mai","og_description":"GENAS : Les \u00e9v\u00e8nements pr\u00e9vus sur la commune en Mai","og_url":"https:\/\/newsestlyonnais.fr\/site\/2018\/05\/04\/genas-les-evenements-en-mai\/","og_site_name":"News Est Lyonnais","article_author":"https:\/\/www.facebook.com\/pascal.oberson.1?fref=ts","article_published_time":"2018-05-04T07:50:11+00:00","article_modified_time":"2020-10-30T15:38:40+00:00","og_image":[{"width":1000,"height":750,"url":"https:\/\/i0.wp.com\/newsestlyonnais.fr\/site\/wp-content\/uploads\/2016\/05\/NEWSESTLYONNAISPANNEAUGENAS-1.jpg?fit=1000%2C750&ssl=1","type":"image\/jpeg"}],"author":"R\u00e9dac. NEWS","twitter_card":"summary_large_image","twitter_misc":{"\u00c9crit par":"R\u00e9dac. NEWS","Dur\u00e9e de lecture estim\u00e9e":"2 minutes"},"schema":{"@context":"https:\/\/schema.org","@graph":[{"@type":"Article","@id":"https:\/\/newsestlyonnais.fr\/site\/2018\/05\/04\/genas-les-evenements-en-mai\/#article","isPartOf":{"@id":"https:\/\/newsestlyonnais.fr\/site\/2018\/05\/04\/genas-les-evenements-en-mai\/"},"author":{"name":"R\u00e9dac. NEWS","@id":"https:\/\/newsestlyonnais.fr\/site\/#\/schema\/person\/3230d5615f390bb808365d673001e887"},"headline":"GENAS | Les \u00e9v\u00e8nements pr\u00e9vus en Mai","datePublished":"2018-05-04T07:50:11+00:00","dateModified":"2020-10-30T15:38:40+00:00","mainEntityOfPage":{"@id":"https:\/\/newsestlyonnais.fr\/site\/2018\/05\/04\/genas-les-evenements-en-mai\/"},"wordCount":359,"commentCount":0,"publisher":{"@id":"https:\/\/newsestlyonnais.fr\/site\/#organization"},"image":{"@id":"https:\/\/newsestlyonnais.fr\/site\/2018\/05\/04\/genas-les-evenements-en-mai\/#primaryimage"},"thumbnailUrl":"https:\/\/newsestlyonnais.fr\/site\/wp-content\/uploads\/2016\/05\/NEWSESTLYONNAISPANNEAUGENAS-1.jpg","articleSection":["CCEL | Communes","Genas"],"inLanguage":"fr-FR","potentialAction":[{"@type":"CommentAction","name":"Comment","target":["https:\/\/newsestlyonnais.fr\/site\/2018\/05\/04\/genas-les-evenements-en-mai\/#respond"]}]},{"@type":"WebPage","@id":"https:\/\/newsestlyonnais.fr\/site\/2018\/05\/04\/genas-les-evenements-en-mai\/","url":"https:\/\/newsestlyonnais.fr\/site\/2018\/05\/04\/genas-les-evenements-en-mai\/","name":"GENAS : Les \u00e9v\u00e8nements pr\u00e9vus sur la commune en Mai","isPartOf":{"@id":"https:\/\/newsestlyonnais.fr\/site\/#website"},"primaryImageOfPage":{"@id":"https:\/\/newsestlyonnais.fr\/site\/2018\/05\/04\/genas-les-evenements-en-mai\/#primaryimage"},"image":{"@id":"https:\/\/newsestlyonnais.fr\/site\/2018\/05\/04\/genas-les-evenements-en-mai\/#primaryimage"},"thumbnailUrl":"https:\/\/newsestlyonnais.fr\/site\/wp-content\/uploads\/2016\/05\/NEWSESTLYONNAISPANNEAUGENAS-1.jpg","datePublished":"2018-05-04T07:50:11+00:00","dateModified":"2020-10-30T15:38:40+00:00","description":"GENAS : Les \u00e9v\u00e8nements pr\u00e9vus sur la commune en Mai","breadcrumb":{"@id":"https:\/\/newsestlyonnais.fr\/site\/2018\/05\/04\/genas-les-evenements-en-mai\/#breadcrumb"},"inLanguage":"fr-FR","potentialAction":[{"@type":"ReadAction","target":["https:\/\/newsestlyonnais.fr\/site\/2018\/05\/04\/genas-les-evenements-en-mai\/"]}]},{"@type":"ImageObject","inLanguage":"fr-FR","@id":"https:\/\/newsestlyonnais.fr\/site\/2018\/05\/04\/genas-les-evenements-en-mai\/#primaryimage","url":"https:\/\/newsestlyonnais.fr\/site\/wp-content\/uploads\/2016\/05\/NEWSESTLYONNAISPANNEAUGENAS-1.jpg","contentUrl":"https:\/\/newsestlyonnais.fr\/site\/wp-content\/uploads\/2016\/05\/NEWSESTLYONNAISPANNEAUGENAS-1.jpg","width":1000,"height":750,"caption":"NEWSESTLYONNAISPANNEAUGENAS"},{"@type":"BreadcrumbList","@id":"https:\/\/newsestlyonnais.fr\/site\/2018\/05\/04\/genas-les-evenements-en-mai\/#breadcrumb","itemListElement":[{"@type":"ListItem","position":1,"name":"Accueil","item":"https:\/\/newsestlyonnais.fr\/site\/"},{"@type":"ListItem","position":2,"name":"GENAS | Les \u00e9v\u00e8nements pr\u00e9vus en Mai"}]},{"@type":"WebSite","@id":"https:\/\/newsestlyonnais.fr\/site\/#website","url":"https:\/\/newsestlyonnais.fr\/site\/","name":"News Est Lyonnais","description":"L&#039;actualit\u00e9 au plus pr\u00e8s","publisher":{"@id":"https:\/\/newsestlyonnais.fr\/site\/#organization"},"potentialAction":[{"@type":"SearchAction","target":{"@type":"EntryPoint","urlTemplate":"https:\/\/newsestlyonnais.fr\/site\/?s={search_term_string}"},"query-input":{"@type":"PropertyValueSpecification","valueRequired":true,"valueName":"search_term_string"}}],"inLanguage":"fr-FR"},{"@type":"Organization","@id":"https:\/\/newsestlyonnais.fr\/site\/#organization","name":"News EST LYONNAIS","url":"https:\/\/newsestlyonnais.fr\/site\/","logo":{"@type":"ImageObject","inLanguage":"fr-FR","@id":"https:\/\/newsestlyonnais.fr\/site\/#\/schema\/logo\/image\/","url":"","contentUrl":"","caption":"News EST LYONNAIS"},"image":{"@id":"https:\/\/newsestlyonnais.fr\/site\/#\/schema\/logo\/image\/"}},{"@type":"Person","@id":"https:\/\/newsestlyonnais.fr\/site\/#\/schema\/person\/3230d5615f390bb808365d673001e887","name":"R\u00e9dac. NEWS","sameAs":["http:\/\/www.newsestlyonnais.fr","https:\/\/www.facebook.com\/pascal.oberson.1?fref=ts","https:\/\/fr.linkedin.com\/in\/pascal-oberson-b17045113"],"url":"https:\/\/newsestlyonnais.fr\/site\/author\/nel\/"}]}},"_links":{"self":[{"href":"https:\/\/newsestlyonnais.fr\/site\/wp-json\/wp\/v2\/posts\/48542","targetHints":{"allow":["GET"]}}],"collection":[{"href":"https:\/\/newsestlyonnais.fr\/site\/wp-json\/wp\/v2\/posts"}],"about":[{"href":"https:\/\/newsestlyonnais.fr\/site\/wp-json\/wp\/v2\/types\/post"}],"author":[{"embeddable":true,"href":"https:\/\/newsestlyonnais.fr\/site\/wp-json\/wp\/v2\/users\/4"}],"replies":[{"embeddable":true,"href":"https:\/\/newsestlyonnais.fr\/site\/wp-json\/wp\/v2\/comments?post=48542"}],"version-history":[{"count":0,"href":"https:\/\/newsestlyonnais.fr\/site\/wp-json\/wp\/v2\/posts\/48542\/revisions"}],"wp:featuredmedia":[{"embeddable":true,"href":"https:\/\/newsestlyonnais.fr\/site\/wp-json\/wp\/v2\/media\/8137"}],"wp:attachment":[{"href":"https:\/\/newsestlyonnais.fr\/site\/wp-json\/wp\/v2\/media?parent=48542"}],"wp:term":[{"taxonomy":"category","embeddable":true,"href":"https:\/\/newsestlyonnais.fr\/site\/wp-json\/wp\/v2\/categories?post=48542"},{"taxonomy":"post_tag","embeddable":true,"href":"https:\/\/newsestlyonnais.fr\/site\/wp-json\/wp\/v2\/tags?post=48542"}],"curies":[{"name":"wp","href":"https:\/\/api.w.org\/{rel}","templated":true}]}}