{"id":48581,"date":"2018-05-04T13:25:23","date_gmt":"2018-05-04T12:25:23","guid":{"rendered":"http:\/\/newsestlyonnais.fr\/site\/?p=48581"},"modified":"2020-10-26T11:23:05","modified_gmt":"2020-10-26T10:23:05","slug":"venissieux-1-open-para-karate-departemental","status":"publish","type":"post","link":"https:\/\/newsestlyonnais.fr\/site\/2018\/05\/04\/venissieux-1-open-para-karate-departemental\/","title":{"rendered":"VENISSIEUX | 1\u00b0 Open para-karat\u00e9 d\u00e9partemental"},"content":{"rendered":"<div>\n<h4>En coop\u00e9ration avec le Sen No Sen Karat\u00e9 V\u00e9nissieux, le Comit\u00e9 d\u00e9partemental du Rh\u00f4ne- M\u00e9tropole de Lyon de Karat\u00e9 organise, le dimanche 20 mai son 1\u00b0 Open para-karat\u00e9.<\/h4>\n<div>\u00a0\u00a0\u00bb Une comp\u00e9tition qui s&rsquo;annonce relev\u00e9e, gr\u00e2ce \u00e0 la pr\u00e9sence de membres de l&rsquo;\u00e9quipe de France\u00a0 et de champions de France\u00a0 para-karat\u00e9\u00a0\u00bb confie <i>Ghislaine Barbin (<\/i><i>Pr\u00e9sidente du Sen No Sen Karat\u00e9 V\u00e9nissieux)<\/i>.<\/div>\n<\/div>\n<div>Elle est ouverte \u00e0 tous licenci\u00e9s de la F\u00e9d\u00e9ration Fran\u00e7aise de Karat\u00e9 et des f\u00e9d\u00e9rations europ\u00e9ennes de karat\u00e9.<\/div>\n<div><span style=\"text-decoration: underline\"><em><strong>Infos pratiques :<\/strong> <\/em><\/span><\/div>\n<div>&#8211; <strong>LIEU<\/strong> : Gymnase Alain Colas, 7 avenue Jean Moulin \u00e0 V\u00e9nissieux. Le Gymnase dispose d\u2019un parking. Possibilit\u00e9 de se garer dans la rue ou sur le parking du cimeti\u00e8re. Arr\u00eat de bus \u00e0 proximit\u00e9 de la salle (ligne 39), accessible aux personnes en situation de handicap.<\/div>\n<div>\n<div>&#8211; <strong>HORAIRES<\/strong> : 13 h : contr\u00f4le &amp; 13 h 30 : d\u00e9but de la comp\u00e9tition.<\/div>\n<div>\n<div>&#8211; <strong>INSCRIPTIONS<\/strong> : Formulaire word et pi\u00e8ces justificatives \u00e0 envoyer \u00e0 : ffkrhone@gmail.com <span style=\"text-decoration: underline\">avant le 13 mai 2018<\/span>.<\/div>\n<div><\/div>\n<\/div>\n<\/div>\n","protected":false},"excerpt":{"rendered":"<p>En coop\u00e9ration avec le Sen No Sen Karat\u00e9 V\u00e9nissieux, le Comit\u00e9 d\u00e9partemental du Rh\u00f4ne- M\u00e9tropole de Lyon de Karat\u00e9 organise, le dimanche 20 mai son 1\u00b0 Open para-karat\u00e9. \u00a0\u00a0\u00bb Une comp\u00e9tition qui s&rsquo;annonce relev\u00e9e, gr\u00e2ce \u00e0 la pr\u00e9sence de membres de l&rsquo;\u00e9quipe de France\u00a0 et de champions de France\u00a0 para-karat\u00e9\u00a0\u00bb confie Ghislaine Barbin (Pr\u00e9sidente du [&hellip;]<\/p>\n","protected":false},"author":4,"featured_media":48580,"comment_status":"open","ping_status":"open","sticky":false,"template":"","format":"standard","meta":{"footnotes":""},"categories":[4,3015,2994,1353,1298],"tags":[],"class_list":["post-48581","post","type-post","status-publish","format-standard","has-post-thumbnail","hentry","category-evenements-divers","category-handi-adapte","category-judo-karate-taekwondo-sports","category-karate","category-venissieux"],"yoast_head":"<!-- This site is optimized with the Yoast SEO plugin v27.2 - https:\/\/yoast.com\/product\/yoast-seo-wordpress\/ -->\n<title>VENISSIEUX : 1\u00b0 OPEN PARA-KARATE DEPARTEMENTAL le dimanche 20 mai<\/title>\n<meta name=\"description\" content=\"VENISSIEUX : 1\u00b0 OPEN PARA-KARATE DEPARTEMENTAL le dimanche 20 mai\" \/>\n<meta name=\"robots\" content=\"index, follow, max-snippet:-1, max-image-preview:large, max-video-preview:-1\" \/>\n<link rel=\"canonical\" href=\"https:\/\/newsestlyonnais.fr\/site\/2018\/05\/04\/venissieux-1-open-para-karate-departemental\/\" \/>\n<meta property=\"og:locale\" content=\"fr_FR\" \/>\n<meta property=\"og:type\" content=\"article\" \/>\n<meta property=\"og:title\" content=\"VENISSIEUX : 1\u00b0 OPEN PARA-KARATE DEPARTEMENTAL le dimanche 20 mai\" \/>\n<meta property=\"og:description\" content=\"VENISSIEUX : 1\u00b0 OPEN PARA-KARATE DEPARTEMENTAL le dimanche 20 mai\" \/>\n<meta property=\"og:url\" content=\"https:\/\/newsestlyonnais.fr\/site\/2018\/05\/04\/venissieux-1-open-para-karate-departemental\/\" \/>\n<meta property=\"og:site_name\" content=\"News Est Lyonnais\" \/>\n<meta property=\"article:author\" content=\"https:\/\/www.facebook.com\/pascal.oberson.1?fref=ts\" \/>\n<meta property=\"article:published_time\" content=\"2018-05-04T12:25:23+00:00\" \/>\n<meta property=\"article:modified_time\" content=\"2020-10-26T10:23:05+00:00\" \/>\n<meta property=\"og:image\" content=\"https:\/\/i2.wp.com\/newsestlyonnais.fr\/site\/wp-content\/uploads\/2018\/05\/OPEN-PARA-KARATE.jpg?fit=420%2C594&ssl=1\" \/>\n\t<meta property=\"og:image:width\" content=\"420\" \/>\n\t<meta property=\"og:image:height\" content=\"594\" \/>\n\t<meta property=\"og:image:type\" content=\"image\/jpeg\" \/>\n<meta name=\"author\" content=\"R\u00e9dac. NEWS\" \/>\n<meta name=\"twitter:card\" content=\"summary_large_image\" \/>\n<meta name=\"twitter:label1\" content=\"\u00c9crit par\" \/>\n\t<meta name=\"twitter:data1\" content=\"R\u00e9dac. NEWS\" \/>\n\t<meta name=\"twitter:label2\" content=\"Dur\u00e9e de lecture estim\u00e9e\" \/>\n\t<meta name=\"twitter:data2\" content=\"1 minute\" \/>\n<script type=\"application\/ld+json\" class=\"yoast-schema-graph\">{\"@context\":\"https:\/\/schema.org\",\"@graph\":[{\"@type\":\"Article\",\"@id\":\"https:\/\/newsestlyonnais.fr\/site\/2018\/05\/04\/venissieux-1-open-para-karate-departemental\/#article\",\"isPartOf\":{\"@id\":\"https:\/\/newsestlyonnais.fr\/site\/2018\/05\/04\/venissieux-1-open-para-karate-departemental\/\"},\"author\":{\"name\":\"R\u00e9dac. NEWS\",\"@id\":\"https:\/\/newsestlyonnais.fr\/site\/#\/schema\/person\/3230d5615f390bb808365d673001e887\"},\"headline\":\"VENISSIEUX | 1\u00b0 Open para-karat\u00e9 d\u00e9partemental\",\"datePublished\":\"2018-05-04T12:25:23+00:00\",\"dateModified\":\"2020-10-26T10:23:05+00:00\",\"mainEntityOfPage\":{\"@id\":\"https:\/\/newsestlyonnais.fr\/site\/2018\/05\/04\/venissieux-1-open-para-karate-departemental\/\"},\"wordCount\":174,\"commentCount\":0,\"publisher\":{\"@id\":\"https:\/\/newsestlyonnais.fr\/site\/#organization\"},\"image\":{\"@id\":\"https:\/\/newsestlyonnais.fr\/site\/2018\/05\/04\/venissieux-1-open-para-karate-departemental\/#primaryimage\"},\"thumbnailUrl\":\"https:\/\/newsestlyonnais.fr\/site\/wp-content\/uploads\/2018\/05\/OPEN-PARA-KARATE.jpg\",\"articleSection\":[\"Ev\u00e8nements divers\",\"Handi &amp; adapt\u00e9\",\"Judo| Karat\u00e9| Taekwondo\",\"Karat\u00e9\",\"V\u00e9nissieux\"],\"inLanguage\":\"fr-FR\",\"potentialAction\":[{\"@type\":\"CommentAction\",\"name\":\"Comment\",\"target\":[\"https:\/\/newsestlyonnais.fr\/site\/2018\/05\/04\/venissieux-1-open-para-karate-departemental\/#respond\"]}]},{\"@type\":\"WebPage\",\"@id\":\"https:\/\/newsestlyonnais.fr\/site\/2018\/05\/04\/venissieux-1-open-para-karate-departemental\/\",\"url\":\"https:\/\/newsestlyonnais.fr\/site\/2018\/05\/04\/venissieux-1-open-para-karate-departemental\/\",\"name\":\"VENISSIEUX : 1\u00b0 OPEN PARA-KARATE DEPARTEMENTAL le dimanche 20 mai\",\"isPartOf\":{\"@id\":\"https:\/\/newsestlyonnais.fr\/site\/#website\"},\"primaryImageOfPage\":{\"@id\":\"https:\/\/newsestlyonnais.fr\/site\/2018\/05\/04\/venissieux-1-open-para-karate-departemental\/#primaryimage\"},\"image\":{\"@id\":\"https:\/\/newsestlyonnais.fr\/site\/2018\/05\/04\/venissieux-1-open-para-karate-departemental\/#primaryimage\"},\"thumbnailUrl\":\"https:\/\/newsestlyonnais.fr\/site\/wp-content\/uploads\/2018\/05\/OPEN-PARA-KARATE.jpg\",\"datePublished\":\"2018-05-04T12:25:23+00:00\",\"dateModified\":\"2020-10-26T10:23:05+00:00\",\"description\":\"VENISSIEUX : 1\u00b0 OPEN PARA-KARATE DEPARTEMENTAL le dimanche 20 mai\",\"breadcrumb\":{\"@id\":\"https:\/\/newsestlyonnais.fr\/site\/2018\/05\/04\/venissieux-1-open-para-karate-departemental\/#breadcrumb\"},\"inLanguage\":\"fr-FR\",\"potentialAction\":[{\"@type\":\"ReadAction\",\"target\":[\"https:\/\/newsestlyonnais.fr\/site\/2018\/05\/04\/venissieux-1-open-para-karate-departemental\/\"]}]},{\"@type\":\"ImageObject\",\"inLanguage\":\"fr-FR\",\"@id\":\"https:\/\/newsestlyonnais.fr\/site\/2018\/05\/04\/venissieux-1-open-para-karate-departemental\/#primaryimage\",\"url\":\"https:\/\/newsestlyonnais.fr\/site\/wp-content\/uploads\/2018\/05\/OPEN-PARA-KARATE.jpg\",\"contentUrl\":\"https:\/\/newsestlyonnais.fr\/site\/wp-content\/uploads\/2018\/05\/OPEN-PARA-KARATE.jpg\",\"width\":420,\"height\":594,\"caption\":\"NEWSESTLYONNAIS - OPEN PARA KARATE\"},{\"@type\":\"BreadcrumbList\",\"@id\":\"https:\/\/newsestlyonnais.fr\/site\/2018\/05\/04\/venissieux-1-open-para-karate-departemental\/#breadcrumb\",\"itemListElement\":[{\"@type\":\"ListItem\",\"position\":1,\"name\":\"Accueil\",\"item\":\"https:\/\/newsestlyonnais.fr\/site\/\"},{\"@type\":\"ListItem\",\"position\":2,\"name\":\"VENISSIEUX | 1\u00b0 Open para-karat\u00e9 d\u00e9partemental\"}]},{\"@type\":\"WebSite\",\"@id\":\"https:\/\/newsestlyonnais.fr\/site\/#website\",\"url\":\"https:\/\/newsestlyonnais.fr\/site\/\",\"name\":\"News Est Lyonnais\",\"description\":\"L&#039;actualit\u00e9 au plus pr\u00e8s\",\"publisher\":{\"@id\":\"https:\/\/newsestlyonnais.fr\/site\/#organization\"},\"potentialAction\":[{\"@type\":\"SearchAction\",\"target\":{\"@type\":\"EntryPoint\",\"urlTemplate\":\"https:\/\/newsestlyonnais.fr\/site\/?s={search_term_string}\"},\"query-input\":{\"@type\":\"PropertyValueSpecification\",\"valueRequired\":true,\"valueName\":\"search_term_string\"}}],\"inLanguage\":\"fr-FR\"},{\"@type\":\"Organization\",\"@id\":\"https:\/\/newsestlyonnais.fr\/site\/#organization\",\"name\":\"News EST LYONNAIS\",\"url\":\"https:\/\/newsestlyonnais.fr\/site\/\",\"logo\":{\"@type\":\"ImageObject\",\"inLanguage\":\"fr-FR\",\"@id\":\"https:\/\/newsestlyonnais.fr\/site\/#\/schema\/logo\/image\/\",\"url\":\"\",\"contentUrl\":\"\",\"caption\":\"News EST LYONNAIS\"},\"image\":{\"@id\":\"https:\/\/newsestlyonnais.fr\/site\/#\/schema\/logo\/image\/\"}},{\"@type\":\"Person\",\"@id\":\"https:\/\/newsestlyonnais.fr\/site\/#\/schema\/person\/3230d5615f390bb808365d673001e887\",\"name\":\"R\u00e9dac. NEWS\",\"sameAs\":[\"http:\/\/www.newsestlyonnais.fr\",\"https:\/\/www.facebook.com\/pascal.oberson.1?fref=ts\",\"https:\/\/fr.linkedin.com\/in\/pascal-oberson-b17045113\"],\"url\":\"https:\/\/newsestlyonnais.fr\/site\/author\/nel\/\"}]}<\/script>\n<!-- \/ Yoast SEO plugin. -->","yoast_head_json":{"title":"VENISSIEUX : 1\u00b0 OPEN PARA-KARATE DEPARTEMENTAL le dimanche 20 mai","description":"VENISSIEUX : 1\u00b0 OPEN PARA-KARATE DEPARTEMENTAL le dimanche 20 mai","robots":{"index":"index","follow":"follow","max-snippet":"max-snippet:-1","max-image-preview":"max-image-preview:large","max-video-preview":"max-video-preview:-1"},"canonical":"https:\/\/newsestlyonnais.fr\/site\/2018\/05\/04\/venissieux-1-open-para-karate-departemental\/","og_locale":"fr_FR","og_type":"article","og_title":"VENISSIEUX : 1\u00b0 OPEN PARA-KARATE DEPARTEMENTAL le dimanche 20 mai","og_description":"VENISSIEUX : 1\u00b0 OPEN PARA-KARATE DEPARTEMENTAL le dimanche 20 mai","og_url":"https:\/\/newsestlyonnais.fr\/site\/2018\/05\/04\/venissieux-1-open-para-karate-departemental\/","og_site_name":"News Est Lyonnais","article_author":"https:\/\/www.facebook.com\/pascal.oberson.1?fref=ts","article_published_time":"2018-05-04T12:25:23+00:00","article_modified_time":"2020-10-26T10:23:05+00:00","og_image":[{"width":420,"height":594,"url":"https:\/\/i2.wp.com\/newsestlyonnais.fr\/site\/wp-content\/uploads\/2018\/05\/OPEN-PARA-KARATE.jpg?fit=420%2C594&ssl=1","type":"image\/jpeg"}],"author":"R\u00e9dac. NEWS","twitter_card":"summary_large_image","twitter_misc":{"\u00c9crit par":"R\u00e9dac. NEWS","Dur\u00e9e de lecture estim\u00e9e":"1 minute"},"schema":{"@context":"https:\/\/schema.org","@graph":[{"@type":"Article","@id":"https:\/\/newsestlyonnais.fr\/site\/2018\/05\/04\/venissieux-1-open-para-karate-departemental\/#article","isPartOf":{"@id":"https:\/\/newsestlyonnais.fr\/site\/2018\/05\/04\/venissieux-1-open-para-karate-departemental\/"},"author":{"name":"R\u00e9dac. NEWS","@id":"https:\/\/newsestlyonnais.fr\/site\/#\/schema\/person\/3230d5615f390bb808365d673001e887"},"headline":"VENISSIEUX | 1\u00b0 Open para-karat\u00e9 d\u00e9partemental","datePublished":"2018-05-04T12:25:23+00:00","dateModified":"2020-10-26T10:23:05+00:00","mainEntityOfPage":{"@id":"https:\/\/newsestlyonnais.fr\/site\/2018\/05\/04\/venissieux-1-open-para-karate-departemental\/"},"wordCount":174,"commentCount":0,"publisher":{"@id":"https:\/\/newsestlyonnais.fr\/site\/#organization"},"image":{"@id":"https:\/\/newsestlyonnais.fr\/site\/2018\/05\/04\/venissieux-1-open-para-karate-departemental\/#primaryimage"},"thumbnailUrl":"https:\/\/newsestlyonnais.fr\/site\/wp-content\/uploads\/2018\/05\/OPEN-PARA-KARATE.jpg","articleSection":["Ev\u00e8nements divers","Handi &amp; adapt\u00e9","Judo| Karat\u00e9| Taekwondo","Karat\u00e9","V\u00e9nissieux"],"inLanguage":"fr-FR","potentialAction":[{"@type":"CommentAction","name":"Comment","target":["https:\/\/newsestlyonnais.fr\/site\/2018\/05\/04\/venissieux-1-open-para-karate-departemental\/#respond"]}]},{"@type":"WebPage","@id":"https:\/\/newsestlyonnais.fr\/site\/2018\/05\/04\/venissieux-1-open-para-karate-departemental\/","url":"https:\/\/newsestlyonnais.fr\/site\/2018\/05\/04\/venissieux-1-open-para-karate-departemental\/","name":"VENISSIEUX : 1\u00b0 OPEN PARA-KARATE DEPARTEMENTAL le dimanche 20 mai","isPartOf":{"@id":"https:\/\/newsestlyonnais.fr\/site\/#website"},"primaryImageOfPage":{"@id":"https:\/\/newsestlyonnais.fr\/site\/2018\/05\/04\/venissieux-1-open-para-karate-departemental\/#primaryimage"},"image":{"@id":"https:\/\/newsestlyonnais.fr\/site\/2018\/05\/04\/venissieux-1-open-para-karate-departemental\/#primaryimage"},"thumbnailUrl":"https:\/\/newsestlyonnais.fr\/site\/wp-content\/uploads\/2018\/05\/OPEN-PARA-KARATE.jpg","datePublished":"2018-05-04T12:25:23+00:00","dateModified":"2020-10-26T10:23:05+00:00","description":"VENISSIEUX : 1\u00b0 OPEN PARA-KARATE DEPARTEMENTAL le dimanche 20 mai","breadcrumb":{"@id":"https:\/\/newsestlyonnais.fr\/site\/2018\/05\/04\/venissieux-1-open-para-karate-departemental\/#breadcrumb"},"inLanguage":"fr-FR","potentialAction":[{"@type":"ReadAction","target":["https:\/\/newsestlyonnais.fr\/site\/2018\/05\/04\/venissieux-1-open-para-karate-departemental\/"]}]},{"@type":"ImageObject","inLanguage":"fr-FR","@id":"https:\/\/newsestlyonnais.fr\/site\/2018\/05\/04\/venissieux-1-open-para-karate-departemental\/#primaryimage","url":"https:\/\/newsestlyonnais.fr\/site\/wp-content\/uploads\/2018\/05\/OPEN-PARA-KARATE.jpg","contentUrl":"https:\/\/newsestlyonnais.fr\/site\/wp-content\/uploads\/2018\/05\/OPEN-PARA-KARATE.jpg","width":420,"height":594,"caption":"NEWSESTLYONNAIS - OPEN PARA KARATE"},{"@type":"BreadcrumbList","@id":"https:\/\/newsestlyonnais.fr\/site\/2018\/05\/04\/venissieux-1-open-para-karate-departemental\/#breadcrumb","itemListElement":[{"@type":"ListItem","position":1,"name":"Accueil","item":"https:\/\/newsestlyonnais.fr\/site\/"},{"@type":"ListItem","position":2,"name":"VENISSIEUX | 1\u00b0 Open para-karat\u00e9 d\u00e9partemental"}]},{"@type":"WebSite","@id":"https:\/\/newsestlyonnais.fr\/site\/#website","url":"https:\/\/newsestlyonnais.fr\/site\/","name":"News Est Lyonnais","description":"L&#039;actualit\u00e9 au plus pr\u00e8s","publisher":{"@id":"https:\/\/newsestlyonnais.fr\/site\/#organization"},"potentialAction":[{"@type":"SearchAction","target":{"@type":"EntryPoint","urlTemplate":"https:\/\/newsestlyonnais.fr\/site\/?s={search_term_string}"},"query-input":{"@type":"PropertyValueSpecification","valueRequired":true,"valueName":"search_term_string"}}],"inLanguage":"fr-FR"},{"@type":"Organization","@id":"https:\/\/newsestlyonnais.fr\/site\/#organization","name":"News EST LYONNAIS","url":"https:\/\/newsestlyonnais.fr\/site\/","logo":{"@type":"ImageObject","inLanguage":"fr-FR","@id":"https:\/\/newsestlyonnais.fr\/site\/#\/schema\/logo\/image\/","url":"","contentUrl":"","caption":"News EST LYONNAIS"},"image":{"@id":"https:\/\/newsestlyonnais.fr\/site\/#\/schema\/logo\/image\/"}},{"@type":"Person","@id":"https:\/\/newsestlyonnais.fr\/site\/#\/schema\/person\/3230d5615f390bb808365d673001e887","name":"R\u00e9dac. NEWS","sameAs":["http:\/\/www.newsestlyonnais.fr","https:\/\/www.facebook.com\/pascal.oberson.1?fref=ts","https:\/\/fr.linkedin.com\/in\/pascal-oberson-b17045113"],"url":"https:\/\/newsestlyonnais.fr\/site\/author\/nel\/"}]}},"_links":{"self":[{"href":"https:\/\/newsestlyonnais.fr\/site\/wp-json\/wp\/v2\/posts\/48581","targetHints":{"allow":["GET"]}}],"collection":[{"href":"https:\/\/newsestlyonnais.fr\/site\/wp-json\/wp\/v2\/posts"}],"about":[{"href":"https:\/\/newsestlyonnais.fr\/site\/wp-json\/wp\/v2\/types\/post"}],"author":[{"embeddable":true,"href":"https:\/\/newsestlyonnais.fr\/site\/wp-json\/wp\/v2\/users\/4"}],"replies":[{"embeddable":true,"href":"https:\/\/newsestlyonnais.fr\/site\/wp-json\/wp\/v2\/comments?post=48581"}],"version-history":[{"count":0,"href":"https:\/\/newsestlyonnais.fr\/site\/wp-json\/wp\/v2\/posts\/48581\/revisions"}],"wp:featuredmedia":[{"embeddable":true,"href":"https:\/\/newsestlyonnais.fr\/site\/wp-json\/wp\/v2\/media\/48580"}],"wp:attachment":[{"href":"https:\/\/newsestlyonnais.fr\/site\/wp-json\/wp\/v2\/media?parent=48581"}],"wp:term":[{"taxonomy":"category","embeddable":true,"href":"https:\/\/newsestlyonnais.fr\/site\/wp-json\/wp\/v2\/categories?post=48581"},{"taxonomy":"post_tag","embeddable":true,"href":"https:\/\/newsestlyonnais.fr\/site\/wp-json\/wp\/v2\/tags?post=48581"}],"curies":[{"name":"wp","href":"https:\/\/api.w.org\/{rel}","templated":true}]}}