{"id":49148,"date":"2018-05-14T14:35:32","date_gmt":"2018-05-14T13:35:32","guid":{"rendered":"http:\/\/newsestlyonnais.fr\/site\/?p=49148"},"modified":"2020-10-24T11:04:01","modified_gmt":"2020-10-24T10:04:01","slug":"miribel-jonage-retour-sur-le-9-triangle-des-eaux-bleues","status":"publish","type":"post","link":"https:\/\/newsestlyonnais.fr\/site\/2018\/05\/14\/miribel-jonage-retour-sur-le-9-triangle-des-eaux-bleues\/","title":{"rendered":"MIRIBEL-JONAGE | Retour sur le 9\u00b0 Triangle des Eaux Bleues"},"content":{"rendered":"<h4>Une comp\u00e9tition de nage avec palmes qui s&rsquo;est d\u00e9roul\u00e9e le dimanche 6 mai dernier sur la plage du Fontanil au Grand Parc de Miribel-Jonage.<\/h4>\n<p>\u00a0\u00bb Le soleil et le nombre de participants ont fait de cette \u00e9dition un tr\u00e8s bon cru. Avec <strong>72 engag\u00e9s<\/strong> sur les 3 courses (2, 4 et 6 km), le record a \u00e9t\u00e9 battu une fois de plus !\u00a0\u00bb confiaient les organisateurs \u00e0 l&rsquo;issue de l&rsquo;\u00e9preuve.<\/p>\n<ul>\n<li>Le vainqueur (au scratch) <strong>Laurent Sanchez<\/strong> du club de Marignane (ASM) remporte la course en 57 &lsquo;.<\/li>\n<li>Les <strong>champions d\u00e9partementaux 2018<\/strong> sont <strong>Ronan Capron<\/strong> en 1 h 10&prime; 6&Prime; et <strong>Nathalie Bertrand<\/strong> en 1 h 16&prime; ,40&Prime;. Tous les deux \u00e9tant des nageurs membres de Lyon Palme qui a port\u00e9 cet \u00e9v\u00e9nement.<\/li>\n<\/ul>\n<p><span style=\"text-decoration: underline\"><strong><em>NOTA<\/em><\/strong><\/span> : Une partie des engagements sera revers\u00e9 comme l&rsquo;an pass\u00e9 \u00e0 l\u2019association\u00a0\u00bb Palmer pour elles\u00a0\u00bb<\/p>\n<ul>\n<li>R\u00e9sultats complets sur : <a href=\"https:\/\/www.nageavecpalmes-ffessm.com\/ged\/2018\/2895\/AURA_LD_06052018_Lyon_(miribel_jonage)_AURA201805062895.pdf\" target=\"_blank\" rel=\"noopener noreferrer\">https:\/\/www.nageavecpalmes-ffessm.com\/ged\/2018\/2895\/AURA_LD_06052018_Lyon_(miribel_jonage)_AURA201805062895.pdf<\/a><\/li>\n<\/ul>\n<div id='gallery-1' class='gallery galleryid-49148 gallery-columns-3 gallery-size-thumbnail'><figure class='gallery-item'>\n\t\t\t<div class='gallery-icon portrait'>\n\t\t\t\t<a href='https:\/\/newsestlyonnais.fr\/site\/newsestlyonnais-aff-triangle-2018\/'><img loading=\"lazy\" decoding=\"async\" width=\"150\" height=\"150\" src=\"https:\/\/newsestlyonnais.fr\/site\/wp-content\/uploads\/2018\/02\/NEWSESTLYONNAIS-Aff.-Triangle-2018-150x150.png\" class=\"attachment-thumbnail size-thumbnail\" alt=\"NEWSESTLYONNAIS - Aff. Triangle 2018\" aria-describedby=\"gallery-1-46137\" \/><\/a>\n\t\t\t<\/div>\n\t\t\t\t<figcaption class='wp-caption-text gallery-caption' id='gallery-1-46137'>\n\t\t\t\tL&rsquo;affiche de l&rsquo;\u00e9v\u00e8nement \n\t\t\t\t<\/figcaption><\/figure><figure class='gallery-item'>\n\t\t\t<div class='gallery-icon portrait'>\n\t\t\t\t<a href='https:\/\/newsestlyonnais.fr\/site\/2018\/05\/14\/miribel-jonage-retour-sur-le-9-triangle-des-eaux-bleues\/newsestlyonnais-vainqueurs-9-triangle-eaux\/'><img loading=\"lazy\" decoding=\"async\" width=\"150\" height=\"150\" src=\"https:\/\/newsestlyonnais.fr\/site\/wp-content\/uploads\/2018\/05\/NEWSESTLYONNAIS-VAINQUEURS-9\u00b0-TRIANGLE-EAUX-150x150.jpg\" class=\"attachment-thumbnail size-thumbnail\" alt=\"NEWSESTLYONNAIS - VAINQUEURS 9\u00b0 TRIANGLE EAUX\" aria-describedby=\"gallery-1-49154\" \/><\/a>\n\t\t\t<\/div>\n\t\t\t\t<figcaption class='wp-caption-text gallery-caption' id='gallery-1-49154'>\n\t\t\t\tLes champions d\u00e9partementaux 2018\n\t\t\t\t<\/figcaption><\/figure>\n\t\t<\/div>\n\n<p>&nbsp;<\/p>\n<p>&nbsp;<\/p>\n","protected":false},"excerpt":{"rendered":"<p>Une comp\u00e9tition de nage avec palmes qui s&rsquo;est d\u00e9roul\u00e9e le dimanche 6 mai dernier sur la plage du Fontanil au Grand Parc de Miribel-Jonage. \u00a0\u00bb Le soleil et le nombre de participants ont fait de cette \u00e9dition un tr\u00e8s bon cru. Avec 72 engag\u00e9s sur les 3 courses (2, 4 et 6 km), le record [&hellip;]<\/p>\n","protected":false},"author":4,"featured_media":49153,"comment_status":"open","ping_status":"open","sticky":false,"template":"","format":"standard","meta":{"footnotes":""},"categories":[1350,2988,28],"tags":[],"class_list":["post-49148","post","type-post","status-publish","format-standard","has-post-thumbnail","hentry","category-natation-plongeon","category-natation-triathlon","category-vaulx-en-velin"],"yoast_head":"<!-- This site is optimized with the Yoast SEO plugin v27.2 - https:\/\/yoast.com\/product\/yoast-seo-wordpress\/ -->\n<title>MIRIBEL-JONAGE : Retour sur le 9\u00b0 Triangle des Eaux Bleues<\/title>\n<meta name=\"description\" content=\"MIRIBEL-JONAGE : Retour sur le 9\u00b0 Triangle des Eaux Bleues\" \/>\n<meta name=\"robots\" content=\"index, follow, max-snippet:-1, max-image-preview:large, max-video-preview:-1\" \/>\n<link rel=\"canonical\" href=\"https:\/\/newsestlyonnais.fr\/site\/2018\/05\/14\/miribel-jonage-retour-sur-le-9-triangle-des-eaux-bleues\/\" \/>\n<meta property=\"og:locale\" content=\"fr_FR\" \/>\n<meta property=\"og:type\" content=\"article\" \/>\n<meta property=\"og:title\" content=\"MIRIBEL-JONAGE : Retour sur le 9\u00b0 Triangle des Eaux Bleues\" \/>\n<meta property=\"og:description\" content=\"MIRIBEL-JONAGE : Retour sur le 9\u00b0 Triangle des Eaux Bleues\" \/>\n<meta property=\"og:url\" content=\"https:\/\/newsestlyonnais.fr\/site\/2018\/05\/14\/miribel-jonage-retour-sur-le-9-triangle-des-eaux-bleues\/\" \/>\n<meta property=\"og:site_name\" content=\"News Est Lyonnais\" \/>\n<meta property=\"article:author\" content=\"https:\/\/www.facebook.com\/pascal.oberson.1?fref=ts\" \/>\n<meta property=\"article:published_time\" content=\"2018-05-14T13:35:32+00:00\" \/>\n<meta property=\"article:modified_time\" content=\"2020-10-24T10:04:01+00:00\" \/>\n<meta property=\"og:image\" content=\"https:\/\/i1.wp.com\/newsestlyonnais.fr\/site\/wp-content\/uploads\/2018\/05\/NEWSESTLYONNAIS-9\u00b0-TRIANGLE-EAUX-BLEUES.jpg?fit=2048%2C1365&ssl=1\" \/>\n\t<meta property=\"og:image:width\" content=\"2048\" \/>\n\t<meta property=\"og:image:height\" content=\"1365\" \/>\n\t<meta property=\"og:image:type\" content=\"image\/jpeg\" \/>\n<meta name=\"author\" content=\"R\u00e9dac. NEWS\" \/>\n<meta name=\"twitter:card\" content=\"summary_large_image\" \/>\n<meta name=\"twitter:label1\" content=\"\u00c9crit par\" \/>\n\t<meta name=\"twitter:data1\" content=\"R\u00e9dac. NEWS\" \/>\n\t<meta name=\"twitter:label2\" content=\"Dur\u00e9e de lecture estim\u00e9e\" \/>\n\t<meta name=\"twitter:data2\" content=\"1 minute\" \/>\n<script type=\"application\/ld+json\" class=\"yoast-schema-graph\">{\"@context\":\"https:\/\/schema.org\",\"@graph\":[{\"@type\":\"Article\",\"@id\":\"https:\/\/newsestlyonnais.fr\/site\/2018\/05\/14\/miribel-jonage-retour-sur-le-9-triangle-des-eaux-bleues\/#article\",\"isPartOf\":{\"@id\":\"https:\/\/newsestlyonnais.fr\/site\/2018\/05\/14\/miribel-jonage-retour-sur-le-9-triangle-des-eaux-bleues\/\"},\"author\":{\"name\":\"R\u00e9dac. NEWS\",\"@id\":\"https:\/\/newsestlyonnais.fr\/site\/#\/schema\/person\/3230d5615f390bb808365d673001e887\"},\"headline\":\"MIRIBEL-JONAGE | Retour sur le 9\u00b0 Triangle des Eaux Bleues\",\"datePublished\":\"2018-05-14T13:35:32+00:00\",\"dateModified\":\"2020-10-24T10:04:01+00:00\",\"mainEntityOfPage\":{\"@id\":\"https:\/\/newsestlyonnais.fr\/site\/2018\/05\/14\/miribel-jonage-retour-sur-le-9-triangle-des-eaux-bleues\/\"},\"wordCount\":160,\"commentCount\":0,\"publisher\":{\"@id\":\"https:\/\/newsestlyonnais.fr\/site\/#organization\"},\"image\":{\"@id\":\"https:\/\/newsestlyonnais.fr\/site\/2018\/05\/14\/miribel-jonage-retour-sur-le-9-triangle-des-eaux-bleues\/#primaryimage\"},\"thumbnailUrl\":\"https:\/\/newsestlyonnais.fr\/site\/wp-content\/uploads\/2018\/05\/NEWSESTLYONNAIS-9\u00b0-TRIANGLE-EAUX-BLEUES.jpg\",\"articleSection\":[\"Natation | Plongeon\",\"Natation | Triathlon\",\"Vaulx-en-Velin\"],\"inLanguage\":\"fr-FR\",\"potentialAction\":[{\"@type\":\"CommentAction\",\"name\":\"Comment\",\"target\":[\"https:\/\/newsestlyonnais.fr\/site\/2018\/05\/14\/miribel-jonage-retour-sur-le-9-triangle-des-eaux-bleues\/#respond\"]}]},{\"@type\":\"WebPage\",\"@id\":\"https:\/\/newsestlyonnais.fr\/site\/2018\/05\/14\/miribel-jonage-retour-sur-le-9-triangle-des-eaux-bleues\/\",\"url\":\"https:\/\/newsestlyonnais.fr\/site\/2018\/05\/14\/miribel-jonage-retour-sur-le-9-triangle-des-eaux-bleues\/\",\"name\":\"MIRIBEL-JONAGE : Retour sur le 9\u00b0 Triangle des Eaux Bleues\",\"isPartOf\":{\"@id\":\"https:\/\/newsestlyonnais.fr\/site\/#website\"},\"primaryImageOfPage\":{\"@id\":\"https:\/\/newsestlyonnais.fr\/site\/2018\/05\/14\/miribel-jonage-retour-sur-le-9-triangle-des-eaux-bleues\/#primaryimage\"},\"image\":{\"@id\":\"https:\/\/newsestlyonnais.fr\/site\/2018\/05\/14\/miribel-jonage-retour-sur-le-9-triangle-des-eaux-bleues\/#primaryimage\"},\"thumbnailUrl\":\"https:\/\/newsestlyonnais.fr\/site\/wp-content\/uploads\/2018\/05\/NEWSESTLYONNAIS-9\u00b0-TRIANGLE-EAUX-BLEUES.jpg\",\"datePublished\":\"2018-05-14T13:35:32+00:00\",\"dateModified\":\"2020-10-24T10:04:01+00:00\",\"description\":\"MIRIBEL-JONAGE : Retour sur le 9\u00b0 Triangle des Eaux Bleues\",\"breadcrumb\":{\"@id\":\"https:\/\/newsestlyonnais.fr\/site\/2018\/05\/14\/miribel-jonage-retour-sur-le-9-triangle-des-eaux-bleues\/#breadcrumb\"},\"inLanguage\":\"fr-FR\",\"potentialAction\":[{\"@type\":\"ReadAction\",\"target\":[\"https:\/\/newsestlyonnais.fr\/site\/2018\/05\/14\/miribel-jonage-retour-sur-le-9-triangle-des-eaux-bleues\/\"]}]},{\"@type\":\"ImageObject\",\"inLanguage\":\"fr-FR\",\"@id\":\"https:\/\/newsestlyonnais.fr\/site\/2018\/05\/14\/miribel-jonage-retour-sur-le-9-triangle-des-eaux-bleues\/#primaryimage\",\"url\":\"https:\/\/newsestlyonnais.fr\/site\/wp-content\/uploads\/2018\/05\/NEWSESTLYONNAIS-9\u00b0-TRIANGLE-EAUX-BLEUES.jpg\",\"contentUrl\":\"https:\/\/newsestlyonnais.fr\/site\/wp-content\/uploads\/2018\/05\/NEWSESTLYONNAIS-9\u00b0-TRIANGLE-EAUX-BLEUES.jpg\",\"width\":2048,\"height\":1365,\"caption\":\"NEWSESTLYONNAIS - 9\u00b0 TRIANGLE EAUX BLEUES\"},{\"@type\":\"BreadcrumbList\",\"@id\":\"https:\/\/newsestlyonnais.fr\/site\/2018\/05\/14\/miribel-jonage-retour-sur-le-9-triangle-des-eaux-bleues\/#breadcrumb\",\"itemListElement\":[{\"@type\":\"ListItem\",\"position\":1,\"name\":\"Accueil\",\"item\":\"https:\/\/newsestlyonnais.fr\/site\/\"},{\"@type\":\"ListItem\",\"position\":2,\"name\":\"MIRIBEL-JONAGE | Retour sur le 9\u00b0 Triangle des Eaux Bleues\"}]},{\"@type\":\"WebSite\",\"@id\":\"https:\/\/newsestlyonnais.fr\/site\/#website\",\"url\":\"https:\/\/newsestlyonnais.fr\/site\/\",\"name\":\"News Est Lyonnais\",\"description\":\"L&#039;actualit\u00e9 au plus pr\u00e8s\",\"publisher\":{\"@id\":\"https:\/\/newsestlyonnais.fr\/site\/#organization\"},\"potentialAction\":[{\"@type\":\"SearchAction\",\"target\":{\"@type\":\"EntryPoint\",\"urlTemplate\":\"https:\/\/newsestlyonnais.fr\/site\/?s={search_term_string}\"},\"query-input\":{\"@type\":\"PropertyValueSpecification\",\"valueRequired\":true,\"valueName\":\"search_term_string\"}}],\"inLanguage\":\"fr-FR\"},{\"@type\":\"Organization\",\"@id\":\"https:\/\/newsestlyonnais.fr\/site\/#organization\",\"name\":\"News EST LYONNAIS\",\"url\":\"https:\/\/newsestlyonnais.fr\/site\/\",\"logo\":{\"@type\":\"ImageObject\",\"inLanguage\":\"fr-FR\",\"@id\":\"https:\/\/newsestlyonnais.fr\/site\/#\/schema\/logo\/image\/\",\"url\":\"\",\"contentUrl\":\"\",\"caption\":\"News EST LYONNAIS\"},\"image\":{\"@id\":\"https:\/\/newsestlyonnais.fr\/site\/#\/schema\/logo\/image\/\"}},{\"@type\":\"Person\",\"@id\":\"https:\/\/newsestlyonnais.fr\/site\/#\/schema\/person\/3230d5615f390bb808365d673001e887\",\"name\":\"R\u00e9dac. NEWS\",\"sameAs\":[\"http:\/\/www.newsestlyonnais.fr\",\"https:\/\/www.facebook.com\/pascal.oberson.1?fref=ts\",\"https:\/\/fr.linkedin.com\/in\/pascal-oberson-b17045113\"],\"url\":\"https:\/\/newsestlyonnais.fr\/site\/author\/nel\/\"}]}<\/script>\n<!-- \/ Yoast SEO plugin. -->","yoast_head_json":{"title":"MIRIBEL-JONAGE : Retour sur le 9\u00b0 Triangle des Eaux Bleues","description":"MIRIBEL-JONAGE : Retour sur le 9\u00b0 Triangle des Eaux Bleues","robots":{"index":"index","follow":"follow","max-snippet":"max-snippet:-1","max-image-preview":"max-image-preview:large","max-video-preview":"max-video-preview:-1"},"canonical":"https:\/\/newsestlyonnais.fr\/site\/2018\/05\/14\/miribel-jonage-retour-sur-le-9-triangle-des-eaux-bleues\/","og_locale":"fr_FR","og_type":"article","og_title":"MIRIBEL-JONAGE : Retour sur le 9\u00b0 Triangle des Eaux Bleues","og_description":"MIRIBEL-JONAGE : Retour sur le 9\u00b0 Triangle des Eaux Bleues","og_url":"https:\/\/newsestlyonnais.fr\/site\/2018\/05\/14\/miribel-jonage-retour-sur-le-9-triangle-des-eaux-bleues\/","og_site_name":"News Est Lyonnais","article_author":"https:\/\/www.facebook.com\/pascal.oberson.1?fref=ts","article_published_time":"2018-05-14T13:35:32+00:00","article_modified_time":"2020-10-24T10:04:01+00:00","og_image":[{"width":2048,"height":1365,"url":"https:\/\/i1.wp.com\/newsestlyonnais.fr\/site\/wp-content\/uploads\/2018\/05\/NEWSESTLYONNAIS-9\u00b0-TRIANGLE-EAUX-BLEUES.jpg?fit=2048%2C1365&ssl=1","type":"image\/jpeg"}],"author":"R\u00e9dac. NEWS","twitter_card":"summary_large_image","twitter_misc":{"\u00c9crit par":"R\u00e9dac. NEWS","Dur\u00e9e de lecture estim\u00e9e":"1 minute"},"schema":{"@context":"https:\/\/schema.org","@graph":[{"@type":"Article","@id":"https:\/\/newsestlyonnais.fr\/site\/2018\/05\/14\/miribel-jonage-retour-sur-le-9-triangle-des-eaux-bleues\/#article","isPartOf":{"@id":"https:\/\/newsestlyonnais.fr\/site\/2018\/05\/14\/miribel-jonage-retour-sur-le-9-triangle-des-eaux-bleues\/"},"author":{"name":"R\u00e9dac. NEWS","@id":"https:\/\/newsestlyonnais.fr\/site\/#\/schema\/person\/3230d5615f390bb808365d673001e887"},"headline":"MIRIBEL-JONAGE | Retour sur le 9\u00b0 Triangle des Eaux Bleues","datePublished":"2018-05-14T13:35:32+00:00","dateModified":"2020-10-24T10:04:01+00:00","mainEntityOfPage":{"@id":"https:\/\/newsestlyonnais.fr\/site\/2018\/05\/14\/miribel-jonage-retour-sur-le-9-triangle-des-eaux-bleues\/"},"wordCount":160,"commentCount":0,"publisher":{"@id":"https:\/\/newsestlyonnais.fr\/site\/#organization"},"image":{"@id":"https:\/\/newsestlyonnais.fr\/site\/2018\/05\/14\/miribel-jonage-retour-sur-le-9-triangle-des-eaux-bleues\/#primaryimage"},"thumbnailUrl":"https:\/\/newsestlyonnais.fr\/site\/wp-content\/uploads\/2018\/05\/NEWSESTLYONNAIS-9\u00b0-TRIANGLE-EAUX-BLEUES.jpg","articleSection":["Natation | Plongeon","Natation | Triathlon","Vaulx-en-Velin"],"inLanguage":"fr-FR","potentialAction":[{"@type":"CommentAction","name":"Comment","target":["https:\/\/newsestlyonnais.fr\/site\/2018\/05\/14\/miribel-jonage-retour-sur-le-9-triangle-des-eaux-bleues\/#respond"]}]},{"@type":"WebPage","@id":"https:\/\/newsestlyonnais.fr\/site\/2018\/05\/14\/miribel-jonage-retour-sur-le-9-triangle-des-eaux-bleues\/","url":"https:\/\/newsestlyonnais.fr\/site\/2018\/05\/14\/miribel-jonage-retour-sur-le-9-triangle-des-eaux-bleues\/","name":"MIRIBEL-JONAGE : Retour sur le 9\u00b0 Triangle des Eaux Bleues","isPartOf":{"@id":"https:\/\/newsestlyonnais.fr\/site\/#website"},"primaryImageOfPage":{"@id":"https:\/\/newsestlyonnais.fr\/site\/2018\/05\/14\/miribel-jonage-retour-sur-le-9-triangle-des-eaux-bleues\/#primaryimage"},"image":{"@id":"https:\/\/newsestlyonnais.fr\/site\/2018\/05\/14\/miribel-jonage-retour-sur-le-9-triangle-des-eaux-bleues\/#primaryimage"},"thumbnailUrl":"https:\/\/newsestlyonnais.fr\/site\/wp-content\/uploads\/2018\/05\/NEWSESTLYONNAIS-9\u00b0-TRIANGLE-EAUX-BLEUES.jpg","datePublished":"2018-05-14T13:35:32+00:00","dateModified":"2020-10-24T10:04:01+00:00","description":"MIRIBEL-JONAGE : Retour sur le 9\u00b0 Triangle des Eaux Bleues","breadcrumb":{"@id":"https:\/\/newsestlyonnais.fr\/site\/2018\/05\/14\/miribel-jonage-retour-sur-le-9-triangle-des-eaux-bleues\/#breadcrumb"},"inLanguage":"fr-FR","potentialAction":[{"@type":"ReadAction","target":["https:\/\/newsestlyonnais.fr\/site\/2018\/05\/14\/miribel-jonage-retour-sur-le-9-triangle-des-eaux-bleues\/"]}]},{"@type":"ImageObject","inLanguage":"fr-FR","@id":"https:\/\/newsestlyonnais.fr\/site\/2018\/05\/14\/miribel-jonage-retour-sur-le-9-triangle-des-eaux-bleues\/#primaryimage","url":"https:\/\/newsestlyonnais.fr\/site\/wp-content\/uploads\/2018\/05\/NEWSESTLYONNAIS-9\u00b0-TRIANGLE-EAUX-BLEUES.jpg","contentUrl":"https:\/\/newsestlyonnais.fr\/site\/wp-content\/uploads\/2018\/05\/NEWSESTLYONNAIS-9\u00b0-TRIANGLE-EAUX-BLEUES.jpg","width":2048,"height":1365,"caption":"NEWSESTLYONNAIS - 9\u00b0 TRIANGLE EAUX BLEUES"},{"@type":"BreadcrumbList","@id":"https:\/\/newsestlyonnais.fr\/site\/2018\/05\/14\/miribel-jonage-retour-sur-le-9-triangle-des-eaux-bleues\/#breadcrumb","itemListElement":[{"@type":"ListItem","position":1,"name":"Accueil","item":"https:\/\/newsestlyonnais.fr\/site\/"},{"@type":"ListItem","position":2,"name":"MIRIBEL-JONAGE | Retour sur le 9\u00b0 Triangle des Eaux Bleues"}]},{"@type":"WebSite","@id":"https:\/\/newsestlyonnais.fr\/site\/#website","url":"https:\/\/newsestlyonnais.fr\/site\/","name":"News Est Lyonnais","description":"L&#039;actualit\u00e9 au plus pr\u00e8s","publisher":{"@id":"https:\/\/newsestlyonnais.fr\/site\/#organization"},"potentialAction":[{"@type":"SearchAction","target":{"@type":"EntryPoint","urlTemplate":"https:\/\/newsestlyonnais.fr\/site\/?s={search_term_string}"},"query-input":{"@type":"PropertyValueSpecification","valueRequired":true,"valueName":"search_term_string"}}],"inLanguage":"fr-FR"},{"@type":"Organization","@id":"https:\/\/newsestlyonnais.fr\/site\/#organization","name":"News EST LYONNAIS","url":"https:\/\/newsestlyonnais.fr\/site\/","logo":{"@type":"ImageObject","inLanguage":"fr-FR","@id":"https:\/\/newsestlyonnais.fr\/site\/#\/schema\/logo\/image\/","url":"","contentUrl":"","caption":"News EST LYONNAIS"},"image":{"@id":"https:\/\/newsestlyonnais.fr\/site\/#\/schema\/logo\/image\/"}},{"@type":"Person","@id":"https:\/\/newsestlyonnais.fr\/site\/#\/schema\/person\/3230d5615f390bb808365d673001e887","name":"R\u00e9dac. NEWS","sameAs":["http:\/\/www.newsestlyonnais.fr","https:\/\/www.facebook.com\/pascal.oberson.1?fref=ts","https:\/\/fr.linkedin.com\/in\/pascal-oberson-b17045113"],"url":"https:\/\/newsestlyonnais.fr\/site\/author\/nel\/"}]}},"_links":{"self":[{"href":"https:\/\/newsestlyonnais.fr\/site\/wp-json\/wp\/v2\/posts\/49148","targetHints":{"allow":["GET"]}}],"collection":[{"href":"https:\/\/newsestlyonnais.fr\/site\/wp-json\/wp\/v2\/posts"}],"about":[{"href":"https:\/\/newsestlyonnais.fr\/site\/wp-json\/wp\/v2\/types\/post"}],"author":[{"embeddable":true,"href":"https:\/\/newsestlyonnais.fr\/site\/wp-json\/wp\/v2\/users\/4"}],"replies":[{"embeddable":true,"href":"https:\/\/newsestlyonnais.fr\/site\/wp-json\/wp\/v2\/comments?post=49148"}],"version-history":[{"count":0,"href":"https:\/\/newsestlyonnais.fr\/site\/wp-json\/wp\/v2\/posts\/49148\/revisions"}],"wp:featuredmedia":[{"embeddable":true,"href":"https:\/\/newsestlyonnais.fr\/site\/wp-json\/wp\/v2\/media\/49153"}],"wp:attachment":[{"href":"https:\/\/newsestlyonnais.fr\/site\/wp-json\/wp\/v2\/media?parent=49148"}],"wp:term":[{"taxonomy":"category","embeddable":true,"href":"https:\/\/newsestlyonnais.fr\/site\/wp-json\/wp\/v2\/categories?post=49148"},{"taxonomy":"post_tag","embeddable":true,"href":"https:\/\/newsestlyonnais.fr\/site\/wp-json\/wp\/v2\/tags?post=49148"}],"curies":[{"name":"wp","href":"https:\/\/api.w.org\/{rel}","templated":true}]}}